{"id":15351,"date":"2026-03-15T18:09:12","date_gmt":"2026-03-15T21:09:12","guid":{"rendered":"https:\/\/fmgente.com.ar\/web\/aumentos-el-boleto-minimo-en-el-amba-sube-desde-este-lunes\/"},"modified":"2026-03-15T18:09:12","modified_gmt":"2026-03-15T21:09:12","slug":"aumentos-el-boleto-minimo-en-el-amba-sube-desde-este-lunes","status":"publish","type":"post","link":"https:\/\/fmgente.com.ar\/web\/aumentos-el-boleto-minimo-en-el-amba-sube-desde-este-lunes\/","title":{"rendered":"Aumentos: el boleto m\u00ednimo en el AMBA sube desde este lunes"},"content":{"rendered":"<p>Buenos Aires, 15 marzo (NA) &#8211; Las l\u00edneas de colectivos que de jurisdicci\u00f3n nacional que circulan por el AMBA  (104 en total) aumentar\u00e1n su boleto m\u00ednimo desde este lunes. Con la nueva suba el boleto m\u00e1s barato pasar\u00e1 a costar 700 pesos, hasta este domingo estaba 650 pesos.<\/p>\n<p>Seg\u00fan supo la Agencia Noticias Argentinas, el aumento ser\u00e1 del 7,6 por ciento e impactar\u00e1 en las l\u00edneas que unen la provincia con la ciudad de Buenos Aires. La suba se enmarca en el plan de reducci\u00f3n de subsidios y sinceramiento de tarifas de la administraci\u00f3n de Javier Milei. <\/p>\n<p>As\u00ed, el Gobierno Nacional sigue con su estrategia de aumentar las tarifas en l\u00ednea con la inflaci\u00f3n, para que no se produzca un retraso tarifario. De todos modos, los boletos de los colectivos de jurisdicci\u00f3n nacional del AMBA siguen saliendo m\u00e1s baratos que en la Provincia de Buenos Aires. <\/p>\n<p>El boleto m\u00ednimo cubre recorridos de hasta 3 kil\u00f3metros.<\/p>\n<p>EN LA CIUDAD Y EN LA PROVINCIA <\/p>\n<p>Actualmente, el boleto m\u00ednimo en las l\u00edneas que circulan \u00fanicamente dentro de la Ciudad Aut\u00f3noma de Buenos Aires (CABA) es de $681,85, mientras que en la provincia de Buenos Aires el pasaje m\u00e1s econ\u00f3mico asciende a $832,57.<\/p>\n<p>#AgenciaNA<\/p>\n","protected":false},"excerpt":{"rendered":"<p>Buenos Aires, 15 marzo (NA) &#8211; Las l\u00edneas de colectivos que de jurisdicci\u00f3n nacional que<\/p>\n","protected":false},"author":0,"featured_media":15352,"comment_status":"","ping_status":"","sticky":false,"template":"","format":"standard","meta":{"footnotes":""},"categories":[11],"tags":[],"class_list":["post-15351","post","type-post","status-publish","format-standard","has-post-thumbnail","hentry","category-destacadas"],"yoast_head":"<!-- This site is optimized with the Yoast SEO plugin v27.4 - https:\/\/yoast.com\/product\/yoast-seo-wordpress\/ -->\n<title>Aumentos: el boleto m\u00ednimo en el AMBA sube desde este lunes - Fm Gente<\/title>\n<meta name=\"robots\" content=\"index, follow, max-snippet:-1, max-image-preview:large, max-video-preview:-1\" \/>\n<link rel=\"canonical\" href=\"https:\/\/fmgente.com.ar\/web\/aumentos-el-boleto-minimo-en-el-amba-sube-desde-este-lunes\/\" \/>\n<meta property=\"og:locale\" content=\"es_ES\" \/>\n<meta property=\"og:type\" content=\"article\" \/>\n<meta property=\"og:title\" content=\"Aumentos: el boleto m\u00ednimo en el AMBA sube desde este lunes - Fm Gente\" \/>\n<meta property=\"og:description\" content=\"Buenos Aires, 15 marzo (NA) &#8211; Las l\u00edneas de colectivos que de jurisdicci\u00f3n nacional que\" \/>\n<meta property=\"og:url\" content=\"https:\/\/fmgente.com.ar\/web\/aumentos-el-boleto-minimo-en-el-amba-sube-desde-este-lunes\/\" \/>\n<meta property=\"og:site_name\" content=\"Fm Gente\" \/>\n<meta property=\"article:published_time\" content=\"2026-03-15T21:09:12+00:00\" \/>\n<meta name=\"twitter:card\" content=\"summary_large_image\" \/>\n<meta name=\"twitter:label1\" content=\"Tiempo de lectura\" \/>\n\t<meta name=\"twitter:data1\" content=\"1 minuto\" \/>\n<script type=\"application\/ld+json\" class=\"yoast-schema-graph\">{\"@context\":\"https:\\\/\\\/schema.org\",\"@graph\":[{\"@type\":\"Article\",\"@id\":\"https:\\\/\\\/fmgente.com.ar\\\/web\\\/aumentos-el-boleto-minimo-en-el-amba-sube-desde-este-lunes\\\/#article\",\"isPartOf\":{\"@id\":\"https:\\\/\\\/fmgente.com.ar\\\/web\\\/aumentos-el-boleto-minimo-en-el-amba-sube-desde-este-lunes\\\/\"},\"author\":{\"name\":\"\",\"@id\":\"\"},\"headline\":\"Aumentos: el boleto m\u00ednimo en el AMBA sube desde este lunes\",\"datePublished\":\"2026-03-15T21:09:12+00:00\",\"mainEntityOfPage\":{\"@id\":\"https:\\\/\\\/fmgente.com.ar\\\/web\\\/aumentos-el-boleto-minimo-en-el-amba-sube-desde-este-lunes\\\/\"},\"wordCount\":224,\"publisher\":{\"@id\":\"https:\\\/\\\/fmgente.com.ar\\\/web\\\/#organization\"},\"image\":{\"@id\":\"https:\\\/\\\/fmgente.com.ar\\\/web\\\/aumentos-el-boleto-minimo-en-el-amba-sube-desde-este-lunes\\\/#primaryimage\"},\"thumbnailUrl\":\"https:\\\/\\\/fmgente.com.ar\\\/web\\\/wp-content\\\/uploads\\\/2026\\\/03\\\/image-15.jpg\",\"articleSection\":[\"DESTACADAS\"],\"inLanguage\":\"es\"},{\"@type\":\"WebPage\",\"@id\":\"https:\\\/\\\/fmgente.com.ar\\\/web\\\/aumentos-el-boleto-minimo-en-el-amba-sube-desde-este-lunes\\\/\",\"url\":\"https:\\\/\\\/fmgente.com.ar\\\/web\\\/aumentos-el-boleto-minimo-en-el-amba-sube-desde-este-lunes\\\/\",\"name\":\"Aumentos: el boleto m\u00ednimo en el AMBA sube desde este lunes - Fm Gente\",\"isPartOf\":{\"@id\":\"https:\\\/\\\/fmgente.com.ar\\\/web\\\/#website\"},\"primaryImageOfPage\":{\"@id\":\"https:\\\/\\\/fmgente.com.ar\\\/web\\\/aumentos-el-boleto-minimo-en-el-amba-sube-desde-este-lunes\\\/#primaryimage\"},\"image\":{\"@id\":\"https:\\\/\\\/fmgente.com.ar\\\/web\\\/aumentos-el-boleto-minimo-en-el-amba-sube-desde-este-lunes\\\/#primaryimage\"},\"thumbnailUrl\":\"https:\\\/\\\/fmgente.com.ar\\\/web\\\/wp-content\\\/uploads\\\/2026\\\/03\\\/image-15.jpg\",\"datePublished\":\"2026-03-15T21:09:12+00:00\",\"inLanguage\":\"es\",\"potentialAction\":[{\"@type\":\"ReadAction\",\"target\":[\"https:\\\/\\\/fmgente.com.ar\\\/web\\\/aumentos-el-boleto-minimo-en-el-amba-sube-desde-este-lunes\\\/\"]}]},{\"@type\":\"ImageObject\",\"inLanguage\":\"es\",\"@id\":\"https:\\\/\\\/fmgente.com.ar\\\/web\\\/aumentos-el-boleto-minimo-en-el-amba-sube-desde-este-lunes\\\/#primaryimage\",\"url\":\"https:\\\/\\\/fmgente.com.ar\\\/web\\\/wp-content\\\/uploads\\\/2026\\\/03\\\/image-15.jpg\",\"contentUrl\":\"https:\\\/\\\/fmgente.com.ar\\\/web\\\/wp-content\\\/uploads\\\/2026\\\/03\\\/image-15.jpg\",\"width\":1024,\"height\":683},{\"@type\":\"WebSite\",\"@id\":\"https:\\\/\\\/fmgente.com.ar\\\/web\\\/#website\",\"url\":\"https:\\\/\\\/fmgente.com.ar\\\/web\\\/\",\"name\":\"Fm Gente\",\"description\":\"- Jes\u00fas Mar\u00eda\",\"publisher\":{\"@id\":\"https:\\\/\\\/fmgente.com.ar\\\/web\\\/#organization\"},\"potentialAction\":[{\"@type\":\"SearchAction\",\"target\":{\"@type\":\"EntryPoint\",\"urlTemplate\":\"https:\\\/\\\/fmgente.com.ar\\\/web\\\/?s={search_term_string}\"},\"query-input\":{\"@type\":\"PropertyValueSpecification\",\"valueRequired\":true,\"valueName\":\"search_term_string\"}}],\"inLanguage\":\"es\"},{\"@type\":\"Organization\",\"@id\":\"https:\\\/\\\/fmgente.com.ar\\\/web\\\/#organization\",\"name\":\"Fm Gente\",\"url\":\"https:\\\/\\\/fmgente.com.ar\\\/web\\\/\",\"logo\":{\"@type\":\"ImageObject\",\"inLanguage\":\"es\",\"@id\":\"https:\\\/\\\/fmgente.com.ar\\\/web\\\/#\\\/schema\\\/logo\\\/image\\\/\",\"url\":\"https:\\\/\\\/fmgente.com.ar\\\/web\\\/wp-content\\\/uploads\\\/2023\\\/07\\\/cropped-cropped-logo-sombra2.png\",\"contentUrl\":\"https:\\\/\\\/fmgente.com.ar\\\/web\\\/wp-content\\\/uploads\\\/2023\\\/07\\\/cropped-cropped-logo-sombra2.png\",\"width\":1782,\"height\":1782,\"caption\":\"Fm Gente\"},\"image\":{\"@id\":\"https:\\\/\\\/fmgente.com.ar\\\/web\\\/#\\\/schema\\\/logo\\\/image\\\/\"}}]}<\/script>\n<!-- \/ Yoast SEO plugin. -->","yoast_head_json":{"title":"Aumentos: el boleto m\u00ednimo en el AMBA sube desde este lunes - Fm Gente","robots":{"index":"index","follow":"follow","max-snippet":"max-snippet:-1","max-image-preview":"max-image-preview:large","max-video-preview":"max-video-preview:-1"},"canonical":"https:\/\/fmgente.com.ar\/web\/aumentos-el-boleto-minimo-en-el-amba-sube-desde-este-lunes\/","og_locale":"es_ES","og_type":"article","og_title":"Aumentos: el boleto m\u00ednimo en el AMBA sube desde este lunes - Fm Gente","og_description":"Buenos Aires, 15 marzo (NA) &#8211; Las l\u00edneas de colectivos que de jurisdicci\u00f3n nacional que","og_url":"https:\/\/fmgente.com.ar\/web\/aumentos-el-boleto-minimo-en-el-amba-sube-desde-este-lunes\/","og_site_name":"Fm Gente","article_published_time":"2026-03-15T21:09:12+00:00","twitter_card":"summary_large_image","twitter_misc":{"Tiempo de lectura":"1 minuto"},"schema":{"@context":"https:\/\/schema.org","@graph":[{"@type":"Article","@id":"https:\/\/fmgente.com.ar\/web\/aumentos-el-boleto-minimo-en-el-amba-sube-desde-este-lunes\/#article","isPartOf":{"@id":"https:\/\/fmgente.com.ar\/web\/aumentos-el-boleto-minimo-en-el-amba-sube-desde-este-lunes\/"},"author":{"name":"","@id":""},"headline":"Aumentos: el boleto m\u00ednimo en el AMBA sube desde este lunes","datePublished":"2026-03-15T21:09:12+00:00","mainEntityOfPage":{"@id":"https:\/\/fmgente.com.ar\/web\/aumentos-el-boleto-minimo-en-el-amba-sube-desde-este-lunes\/"},"wordCount":224,"publisher":{"@id":"https:\/\/fmgente.com.ar\/web\/#organization"},"image":{"@id":"https:\/\/fmgente.com.ar\/web\/aumentos-el-boleto-minimo-en-el-amba-sube-desde-este-lunes\/#primaryimage"},"thumbnailUrl":"https:\/\/fmgente.com.ar\/web\/wp-content\/uploads\/2026\/03\/image-15.jpg","articleSection":["DESTACADAS"],"inLanguage":"es"},{"@type":"WebPage","@id":"https:\/\/fmgente.com.ar\/web\/aumentos-el-boleto-minimo-en-el-amba-sube-desde-este-lunes\/","url":"https:\/\/fmgente.com.ar\/web\/aumentos-el-boleto-minimo-en-el-amba-sube-desde-este-lunes\/","name":"Aumentos: el boleto m\u00ednimo en el AMBA sube desde este lunes - Fm Gente","isPartOf":{"@id":"https:\/\/fmgente.com.ar\/web\/#website"},"primaryImageOfPage":{"@id":"https:\/\/fmgente.com.ar\/web\/aumentos-el-boleto-minimo-en-el-amba-sube-desde-este-lunes\/#primaryimage"},"image":{"@id":"https:\/\/fmgente.com.ar\/web\/aumentos-el-boleto-minimo-en-el-amba-sube-desde-este-lunes\/#primaryimage"},"thumbnailUrl":"https:\/\/fmgente.com.ar\/web\/wp-content\/uploads\/2026\/03\/image-15.jpg","datePublished":"2026-03-15T21:09:12+00:00","inLanguage":"es","potentialAction":[{"@type":"ReadAction","target":["https:\/\/fmgente.com.ar\/web\/aumentos-el-boleto-minimo-en-el-amba-sube-desde-este-lunes\/"]}]},{"@type":"ImageObject","inLanguage":"es","@id":"https:\/\/fmgente.com.ar\/web\/aumentos-el-boleto-minimo-en-el-amba-sube-desde-este-lunes\/#primaryimage","url":"https:\/\/fmgente.com.ar\/web\/wp-content\/uploads\/2026\/03\/image-15.jpg","contentUrl":"https:\/\/fmgente.com.ar\/web\/wp-content\/uploads\/2026\/03\/image-15.jpg","width":1024,"height":683},{"@type":"WebSite","@id":"https:\/\/fmgente.com.ar\/web\/#website","url":"https:\/\/fmgente.com.ar\/web\/","name":"Fm Gente","description":"- Jes\u00fas Mar\u00eda","publisher":{"@id":"https:\/\/fmgente.com.ar\/web\/#organization"},"potentialAction":[{"@type":"SearchAction","target":{"@type":"EntryPoint","urlTemplate":"https:\/\/fmgente.com.ar\/web\/?s={search_term_string}"},"query-input":{"@type":"PropertyValueSpecification","valueRequired":true,"valueName":"search_term_string"}}],"inLanguage":"es"},{"@type":"Organization","@id":"https:\/\/fmgente.com.ar\/web\/#organization","name":"Fm Gente","url":"https:\/\/fmgente.com.ar\/web\/","logo":{"@type":"ImageObject","inLanguage":"es","@id":"https:\/\/fmgente.com.ar\/web\/#\/schema\/logo\/image\/","url":"https:\/\/fmgente.com.ar\/web\/wp-content\/uploads\/2023\/07\/cropped-cropped-logo-sombra2.png","contentUrl":"https:\/\/fmgente.com.ar\/web\/wp-content\/uploads\/2023\/07\/cropped-cropped-logo-sombra2.png","width":1782,"height":1782,"caption":"Fm Gente"},"image":{"@id":"https:\/\/fmgente.com.ar\/web\/#\/schema\/logo\/image\/"}}]}},"_links":{"self":[{"href":"https:\/\/fmgente.com.ar\/web\/wp-json\/wp\/v2\/posts\/15351","targetHints":{"allow":["GET"]}}],"collection":[{"href":"https:\/\/fmgente.com.ar\/web\/wp-json\/wp\/v2\/posts"}],"about":[{"href":"https:\/\/fmgente.com.ar\/web\/wp-json\/wp\/v2\/types\/post"}],"replies":[{"embeddable":true,"href":"https:\/\/fmgente.com.ar\/web\/wp-json\/wp\/v2\/comments?post=15351"}],"version-history":[{"count":0,"href":"https:\/\/fmgente.com.ar\/web\/wp-json\/wp\/v2\/posts\/15351\/revisions"}],"wp:featuredmedia":[{"embeddable":true,"href":"https:\/\/fmgente.com.ar\/web\/wp-json\/wp\/v2\/media\/15352"}],"wp:attachment":[{"href":"https:\/\/fmgente.com.ar\/web\/wp-json\/wp\/v2\/media?parent=15351"}],"wp:term":[{"taxonomy":"category","embeddable":true,"href":"https:\/\/fmgente.com.ar\/web\/wp-json\/wp\/v2\/categories?post=15351"},{"taxonomy":"post_tag","embeddable":true,"href":"https:\/\/fmgente.com.ar\/web\/wp-json\/wp\/v2\/tags?post=15351"}],"curies":[{"name":"wp","href":"https:\/\/api.w.org\/{rel}","templated":true}]}}