{"id":15347,"date":"2026-03-15T18:09:11","date_gmt":"2026-03-15T21:09:11","guid":{"rendered":"https:\/\/fmgente.com.ar\/web\/emergencia-un-hogar-para-15-personas-con-discapacidad-en-cordoba-corre-riesgo-de-cierre-inminente\/"},"modified":"2026-03-15T18:09:11","modified_gmt":"2026-03-15T21:09:11","slug":"emergencia-un-hogar-para-15-personas-con-discapacidad-en-cordoba-corre-riesgo-de-cierre-inminente","status":"publish","type":"post","link":"https:\/\/fmgente.com.ar\/web\/emergencia-un-hogar-para-15-personas-con-discapacidad-en-cordoba-corre-riesgo-de-cierre-inminente\/","title":{"rendered":"EMERGENCIA: Un hogar para 15 personas con discapacidad en C\u00f3rdoba corre riesgo de cierre inminente"},"content":{"rendered":"<p>Buenos Aires, 16 marzo (NA) &#8211; La crisis del sistema de discapacidad ha dejado de ser una advertencia para convertirse en una amenaza real de desalojo y abandono. En la provincia de C\u00f3rdoba, el HISIM (Hogar de la Fundaci\u00f3n Menor) lanz\u00f3 un pedido de auxilio desesperado: necesitan recaudar 15 millones de pesos para evitar el cese de sus actividades y garantizar que 15 personas con discapacidad no pierdan su casa, su comida y sus cuidados b\u00e1sicos.<\/p>\n<p>EL \u00abFRENO DE MANO\u00bb QUE ASFIXIA A LOS M\u00c1S VULNERABLES<\/p>\n<p>La situaci\u00f3n del HISIM no es aislada. Esta semana, en una conferencia de prensa que marc\u00f3 el pulso de la crisis, Adriana Salomone (Asociaci\u00f3n DINAD) describi\u00f3 el escenario con una crudeza absoluta:<\/p>\n<p>\u00abEs como ir a 180 kil\u00f3metros por hora y poner el freno de mano: nos matamos todos. Si el Estado y las obras sociales frenan los recursos, todo el sistema se paraliza\u00bb.<\/p>\n<p>La falta de pagos de PAMI, Incluir Salud y Pensiones No Contributivas, que en muchos casos se arrastra desde octubre y noviembre de 2025, ha cortado la cadena de pagos. Esto impide que instituciones como la Fundaci\u00f3n Menor puedan afrontar el alquiler, los sueldos de los profesionales y la alimentaci\u00f3n de sus residentes.<\/p>\n<p>CESE DE ACTIVIDADES Y LUCHA<\/p>\n<p>Ante la ausencia de respuestas del Gobierno Nacional, el Foro Permanente ha convocado a un cese de actividades para los d\u00edas 13, 18 y 19 de marzo. Escuelas, centros de d\u00eda y transportistas se ven obligados a parar porque ya no pueden sostener los costos operativos. Sin embargo, para los hogares permanentes, el paro no es una opci\u00f3n simple: all\u00ed viven personas, muchas de ellas judicializadas y sin red familiar, que dependen 100% de la instituci\u00f3n para sobrevivir.<\/p>\n<p>SOS: EL HISIM NECESITA AYUDA<\/p>\n<p>El Hogar de la Fundaci\u00f3n Menor en C\u00f3rdoba es hoy la cara visible de esta asfixia financiera. Para cubrir los gastos m\u00e1s urgentes de alquiler y mantenimiento b\u00e1sico, apelan a la solidaridad de la comunidad.<\/p>\n<p>\u00bfC\u00f3mo ayudar? Cada colaboraci\u00f3n, por peque\u00f1a que sea, ayuda a sostener el techo de 15 personas que hoy no tienen a d\u00f3nde ir.<\/p>\n<p> * Titular: Fundacion Menor<br \/>\n * Banco: Banco de C\u00f3rdoba<br \/>\n * Alias: CHUECO.DESEO.BIGOTE<\/p>\n<p>La discapacidad no puede esperar a que los tiempos burocr\u00e1ticos se decidan a cumplir con la ley. Hoy, ayudar es salvar un hogar. #AgenciaNA<\/p>\n","protected":false},"excerpt":{"rendered":"<p>Buenos Aires, 16 marzo (NA) &#8211; La crisis del sistema de discapacidad ha dejado de<\/p>\n","protected":false},"author":0,"featured_media":15348,"comment_status":"","ping_status":"","sticky":false,"template":"","format":"standard","meta":{"footnotes":""},"categories":[11],"tags":[],"class_list":["post-15347","post","type-post","status-publish","format-standard","has-post-thumbnail","hentry","category-destacadas"],"yoast_head":"<!-- This site is optimized with the Yoast SEO plugin v27.4 - https:\/\/yoast.com\/product\/yoast-seo-wordpress\/ -->\n<title>EMERGENCIA: Un hogar para 15 personas con discapacidad en C\u00f3rdoba corre riesgo de cierre inminente - Fm Gente<\/title>\n<meta name=\"robots\" content=\"index, follow, max-snippet:-1, max-image-preview:large, max-video-preview:-1\" \/>\n<link rel=\"canonical\" href=\"https:\/\/fmgente.com.ar\/web\/emergencia-un-hogar-para-15-personas-con-discapacidad-en-cordoba-corre-riesgo-de-cierre-inminente\/\" \/>\n<meta property=\"og:locale\" content=\"es_ES\" \/>\n<meta property=\"og:type\" content=\"article\" \/>\n<meta property=\"og:title\" content=\"EMERGENCIA: Un hogar para 15 personas con discapacidad en C\u00f3rdoba corre riesgo de cierre inminente - Fm Gente\" \/>\n<meta property=\"og:description\" content=\"Buenos Aires, 16 marzo (NA) &#8211; La crisis del sistema de discapacidad ha dejado de\" \/>\n<meta property=\"og:url\" content=\"https:\/\/fmgente.com.ar\/web\/emergencia-un-hogar-para-15-personas-con-discapacidad-en-cordoba-corre-riesgo-de-cierre-inminente\/\" \/>\n<meta property=\"og:site_name\" content=\"Fm Gente\" \/>\n<meta property=\"article:published_time\" content=\"2026-03-15T21:09:11+00:00\" \/>\n<meta name=\"twitter:card\" content=\"summary_large_image\" \/>\n<meta name=\"twitter:label1\" content=\"Tiempo de lectura\" \/>\n\t<meta name=\"twitter:data1\" content=\"2 minutos\" \/>\n<script type=\"application\/ld+json\" class=\"yoast-schema-graph\">{\"@context\":\"https:\\\/\\\/schema.org\",\"@graph\":[{\"@type\":\"Article\",\"@id\":\"https:\\\/\\\/fmgente.com.ar\\\/web\\\/emergencia-un-hogar-para-15-personas-con-discapacidad-en-cordoba-corre-riesgo-de-cierre-inminente\\\/#article\",\"isPartOf\":{\"@id\":\"https:\\\/\\\/fmgente.com.ar\\\/web\\\/emergencia-un-hogar-para-15-personas-con-discapacidad-en-cordoba-corre-riesgo-de-cierre-inminente\\\/\"},\"author\":{\"name\":\"\",\"@id\":\"\"},\"headline\":\"EMERGENCIA: Un hogar para 15 personas con discapacidad en C\u00f3rdoba corre riesgo de cierre inminente\",\"datePublished\":\"2026-03-15T21:09:11+00:00\",\"mainEntityOfPage\":{\"@id\":\"https:\\\/\\\/fmgente.com.ar\\\/web\\\/emergencia-un-hogar-para-15-personas-con-discapacidad-en-cordoba-corre-riesgo-de-cierre-inminente\\\/\"},\"wordCount\":412,\"publisher\":{\"@id\":\"https:\\\/\\\/fmgente.com.ar\\\/web\\\/#organization\"},\"image\":{\"@id\":\"https:\\\/\\\/fmgente.com.ar\\\/web\\\/emergencia-un-hogar-para-15-personas-con-discapacidad-en-cordoba-corre-riesgo-de-cierre-inminente\\\/#primaryimage\"},\"thumbnailUrl\":\"https:\\\/\\\/fmgente.com.ar\\\/web\\\/wp-content\\\/uploads\\\/2026\\\/03\\\/720-608.jpeg\",\"articleSection\":[\"DESTACADAS\"],\"inLanguage\":\"es\"},{\"@type\":\"WebPage\",\"@id\":\"https:\\\/\\\/fmgente.com.ar\\\/web\\\/emergencia-un-hogar-para-15-personas-con-discapacidad-en-cordoba-corre-riesgo-de-cierre-inminente\\\/\",\"url\":\"https:\\\/\\\/fmgente.com.ar\\\/web\\\/emergencia-un-hogar-para-15-personas-con-discapacidad-en-cordoba-corre-riesgo-de-cierre-inminente\\\/\",\"name\":\"EMERGENCIA: Un hogar para 15 personas con discapacidad en C\u00f3rdoba corre riesgo de cierre inminente - Fm Gente\",\"isPartOf\":{\"@id\":\"https:\\\/\\\/fmgente.com.ar\\\/web\\\/#website\"},\"primaryImageOfPage\":{\"@id\":\"https:\\\/\\\/fmgente.com.ar\\\/web\\\/emergencia-un-hogar-para-15-personas-con-discapacidad-en-cordoba-corre-riesgo-de-cierre-inminente\\\/#primaryimage\"},\"image\":{\"@id\":\"https:\\\/\\\/fmgente.com.ar\\\/web\\\/emergencia-un-hogar-para-15-personas-con-discapacidad-en-cordoba-corre-riesgo-de-cierre-inminente\\\/#primaryimage\"},\"thumbnailUrl\":\"https:\\\/\\\/fmgente.com.ar\\\/web\\\/wp-content\\\/uploads\\\/2026\\\/03\\\/720-608.jpeg\",\"datePublished\":\"2026-03-15T21:09:11+00:00\",\"inLanguage\":\"es\",\"potentialAction\":[{\"@type\":\"ReadAction\",\"target\":[\"https:\\\/\\\/fmgente.com.ar\\\/web\\\/emergencia-un-hogar-para-15-personas-con-discapacidad-en-cordoba-corre-riesgo-de-cierre-inminente\\\/\"]}]},{\"@type\":\"ImageObject\",\"inLanguage\":\"es\",\"@id\":\"https:\\\/\\\/fmgente.com.ar\\\/web\\\/emergencia-un-hogar-para-15-personas-con-discapacidad-en-cordoba-corre-riesgo-de-cierre-inminente\\\/#primaryimage\",\"url\":\"https:\\\/\\\/fmgente.com.ar\\\/web\\\/wp-content\\\/uploads\\\/2026\\\/03\\\/720-608.jpeg\",\"contentUrl\":\"https:\\\/\\\/fmgente.com.ar\\\/web\\\/wp-content\\\/uploads\\\/2026\\\/03\\\/720-608.jpeg\",\"width\":405,\"height\":720},{\"@type\":\"WebSite\",\"@id\":\"https:\\\/\\\/fmgente.com.ar\\\/web\\\/#website\",\"url\":\"https:\\\/\\\/fmgente.com.ar\\\/web\\\/\",\"name\":\"Fm Gente\",\"description\":\"- Jes\u00fas Mar\u00eda\",\"publisher\":{\"@id\":\"https:\\\/\\\/fmgente.com.ar\\\/web\\\/#organization\"},\"potentialAction\":[{\"@type\":\"SearchAction\",\"target\":{\"@type\":\"EntryPoint\",\"urlTemplate\":\"https:\\\/\\\/fmgente.com.ar\\\/web\\\/?s={search_term_string}\"},\"query-input\":{\"@type\":\"PropertyValueSpecification\",\"valueRequired\":true,\"valueName\":\"search_term_string\"}}],\"inLanguage\":\"es\"},{\"@type\":\"Organization\",\"@id\":\"https:\\\/\\\/fmgente.com.ar\\\/web\\\/#organization\",\"name\":\"Fm Gente\",\"url\":\"https:\\\/\\\/fmgente.com.ar\\\/web\\\/\",\"logo\":{\"@type\":\"ImageObject\",\"inLanguage\":\"es\",\"@id\":\"https:\\\/\\\/fmgente.com.ar\\\/web\\\/#\\\/schema\\\/logo\\\/image\\\/\",\"url\":\"https:\\\/\\\/fmgente.com.ar\\\/web\\\/wp-content\\\/uploads\\\/2023\\\/07\\\/cropped-cropped-logo-sombra2.png\",\"contentUrl\":\"https:\\\/\\\/fmgente.com.ar\\\/web\\\/wp-content\\\/uploads\\\/2023\\\/07\\\/cropped-cropped-logo-sombra2.png\",\"width\":1782,\"height\":1782,\"caption\":\"Fm Gente\"},\"image\":{\"@id\":\"https:\\\/\\\/fmgente.com.ar\\\/web\\\/#\\\/schema\\\/logo\\\/image\\\/\"}}]}<\/script>\n<!-- \/ Yoast SEO plugin. -->","yoast_head_json":{"title":"EMERGENCIA: Un hogar para 15 personas con discapacidad en C\u00f3rdoba corre riesgo de cierre inminente - Fm Gente","robots":{"index":"index","follow":"follow","max-snippet":"max-snippet:-1","max-image-preview":"max-image-preview:large","max-video-preview":"max-video-preview:-1"},"canonical":"https:\/\/fmgente.com.ar\/web\/emergencia-un-hogar-para-15-personas-con-discapacidad-en-cordoba-corre-riesgo-de-cierre-inminente\/","og_locale":"es_ES","og_type":"article","og_title":"EMERGENCIA: Un hogar para 15 personas con discapacidad en C\u00f3rdoba corre riesgo de cierre inminente - Fm Gente","og_description":"Buenos Aires, 16 marzo (NA) &#8211; La crisis del sistema de discapacidad ha dejado de","og_url":"https:\/\/fmgente.com.ar\/web\/emergencia-un-hogar-para-15-personas-con-discapacidad-en-cordoba-corre-riesgo-de-cierre-inminente\/","og_site_name":"Fm Gente","article_published_time":"2026-03-15T21:09:11+00:00","twitter_card":"summary_large_image","twitter_misc":{"Tiempo de lectura":"2 minutos"},"schema":{"@context":"https:\/\/schema.org","@graph":[{"@type":"Article","@id":"https:\/\/fmgente.com.ar\/web\/emergencia-un-hogar-para-15-personas-con-discapacidad-en-cordoba-corre-riesgo-de-cierre-inminente\/#article","isPartOf":{"@id":"https:\/\/fmgente.com.ar\/web\/emergencia-un-hogar-para-15-personas-con-discapacidad-en-cordoba-corre-riesgo-de-cierre-inminente\/"},"author":{"name":"","@id":""},"headline":"EMERGENCIA: Un hogar para 15 personas con discapacidad en C\u00f3rdoba corre riesgo de cierre inminente","datePublished":"2026-03-15T21:09:11+00:00","mainEntityOfPage":{"@id":"https:\/\/fmgente.com.ar\/web\/emergencia-un-hogar-para-15-personas-con-discapacidad-en-cordoba-corre-riesgo-de-cierre-inminente\/"},"wordCount":412,"publisher":{"@id":"https:\/\/fmgente.com.ar\/web\/#organization"},"image":{"@id":"https:\/\/fmgente.com.ar\/web\/emergencia-un-hogar-para-15-personas-con-discapacidad-en-cordoba-corre-riesgo-de-cierre-inminente\/#primaryimage"},"thumbnailUrl":"https:\/\/fmgente.com.ar\/web\/wp-content\/uploads\/2026\/03\/720-608.jpeg","articleSection":["DESTACADAS"],"inLanguage":"es"},{"@type":"WebPage","@id":"https:\/\/fmgente.com.ar\/web\/emergencia-un-hogar-para-15-personas-con-discapacidad-en-cordoba-corre-riesgo-de-cierre-inminente\/","url":"https:\/\/fmgente.com.ar\/web\/emergencia-un-hogar-para-15-personas-con-discapacidad-en-cordoba-corre-riesgo-de-cierre-inminente\/","name":"EMERGENCIA: Un hogar para 15 personas con discapacidad en C\u00f3rdoba corre riesgo de cierre inminente - Fm Gente","isPartOf":{"@id":"https:\/\/fmgente.com.ar\/web\/#website"},"primaryImageOfPage":{"@id":"https:\/\/fmgente.com.ar\/web\/emergencia-un-hogar-para-15-personas-con-discapacidad-en-cordoba-corre-riesgo-de-cierre-inminente\/#primaryimage"},"image":{"@id":"https:\/\/fmgente.com.ar\/web\/emergencia-un-hogar-para-15-personas-con-discapacidad-en-cordoba-corre-riesgo-de-cierre-inminente\/#primaryimage"},"thumbnailUrl":"https:\/\/fmgente.com.ar\/web\/wp-content\/uploads\/2026\/03\/720-608.jpeg","datePublished":"2026-03-15T21:09:11+00:00","inLanguage":"es","potentialAction":[{"@type":"ReadAction","target":["https:\/\/fmgente.com.ar\/web\/emergencia-un-hogar-para-15-personas-con-discapacidad-en-cordoba-corre-riesgo-de-cierre-inminente\/"]}]},{"@type":"ImageObject","inLanguage":"es","@id":"https:\/\/fmgente.com.ar\/web\/emergencia-un-hogar-para-15-personas-con-discapacidad-en-cordoba-corre-riesgo-de-cierre-inminente\/#primaryimage","url":"https:\/\/fmgente.com.ar\/web\/wp-content\/uploads\/2026\/03\/720-608.jpeg","contentUrl":"https:\/\/fmgente.com.ar\/web\/wp-content\/uploads\/2026\/03\/720-608.jpeg","width":405,"height":720},{"@type":"WebSite","@id":"https:\/\/fmgente.com.ar\/web\/#website","url":"https:\/\/fmgente.com.ar\/web\/","name":"Fm Gente","description":"- Jes\u00fas Mar\u00eda","publisher":{"@id":"https:\/\/fmgente.com.ar\/web\/#organization"},"potentialAction":[{"@type":"SearchAction","target":{"@type":"EntryPoint","urlTemplate":"https:\/\/fmgente.com.ar\/web\/?s={search_term_string}"},"query-input":{"@type":"PropertyValueSpecification","valueRequired":true,"valueName":"search_term_string"}}],"inLanguage":"es"},{"@type":"Organization","@id":"https:\/\/fmgente.com.ar\/web\/#organization","name":"Fm Gente","url":"https:\/\/fmgente.com.ar\/web\/","logo":{"@type":"ImageObject","inLanguage":"es","@id":"https:\/\/fmgente.com.ar\/web\/#\/schema\/logo\/image\/","url":"https:\/\/fmgente.com.ar\/web\/wp-content\/uploads\/2023\/07\/cropped-cropped-logo-sombra2.png","contentUrl":"https:\/\/fmgente.com.ar\/web\/wp-content\/uploads\/2023\/07\/cropped-cropped-logo-sombra2.png","width":1782,"height":1782,"caption":"Fm Gente"},"image":{"@id":"https:\/\/fmgente.com.ar\/web\/#\/schema\/logo\/image\/"}}]}},"_links":{"self":[{"href":"https:\/\/fmgente.com.ar\/web\/wp-json\/wp\/v2\/posts\/15347","targetHints":{"allow":["GET"]}}],"collection":[{"href":"https:\/\/fmgente.com.ar\/web\/wp-json\/wp\/v2\/posts"}],"about":[{"href":"https:\/\/fmgente.com.ar\/web\/wp-json\/wp\/v2\/types\/post"}],"replies":[{"embeddable":true,"href":"https:\/\/fmgente.com.ar\/web\/wp-json\/wp\/v2\/comments?post=15347"}],"version-history":[{"count":0,"href":"https:\/\/fmgente.com.ar\/web\/wp-json\/wp\/v2\/posts\/15347\/revisions"}],"wp:featuredmedia":[{"embeddable":true,"href":"https:\/\/fmgente.com.ar\/web\/wp-json\/wp\/v2\/media\/15348"}],"wp:attachment":[{"href":"https:\/\/fmgente.com.ar\/web\/wp-json\/wp\/v2\/media?parent=15347"}],"wp:term":[{"taxonomy":"category","embeddable":true,"href":"https:\/\/fmgente.com.ar\/web\/wp-json\/wp\/v2\/categories?post=15347"},{"taxonomy":"post_tag","embeddable":true,"href":"https:\/\/fmgente.com.ar\/web\/wp-json\/wp\/v2\/tags?post=15347"}],"curies":[{"name":"wp","href":"https:\/\/api.w.org\/{rel}","templated":true}]}}