{"id":15345,"date":"2026-03-15T18:09:10","date_gmt":"2026-03-15T21:09:10","guid":{"rendered":"https:\/\/fmgente.com.ar\/web\/este-lunes-comenzara-el-paro-nacional-universitario-y-desde-la-uba-impulsan-otro-por-tiempo-indeterminado\/"},"modified":"2026-03-15T18:09:10","modified_gmt":"2026-03-15T21:09:10","slug":"este-lunes-comenzara-el-paro-nacional-universitario-y-desde-la-uba-impulsan-otro-por-tiempo-indeterminado","status":"publish","type":"post","link":"https:\/\/fmgente.com.ar\/web\/este-lunes-comenzara-el-paro-nacional-universitario-y-desde-la-uba-impulsan-otro-por-tiempo-indeterminado\/","title":{"rendered":"Este lunes comenzar\u00e1 el paro nacional universitario y desde la UBA impulsan otro \u201cpor tiempo indeterminado\u201d"},"content":{"rendered":"<p>Buenos Aires, 15 marzo (NA) \u2013 Este lunes comienza el paro nacional universitario, impulsado desde las dos federaciones nacionales mayoritarias (Conadu Hist\u00f3rica y Conadu), quienes convocaron el cese de tareas en dos tra mos: el primero desde el 16 al 21 de marzo y el segundo desde el 23 al 30. Por su parte, los docentes de la UBA votaron parar \u201cpor tiempo indeterminado\u201d hasta que les paguen \u201cel 55,4% de aumento salarial\u201d dispuesto por la Ley de Financiamiento Universitario N.\u00ba 27.795.<\/p>\n<p>Esta medida tiene alcance nacional y afecta a la mayor\u00eda de las instituciones universitarias p\u00fablicas del pa\u00eds; entre otras casas de altos estudios, confirmaron su adhesi\u00f3n la Universidad Nacional de C\u00f3rdoba (UNC); de La Plata (UNLP); la Tecnol\u00f3gica Nacional (UTN); la de Rosario (UNR); la de Tucum\u00e1n (UNT); la del Nordeste (UNNE); del Chaco Austral (UNCAUS); de Salta (UNSa); de Entre R\u00edos (UNER); y de Jos\u00e9 C. Paz (UNPAZ). <\/p>\n<p>Seg\u00fan supo la Agencia Noticias Argentinas, la UTN inform\u00f3 tambi\u00e9n que no s\u00f3lo sus 30 facultades regionales se suman a la huelga, sino tambi\u00e9n que lo har\u00e1 el Instituto Nacional Superior del Profesorado T\u00e9cnico, que pertenece a la universidad. En cuanto al UNCAUS, los docentes confirmaron que su suman al paro nacional, pero por 24 horas.<\/p>\n<p>El mayor motivo de esta medida es el reclamo por la recomposici\u00f3n salarial, debido a que todos los greimos denuncian \u201cun atraso\u201d significativo frente a la inflaci\u00f3n, al mismo tiempo que exigen la aplicaci\u00f3n de la Ley de Financiamiento Universitario, sansionada por el Congreso Nacional el a\u00f1o pasado, y que incluye un mayor presupuesto para el funcionamiento de todas las universidades.<\/p>\n<p>Asimismo, los docentes de la UBA presentaron un informe de evoluci\u00f3n salarial en el que destacan que el sueldo real \u201cse encuentra en su m\u00ednimo hist\u00f3rico\u201d: 35,6% por debajo de noviembre de 2023 e incluso 2,7% \u00abpor debajo de los peores niveles alcanzados en 2004\u00bb.<\/p>\n<p>Laura Carboni, secretaria general de la Asociaci\u00f3n Gremial Docente de la UBA (AGD UBA), declar\u00f3 que, desde noviembre de 2023, \u201cperdieron el equivalente a 11,5 salarios\u201d y explic\u00f3 que \u201cde cada tres meses trabajados, solo pagaron dos\u201d. <\/p>\n<p>\u00abEn septiembre tuvimos 4,3% de aumento, contra una inflaci\u00f3n acumulada del 14,2% entre octubre y febrero. Cero por ciento de aumento en enero, cero por ciento de aumento en febrero, mientras sube el transporte, los alimentos y los alquileres. No podemos seguir as\u00ed. Por eso impulsamos un paro por tiempo indeterminado. Ya probamos en los \u00faltimos dos a\u00f1os con paros aislados y desacompasados; necesitamos una medida que le ponga fin a este ataque por parte del Gobierno contra las universidades\u201d, concluy\u00f3 Carboni. Agencia NA<\/p>\n","protected":false},"excerpt":{"rendered":"<p>Buenos Aires, 15 marzo (NA) \u2013 Este lunes comienza el paro nacional universitario, impulsado desde<\/p>\n","protected":false},"author":0,"featured_media":15346,"comment_status":"","ping_status":"","sticky":false,"template":"","format":"standard","meta":{"footnotes":""},"categories":[11],"tags":[],"class_list":["post-15345","post","type-post","status-publish","format-standard","has-post-thumbnail","hentry","category-destacadas"],"yoast_head":"<!-- This site is optimized with the Yoast SEO plugin v27.4 - https:\/\/yoast.com\/product\/yoast-seo-wordpress\/ -->\n<title>Este lunes comenzar\u00e1 el paro nacional universitario y desde la UBA impulsan otro \u201cpor tiempo indeterminado\u201d - Fm Gente<\/title>\n<meta name=\"robots\" content=\"index, follow, max-snippet:-1, max-image-preview:large, max-video-preview:-1\" \/>\n<link rel=\"canonical\" href=\"https:\/\/fmgente.com.ar\/web\/este-lunes-comenzara-el-paro-nacional-universitario-y-desde-la-uba-impulsan-otro-por-tiempo-indeterminado\/\" \/>\n<meta property=\"og:locale\" content=\"es_ES\" \/>\n<meta property=\"og:type\" content=\"article\" \/>\n<meta property=\"og:title\" content=\"Este lunes comenzar\u00e1 el paro nacional universitario y desde la UBA impulsan otro \u201cpor tiempo indeterminado\u201d - Fm Gente\" \/>\n<meta property=\"og:description\" content=\"Buenos Aires, 15 marzo (NA) \u2013 Este lunes comienza el paro nacional universitario, impulsado desde\" \/>\n<meta property=\"og:url\" content=\"https:\/\/fmgente.com.ar\/web\/este-lunes-comenzara-el-paro-nacional-universitario-y-desde-la-uba-impulsan-otro-por-tiempo-indeterminado\/\" \/>\n<meta property=\"og:site_name\" content=\"Fm Gente\" \/>\n<meta property=\"article:published_time\" content=\"2026-03-15T21:09:10+00:00\" \/>\n<meta name=\"twitter:card\" content=\"summary_large_image\" \/>\n<meta name=\"twitter:label1\" content=\"Tiempo de lectura\" \/>\n\t<meta name=\"twitter:data1\" content=\"2 minutos\" \/>\n<script type=\"application\/ld+json\" class=\"yoast-schema-graph\">{\"@context\":\"https:\\\/\\\/schema.org\",\"@graph\":[{\"@type\":\"Article\",\"@id\":\"https:\\\/\\\/fmgente.com.ar\\\/web\\\/este-lunes-comenzara-el-paro-nacional-universitario-y-desde-la-uba-impulsan-otro-por-tiempo-indeterminado\\\/#article\",\"isPartOf\":{\"@id\":\"https:\\\/\\\/fmgente.com.ar\\\/web\\\/este-lunes-comenzara-el-paro-nacional-universitario-y-desde-la-uba-impulsan-otro-por-tiempo-indeterminado\\\/\"},\"author\":{\"name\":\"\",\"@id\":\"\"},\"headline\":\"Este lunes comenzar\u00e1 el paro nacional universitario y desde la UBA impulsan otro \u201cpor tiempo indeterminado\u201d\",\"datePublished\":\"2026-03-15T21:09:10+00:00\",\"mainEntityOfPage\":{\"@id\":\"https:\\\/\\\/fmgente.com.ar\\\/web\\\/este-lunes-comenzara-el-paro-nacional-universitario-y-desde-la-uba-impulsan-otro-por-tiempo-indeterminado\\\/\"},\"wordCount\":456,\"publisher\":{\"@id\":\"https:\\\/\\\/fmgente.com.ar\\\/web\\\/#organization\"},\"image\":{\"@id\":\"https:\\\/\\\/fmgente.com.ar\\\/web\\\/este-lunes-comenzara-el-paro-nacional-universitario-y-desde-la-uba-impulsan-otro-por-tiempo-indeterminado\\\/#primaryimage\"},\"thumbnailUrl\":\"https:\\\/\\\/fmgente.com.ar\\\/web\\\/wp-content\\\/uploads\\\/2026\\\/03\\\/720-607.jpeg\",\"articleSection\":[\"DESTACADAS\"],\"inLanguage\":\"es\"},{\"@type\":\"WebPage\",\"@id\":\"https:\\\/\\\/fmgente.com.ar\\\/web\\\/este-lunes-comenzara-el-paro-nacional-universitario-y-desde-la-uba-impulsan-otro-por-tiempo-indeterminado\\\/\",\"url\":\"https:\\\/\\\/fmgente.com.ar\\\/web\\\/este-lunes-comenzara-el-paro-nacional-universitario-y-desde-la-uba-impulsan-otro-por-tiempo-indeterminado\\\/\",\"name\":\"Este lunes comenzar\u00e1 el paro nacional universitario y desde la UBA impulsan otro \u201cpor tiempo indeterminado\u201d - Fm Gente\",\"isPartOf\":{\"@id\":\"https:\\\/\\\/fmgente.com.ar\\\/web\\\/#website\"},\"primaryImageOfPage\":{\"@id\":\"https:\\\/\\\/fmgente.com.ar\\\/web\\\/este-lunes-comenzara-el-paro-nacional-universitario-y-desde-la-uba-impulsan-otro-por-tiempo-indeterminado\\\/#primaryimage\"},\"image\":{\"@id\":\"https:\\\/\\\/fmgente.com.ar\\\/web\\\/este-lunes-comenzara-el-paro-nacional-universitario-y-desde-la-uba-impulsan-otro-por-tiempo-indeterminado\\\/#primaryimage\"},\"thumbnailUrl\":\"https:\\\/\\\/fmgente.com.ar\\\/web\\\/wp-content\\\/uploads\\\/2026\\\/03\\\/720-607.jpeg\",\"datePublished\":\"2026-03-15T21:09:10+00:00\",\"inLanguage\":\"es\",\"potentialAction\":[{\"@type\":\"ReadAction\",\"target\":[\"https:\\\/\\\/fmgente.com.ar\\\/web\\\/este-lunes-comenzara-el-paro-nacional-universitario-y-desde-la-uba-impulsan-otro-por-tiempo-indeterminado\\\/\"]}]},{\"@type\":\"ImageObject\",\"inLanguage\":\"es\",\"@id\":\"https:\\\/\\\/fmgente.com.ar\\\/web\\\/este-lunes-comenzara-el-paro-nacional-universitario-y-desde-la-uba-impulsan-otro-por-tiempo-indeterminado\\\/#primaryimage\",\"url\":\"https:\\\/\\\/fmgente.com.ar\\\/web\\\/wp-content\\\/uploads\\\/2026\\\/03\\\/720-607.jpeg\",\"contentUrl\":\"https:\\\/\\\/fmgente.com.ar\\\/web\\\/wp-content\\\/uploads\\\/2026\\\/03\\\/720-607.jpeg\",\"width\":1080,\"height\":720},{\"@type\":\"WebSite\",\"@id\":\"https:\\\/\\\/fmgente.com.ar\\\/web\\\/#website\",\"url\":\"https:\\\/\\\/fmgente.com.ar\\\/web\\\/\",\"name\":\"Fm Gente\",\"description\":\"- Jes\u00fas Mar\u00eda\",\"publisher\":{\"@id\":\"https:\\\/\\\/fmgente.com.ar\\\/web\\\/#organization\"},\"potentialAction\":[{\"@type\":\"SearchAction\",\"target\":{\"@type\":\"EntryPoint\",\"urlTemplate\":\"https:\\\/\\\/fmgente.com.ar\\\/web\\\/?s={search_term_string}\"},\"query-input\":{\"@type\":\"PropertyValueSpecification\",\"valueRequired\":true,\"valueName\":\"search_term_string\"}}],\"inLanguage\":\"es\"},{\"@type\":\"Organization\",\"@id\":\"https:\\\/\\\/fmgente.com.ar\\\/web\\\/#organization\",\"name\":\"Fm Gente\",\"url\":\"https:\\\/\\\/fmgente.com.ar\\\/web\\\/\",\"logo\":{\"@type\":\"ImageObject\",\"inLanguage\":\"es\",\"@id\":\"https:\\\/\\\/fmgente.com.ar\\\/web\\\/#\\\/schema\\\/logo\\\/image\\\/\",\"url\":\"https:\\\/\\\/fmgente.com.ar\\\/web\\\/wp-content\\\/uploads\\\/2023\\\/07\\\/cropped-cropped-logo-sombra2.png\",\"contentUrl\":\"https:\\\/\\\/fmgente.com.ar\\\/web\\\/wp-content\\\/uploads\\\/2023\\\/07\\\/cropped-cropped-logo-sombra2.png\",\"width\":1782,\"height\":1782,\"caption\":\"Fm Gente\"},\"image\":{\"@id\":\"https:\\\/\\\/fmgente.com.ar\\\/web\\\/#\\\/schema\\\/logo\\\/image\\\/\"}}]}<\/script>\n<!-- \/ Yoast SEO plugin. -->","yoast_head_json":{"title":"Este lunes comenzar\u00e1 el paro nacional universitario y desde la UBA impulsan otro \u201cpor tiempo indeterminado\u201d - Fm Gente","robots":{"index":"index","follow":"follow","max-snippet":"max-snippet:-1","max-image-preview":"max-image-preview:large","max-video-preview":"max-video-preview:-1"},"canonical":"https:\/\/fmgente.com.ar\/web\/este-lunes-comenzara-el-paro-nacional-universitario-y-desde-la-uba-impulsan-otro-por-tiempo-indeterminado\/","og_locale":"es_ES","og_type":"article","og_title":"Este lunes comenzar\u00e1 el paro nacional universitario y desde la UBA impulsan otro \u201cpor tiempo indeterminado\u201d - Fm Gente","og_description":"Buenos Aires, 15 marzo (NA) \u2013 Este lunes comienza el paro nacional universitario, impulsado desde","og_url":"https:\/\/fmgente.com.ar\/web\/este-lunes-comenzara-el-paro-nacional-universitario-y-desde-la-uba-impulsan-otro-por-tiempo-indeterminado\/","og_site_name":"Fm Gente","article_published_time":"2026-03-15T21:09:10+00:00","twitter_card":"summary_large_image","twitter_misc":{"Tiempo de lectura":"2 minutos"},"schema":{"@context":"https:\/\/schema.org","@graph":[{"@type":"Article","@id":"https:\/\/fmgente.com.ar\/web\/este-lunes-comenzara-el-paro-nacional-universitario-y-desde-la-uba-impulsan-otro-por-tiempo-indeterminado\/#article","isPartOf":{"@id":"https:\/\/fmgente.com.ar\/web\/este-lunes-comenzara-el-paro-nacional-universitario-y-desde-la-uba-impulsan-otro-por-tiempo-indeterminado\/"},"author":{"name":"","@id":""},"headline":"Este lunes comenzar\u00e1 el paro nacional universitario y desde la UBA impulsan otro \u201cpor tiempo indeterminado\u201d","datePublished":"2026-03-15T21:09:10+00:00","mainEntityOfPage":{"@id":"https:\/\/fmgente.com.ar\/web\/este-lunes-comenzara-el-paro-nacional-universitario-y-desde-la-uba-impulsan-otro-por-tiempo-indeterminado\/"},"wordCount":456,"publisher":{"@id":"https:\/\/fmgente.com.ar\/web\/#organization"},"image":{"@id":"https:\/\/fmgente.com.ar\/web\/este-lunes-comenzara-el-paro-nacional-universitario-y-desde-la-uba-impulsan-otro-por-tiempo-indeterminado\/#primaryimage"},"thumbnailUrl":"https:\/\/fmgente.com.ar\/web\/wp-content\/uploads\/2026\/03\/720-607.jpeg","articleSection":["DESTACADAS"],"inLanguage":"es"},{"@type":"WebPage","@id":"https:\/\/fmgente.com.ar\/web\/este-lunes-comenzara-el-paro-nacional-universitario-y-desde-la-uba-impulsan-otro-por-tiempo-indeterminado\/","url":"https:\/\/fmgente.com.ar\/web\/este-lunes-comenzara-el-paro-nacional-universitario-y-desde-la-uba-impulsan-otro-por-tiempo-indeterminado\/","name":"Este lunes comenzar\u00e1 el paro nacional universitario y desde la UBA impulsan otro \u201cpor tiempo indeterminado\u201d - Fm Gente","isPartOf":{"@id":"https:\/\/fmgente.com.ar\/web\/#website"},"primaryImageOfPage":{"@id":"https:\/\/fmgente.com.ar\/web\/este-lunes-comenzara-el-paro-nacional-universitario-y-desde-la-uba-impulsan-otro-por-tiempo-indeterminado\/#primaryimage"},"image":{"@id":"https:\/\/fmgente.com.ar\/web\/este-lunes-comenzara-el-paro-nacional-universitario-y-desde-la-uba-impulsan-otro-por-tiempo-indeterminado\/#primaryimage"},"thumbnailUrl":"https:\/\/fmgente.com.ar\/web\/wp-content\/uploads\/2026\/03\/720-607.jpeg","datePublished":"2026-03-15T21:09:10+00:00","inLanguage":"es","potentialAction":[{"@type":"ReadAction","target":["https:\/\/fmgente.com.ar\/web\/este-lunes-comenzara-el-paro-nacional-universitario-y-desde-la-uba-impulsan-otro-por-tiempo-indeterminado\/"]}]},{"@type":"ImageObject","inLanguage":"es","@id":"https:\/\/fmgente.com.ar\/web\/este-lunes-comenzara-el-paro-nacional-universitario-y-desde-la-uba-impulsan-otro-por-tiempo-indeterminado\/#primaryimage","url":"https:\/\/fmgente.com.ar\/web\/wp-content\/uploads\/2026\/03\/720-607.jpeg","contentUrl":"https:\/\/fmgente.com.ar\/web\/wp-content\/uploads\/2026\/03\/720-607.jpeg","width":1080,"height":720},{"@type":"WebSite","@id":"https:\/\/fmgente.com.ar\/web\/#website","url":"https:\/\/fmgente.com.ar\/web\/","name":"Fm Gente","description":"- Jes\u00fas Mar\u00eda","publisher":{"@id":"https:\/\/fmgente.com.ar\/web\/#organization"},"potentialAction":[{"@type":"SearchAction","target":{"@type":"EntryPoint","urlTemplate":"https:\/\/fmgente.com.ar\/web\/?s={search_term_string}"},"query-input":{"@type":"PropertyValueSpecification","valueRequired":true,"valueName":"search_term_string"}}],"inLanguage":"es"},{"@type":"Organization","@id":"https:\/\/fmgente.com.ar\/web\/#organization","name":"Fm Gente","url":"https:\/\/fmgente.com.ar\/web\/","logo":{"@type":"ImageObject","inLanguage":"es","@id":"https:\/\/fmgente.com.ar\/web\/#\/schema\/logo\/image\/","url":"https:\/\/fmgente.com.ar\/web\/wp-content\/uploads\/2023\/07\/cropped-cropped-logo-sombra2.png","contentUrl":"https:\/\/fmgente.com.ar\/web\/wp-content\/uploads\/2023\/07\/cropped-cropped-logo-sombra2.png","width":1782,"height":1782,"caption":"Fm Gente"},"image":{"@id":"https:\/\/fmgente.com.ar\/web\/#\/schema\/logo\/image\/"}}]}},"_links":{"self":[{"href":"https:\/\/fmgente.com.ar\/web\/wp-json\/wp\/v2\/posts\/15345","targetHints":{"allow":["GET"]}}],"collection":[{"href":"https:\/\/fmgente.com.ar\/web\/wp-json\/wp\/v2\/posts"}],"about":[{"href":"https:\/\/fmgente.com.ar\/web\/wp-json\/wp\/v2\/types\/post"}],"replies":[{"embeddable":true,"href":"https:\/\/fmgente.com.ar\/web\/wp-json\/wp\/v2\/comments?post=15345"}],"version-history":[{"count":0,"href":"https:\/\/fmgente.com.ar\/web\/wp-json\/wp\/v2\/posts\/15345\/revisions"}],"wp:featuredmedia":[{"embeddable":true,"href":"https:\/\/fmgente.com.ar\/web\/wp-json\/wp\/v2\/media\/15346"}],"wp:attachment":[{"href":"https:\/\/fmgente.com.ar\/web\/wp-json\/wp\/v2\/media?parent=15345"}],"wp:term":[{"taxonomy":"category","embeddable":true,"href":"https:\/\/fmgente.com.ar\/web\/wp-json\/wp\/v2\/categories?post=15345"},{"taxonomy":"post_tag","embeddable":true,"href":"https:\/\/fmgente.com.ar\/web\/wp-json\/wp\/v2\/tags?post=15345"}],"curies":[{"name":"wp","href":"https:\/\/api.w.org\/{rel}","templated":true}]}}