{"id":15339,"date":"2026-03-15T06:05:21","date_gmt":"2026-03-15T09:05:21","guid":{"rendered":"https:\/\/fmgente.com.ar\/web\/saeta-sin-control-escolares-saturan-los-colectivos\/"},"modified":"2026-03-15T06:05:21","modified_gmt":"2026-03-15T09:05:21","slug":"saeta-sin-control-escolares-saturan-los-colectivos","status":"publish","type":"post","link":"https:\/\/fmgente.com.ar\/web\/saeta-sin-control-escolares-saturan-los-colectivos\/","title":{"rendered":"SAETA sin control: escolares saturan los colectivos"},"content":{"rendered":"<p>El inicio del ciclo lectivo volvi\u00f3 a poner en el tapete un problema que se repite cada a\u00f1o en el Valle de Lerma: colectivos llenos, largas esperas, estudiantes y trabajadores que quedan varados en las paradas.<strong> Los SAETA circulan llenos en los pueblos, los padres de los escolares de primaria, al ser gratuito, lo utilizan como transporte urbano. No queda espacio para estudiantes y trabajadores que viajan a otras localidades y sobre todo a Salta capital. Ni hablar de los vecinos y j\u00f3venes que quedan esperando en las rutas, esa si es una odisea, para viajar todos los d\u00edas. <\/strong>El descargo p\u00fablico de varios estudiantes y trabajadores en las redes, que viajan todos los d\u00edas entre Rosario de Lerma, Campo Quijano, El Carril, Cerrillos o La Merced a Salta capital evidencia las dificultades que a diario se presentan para poder regresar a sus hogares.<\/p>\n<p>Adriana, alumna de \u00faltimo a\u00f1o del nivel secundario, explic\u00f3 que desde el inicio de clases comenz\u00f3 a vivir una situaci\u00f3n que antes no ocurr\u00eda: el colectivo de las 13:30 pasa completamente lleno, la mayor\u00eda con escolares de la primaria, y ya no levanta m\u00e1s pasajeros. \u00abSalgo del colegio a las 13:20 y a las 13:30 pasa el cole, pero pasa lleno. Tengo que esperar hasta las 14:10 para el siguiente\u00bb, cont\u00f3. Esa espera, que puede parecer menor en el papel, en la pr\u00e1ctica significa llegar mucho m\u00e1s tarde a su casa.<\/p>\n<p>La semana pasada, incluso, no le qued\u00f3 otra alternativa que pagar un rem\u00eds para poder volver a su hogar en Campo Quijano. \u00abNo me gustar\u00eda que siga todo el a\u00f1o igual porque s\u00e9 que hay chicos que no pueden pagar un rem\u00eds todos los d\u00edas y es un sacrificio m\u00e1s para los pap\u00e1s\u00bb.<\/p>\n<p><img decoding=\"async\" src=\"https:\/\/uscdn.eltribuno.com\/032026\/1773542316378\/244236.jpg\" \/><\/p>\n<p>Pero su testimonio no fue el \u00fanico. Tras la publicaci\u00f3n, comenzaron a aparecer decenas de comentarios que muestran que el problema es mucho m\u00e1s amplio y afecta a distintos corredores del transporte interurbano. Carla Sotomayor, por ejemplo, advirti\u00f3 que: \u00abHay pocas unidades y en momentos de mucha actividad, como el horario de clases o cuando llueve, los colectivos van abarrotados y no te llevan porque no hay lugar. Es un servicio que uno paga para usar\u00bb.<\/p>\n<p>Desde Cerrillos hacia Rosario de Lerma el panorama tampoco es diferente. Ximena Dip relat\u00f3 que muchas veces debe esperar m\u00e1s de una hora para poder regresar: \u00abPasan completamente llenos los colectivos y no levantan a nadie. Algunas veces pasan dos horas y nada. Deber\u00edan poner colectivos articulados para distancias tan largas\u00bb.<\/p>\n<p>Otro testimonio, el de Carlos Tapia, trabajar que todos los d\u00edas debe usar el SAETA \u00ablo mismo que sucede con los chicos, ocurre con nosotros los trabajadores, se llena el cole con chicos de la primaria solo para el trayecto local de la casa a su escuela, y los que esperamos viajar muchos m\u00e1s lejos quedamos varados. Hay que esperar m\u00e1s de una hora otro colectivo\u00bb.<\/p>\n<p>El reclamo tambi\u00e9n abre otro debate: el uso responsable del transporte gratuito o subsidiado para estudiantes. Cuando las unidades se saturan y algunos usuarios toman recorridos que no les corresponden, el resultado es un \u00abcuello de botella\u00bb que termina perjudicando a quienes realmente necesitan ese servicio para volver a sus hogares. Mientras tanto, la realidad en las paradas sigue siendo la misma: colectivos que pasan llenos, chicos y trabajadores esperando bajo el sol o la lluvia y familias que, cuando pueden, deben pagar un rem\u00eds para resolver lo que el sistema todav\u00eda no logra garantizar.<\/p><\/p>\n","protected":false},"excerpt":{"rendered":"<p>El inicio del ciclo lectivo volvi\u00f3 a poner en el tapete un problema que se<\/p>\n","protected":false},"author":0,"featured_media":15340,"comment_status":"","ping_status":"","sticky":false,"template":"","format":"standard","meta":{"footnotes":""},"categories":[11],"tags":[],"class_list":["post-15339","post","type-post","status-publish","format-standard","has-post-thumbnail","hentry","category-destacadas"],"yoast_head":"<!-- This site is optimized with the Yoast SEO plugin v27.4 - https:\/\/yoast.com\/product\/yoast-seo-wordpress\/ -->\n<title>SAETA sin control: escolares saturan los colectivos - Fm Gente<\/title>\n<meta name=\"robots\" content=\"index, follow, max-snippet:-1, max-image-preview:large, max-video-preview:-1\" \/>\n<link rel=\"canonical\" href=\"https:\/\/fmgente.com.ar\/web\/saeta-sin-control-escolares-saturan-los-colectivos\/\" \/>\n<meta property=\"og:locale\" content=\"es_ES\" \/>\n<meta property=\"og:type\" content=\"article\" \/>\n<meta property=\"og:title\" content=\"SAETA sin control: escolares saturan los colectivos - Fm Gente\" \/>\n<meta property=\"og:description\" content=\"El inicio del ciclo lectivo volvi\u00f3 a poner en el tapete un problema que se\" \/>\n<meta property=\"og:url\" content=\"https:\/\/fmgente.com.ar\/web\/saeta-sin-control-escolares-saturan-los-colectivos\/\" \/>\n<meta property=\"og:site_name\" content=\"Fm Gente\" \/>\n<meta property=\"article:published_time\" content=\"2026-03-15T09:05:21+00:00\" \/>\n<meta property=\"og:image\" content=\"https:\/\/uscdn.eltribuno.com\/032026\/1773542316378\/244236.jpg\" \/>\n<meta name=\"twitter:card\" content=\"summary_large_image\" \/>\n<meta name=\"twitter:label1\" content=\"Tiempo de lectura\" \/>\n\t<meta name=\"twitter:data1\" content=\"3 minutos\" \/>\n<script type=\"application\/ld+json\" class=\"yoast-schema-graph\">{\"@context\":\"https:\\\/\\\/schema.org\",\"@graph\":[{\"@type\":\"Article\",\"@id\":\"https:\\\/\\\/fmgente.com.ar\\\/web\\\/saeta-sin-control-escolares-saturan-los-colectivos\\\/#article\",\"isPartOf\":{\"@id\":\"https:\\\/\\\/fmgente.com.ar\\\/web\\\/saeta-sin-control-escolares-saturan-los-colectivos\\\/\"},\"author\":{\"name\":\"\",\"@id\":\"\"},\"headline\":\"SAETA sin control: escolares saturan los colectivos\",\"datePublished\":\"2026-03-15T09:05:21+00:00\",\"mainEntityOfPage\":{\"@id\":\"https:\\\/\\\/fmgente.com.ar\\\/web\\\/saeta-sin-control-escolares-saturan-los-colectivos\\\/\"},\"wordCount\":608,\"publisher\":{\"@id\":\"https:\\\/\\\/fmgente.com.ar\\\/web\\\/#organization\"},\"image\":{\"@id\":\"https:\\\/\\\/fmgente.com.ar\\\/web\\\/saeta-sin-control-escolares-saturan-los-colectivos\\\/#primaryimage\"},\"thumbnailUrl\":\"https:\\\/\\\/fmgente.com.ar\\\/web\\\/wp-content\\\/uploads\\\/2026\\\/03\\\/244236.jpg\",\"articleSection\":[\"DESTACADAS\"],\"inLanguage\":\"es\"},{\"@type\":\"WebPage\",\"@id\":\"https:\\\/\\\/fmgente.com.ar\\\/web\\\/saeta-sin-control-escolares-saturan-los-colectivos\\\/\",\"url\":\"https:\\\/\\\/fmgente.com.ar\\\/web\\\/saeta-sin-control-escolares-saturan-los-colectivos\\\/\",\"name\":\"SAETA sin control: escolares saturan los colectivos - Fm Gente\",\"isPartOf\":{\"@id\":\"https:\\\/\\\/fmgente.com.ar\\\/web\\\/#website\"},\"primaryImageOfPage\":{\"@id\":\"https:\\\/\\\/fmgente.com.ar\\\/web\\\/saeta-sin-control-escolares-saturan-los-colectivos\\\/#primaryimage\"},\"image\":{\"@id\":\"https:\\\/\\\/fmgente.com.ar\\\/web\\\/saeta-sin-control-escolares-saturan-los-colectivos\\\/#primaryimage\"},\"thumbnailUrl\":\"https:\\\/\\\/fmgente.com.ar\\\/web\\\/wp-content\\\/uploads\\\/2026\\\/03\\\/244236.jpg\",\"datePublished\":\"2026-03-15T09:05:21+00:00\",\"inLanguage\":\"es\",\"potentialAction\":[{\"@type\":\"ReadAction\",\"target\":[\"https:\\\/\\\/fmgente.com.ar\\\/web\\\/saeta-sin-control-escolares-saturan-los-colectivos\\\/\"]}]},{\"@type\":\"ImageObject\",\"inLanguage\":\"es\",\"@id\":\"https:\\\/\\\/fmgente.com.ar\\\/web\\\/saeta-sin-control-escolares-saturan-los-colectivos\\\/#primaryimage\",\"url\":\"https:\\\/\\\/fmgente.com.ar\\\/web\\\/wp-content\\\/uploads\\\/2026\\\/03\\\/244236.jpg\",\"contentUrl\":\"https:\\\/\\\/fmgente.com.ar\\\/web\\\/wp-content\\\/uploads\\\/2026\\\/03\\\/244236.jpg\",\"width\":1536,\"height\":956},{\"@type\":\"WebSite\",\"@id\":\"https:\\\/\\\/fmgente.com.ar\\\/web\\\/#website\",\"url\":\"https:\\\/\\\/fmgente.com.ar\\\/web\\\/\",\"name\":\"Fm Gente\",\"description\":\"- Jes\u00fas Mar\u00eda\",\"publisher\":{\"@id\":\"https:\\\/\\\/fmgente.com.ar\\\/web\\\/#organization\"},\"potentialAction\":[{\"@type\":\"SearchAction\",\"target\":{\"@type\":\"EntryPoint\",\"urlTemplate\":\"https:\\\/\\\/fmgente.com.ar\\\/web\\\/?s={search_term_string}\"},\"query-input\":{\"@type\":\"PropertyValueSpecification\",\"valueRequired\":true,\"valueName\":\"search_term_string\"}}],\"inLanguage\":\"es\"},{\"@type\":\"Organization\",\"@id\":\"https:\\\/\\\/fmgente.com.ar\\\/web\\\/#organization\",\"name\":\"Fm Gente\",\"url\":\"https:\\\/\\\/fmgente.com.ar\\\/web\\\/\",\"logo\":{\"@type\":\"ImageObject\",\"inLanguage\":\"es\",\"@id\":\"https:\\\/\\\/fmgente.com.ar\\\/web\\\/#\\\/schema\\\/logo\\\/image\\\/\",\"url\":\"https:\\\/\\\/fmgente.com.ar\\\/web\\\/wp-content\\\/uploads\\\/2023\\\/07\\\/cropped-cropped-logo-sombra2.png\",\"contentUrl\":\"https:\\\/\\\/fmgente.com.ar\\\/web\\\/wp-content\\\/uploads\\\/2023\\\/07\\\/cropped-cropped-logo-sombra2.png\",\"width\":1782,\"height\":1782,\"caption\":\"Fm Gente\"},\"image\":{\"@id\":\"https:\\\/\\\/fmgente.com.ar\\\/web\\\/#\\\/schema\\\/logo\\\/image\\\/\"}}]}<\/script>\n<!-- \/ Yoast SEO plugin. -->","yoast_head_json":{"title":"SAETA sin control: escolares saturan los colectivos - Fm Gente","robots":{"index":"index","follow":"follow","max-snippet":"max-snippet:-1","max-image-preview":"max-image-preview:large","max-video-preview":"max-video-preview:-1"},"canonical":"https:\/\/fmgente.com.ar\/web\/saeta-sin-control-escolares-saturan-los-colectivos\/","og_locale":"es_ES","og_type":"article","og_title":"SAETA sin control: escolares saturan los colectivos - Fm Gente","og_description":"El inicio del ciclo lectivo volvi\u00f3 a poner en el tapete un problema que se","og_url":"https:\/\/fmgente.com.ar\/web\/saeta-sin-control-escolares-saturan-los-colectivos\/","og_site_name":"Fm Gente","article_published_time":"2026-03-15T09:05:21+00:00","og_image":[{"url":"https:\/\/uscdn.eltribuno.com\/032026\/1773542316378\/244236.jpg","type":"","width":"","height":""}],"twitter_card":"summary_large_image","twitter_misc":{"Tiempo de lectura":"3 minutos"},"schema":{"@context":"https:\/\/schema.org","@graph":[{"@type":"Article","@id":"https:\/\/fmgente.com.ar\/web\/saeta-sin-control-escolares-saturan-los-colectivos\/#article","isPartOf":{"@id":"https:\/\/fmgente.com.ar\/web\/saeta-sin-control-escolares-saturan-los-colectivos\/"},"author":{"name":"","@id":""},"headline":"SAETA sin control: escolares saturan los colectivos","datePublished":"2026-03-15T09:05:21+00:00","mainEntityOfPage":{"@id":"https:\/\/fmgente.com.ar\/web\/saeta-sin-control-escolares-saturan-los-colectivos\/"},"wordCount":608,"publisher":{"@id":"https:\/\/fmgente.com.ar\/web\/#organization"},"image":{"@id":"https:\/\/fmgente.com.ar\/web\/saeta-sin-control-escolares-saturan-los-colectivos\/#primaryimage"},"thumbnailUrl":"https:\/\/fmgente.com.ar\/web\/wp-content\/uploads\/2026\/03\/244236.jpg","articleSection":["DESTACADAS"],"inLanguage":"es"},{"@type":"WebPage","@id":"https:\/\/fmgente.com.ar\/web\/saeta-sin-control-escolares-saturan-los-colectivos\/","url":"https:\/\/fmgente.com.ar\/web\/saeta-sin-control-escolares-saturan-los-colectivos\/","name":"SAETA sin control: escolares saturan los colectivos - Fm Gente","isPartOf":{"@id":"https:\/\/fmgente.com.ar\/web\/#website"},"primaryImageOfPage":{"@id":"https:\/\/fmgente.com.ar\/web\/saeta-sin-control-escolares-saturan-los-colectivos\/#primaryimage"},"image":{"@id":"https:\/\/fmgente.com.ar\/web\/saeta-sin-control-escolares-saturan-los-colectivos\/#primaryimage"},"thumbnailUrl":"https:\/\/fmgente.com.ar\/web\/wp-content\/uploads\/2026\/03\/244236.jpg","datePublished":"2026-03-15T09:05:21+00:00","inLanguage":"es","potentialAction":[{"@type":"ReadAction","target":["https:\/\/fmgente.com.ar\/web\/saeta-sin-control-escolares-saturan-los-colectivos\/"]}]},{"@type":"ImageObject","inLanguage":"es","@id":"https:\/\/fmgente.com.ar\/web\/saeta-sin-control-escolares-saturan-los-colectivos\/#primaryimage","url":"https:\/\/fmgente.com.ar\/web\/wp-content\/uploads\/2026\/03\/244236.jpg","contentUrl":"https:\/\/fmgente.com.ar\/web\/wp-content\/uploads\/2026\/03\/244236.jpg","width":1536,"height":956},{"@type":"WebSite","@id":"https:\/\/fmgente.com.ar\/web\/#website","url":"https:\/\/fmgente.com.ar\/web\/","name":"Fm Gente","description":"- Jes\u00fas Mar\u00eda","publisher":{"@id":"https:\/\/fmgente.com.ar\/web\/#organization"},"potentialAction":[{"@type":"SearchAction","target":{"@type":"EntryPoint","urlTemplate":"https:\/\/fmgente.com.ar\/web\/?s={search_term_string}"},"query-input":{"@type":"PropertyValueSpecification","valueRequired":true,"valueName":"search_term_string"}}],"inLanguage":"es"},{"@type":"Organization","@id":"https:\/\/fmgente.com.ar\/web\/#organization","name":"Fm Gente","url":"https:\/\/fmgente.com.ar\/web\/","logo":{"@type":"ImageObject","inLanguage":"es","@id":"https:\/\/fmgente.com.ar\/web\/#\/schema\/logo\/image\/","url":"https:\/\/fmgente.com.ar\/web\/wp-content\/uploads\/2023\/07\/cropped-cropped-logo-sombra2.png","contentUrl":"https:\/\/fmgente.com.ar\/web\/wp-content\/uploads\/2023\/07\/cropped-cropped-logo-sombra2.png","width":1782,"height":1782,"caption":"Fm Gente"},"image":{"@id":"https:\/\/fmgente.com.ar\/web\/#\/schema\/logo\/image\/"}}]}},"_links":{"self":[{"href":"https:\/\/fmgente.com.ar\/web\/wp-json\/wp\/v2\/posts\/15339","targetHints":{"allow":["GET"]}}],"collection":[{"href":"https:\/\/fmgente.com.ar\/web\/wp-json\/wp\/v2\/posts"}],"about":[{"href":"https:\/\/fmgente.com.ar\/web\/wp-json\/wp\/v2\/types\/post"}],"replies":[{"embeddable":true,"href":"https:\/\/fmgente.com.ar\/web\/wp-json\/wp\/v2\/comments?post=15339"}],"version-history":[{"count":0,"href":"https:\/\/fmgente.com.ar\/web\/wp-json\/wp\/v2\/posts\/15339\/revisions"}],"wp:featuredmedia":[{"embeddable":true,"href":"https:\/\/fmgente.com.ar\/web\/wp-json\/wp\/v2\/media\/15340"}],"wp:attachment":[{"href":"https:\/\/fmgente.com.ar\/web\/wp-json\/wp\/v2\/media?parent=15339"}],"wp:term":[{"taxonomy":"category","embeddable":true,"href":"https:\/\/fmgente.com.ar\/web\/wp-json\/wp\/v2\/categories?post=15339"},{"taxonomy":"post_tag","embeddable":true,"href":"https:\/\/fmgente.com.ar\/web\/wp-json\/wp\/v2\/tags?post=15339"}],"curies":[{"name":"wp","href":"https:\/\/api.w.org\/{rel}","templated":true}]}}