{"id":15327,"date":"2026-03-15T06:05:08","date_gmt":"2026-03-15T09:05:08","guid":{"rendered":"https:\/\/fmgente.com.ar\/web\/colapinto-largara-desde-la-posicion-12-en-el-gran-premio-de-china-y-se-mostro-esperanzado-por-sus-avances\/"},"modified":"2026-03-15T06:05:08","modified_gmt":"2026-03-15T09:05:08","slug":"colapinto-largara-desde-la-posicion-12-en-el-gran-premio-de-china-y-se-mostro-esperanzado-por-sus-avances","status":"publish","type":"post","link":"https:\/\/fmgente.com.ar\/web\/colapinto-largara-desde-la-posicion-12-en-el-gran-premio-de-china-y-se-mostro-esperanzado-por-sus-avances\/","title":{"rendered":"Colapinto largar\u00e1 desde la posici\u00f3n 12 en el Gran Premio de China y se mostr\u00f3 esperanzado por sus avances"},"content":{"rendered":"<p>En l\u00edneas generales fue un buen fin de semana para Franco Colapinto en China. Si bien falta lo m\u00e1s importante que es la carrera en la que largar\u00e1 desde la posici\u00f3n n\u00famero 12, fue mucho lo que se avanz\u00f3 en mejorar los alerones y las carga del auto. <\/p>\n<p>Franco, como el resto de los pilotos a\u00fan se est\u00e1 adaptando a esta nuevo F\u00f3rmula 1 de motores h\u00edbridos que en l\u00edneas generales lo que ha logrado hasta ahora es bajar las velocidades m\u00e1ximas de los dos circuitos en los que se ha corrido hasta el momento.<\/p>\n<p>Lo cierto es que hay altas chances de que Franco pueda sumar alg\u00fan punto este domingo en una carrera que se podr\u00e1 ver en vivo desde las 4 de la ma\u00f1ana hora argentina.<\/p>\n<p>Tan contentos est\u00e1n en Alpine con el piloto argentino que el empresario y asesor ejecutivo de la escuder\u00eda Flavio Briatore, fue personalmente a felicitar a Franco despu\u00e9s de la clasificaci\u00f3n.<\/p>\n","protected":false},"excerpt":{"rendered":"<p>En l\u00edneas generales fue un buen fin de semana para Franco Colapinto en China. Si<\/p>\n","protected":false},"author":0,"featured_media":15328,"comment_status":"","ping_status":"","sticky":false,"template":"","format":"standard","meta":{"footnotes":""},"categories":[11],"tags":[],"class_list":["post-15327","post","type-post","status-publish","format-standard","has-post-thumbnail","hentry","category-destacadas"],"yoast_head":"<!-- This site is optimized with the Yoast SEO plugin v27.4 - https:\/\/yoast.com\/product\/yoast-seo-wordpress\/ -->\n<title>Colapinto largar\u00e1 desde la posici\u00f3n 12 en el Gran Premio de China y se mostr\u00f3 esperanzado por sus avances - Fm Gente<\/title>\n<meta name=\"robots\" content=\"index, follow, max-snippet:-1, max-image-preview:large, max-video-preview:-1\" \/>\n<link rel=\"canonical\" href=\"https:\/\/fmgente.com.ar\/web\/colapinto-largara-desde-la-posicion-12-en-el-gran-premio-de-china-y-se-mostro-esperanzado-por-sus-avances\/\" \/>\n<meta property=\"og:locale\" content=\"es_ES\" \/>\n<meta property=\"og:type\" content=\"article\" \/>\n<meta property=\"og:title\" content=\"Colapinto largar\u00e1 desde la posici\u00f3n 12 en el Gran Premio de China y se mostr\u00f3 esperanzado por sus avances - Fm Gente\" \/>\n<meta property=\"og:description\" content=\"En l\u00edneas generales fue un buen fin de semana para Franco Colapinto en China. Si\" \/>\n<meta property=\"og:url\" content=\"https:\/\/fmgente.com.ar\/web\/colapinto-largara-desde-la-posicion-12-en-el-gran-premio-de-china-y-se-mostro-esperanzado-por-sus-avances\/\" \/>\n<meta property=\"og:site_name\" content=\"Fm Gente\" \/>\n<meta property=\"article:published_time\" content=\"2026-03-15T09:05:08+00:00\" \/>\n<meta name=\"twitter:card\" content=\"summary_large_image\" \/>\n<meta name=\"twitter:label1\" content=\"Tiempo de lectura\" \/>\n\t<meta name=\"twitter:data1\" content=\"1 minuto\" \/>\n<script type=\"application\/ld+json\" class=\"yoast-schema-graph\">{\"@context\":\"https:\\\/\\\/schema.org\",\"@graph\":[{\"@type\":\"Article\",\"@id\":\"https:\\\/\\\/fmgente.com.ar\\\/web\\\/colapinto-largara-desde-la-posicion-12-en-el-gran-premio-de-china-y-se-mostro-esperanzado-por-sus-avances\\\/#article\",\"isPartOf\":{\"@id\":\"https:\\\/\\\/fmgente.com.ar\\\/web\\\/colapinto-largara-desde-la-posicion-12-en-el-gran-premio-de-china-y-se-mostro-esperanzado-por-sus-avances\\\/\"},\"author\":{\"name\":\"\",\"@id\":\"\"},\"headline\":\"Colapinto largar\u00e1 desde la posici\u00f3n 12 en el Gran Premio de China y se mostr\u00f3 esperanzado por sus avances\",\"datePublished\":\"2026-03-15T09:05:08+00:00\",\"mainEntityOfPage\":{\"@id\":\"https:\\\/\\\/fmgente.com.ar\\\/web\\\/colapinto-largara-desde-la-posicion-12-en-el-gran-premio-de-china-y-se-mostro-esperanzado-por-sus-avances\\\/\"},\"wordCount\":189,\"publisher\":{\"@id\":\"https:\\\/\\\/fmgente.com.ar\\\/web\\\/#organization\"},\"image\":{\"@id\":\"https:\\\/\\\/fmgente.com.ar\\\/web\\\/colapinto-largara-desde-la-posicion-12-en-el-gran-premio-de-china-y-se-mostro-esperanzado-por-sus-avances\\\/#primaryimage\"},\"thumbnailUrl\":\"https:\\\/\\\/fmgente.com.ar\\\/web\\\/wp-content\\\/uploads\\\/2026\\\/03\\\/720-603.jpeg\",\"articleSection\":[\"DESTACADAS\"],\"inLanguage\":\"es\"},{\"@type\":\"WebPage\",\"@id\":\"https:\\\/\\\/fmgente.com.ar\\\/web\\\/colapinto-largara-desde-la-posicion-12-en-el-gran-premio-de-china-y-se-mostro-esperanzado-por-sus-avances\\\/\",\"url\":\"https:\\\/\\\/fmgente.com.ar\\\/web\\\/colapinto-largara-desde-la-posicion-12-en-el-gran-premio-de-china-y-se-mostro-esperanzado-por-sus-avances\\\/\",\"name\":\"Colapinto largar\u00e1 desde la posici\u00f3n 12 en el Gran Premio de China y se mostr\u00f3 esperanzado por sus avances - Fm Gente\",\"isPartOf\":{\"@id\":\"https:\\\/\\\/fmgente.com.ar\\\/web\\\/#website\"},\"primaryImageOfPage\":{\"@id\":\"https:\\\/\\\/fmgente.com.ar\\\/web\\\/colapinto-largara-desde-la-posicion-12-en-el-gran-premio-de-china-y-se-mostro-esperanzado-por-sus-avances\\\/#primaryimage\"},\"image\":{\"@id\":\"https:\\\/\\\/fmgente.com.ar\\\/web\\\/colapinto-largara-desde-la-posicion-12-en-el-gran-premio-de-china-y-se-mostro-esperanzado-por-sus-avances\\\/#primaryimage\"},\"thumbnailUrl\":\"https:\\\/\\\/fmgente.com.ar\\\/web\\\/wp-content\\\/uploads\\\/2026\\\/03\\\/720-603.jpeg\",\"datePublished\":\"2026-03-15T09:05:08+00:00\",\"inLanguage\":\"es\",\"potentialAction\":[{\"@type\":\"ReadAction\",\"target\":[\"https:\\\/\\\/fmgente.com.ar\\\/web\\\/colapinto-largara-desde-la-posicion-12-en-el-gran-premio-de-china-y-se-mostro-esperanzado-por-sus-avances\\\/\"]}]},{\"@type\":\"ImageObject\",\"inLanguage\":\"es\",\"@id\":\"https:\\\/\\\/fmgente.com.ar\\\/web\\\/colapinto-largara-desde-la-posicion-12-en-el-gran-premio-de-china-y-se-mostro-esperanzado-por-sus-avances\\\/#primaryimage\",\"url\":\"https:\\\/\\\/fmgente.com.ar\\\/web\\\/wp-content\\\/uploads\\\/2026\\\/03\\\/720-603.jpeg\",\"contentUrl\":\"https:\\\/\\\/fmgente.com.ar\\\/web\\\/wp-content\\\/uploads\\\/2026\\\/03\\\/720-603.jpeg\",\"width\":1236,\"height\":720},{\"@type\":\"WebSite\",\"@id\":\"https:\\\/\\\/fmgente.com.ar\\\/web\\\/#website\",\"url\":\"https:\\\/\\\/fmgente.com.ar\\\/web\\\/\",\"name\":\"Fm Gente\",\"description\":\"- Jes\u00fas Mar\u00eda\",\"publisher\":{\"@id\":\"https:\\\/\\\/fmgente.com.ar\\\/web\\\/#organization\"},\"potentialAction\":[{\"@type\":\"SearchAction\",\"target\":{\"@type\":\"EntryPoint\",\"urlTemplate\":\"https:\\\/\\\/fmgente.com.ar\\\/web\\\/?s={search_term_string}\"},\"query-input\":{\"@type\":\"PropertyValueSpecification\",\"valueRequired\":true,\"valueName\":\"search_term_string\"}}],\"inLanguage\":\"es\"},{\"@type\":\"Organization\",\"@id\":\"https:\\\/\\\/fmgente.com.ar\\\/web\\\/#organization\",\"name\":\"Fm Gente\",\"url\":\"https:\\\/\\\/fmgente.com.ar\\\/web\\\/\",\"logo\":{\"@type\":\"ImageObject\",\"inLanguage\":\"es\",\"@id\":\"https:\\\/\\\/fmgente.com.ar\\\/web\\\/#\\\/schema\\\/logo\\\/image\\\/\",\"url\":\"https:\\\/\\\/fmgente.com.ar\\\/web\\\/wp-content\\\/uploads\\\/2023\\\/07\\\/cropped-cropped-logo-sombra2.png\",\"contentUrl\":\"https:\\\/\\\/fmgente.com.ar\\\/web\\\/wp-content\\\/uploads\\\/2023\\\/07\\\/cropped-cropped-logo-sombra2.png\",\"width\":1782,\"height\":1782,\"caption\":\"Fm Gente\"},\"image\":{\"@id\":\"https:\\\/\\\/fmgente.com.ar\\\/web\\\/#\\\/schema\\\/logo\\\/image\\\/\"}}]}<\/script>\n<!-- \/ Yoast SEO plugin. -->","yoast_head_json":{"title":"Colapinto largar\u00e1 desde la posici\u00f3n 12 en el Gran Premio de China y se mostr\u00f3 esperanzado por sus avances - Fm Gente","robots":{"index":"index","follow":"follow","max-snippet":"max-snippet:-1","max-image-preview":"max-image-preview:large","max-video-preview":"max-video-preview:-1"},"canonical":"https:\/\/fmgente.com.ar\/web\/colapinto-largara-desde-la-posicion-12-en-el-gran-premio-de-china-y-se-mostro-esperanzado-por-sus-avances\/","og_locale":"es_ES","og_type":"article","og_title":"Colapinto largar\u00e1 desde la posici\u00f3n 12 en el Gran Premio de China y se mostr\u00f3 esperanzado por sus avances - Fm Gente","og_description":"En l\u00edneas generales fue un buen fin de semana para Franco Colapinto en China. Si","og_url":"https:\/\/fmgente.com.ar\/web\/colapinto-largara-desde-la-posicion-12-en-el-gran-premio-de-china-y-se-mostro-esperanzado-por-sus-avances\/","og_site_name":"Fm Gente","article_published_time":"2026-03-15T09:05:08+00:00","twitter_card":"summary_large_image","twitter_misc":{"Tiempo de lectura":"1 minuto"},"schema":{"@context":"https:\/\/schema.org","@graph":[{"@type":"Article","@id":"https:\/\/fmgente.com.ar\/web\/colapinto-largara-desde-la-posicion-12-en-el-gran-premio-de-china-y-se-mostro-esperanzado-por-sus-avances\/#article","isPartOf":{"@id":"https:\/\/fmgente.com.ar\/web\/colapinto-largara-desde-la-posicion-12-en-el-gran-premio-de-china-y-se-mostro-esperanzado-por-sus-avances\/"},"author":{"name":"","@id":""},"headline":"Colapinto largar\u00e1 desde la posici\u00f3n 12 en el Gran Premio de China y se mostr\u00f3 esperanzado por sus avances","datePublished":"2026-03-15T09:05:08+00:00","mainEntityOfPage":{"@id":"https:\/\/fmgente.com.ar\/web\/colapinto-largara-desde-la-posicion-12-en-el-gran-premio-de-china-y-se-mostro-esperanzado-por-sus-avances\/"},"wordCount":189,"publisher":{"@id":"https:\/\/fmgente.com.ar\/web\/#organization"},"image":{"@id":"https:\/\/fmgente.com.ar\/web\/colapinto-largara-desde-la-posicion-12-en-el-gran-premio-de-china-y-se-mostro-esperanzado-por-sus-avances\/#primaryimage"},"thumbnailUrl":"https:\/\/fmgente.com.ar\/web\/wp-content\/uploads\/2026\/03\/720-603.jpeg","articleSection":["DESTACADAS"],"inLanguage":"es"},{"@type":"WebPage","@id":"https:\/\/fmgente.com.ar\/web\/colapinto-largara-desde-la-posicion-12-en-el-gran-premio-de-china-y-se-mostro-esperanzado-por-sus-avances\/","url":"https:\/\/fmgente.com.ar\/web\/colapinto-largara-desde-la-posicion-12-en-el-gran-premio-de-china-y-se-mostro-esperanzado-por-sus-avances\/","name":"Colapinto largar\u00e1 desde la posici\u00f3n 12 en el Gran Premio de China y se mostr\u00f3 esperanzado por sus avances - Fm Gente","isPartOf":{"@id":"https:\/\/fmgente.com.ar\/web\/#website"},"primaryImageOfPage":{"@id":"https:\/\/fmgente.com.ar\/web\/colapinto-largara-desde-la-posicion-12-en-el-gran-premio-de-china-y-se-mostro-esperanzado-por-sus-avances\/#primaryimage"},"image":{"@id":"https:\/\/fmgente.com.ar\/web\/colapinto-largara-desde-la-posicion-12-en-el-gran-premio-de-china-y-se-mostro-esperanzado-por-sus-avances\/#primaryimage"},"thumbnailUrl":"https:\/\/fmgente.com.ar\/web\/wp-content\/uploads\/2026\/03\/720-603.jpeg","datePublished":"2026-03-15T09:05:08+00:00","inLanguage":"es","potentialAction":[{"@type":"ReadAction","target":["https:\/\/fmgente.com.ar\/web\/colapinto-largara-desde-la-posicion-12-en-el-gran-premio-de-china-y-se-mostro-esperanzado-por-sus-avances\/"]}]},{"@type":"ImageObject","inLanguage":"es","@id":"https:\/\/fmgente.com.ar\/web\/colapinto-largara-desde-la-posicion-12-en-el-gran-premio-de-china-y-se-mostro-esperanzado-por-sus-avances\/#primaryimage","url":"https:\/\/fmgente.com.ar\/web\/wp-content\/uploads\/2026\/03\/720-603.jpeg","contentUrl":"https:\/\/fmgente.com.ar\/web\/wp-content\/uploads\/2026\/03\/720-603.jpeg","width":1236,"height":720},{"@type":"WebSite","@id":"https:\/\/fmgente.com.ar\/web\/#website","url":"https:\/\/fmgente.com.ar\/web\/","name":"Fm Gente","description":"- Jes\u00fas Mar\u00eda","publisher":{"@id":"https:\/\/fmgente.com.ar\/web\/#organization"},"potentialAction":[{"@type":"SearchAction","target":{"@type":"EntryPoint","urlTemplate":"https:\/\/fmgente.com.ar\/web\/?s={search_term_string}"},"query-input":{"@type":"PropertyValueSpecification","valueRequired":true,"valueName":"search_term_string"}}],"inLanguage":"es"},{"@type":"Organization","@id":"https:\/\/fmgente.com.ar\/web\/#organization","name":"Fm Gente","url":"https:\/\/fmgente.com.ar\/web\/","logo":{"@type":"ImageObject","inLanguage":"es","@id":"https:\/\/fmgente.com.ar\/web\/#\/schema\/logo\/image\/","url":"https:\/\/fmgente.com.ar\/web\/wp-content\/uploads\/2023\/07\/cropped-cropped-logo-sombra2.png","contentUrl":"https:\/\/fmgente.com.ar\/web\/wp-content\/uploads\/2023\/07\/cropped-cropped-logo-sombra2.png","width":1782,"height":1782,"caption":"Fm Gente"},"image":{"@id":"https:\/\/fmgente.com.ar\/web\/#\/schema\/logo\/image\/"}}]}},"_links":{"self":[{"href":"https:\/\/fmgente.com.ar\/web\/wp-json\/wp\/v2\/posts\/15327","targetHints":{"allow":["GET"]}}],"collection":[{"href":"https:\/\/fmgente.com.ar\/web\/wp-json\/wp\/v2\/posts"}],"about":[{"href":"https:\/\/fmgente.com.ar\/web\/wp-json\/wp\/v2\/types\/post"}],"replies":[{"embeddable":true,"href":"https:\/\/fmgente.com.ar\/web\/wp-json\/wp\/v2\/comments?post=15327"}],"version-history":[{"count":0,"href":"https:\/\/fmgente.com.ar\/web\/wp-json\/wp\/v2\/posts\/15327\/revisions"}],"wp:featuredmedia":[{"embeddable":true,"href":"https:\/\/fmgente.com.ar\/web\/wp-json\/wp\/v2\/media\/15328"}],"wp:attachment":[{"href":"https:\/\/fmgente.com.ar\/web\/wp-json\/wp\/v2\/media?parent=15327"}],"wp:term":[{"taxonomy":"category","embeddable":true,"href":"https:\/\/fmgente.com.ar\/web\/wp-json\/wp\/v2\/categories?post=15327"},{"taxonomy":"post_tag","embeddable":true,"href":"https:\/\/fmgente.com.ar\/web\/wp-json\/wp\/v2\/tags?post=15327"}],"curies":[{"name":"wp","href":"https:\/\/api.w.org\/{rel}","templated":true}]}}