{"id":15321,"date":"2026-03-15T06:05:03","date_gmt":"2026-03-15T09:05:03","guid":{"rendered":"https:\/\/fmgente.com.ar\/web\/peluquero-detenido-por-comercializar-drogas-en-vicuna-mackenna\/"},"modified":"2026-03-15T06:05:03","modified_gmt":"2026-03-15T09:05:03","slug":"peluquero-detenido-por-comercializar-drogas-en-vicuna-mackenna","status":"publish","type":"post","link":"https:\/\/fmgente.com.ar\/web\/peluquero-detenido-por-comercializar-drogas-en-vicuna-mackenna\/","title":{"rendered":"PELUQUERO DETENIDO POR COMERCIALIZAR DROGAS EN VICU\u00d1A MACKENNA"},"content":{"rendered":"<p>Tras varios meses de investigaciones, efectivos de la Fuerza Policial Antinarcotr\u00e1fico detuvieron a un sujeto por ejercer el narcomenudeo, cerraron un punto de venta e incautaron estupefacientes en la ciudad de Vicu\u00f1a Mackenna.<\/p>\n<p>Mientras realizaban controles preventivos, la Compa\u00f1\u00eda de Intervenciones Especiales de la FPA logr\u00f3 detener al investigado sobre avenida Ricardo Risatti esquina 25 de mayo de barrio Centro de la ciudad mencionada. Luego del palpado correspondiente, se secuestraron varias dosis de coca\u00edna y marihuana, dinero y una motocicleta.<\/p>\n<p>A posterior, se libr\u00f3 un allanamiento en la vivienda del aprehendido (ubicada en calle Cipriano Morelli 213). En el lugar, se incaut\u00f3 marihuana.<\/p>\n<p>Vale destacar que el aprehendido utilizaba una peluquer\u00eda (era su profesi\u00f3n) y un comercio de ropa para vender estupefacientes. Adem\u00e1s, realizaba delivery en la ciudad.<\/p>\n<p>La Fiscal\u00eda de Lucha contra el Narcotr\u00e1fico de R\u00edo Cuarto orden\u00f3 el remisi\u00f3n de todos los elementos incautados y el traslado del investigado a sede judicial por infracci\u00f3n a la Ley Nacional de Estupefacientes N\u00b023.737.<\/p>\n<p><img loading=\"lazy\" decoding=\"async\" class=\"alignnone wp-image-55726\" src=\"https:\/\/www.mpfcordoba.gob.ar\/wp-content\/uploads\/2026\/03\/WhatsApp-Image-2026-03-14-at-6.53.02-AM.jpeg\" alt=\"\" width=\"550\" height=\"733\" \/><\/p>\n<p>&nbsp;<\/p>\n","protected":false},"excerpt":{"rendered":"<p>Tras varios meses de investigaciones, efectivos de la Fuerza Policial Antinarcotr\u00e1fico detuvieron a un sujeto<\/p>\n","protected":false},"author":0,"featured_media":15322,"comment_status":"","ping_status":"","sticky":false,"template":"","format":"standard","meta":{"footnotes":""},"categories":[1794],"tags":[],"class_list":["post-15321","post","type-post","status-publish","format-standard","has-post-thumbnail","hentry","category-policiales"],"yoast_head":"<!-- This site is optimized with the Yoast SEO plugin v27.4 - https:\/\/yoast.com\/product\/yoast-seo-wordpress\/ -->\n<title>PELUQUERO DETENIDO POR COMERCIALIZAR DROGAS EN VICU\u00d1A MACKENNA - Fm Gente<\/title>\n<meta name=\"robots\" content=\"index, follow, max-snippet:-1, max-image-preview:large, max-video-preview:-1\" \/>\n<link rel=\"canonical\" href=\"https:\/\/fmgente.com.ar\/web\/peluquero-detenido-por-comercializar-drogas-en-vicuna-mackenna\/\" \/>\n<meta property=\"og:locale\" content=\"es_ES\" \/>\n<meta property=\"og:type\" content=\"article\" \/>\n<meta property=\"og:title\" content=\"PELUQUERO DETENIDO POR COMERCIALIZAR DROGAS EN VICU\u00d1A MACKENNA - Fm Gente\" \/>\n<meta property=\"og:description\" content=\"Tras varios meses de investigaciones, efectivos de la Fuerza Policial Antinarcotr\u00e1fico detuvieron a un sujeto\" \/>\n<meta property=\"og:url\" content=\"https:\/\/fmgente.com.ar\/web\/peluquero-detenido-por-comercializar-drogas-en-vicuna-mackenna\/\" \/>\n<meta property=\"og:site_name\" content=\"Fm Gente\" \/>\n<meta property=\"article:published_time\" content=\"2026-03-15T09:05:03+00:00\" \/>\n<meta name=\"twitter:card\" content=\"summary_large_image\" \/>\n<meta name=\"twitter:label1\" content=\"Tiempo de lectura\" \/>\n\t<meta name=\"twitter:data1\" content=\"1 minuto\" \/>\n<script type=\"application\/ld+json\" class=\"yoast-schema-graph\">{\"@context\":\"https:\\\/\\\/schema.org\",\"@graph\":[{\"@type\":\"Article\",\"@id\":\"https:\\\/\\\/fmgente.com.ar\\\/web\\\/peluquero-detenido-por-comercializar-drogas-en-vicuna-mackenna\\\/#article\",\"isPartOf\":{\"@id\":\"https:\\\/\\\/fmgente.com.ar\\\/web\\\/peluquero-detenido-por-comercializar-drogas-en-vicuna-mackenna\\\/\"},\"author\":{\"name\":\"\",\"@id\":\"\"},\"headline\":\"PELUQUERO DETENIDO POR COMERCIALIZAR DROGAS EN VICU\u00d1A MACKENNA\",\"datePublished\":\"2026-03-15T09:05:03+00:00\",\"mainEntityOfPage\":{\"@id\":\"https:\\\/\\\/fmgente.com.ar\\\/web\\\/peluquero-detenido-por-comercializar-drogas-en-vicuna-mackenna\\\/\"},\"wordCount\":183,\"publisher\":{\"@id\":\"https:\\\/\\\/fmgente.com.ar\\\/web\\\/#organization\"},\"image\":{\"@id\":\"https:\\\/\\\/fmgente.com.ar\\\/web\\\/peluquero-detenido-por-comercializar-drogas-en-vicuna-mackenna\\\/#primaryimage\"},\"thumbnailUrl\":\"https:\\\/\\\/fmgente.com.ar\\\/web\\\/wp-content\\\/uploads\\\/2026\\\/03\\\/WhatsApp-Image-2026-03-14-at-6.53.02-AM.jpeg\",\"articleSection\":[\"POLICIALES\"],\"inLanguage\":\"es\"},{\"@type\":\"WebPage\",\"@id\":\"https:\\\/\\\/fmgente.com.ar\\\/web\\\/peluquero-detenido-por-comercializar-drogas-en-vicuna-mackenna\\\/\",\"url\":\"https:\\\/\\\/fmgente.com.ar\\\/web\\\/peluquero-detenido-por-comercializar-drogas-en-vicuna-mackenna\\\/\",\"name\":\"PELUQUERO DETENIDO POR COMERCIALIZAR DROGAS EN VICU\u00d1A MACKENNA - Fm Gente\",\"isPartOf\":{\"@id\":\"https:\\\/\\\/fmgente.com.ar\\\/web\\\/#website\"},\"primaryImageOfPage\":{\"@id\":\"https:\\\/\\\/fmgente.com.ar\\\/web\\\/peluquero-detenido-por-comercializar-drogas-en-vicuna-mackenna\\\/#primaryimage\"},\"image\":{\"@id\":\"https:\\\/\\\/fmgente.com.ar\\\/web\\\/peluquero-detenido-por-comercializar-drogas-en-vicuna-mackenna\\\/#primaryimage\"},\"thumbnailUrl\":\"https:\\\/\\\/fmgente.com.ar\\\/web\\\/wp-content\\\/uploads\\\/2026\\\/03\\\/WhatsApp-Image-2026-03-14-at-6.53.02-AM.jpeg\",\"datePublished\":\"2026-03-15T09:05:03+00:00\",\"inLanguage\":\"es\",\"potentialAction\":[{\"@type\":\"ReadAction\",\"target\":[\"https:\\\/\\\/fmgente.com.ar\\\/web\\\/peluquero-detenido-por-comercializar-drogas-en-vicuna-mackenna\\\/\"]}]},{\"@type\":\"ImageObject\",\"inLanguage\":\"es\",\"@id\":\"https:\\\/\\\/fmgente.com.ar\\\/web\\\/peluquero-detenido-por-comercializar-drogas-en-vicuna-mackenna\\\/#primaryimage\",\"url\":\"https:\\\/\\\/fmgente.com.ar\\\/web\\\/wp-content\\\/uploads\\\/2026\\\/03\\\/WhatsApp-Image-2026-03-14-at-6.53.02-AM.jpeg\",\"contentUrl\":\"https:\\\/\\\/fmgente.com.ar\\\/web\\\/wp-content\\\/uploads\\\/2026\\\/03\\\/WhatsApp-Image-2026-03-14-at-6.53.02-AM.jpeg\",\"width\":960,\"height\":1280},{\"@type\":\"WebSite\",\"@id\":\"https:\\\/\\\/fmgente.com.ar\\\/web\\\/#website\",\"url\":\"https:\\\/\\\/fmgente.com.ar\\\/web\\\/\",\"name\":\"Fm Gente\",\"description\":\"- Jes\u00fas Mar\u00eda\",\"publisher\":{\"@id\":\"https:\\\/\\\/fmgente.com.ar\\\/web\\\/#organization\"},\"potentialAction\":[{\"@type\":\"SearchAction\",\"target\":{\"@type\":\"EntryPoint\",\"urlTemplate\":\"https:\\\/\\\/fmgente.com.ar\\\/web\\\/?s={search_term_string}\"},\"query-input\":{\"@type\":\"PropertyValueSpecification\",\"valueRequired\":true,\"valueName\":\"search_term_string\"}}],\"inLanguage\":\"es\"},{\"@type\":\"Organization\",\"@id\":\"https:\\\/\\\/fmgente.com.ar\\\/web\\\/#organization\",\"name\":\"Fm Gente\",\"url\":\"https:\\\/\\\/fmgente.com.ar\\\/web\\\/\",\"logo\":{\"@type\":\"ImageObject\",\"inLanguage\":\"es\",\"@id\":\"https:\\\/\\\/fmgente.com.ar\\\/web\\\/#\\\/schema\\\/logo\\\/image\\\/\",\"url\":\"https:\\\/\\\/fmgente.com.ar\\\/web\\\/wp-content\\\/uploads\\\/2023\\\/07\\\/cropped-cropped-logo-sombra2.png\",\"contentUrl\":\"https:\\\/\\\/fmgente.com.ar\\\/web\\\/wp-content\\\/uploads\\\/2023\\\/07\\\/cropped-cropped-logo-sombra2.png\",\"width\":1782,\"height\":1782,\"caption\":\"Fm Gente\"},\"image\":{\"@id\":\"https:\\\/\\\/fmgente.com.ar\\\/web\\\/#\\\/schema\\\/logo\\\/image\\\/\"}}]}<\/script>\n<!-- \/ Yoast SEO plugin. -->","yoast_head_json":{"title":"PELUQUERO DETENIDO POR COMERCIALIZAR DROGAS EN VICU\u00d1A MACKENNA - Fm Gente","robots":{"index":"index","follow":"follow","max-snippet":"max-snippet:-1","max-image-preview":"max-image-preview:large","max-video-preview":"max-video-preview:-1"},"canonical":"https:\/\/fmgente.com.ar\/web\/peluquero-detenido-por-comercializar-drogas-en-vicuna-mackenna\/","og_locale":"es_ES","og_type":"article","og_title":"PELUQUERO DETENIDO POR COMERCIALIZAR DROGAS EN VICU\u00d1A MACKENNA - Fm Gente","og_description":"Tras varios meses de investigaciones, efectivos de la Fuerza Policial Antinarcotr\u00e1fico detuvieron a un sujeto","og_url":"https:\/\/fmgente.com.ar\/web\/peluquero-detenido-por-comercializar-drogas-en-vicuna-mackenna\/","og_site_name":"Fm Gente","article_published_time":"2026-03-15T09:05:03+00:00","twitter_card":"summary_large_image","twitter_misc":{"Tiempo de lectura":"1 minuto"},"schema":{"@context":"https:\/\/schema.org","@graph":[{"@type":"Article","@id":"https:\/\/fmgente.com.ar\/web\/peluquero-detenido-por-comercializar-drogas-en-vicuna-mackenna\/#article","isPartOf":{"@id":"https:\/\/fmgente.com.ar\/web\/peluquero-detenido-por-comercializar-drogas-en-vicuna-mackenna\/"},"author":{"name":"","@id":""},"headline":"PELUQUERO DETENIDO POR COMERCIALIZAR DROGAS EN VICU\u00d1A MACKENNA","datePublished":"2026-03-15T09:05:03+00:00","mainEntityOfPage":{"@id":"https:\/\/fmgente.com.ar\/web\/peluquero-detenido-por-comercializar-drogas-en-vicuna-mackenna\/"},"wordCount":183,"publisher":{"@id":"https:\/\/fmgente.com.ar\/web\/#organization"},"image":{"@id":"https:\/\/fmgente.com.ar\/web\/peluquero-detenido-por-comercializar-drogas-en-vicuna-mackenna\/#primaryimage"},"thumbnailUrl":"https:\/\/fmgente.com.ar\/web\/wp-content\/uploads\/2026\/03\/WhatsApp-Image-2026-03-14-at-6.53.02-AM.jpeg","articleSection":["POLICIALES"],"inLanguage":"es"},{"@type":"WebPage","@id":"https:\/\/fmgente.com.ar\/web\/peluquero-detenido-por-comercializar-drogas-en-vicuna-mackenna\/","url":"https:\/\/fmgente.com.ar\/web\/peluquero-detenido-por-comercializar-drogas-en-vicuna-mackenna\/","name":"PELUQUERO DETENIDO POR COMERCIALIZAR DROGAS EN VICU\u00d1A MACKENNA - Fm Gente","isPartOf":{"@id":"https:\/\/fmgente.com.ar\/web\/#website"},"primaryImageOfPage":{"@id":"https:\/\/fmgente.com.ar\/web\/peluquero-detenido-por-comercializar-drogas-en-vicuna-mackenna\/#primaryimage"},"image":{"@id":"https:\/\/fmgente.com.ar\/web\/peluquero-detenido-por-comercializar-drogas-en-vicuna-mackenna\/#primaryimage"},"thumbnailUrl":"https:\/\/fmgente.com.ar\/web\/wp-content\/uploads\/2026\/03\/WhatsApp-Image-2026-03-14-at-6.53.02-AM.jpeg","datePublished":"2026-03-15T09:05:03+00:00","inLanguage":"es","potentialAction":[{"@type":"ReadAction","target":["https:\/\/fmgente.com.ar\/web\/peluquero-detenido-por-comercializar-drogas-en-vicuna-mackenna\/"]}]},{"@type":"ImageObject","inLanguage":"es","@id":"https:\/\/fmgente.com.ar\/web\/peluquero-detenido-por-comercializar-drogas-en-vicuna-mackenna\/#primaryimage","url":"https:\/\/fmgente.com.ar\/web\/wp-content\/uploads\/2026\/03\/WhatsApp-Image-2026-03-14-at-6.53.02-AM.jpeg","contentUrl":"https:\/\/fmgente.com.ar\/web\/wp-content\/uploads\/2026\/03\/WhatsApp-Image-2026-03-14-at-6.53.02-AM.jpeg","width":960,"height":1280},{"@type":"WebSite","@id":"https:\/\/fmgente.com.ar\/web\/#website","url":"https:\/\/fmgente.com.ar\/web\/","name":"Fm Gente","description":"- Jes\u00fas Mar\u00eda","publisher":{"@id":"https:\/\/fmgente.com.ar\/web\/#organization"},"potentialAction":[{"@type":"SearchAction","target":{"@type":"EntryPoint","urlTemplate":"https:\/\/fmgente.com.ar\/web\/?s={search_term_string}"},"query-input":{"@type":"PropertyValueSpecification","valueRequired":true,"valueName":"search_term_string"}}],"inLanguage":"es"},{"@type":"Organization","@id":"https:\/\/fmgente.com.ar\/web\/#organization","name":"Fm Gente","url":"https:\/\/fmgente.com.ar\/web\/","logo":{"@type":"ImageObject","inLanguage":"es","@id":"https:\/\/fmgente.com.ar\/web\/#\/schema\/logo\/image\/","url":"https:\/\/fmgente.com.ar\/web\/wp-content\/uploads\/2023\/07\/cropped-cropped-logo-sombra2.png","contentUrl":"https:\/\/fmgente.com.ar\/web\/wp-content\/uploads\/2023\/07\/cropped-cropped-logo-sombra2.png","width":1782,"height":1782,"caption":"Fm Gente"},"image":{"@id":"https:\/\/fmgente.com.ar\/web\/#\/schema\/logo\/image\/"}}]}},"_links":{"self":[{"href":"https:\/\/fmgente.com.ar\/web\/wp-json\/wp\/v2\/posts\/15321","targetHints":{"allow":["GET"]}}],"collection":[{"href":"https:\/\/fmgente.com.ar\/web\/wp-json\/wp\/v2\/posts"}],"about":[{"href":"https:\/\/fmgente.com.ar\/web\/wp-json\/wp\/v2\/types\/post"}],"replies":[{"embeddable":true,"href":"https:\/\/fmgente.com.ar\/web\/wp-json\/wp\/v2\/comments?post=15321"}],"version-history":[{"count":0,"href":"https:\/\/fmgente.com.ar\/web\/wp-json\/wp\/v2\/posts\/15321\/revisions"}],"wp:featuredmedia":[{"embeddable":true,"href":"https:\/\/fmgente.com.ar\/web\/wp-json\/wp\/v2\/media\/15322"}],"wp:attachment":[{"href":"https:\/\/fmgente.com.ar\/web\/wp-json\/wp\/v2\/media?parent=15321"}],"wp:term":[{"taxonomy":"category","embeddable":true,"href":"https:\/\/fmgente.com.ar\/web\/wp-json\/wp\/v2\/categories?post=15321"},{"taxonomy":"post_tag","embeddable":true,"href":"https:\/\/fmgente.com.ar\/web\/wp-json\/wp\/v2\/tags?post=15321"}],"curies":[{"name":"wp","href":"https:\/\/api.w.org\/{rel}","templated":true}]}}