{"id":15319,"date":"2026-03-15T06:05:00","date_gmt":"2026-03-15T09:05:00","guid":{"rendered":"https:\/\/fmgente.com.ar\/web\/fpa-desmantelo-una-organizacion-narco-en-san-jose-de-la-dormida-tres-detenidos\/"},"modified":"2026-03-15T06:05:00","modified_gmt":"2026-03-15T09:05:00","slug":"fpa-desmantelo-una-organizacion-narco-en-san-jose-de-la-dormida-tres-detenidos","status":"publish","type":"post","link":"https:\/\/fmgente.com.ar\/web\/fpa-desmantelo-una-organizacion-narco-en-san-jose-de-la-dormida-tres-detenidos\/","title":{"rendered":"FPA DESMANTEL\u00d3 UNA ORGANIZACI\u00d3N NARCO EN SAN JOS\u00c9 DE LA DORMIDA. TRES DETENIDOS"},"content":{"rendered":"<p>Con un a\u00f1o de intensas investigaciones, oficiales de la Fuerza Policial Antinarcotr\u00e1fico lograron desbaratar una organizaci\u00f3n narco compuesta por tres personas mayores de edad (dos mujeres y un hombre), cerrar tres puntos de venta y secuestrar estupefacientes en la localidad de San Jos\u00e9 de la Dormida.<\/p>\n<p>Los allanamientos, dirigidos por el Ministerio P\u00fablico Fiscal, fueron llevados a cabo sobre calles Pedro Ju\u00e1rez y P\u00fablica s\/n de barrio Norte.<\/p>\n<p>En las viviendas allanadas, con intensa b\u00fasqueda de los investigadores de la FPA, se incautaron plantas de cannabis sativa, dinero, una motocicleta y diferentes elementos aparentemente de fraccionamiento de sustancias il\u00edcitas.<\/p>\n<p>Para destacar, los aprehendidos eran familiares entre s\u00ed (hermanos y un cu\u00f1ado) y el principal investigado ten\u00eda antecedentes por venta de drogas. Adem\u00e1s, todos utilizaban la modalidad de delivery en los distintos sectores de la localidad.<\/p>\n<p>Las autoridades de la Fiscal\u00eda de Lucha contra el Narcotr\u00e1fico de De\u00e1n Funes ordenaron la remisi\u00f3n de lo secuestrado y el traslado de los detenidos a sede judicial por infracci\u00f3n a la Ley Nacional de Estupefacientes.<\/p>\n<p><img loading=\"lazy\" decoding=\"async\" class=\"alignnone wp-image-55719\" src=\"https:\/\/www.mpfcordoba.gob.ar\/wp-content\/uploads\/2026\/03\/WhatsApp-Image-2026-03-13-at-10.44.51-PM.jpeg\" alt=\"\" width=\"550\" height=\"414\" \/><\/p>\n<p><img loading=\"lazy\" decoding=\"async\" class=\"alignnone wp-image-55720\" src=\"https:\/\/www.mpfcordoba.gob.ar\/wp-content\/uploads\/2026\/03\/WhatsApp-Image-2026-03-13-at-10.44.50-PM.jpeg\" alt=\"\" width=\"550\" height=\"414\" \/><\/p>\n<p><img decoding=\"async\" loading=\"lazy\" class=\"alignnone wp-image-55721\" src=\"https:\/\/www.mpfcordoba.gob.ar\/wp-content\/uploads\/2026\/03\/WhatsApp-Image-2026-03-14-at-12.06.08-PM.jpeg\" alt=\"\" width=\"550\" height=\"733\" \/><\/p>\n<p><img decoding=\"async\" loading=\"lazy\" class=\"alignnone wp-image-55722\" src=\"https:\/\/www.mpfcordoba.gob.ar\/wp-content\/uploads\/2026\/03\/WhatsApp-Image-2026-03-14-at-12.06.07-PM.jpeg\" alt=\"\" width=\"550\" height=\"733\" \/><\/p>\n","protected":false},"excerpt":{"rendered":"<p>Con un a\u00f1o de intensas investigaciones, oficiales de la Fuerza Policial Antinarcotr\u00e1fico lograron desbaratar una<\/p>\n","protected":false},"author":0,"featured_media":15320,"comment_status":"","ping_status":"","sticky":false,"template":"","format":"standard","meta":{"footnotes":""},"categories":[1794],"tags":[],"class_list":["post-15319","post","type-post","status-publish","format-standard","has-post-thumbnail","hentry","category-policiales"],"yoast_head":"<!-- This site is optimized with the Yoast SEO plugin v27.4 - https:\/\/yoast.com\/product\/yoast-seo-wordpress\/ -->\n<title>FPA DESMANTEL\u00d3 UNA ORGANIZACI\u00d3N NARCO EN SAN JOS\u00c9 DE LA DORMIDA. TRES DETENIDOS - Fm Gente<\/title>\n<meta name=\"robots\" content=\"index, follow, max-snippet:-1, max-image-preview:large, max-video-preview:-1\" \/>\n<link rel=\"canonical\" href=\"https:\/\/fmgente.com.ar\/web\/fpa-desmantelo-una-organizacion-narco-en-san-jose-de-la-dormida-tres-detenidos\/\" \/>\n<meta property=\"og:locale\" content=\"es_ES\" \/>\n<meta property=\"og:type\" content=\"article\" \/>\n<meta property=\"og:title\" content=\"FPA DESMANTEL\u00d3 UNA ORGANIZACI\u00d3N NARCO EN SAN JOS\u00c9 DE LA DORMIDA. TRES DETENIDOS - Fm Gente\" \/>\n<meta property=\"og:description\" content=\"Con un a\u00f1o de intensas investigaciones, oficiales de la Fuerza Policial Antinarcotr\u00e1fico lograron desbaratar una\" \/>\n<meta property=\"og:url\" content=\"https:\/\/fmgente.com.ar\/web\/fpa-desmantelo-una-organizacion-narco-en-san-jose-de-la-dormida-tres-detenidos\/\" \/>\n<meta property=\"og:site_name\" content=\"Fm Gente\" \/>\n<meta property=\"article:published_time\" content=\"2026-03-15T09:05:00+00:00\" \/>\n<meta name=\"twitter:card\" content=\"summary_large_image\" \/>\n<meta name=\"twitter:label1\" content=\"Tiempo de lectura\" \/>\n\t<meta name=\"twitter:data1\" content=\"1 minuto\" \/>\n<script type=\"application\/ld+json\" class=\"yoast-schema-graph\">{\"@context\":\"https:\\\/\\\/schema.org\",\"@graph\":[{\"@type\":\"Article\",\"@id\":\"https:\\\/\\\/fmgente.com.ar\\\/web\\\/fpa-desmantelo-una-organizacion-narco-en-san-jose-de-la-dormida-tres-detenidos\\\/#article\",\"isPartOf\":{\"@id\":\"https:\\\/\\\/fmgente.com.ar\\\/web\\\/fpa-desmantelo-una-organizacion-narco-en-san-jose-de-la-dormida-tres-detenidos\\\/\"},\"author\":{\"name\":\"\",\"@id\":\"\"},\"headline\":\"FPA DESMANTEL\u00d3 UNA ORGANIZACI\u00d3N NARCO EN SAN JOS\u00c9 DE LA DORMIDA. TRES DETENIDOS\",\"datePublished\":\"2026-03-15T09:05:00+00:00\",\"mainEntityOfPage\":{\"@id\":\"https:\\\/\\\/fmgente.com.ar\\\/web\\\/fpa-desmantelo-una-organizacion-narco-en-san-jose-de-la-dormida-tres-detenidos\\\/\"},\"wordCount\":202,\"publisher\":{\"@id\":\"https:\\\/\\\/fmgente.com.ar\\\/web\\\/#organization\"},\"image\":{\"@id\":\"https:\\\/\\\/fmgente.com.ar\\\/web\\\/fpa-desmantelo-una-organizacion-narco-en-san-jose-de-la-dormida-tres-detenidos\\\/#primaryimage\"},\"thumbnailUrl\":\"https:\\\/\\\/fmgente.com.ar\\\/web\\\/wp-content\\\/uploads\\\/2026\\\/03\\\/WhatsApp-Image-2026-03-13-at-10.44.51-PM.jpeg\",\"articleSection\":[\"POLICIALES\"],\"inLanguage\":\"es\"},{\"@type\":\"WebPage\",\"@id\":\"https:\\\/\\\/fmgente.com.ar\\\/web\\\/fpa-desmantelo-una-organizacion-narco-en-san-jose-de-la-dormida-tres-detenidos\\\/\",\"url\":\"https:\\\/\\\/fmgente.com.ar\\\/web\\\/fpa-desmantelo-una-organizacion-narco-en-san-jose-de-la-dormida-tres-detenidos\\\/\",\"name\":\"FPA DESMANTEL\u00d3 UNA ORGANIZACI\u00d3N NARCO EN SAN JOS\u00c9 DE LA DORMIDA. TRES DETENIDOS - Fm Gente\",\"isPartOf\":{\"@id\":\"https:\\\/\\\/fmgente.com.ar\\\/web\\\/#website\"},\"primaryImageOfPage\":{\"@id\":\"https:\\\/\\\/fmgente.com.ar\\\/web\\\/fpa-desmantelo-una-organizacion-narco-en-san-jose-de-la-dormida-tres-detenidos\\\/#primaryimage\"},\"image\":{\"@id\":\"https:\\\/\\\/fmgente.com.ar\\\/web\\\/fpa-desmantelo-una-organizacion-narco-en-san-jose-de-la-dormida-tres-detenidos\\\/#primaryimage\"},\"thumbnailUrl\":\"https:\\\/\\\/fmgente.com.ar\\\/web\\\/wp-content\\\/uploads\\\/2026\\\/03\\\/WhatsApp-Image-2026-03-13-at-10.44.51-PM.jpeg\",\"datePublished\":\"2026-03-15T09:05:00+00:00\",\"inLanguage\":\"es\",\"potentialAction\":[{\"@type\":\"ReadAction\",\"target\":[\"https:\\\/\\\/fmgente.com.ar\\\/web\\\/fpa-desmantelo-una-organizacion-narco-en-san-jose-de-la-dormida-tres-detenidos\\\/\"]}]},{\"@type\":\"ImageObject\",\"inLanguage\":\"es\",\"@id\":\"https:\\\/\\\/fmgente.com.ar\\\/web\\\/fpa-desmantelo-una-organizacion-narco-en-san-jose-de-la-dormida-tres-detenidos\\\/#primaryimage\",\"url\":\"https:\\\/\\\/fmgente.com.ar\\\/web\\\/wp-content\\\/uploads\\\/2026\\\/03\\\/WhatsApp-Image-2026-03-13-at-10.44.51-PM.jpeg\",\"contentUrl\":\"https:\\\/\\\/fmgente.com.ar\\\/web\\\/wp-content\\\/uploads\\\/2026\\\/03\\\/WhatsApp-Image-2026-03-13-at-10.44.51-PM.jpeg\",\"width\":1600,\"height\":1204},{\"@type\":\"WebSite\",\"@id\":\"https:\\\/\\\/fmgente.com.ar\\\/web\\\/#website\",\"url\":\"https:\\\/\\\/fmgente.com.ar\\\/web\\\/\",\"name\":\"Fm Gente\",\"description\":\"- Jes\u00fas Mar\u00eda\",\"publisher\":{\"@id\":\"https:\\\/\\\/fmgente.com.ar\\\/web\\\/#organization\"},\"potentialAction\":[{\"@type\":\"SearchAction\",\"target\":{\"@type\":\"EntryPoint\",\"urlTemplate\":\"https:\\\/\\\/fmgente.com.ar\\\/web\\\/?s={search_term_string}\"},\"query-input\":{\"@type\":\"PropertyValueSpecification\",\"valueRequired\":true,\"valueName\":\"search_term_string\"}}],\"inLanguage\":\"es\"},{\"@type\":\"Organization\",\"@id\":\"https:\\\/\\\/fmgente.com.ar\\\/web\\\/#organization\",\"name\":\"Fm Gente\",\"url\":\"https:\\\/\\\/fmgente.com.ar\\\/web\\\/\",\"logo\":{\"@type\":\"ImageObject\",\"inLanguage\":\"es\",\"@id\":\"https:\\\/\\\/fmgente.com.ar\\\/web\\\/#\\\/schema\\\/logo\\\/image\\\/\",\"url\":\"https:\\\/\\\/fmgente.com.ar\\\/web\\\/wp-content\\\/uploads\\\/2023\\\/07\\\/cropped-cropped-logo-sombra2.png\",\"contentUrl\":\"https:\\\/\\\/fmgente.com.ar\\\/web\\\/wp-content\\\/uploads\\\/2023\\\/07\\\/cropped-cropped-logo-sombra2.png\",\"width\":1782,\"height\":1782,\"caption\":\"Fm Gente\"},\"image\":{\"@id\":\"https:\\\/\\\/fmgente.com.ar\\\/web\\\/#\\\/schema\\\/logo\\\/image\\\/\"}}]}<\/script>\n<!-- \/ Yoast SEO plugin. -->","yoast_head_json":{"title":"FPA DESMANTEL\u00d3 UNA ORGANIZACI\u00d3N NARCO EN SAN JOS\u00c9 DE LA DORMIDA. TRES DETENIDOS - Fm Gente","robots":{"index":"index","follow":"follow","max-snippet":"max-snippet:-1","max-image-preview":"max-image-preview:large","max-video-preview":"max-video-preview:-1"},"canonical":"https:\/\/fmgente.com.ar\/web\/fpa-desmantelo-una-organizacion-narco-en-san-jose-de-la-dormida-tres-detenidos\/","og_locale":"es_ES","og_type":"article","og_title":"FPA DESMANTEL\u00d3 UNA ORGANIZACI\u00d3N NARCO EN SAN JOS\u00c9 DE LA DORMIDA. TRES DETENIDOS - Fm Gente","og_description":"Con un a\u00f1o de intensas investigaciones, oficiales de la Fuerza Policial Antinarcotr\u00e1fico lograron desbaratar una","og_url":"https:\/\/fmgente.com.ar\/web\/fpa-desmantelo-una-organizacion-narco-en-san-jose-de-la-dormida-tres-detenidos\/","og_site_name":"Fm Gente","article_published_time":"2026-03-15T09:05:00+00:00","twitter_card":"summary_large_image","twitter_misc":{"Tiempo de lectura":"1 minuto"},"schema":{"@context":"https:\/\/schema.org","@graph":[{"@type":"Article","@id":"https:\/\/fmgente.com.ar\/web\/fpa-desmantelo-una-organizacion-narco-en-san-jose-de-la-dormida-tres-detenidos\/#article","isPartOf":{"@id":"https:\/\/fmgente.com.ar\/web\/fpa-desmantelo-una-organizacion-narco-en-san-jose-de-la-dormida-tres-detenidos\/"},"author":{"name":"","@id":""},"headline":"FPA DESMANTEL\u00d3 UNA ORGANIZACI\u00d3N NARCO EN SAN JOS\u00c9 DE LA DORMIDA. TRES DETENIDOS","datePublished":"2026-03-15T09:05:00+00:00","mainEntityOfPage":{"@id":"https:\/\/fmgente.com.ar\/web\/fpa-desmantelo-una-organizacion-narco-en-san-jose-de-la-dormida-tres-detenidos\/"},"wordCount":202,"publisher":{"@id":"https:\/\/fmgente.com.ar\/web\/#organization"},"image":{"@id":"https:\/\/fmgente.com.ar\/web\/fpa-desmantelo-una-organizacion-narco-en-san-jose-de-la-dormida-tres-detenidos\/#primaryimage"},"thumbnailUrl":"https:\/\/fmgente.com.ar\/web\/wp-content\/uploads\/2026\/03\/WhatsApp-Image-2026-03-13-at-10.44.51-PM.jpeg","articleSection":["POLICIALES"],"inLanguage":"es"},{"@type":"WebPage","@id":"https:\/\/fmgente.com.ar\/web\/fpa-desmantelo-una-organizacion-narco-en-san-jose-de-la-dormida-tres-detenidos\/","url":"https:\/\/fmgente.com.ar\/web\/fpa-desmantelo-una-organizacion-narco-en-san-jose-de-la-dormida-tres-detenidos\/","name":"FPA DESMANTEL\u00d3 UNA ORGANIZACI\u00d3N NARCO EN SAN JOS\u00c9 DE LA DORMIDA. TRES DETENIDOS - Fm Gente","isPartOf":{"@id":"https:\/\/fmgente.com.ar\/web\/#website"},"primaryImageOfPage":{"@id":"https:\/\/fmgente.com.ar\/web\/fpa-desmantelo-una-organizacion-narco-en-san-jose-de-la-dormida-tres-detenidos\/#primaryimage"},"image":{"@id":"https:\/\/fmgente.com.ar\/web\/fpa-desmantelo-una-organizacion-narco-en-san-jose-de-la-dormida-tres-detenidos\/#primaryimage"},"thumbnailUrl":"https:\/\/fmgente.com.ar\/web\/wp-content\/uploads\/2026\/03\/WhatsApp-Image-2026-03-13-at-10.44.51-PM.jpeg","datePublished":"2026-03-15T09:05:00+00:00","inLanguage":"es","potentialAction":[{"@type":"ReadAction","target":["https:\/\/fmgente.com.ar\/web\/fpa-desmantelo-una-organizacion-narco-en-san-jose-de-la-dormida-tres-detenidos\/"]}]},{"@type":"ImageObject","inLanguage":"es","@id":"https:\/\/fmgente.com.ar\/web\/fpa-desmantelo-una-organizacion-narco-en-san-jose-de-la-dormida-tres-detenidos\/#primaryimage","url":"https:\/\/fmgente.com.ar\/web\/wp-content\/uploads\/2026\/03\/WhatsApp-Image-2026-03-13-at-10.44.51-PM.jpeg","contentUrl":"https:\/\/fmgente.com.ar\/web\/wp-content\/uploads\/2026\/03\/WhatsApp-Image-2026-03-13-at-10.44.51-PM.jpeg","width":1600,"height":1204},{"@type":"WebSite","@id":"https:\/\/fmgente.com.ar\/web\/#website","url":"https:\/\/fmgente.com.ar\/web\/","name":"Fm Gente","description":"- Jes\u00fas Mar\u00eda","publisher":{"@id":"https:\/\/fmgente.com.ar\/web\/#organization"},"potentialAction":[{"@type":"SearchAction","target":{"@type":"EntryPoint","urlTemplate":"https:\/\/fmgente.com.ar\/web\/?s={search_term_string}"},"query-input":{"@type":"PropertyValueSpecification","valueRequired":true,"valueName":"search_term_string"}}],"inLanguage":"es"},{"@type":"Organization","@id":"https:\/\/fmgente.com.ar\/web\/#organization","name":"Fm Gente","url":"https:\/\/fmgente.com.ar\/web\/","logo":{"@type":"ImageObject","inLanguage":"es","@id":"https:\/\/fmgente.com.ar\/web\/#\/schema\/logo\/image\/","url":"https:\/\/fmgente.com.ar\/web\/wp-content\/uploads\/2023\/07\/cropped-cropped-logo-sombra2.png","contentUrl":"https:\/\/fmgente.com.ar\/web\/wp-content\/uploads\/2023\/07\/cropped-cropped-logo-sombra2.png","width":1782,"height":1782,"caption":"Fm Gente"},"image":{"@id":"https:\/\/fmgente.com.ar\/web\/#\/schema\/logo\/image\/"}}]}},"_links":{"self":[{"href":"https:\/\/fmgente.com.ar\/web\/wp-json\/wp\/v2\/posts\/15319","targetHints":{"allow":["GET"]}}],"collection":[{"href":"https:\/\/fmgente.com.ar\/web\/wp-json\/wp\/v2\/posts"}],"about":[{"href":"https:\/\/fmgente.com.ar\/web\/wp-json\/wp\/v2\/types\/post"}],"replies":[{"embeddable":true,"href":"https:\/\/fmgente.com.ar\/web\/wp-json\/wp\/v2\/comments?post=15319"}],"version-history":[{"count":0,"href":"https:\/\/fmgente.com.ar\/web\/wp-json\/wp\/v2\/posts\/15319\/revisions"}],"wp:featuredmedia":[{"embeddable":true,"href":"https:\/\/fmgente.com.ar\/web\/wp-json\/wp\/v2\/media\/15320"}],"wp:attachment":[{"href":"https:\/\/fmgente.com.ar\/web\/wp-json\/wp\/v2\/media?parent=15319"}],"wp:term":[{"taxonomy":"category","embeddable":true,"href":"https:\/\/fmgente.com.ar\/web\/wp-json\/wp\/v2\/categories?post=15319"},{"taxonomy":"post_tag","embeddable":true,"href":"https:\/\/fmgente.com.ar\/web\/wp-json\/wp\/v2\/tags?post=15319"}],"curies":[{"name":"wp","href":"https:\/\/api.w.org\/{rel}","templated":true}]}}