{"id":15313,"date":"2026-03-15T06:04:57","date_gmt":"2026-03-15T09:04:57","guid":{"rendered":"https:\/\/fmgente.com.ar\/web\/colapinto-termino-decimo-en-el-gp-de-china-y-volvio-a-sumar-puntos-en-la-formula-1-tras-mas-de-un-ano\/"},"modified":"2026-03-15T06:04:57","modified_gmt":"2026-03-15T09:04:57","slug":"colapinto-termino-decimo-en-el-gp-de-china-y-volvio-a-sumar-puntos-en-la-formula-1-tras-mas-de-un-ano","status":"publish","type":"post","link":"https:\/\/fmgente.com.ar\/web\/colapinto-termino-decimo-en-el-gp-de-china-y-volvio-a-sumar-puntos-en-la-formula-1-tras-mas-de-un-ano\/","title":{"rendered":"Colapinto termin\u00f3 d\u00e9cimo en el GP de China y volvi\u00f3 a sumar puntos en la F\u00f3rmula 1 tras m\u00e1s de un a\u00f1o"},"content":{"rendered":"<p>Buenos Aires, 15 marzo (NA) \u2013 El piloto argentino Franco Colapinto (Alpine) protagoniz\u00f3 una muy buena actuaci\u00f3n para finalizar d\u00e9cimo y sumar un punto en el Gran Premio de China, que tuvo como ganador al italiano Andrea Kimi Antonelli (Mercedes).<\/p>\n<p>El podio lo completaron los brit\u00e1nicos George Russell (Mercedes) y Lewis Hamilton (Ferrari).<\/p>\n<p>Colapinto, que hab\u00eda clasificado 12\u00b0, larg\u00f3 en el 10\u00b0 puesto debido a la baja por problemas mec\u00e1nicos de los McLaren del brit\u00e1nico Lando Norris y del australiano Oscar Piastri.<\/p>\n<p>Desde un principio el argentino demostr\u00f3 que estaba m\u00e1s que inspirado, ya que en la largada pas\u00f3 a dos oponentes y antes del final de la primera vuelta ya estaba sexto pese a haber largado con neum\u00e1ticos duros.<\/p>\n<p>En las primeras vueltas hubo un safety car, por lo que varios oponentes pararon en boxes y Colapinto escal\u00f3 hasta la segunda posici\u00f3n, ya que decidi\u00f3 apostar a estirar el cambio de neum\u00e1ticos.<\/p>\n<p>A partir de all\u00ed, el argentino solo fue superado por rivales con mejores autos y neum\u00e1ticos, mientras que protagoniz\u00f3 una impresionante defensa ante el franc\u00e9s Esteban Ocon (Haas).<\/p>\n<p>Sin embargo, hubo un momento de gran suspenso, debido a que Colapinto par\u00f3 en boxes en la vuelta 33 y mientras sal\u00eda fue chocado de manera ins\u00f3lita por Ocon, quien lo quiso superar en un sector donde no ten\u00eda espacio.<\/p>\n<p>Por suerte para el argentino, el choque solo se limit\u00f3 a un trompo, aunque no present\u00f3 problemas en su monoplaza y pudo recuperarse de gran manera para terminar escalando hasta la d\u00e9cima posici\u00f3n.<\/p>\n<p>Esta fue la primera vez que Colapinto sum\u00f3 puntos en la F\u00f3rmula 1 desde el Gran Premio de Estados Unidos 2024, que se llev\u00f3 a cabo en el Circuito de las Am\u00e9ricas de la ciudad de Austin.<\/p>\n<p>TRIUNFO HIST\u00d3RICO PARA ANTONELLI<\/p>\n<p>La victoria en el GP de China qued\u00f3 en manos de Antonelli, quien tuvo una actuaci\u00f3n casi perfecta para convertirse en el segundo piloto m\u00e1s joven en ganar una carrera en la categor\u00eda reina del automovilismo con solo 19 a\u00f1os y seis meses.<\/p>\n<p>El r\u00e9cord sigue en manos del neerland\u00e9s Max Verstappen, que lo hizo con 18 a\u00f1os y siete meses.<\/p>\n<p>El podio lo completaron los brit\u00e1nicos Russell y Hamilton, mientras que los otros pilotos que sumaron puntos fueron el monegasco Charles Leclerc (Ferrari), el brit\u00e1nico Oliver Bearman (Haas), el franc\u00e9s Pierre Gasly (Alpine), el neozeland\u00e9s Liam Lawson (Racing Bulls), el franc\u00e9s Isack Hadjar (Red Bull), el espa\u00f1ol Carlos Sainz Jr. (Williams) y Colapinto.<\/p>\n<p>Luego del GP de China, el l\u00edder del campeonato sigue siendo Russell con 51 puntos, aunque Antonelli recort\u00f3 una interesante distancia y se puso a solo cuatro unidades.<\/p>\n<p>Seg\u00fan supo la Agencia Noticias Argentinas, la pr\u00f3xima fecha en el campeonato de F\u00f3rmula 1 ser\u00e1 dentro de dos semanas, cuando se lleve a cabo el GP de Jap\u00f3n. <\/p>\n<p>#AgenciaNA<\/p>\n","protected":false},"excerpt":{"rendered":"<p>Buenos Aires, 15 marzo (NA) \u2013 El piloto argentino Franco Colapinto (Alpine) protagoniz\u00f3 una muy<\/p>\n","protected":false},"author":0,"featured_media":15314,"comment_status":"","ping_status":"","sticky":false,"template":"","format":"standard","meta":{"footnotes":""},"categories":[11],"tags":[],"class_list":["post-15313","post","type-post","status-publish","format-standard","has-post-thumbnail","hentry","category-destacadas"],"yoast_head":"<!-- This site is optimized with the Yoast SEO plugin v27.4 - https:\/\/yoast.com\/product\/yoast-seo-wordpress\/ -->\n<title>Colapinto termin\u00f3 d\u00e9cimo en el GP de China y volvi\u00f3 a sumar puntos en la F\u00f3rmula 1 tras m\u00e1s de un a\u00f1o - Fm Gente<\/title>\n<meta name=\"robots\" content=\"index, follow, max-snippet:-1, max-image-preview:large, max-video-preview:-1\" \/>\n<link rel=\"canonical\" href=\"https:\/\/fmgente.com.ar\/web\/colapinto-termino-decimo-en-el-gp-de-china-y-volvio-a-sumar-puntos-en-la-formula-1-tras-mas-de-un-ano\/\" \/>\n<meta property=\"og:locale\" content=\"es_ES\" \/>\n<meta property=\"og:type\" content=\"article\" \/>\n<meta property=\"og:title\" content=\"Colapinto termin\u00f3 d\u00e9cimo en el GP de China y volvi\u00f3 a sumar puntos en la F\u00f3rmula 1 tras m\u00e1s de un a\u00f1o - Fm Gente\" \/>\n<meta property=\"og:description\" content=\"Buenos Aires, 15 marzo (NA) \u2013 El piloto argentino Franco Colapinto (Alpine) protagoniz\u00f3 una muy\" \/>\n<meta property=\"og:url\" content=\"https:\/\/fmgente.com.ar\/web\/colapinto-termino-decimo-en-el-gp-de-china-y-volvio-a-sumar-puntos-en-la-formula-1-tras-mas-de-un-ano\/\" \/>\n<meta property=\"og:site_name\" content=\"Fm Gente\" \/>\n<meta property=\"article:published_time\" content=\"2026-03-15T09:04:57+00:00\" \/>\n<meta name=\"twitter:card\" content=\"summary_large_image\" \/>\n<meta name=\"twitter:label1\" content=\"Tiempo de lectura\" \/>\n\t<meta name=\"twitter:data1\" content=\"2 minutos\" \/>\n<script type=\"application\/ld+json\" class=\"yoast-schema-graph\">{\"@context\":\"https:\\\/\\\/schema.org\",\"@graph\":[{\"@type\":\"Article\",\"@id\":\"https:\\\/\\\/fmgente.com.ar\\\/web\\\/colapinto-termino-decimo-en-el-gp-de-china-y-volvio-a-sumar-puntos-en-la-formula-1-tras-mas-de-un-ano\\\/#article\",\"isPartOf\":{\"@id\":\"https:\\\/\\\/fmgente.com.ar\\\/web\\\/colapinto-termino-decimo-en-el-gp-de-china-y-volvio-a-sumar-puntos-en-la-formula-1-tras-mas-de-un-ano\\\/\"},\"author\":{\"name\":\"\",\"@id\":\"\"},\"headline\":\"Colapinto termin\u00f3 d\u00e9cimo en el GP de China y volvi\u00f3 a sumar puntos en la F\u00f3rmula 1 tras m\u00e1s de un a\u00f1o\",\"datePublished\":\"2026-03-15T09:04:57+00:00\",\"mainEntityOfPage\":{\"@id\":\"https:\\\/\\\/fmgente.com.ar\\\/web\\\/colapinto-termino-decimo-en-el-gp-de-china-y-volvio-a-sumar-puntos-en-la-formula-1-tras-mas-de-un-ano\\\/\"},\"wordCount\":519,\"publisher\":{\"@id\":\"https:\\\/\\\/fmgente.com.ar\\\/web\\\/#organization\"},\"image\":{\"@id\":\"https:\\\/\\\/fmgente.com.ar\\\/web\\\/colapinto-termino-decimo-en-el-gp-de-china-y-volvio-a-sumar-puntos-en-la-formula-1-tras-mas-de-un-ano\\\/#primaryimage\"},\"thumbnailUrl\":\"https:\\\/\\\/fmgente.com.ar\\\/web\\\/wp-content\\\/uploads\\\/2026\\\/03\\\/720-598.jpeg\",\"articleSection\":[\"DESTACADAS\"],\"inLanguage\":\"es\"},{\"@type\":\"WebPage\",\"@id\":\"https:\\\/\\\/fmgente.com.ar\\\/web\\\/colapinto-termino-decimo-en-el-gp-de-china-y-volvio-a-sumar-puntos-en-la-formula-1-tras-mas-de-un-ano\\\/\",\"url\":\"https:\\\/\\\/fmgente.com.ar\\\/web\\\/colapinto-termino-decimo-en-el-gp-de-china-y-volvio-a-sumar-puntos-en-la-formula-1-tras-mas-de-un-ano\\\/\",\"name\":\"Colapinto termin\u00f3 d\u00e9cimo en el GP de China y volvi\u00f3 a sumar puntos en la F\u00f3rmula 1 tras m\u00e1s de un a\u00f1o - Fm Gente\",\"isPartOf\":{\"@id\":\"https:\\\/\\\/fmgente.com.ar\\\/web\\\/#website\"},\"primaryImageOfPage\":{\"@id\":\"https:\\\/\\\/fmgente.com.ar\\\/web\\\/colapinto-termino-decimo-en-el-gp-de-china-y-volvio-a-sumar-puntos-en-la-formula-1-tras-mas-de-un-ano\\\/#primaryimage\"},\"image\":{\"@id\":\"https:\\\/\\\/fmgente.com.ar\\\/web\\\/colapinto-termino-decimo-en-el-gp-de-china-y-volvio-a-sumar-puntos-en-la-formula-1-tras-mas-de-un-ano\\\/#primaryimage\"},\"thumbnailUrl\":\"https:\\\/\\\/fmgente.com.ar\\\/web\\\/wp-content\\\/uploads\\\/2026\\\/03\\\/720-598.jpeg\",\"datePublished\":\"2026-03-15T09:04:57+00:00\",\"inLanguage\":\"es\",\"potentialAction\":[{\"@type\":\"ReadAction\",\"target\":[\"https:\\\/\\\/fmgente.com.ar\\\/web\\\/colapinto-termino-decimo-en-el-gp-de-china-y-volvio-a-sumar-puntos-en-la-formula-1-tras-mas-de-un-ano\\\/\"]}]},{\"@type\":\"ImageObject\",\"inLanguage\":\"es\",\"@id\":\"https:\\\/\\\/fmgente.com.ar\\\/web\\\/colapinto-termino-decimo-en-el-gp-de-china-y-volvio-a-sumar-puntos-en-la-formula-1-tras-mas-de-un-ano\\\/#primaryimage\",\"url\":\"https:\\\/\\\/fmgente.com.ar\\\/web\\\/wp-content\\\/uploads\\\/2026\\\/03\\\/720-598.jpeg\",\"contentUrl\":\"https:\\\/\\\/fmgente.com.ar\\\/web\\\/wp-content\\\/uploads\\\/2026\\\/03\\\/720-598.jpeg\",\"width\":1145,\"height\":720},{\"@type\":\"WebSite\",\"@id\":\"https:\\\/\\\/fmgente.com.ar\\\/web\\\/#website\",\"url\":\"https:\\\/\\\/fmgente.com.ar\\\/web\\\/\",\"name\":\"Fm Gente\",\"description\":\"- Jes\u00fas Mar\u00eda\",\"publisher\":{\"@id\":\"https:\\\/\\\/fmgente.com.ar\\\/web\\\/#organization\"},\"potentialAction\":[{\"@type\":\"SearchAction\",\"target\":{\"@type\":\"EntryPoint\",\"urlTemplate\":\"https:\\\/\\\/fmgente.com.ar\\\/web\\\/?s={search_term_string}\"},\"query-input\":{\"@type\":\"PropertyValueSpecification\",\"valueRequired\":true,\"valueName\":\"search_term_string\"}}],\"inLanguage\":\"es\"},{\"@type\":\"Organization\",\"@id\":\"https:\\\/\\\/fmgente.com.ar\\\/web\\\/#organization\",\"name\":\"Fm Gente\",\"url\":\"https:\\\/\\\/fmgente.com.ar\\\/web\\\/\",\"logo\":{\"@type\":\"ImageObject\",\"inLanguage\":\"es\",\"@id\":\"https:\\\/\\\/fmgente.com.ar\\\/web\\\/#\\\/schema\\\/logo\\\/image\\\/\",\"url\":\"https:\\\/\\\/fmgente.com.ar\\\/web\\\/wp-content\\\/uploads\\\/2023\\\/07\\\/cropped-cropped-logo-sombra2.png\",\"contentUrl\":\"https:\\\/\\\/fmgente.com.ar\\\/web\\\/wp-content\\\/uploads\\\/2023\\\/07\\\/cropped-cropped-logo-sombra2.png\",\"width\":1782,\"height\":1782,\"caption\":\"Fm Gente\"},\"image\":{\"@id\":\"https:\\\/\\\/fmgente.com.ar\\\/web\\\/#\\\/schema\\\/logo\\\/image\\\/\"}}]}<\/script>\n<!-- \/ Yoast SEO plugin. -->","yoast_head_json":{"title":"Colapinto termin\u00f3 d\u00e9cimo en el GP de China y volvi\u00f3 a sumar puntos en la F\u00f3rmula 1 tras m\u00e1s de un a\u00f1o - Fm Gente","robots":{"index":"index","follow":"follow","max-snippet":"max-snippet:-1","max-image-preview":"max-image-preview:large","max-video-preview":"max-video-preview:-1"},"canonical":"https:\/\/fmgente.com.ar\/web\/colapinto-termino-decimo-en-el-gp-de-china-y-volvio-a-sumar-puntos-en-la-formula-1-tras-mas-de-un-ano\/","og_locale":"es_ES","og_type":"article","og_title":"Colapinto termin\u00f3 d\u00e9cimo en el GP de China y volvi\u00f3 a sumar puntos en la F\u00f3rmula 1 tras m\u00e1s de un a\u00f1o - Fm Gente","og_description":"Buenos Aires, 15 marzo (NA) \u2013 El piloto argentino Franco Colapinto (Alpine) protagoniz\u00f3 una muy","og_url":"https:\/\/fmgente.com.ar\/web\/colapinto-termino-decimo-en-el-gp-de-china-y-volvio-a-sumar-puntos-en-la-formula-1-tras-mas-de-un-ano\/","og_site_name":"Fm Gente","article_published_time":"2026-03-15T09:04:57+00:00","twitter_card":"summary_large_image","twitter_misc":{"Tiempo de lectura":"2 minutos"},"schema":{"@context":"https:\/\/schema.org","@graph":[{"@type":"Article","@id":"https:\/\/fmgente.com.ar\/web\/colapinto-termino-decimo-en-el-gp-de-china-y-volvio-a-sumar-puntos-en-la-formula-1-tras-mas-de-un-ano\/#article","isPartOf":{"@id":"https:\/\/fmgente.com.ar\/web\/colapinto-termino-decimo-en-el-gp-de-china-y-volvio-a-sumar-puntos-en-la-formula-1-tras-mas-de-un-ano\/"},"author":{"name":"","@id":""},"headline":"Colapinto termin\u00f3 d\u00e9cimo en el GP de China y volvi\u00f3 a sumar puntos en la F\u00f3rmula 1 tras m\u00e1s de un a\u00f1o","datePublished":"2026-03-15T09:04:57+00:00","mainEntityOfPage":{"@id":"https:\/\/fmgente.com.ar\/web\/colapinto-termino-decimo-en-el-gp-de-china-y-volvio-a-sumar-puntos-en-la-formula-1-tras-mas-de-un-ano\/"},"wordCount":519,"publisher":{"@id":"https:\/\/fmgente.com.ar\/web\/#organization"},"image":{"@id":"https:\/\/fmgente.com.ar\/web\/colapinto-termino-decimo-en-el-gp-de-china-y-volvio-a-sumar-puntos-en-la-formula-1-tras-mas-de-un-ano\/#primaryimage"},"thumbnailUrl":"https:\/\/fmgente.com.ar\/web\/wp-content\/uploads\/2026\/03\/720-598.jpeg","articleSection":["DESTACADAS"],"inLanguage":"es"},{"@type":"WebPage","@id":"https:\/\/fmgente.com.ar\/web\/colapinto-termino-decimo-en-el-gp-de-china-y-volvio-a-sumar-puntos-en-la-formula-1-tras-mas-de-un-ano\/","url":"https:\/\/fmgente.com.ar\/web\/colapinto-termino-decimo-en-el-gp-de-china-y-volvio-a-sumar-puntos-en-la-formula-1-tras-mas-de-un-ano\/","name":"Colapinto termin\u00f3 d\u00e9cimo en el GP de China y volvi\u00f3 a sumar puntos en la F\u00f3rmula 1 tras m\u00e1s de un a\u00f1o - Fm Gente","isPartOf":{"@id":"https:\/\/fmgente.com.ar\/web\/#website"},"primaryImageOfPage":{"@id":"https:\/\/fmgente.com.ar\/web\/colapinto-termino-decimo-en-el-gp-de-china-y-volvio-a-sumar-puntos-en-la-formula-1-tras-mas-de-un-ano\/#primaryimage"},"image":{"@id":"https:\/\/fmgente.com.ar\/web\/colapinto-termino-decimo-en-el-gp-de-china-y-volvio-a-sumar-puntos-en-la-formula-1-tras-mas-de-un-ano\/#primaryimage"},"thumbnailUrl":"https:\/\/fmgente.com.ar\/web\/wp-content\/uploads\/2026\/03\/720-598.jpeg","datePublished":"2026-03-15T09:04:57+00:00","inLanguage":"es","potentialAction":[{"@type":"ReadAction","target":["https:\/\/fmgente.com.ar\/web\/colapinto-termino-decimo-en-el-gp-de-china-y-volvio-a-sumar-puntos-en-la-formula-1-tras-mas-de-un-ano\/"]}]},{"@type":"ImageObject","inLanguage":"es","@id":"https:\/\/fmgente.com.ar\/web\/colapinto-termino-decimo-en-el-gp-de-china-y-volvio-a-sumar-puntos-en-la-formula-1-tras-mas-de-un-ano\/#primaryimage","url":"https:\/\/fmgente.com.ar\/web\/wp-content\/uploads\/2026\/03\/720-598.jpeg","contentUrl":"https:\/\/fmgente.com.ar\/web\/wp-content\/uploads\/2026\/03\/720-598.jpeg","width":1145,"height":720},{"@type":"WebSite","@id":"https:\/\/fmgente.com.ar\/web\/#website","url":"https:\/\/fmgente.com.ar\/web\/","name":"Fm Gente","description":"- Jes\u00fas Mar\u00eda","publisher":{"@id":"https:\/\/fmgente.com.ar\/web\/#organization"},"potentialAction":[{"@type":"SearchAction","target":{"@type":"EntryPoint","urlTemplate":"https:\/\/fmgente.com.ar\/web\/?s={search_term_string}"},"query-input":{"@type":"PropertyValueSpecification","valueRequired":true,"valueName":"search_term_string"}}],"inLanguage":"es"},{"@type":"Organization","@id":"https:\/\/fmgente.com.ar\/web\/#organization","name":"Fm Gente","url":"https:\/\/fmgente.com.ar\/web\/","logo":{"@type":"ImageObject","inLanguage":"es","@id":"https:\/\/fmgente.com.ar\/web\/#\/schema\/logo\/image\/","url":"https:\/\/fmgente.com.ar\/web\/wp-content\/uploads\/2023\/07\/cropped-cropped-logo-sombra2.png","contentUrl":"https:\/\/fmgente.com.ar\/web\/wp-content\/uploads\/2023\/07\/cropped-cropped-logo-sombra2.png","width":1782,"height":1782,"caption":"Fm Gente"},"image":{"@id":"https:\/\/fmgente.com.ar\/web\/#\/schema\/logo\/image\/"}}]}},"_links":{"self":[{"href":"https:\/\/fmgente.com.ar\/web\/wp-json\/wp\/v2\/posts\/15313","targetHints":{"allow":["GET"]}}],"collection":[{"href":"https:\/\/fmgente.com.ar\/web\/wp-json\/wp\/v2\/posts"}],"about":[{"href":"https:\/\/fmgente.com.ar\/web\/wp-json\/wp\/v2\/types\/post"}],"replies":[{"embeddable":true,"href":"https:\/\/fmgente.com.ar\/web\/wp-json\/wp\/v2\/comments?post=15313"}],"version-history":[{"count":0,"href":"https:\/\/fmgente.com.ar\/web\/wp-json\/wp\/v2\/posts\/15313\/revisions"}],"wp:featuredmedia":[{"embeddable":true,"href":"https:\/\/fmgente.com.ar\/web\/wp-json\/wp\/v2\/media\/15314"}],"wp:attachment":[{"href":"https:\/\/fmgente.com.ar\/web\/wp-json\/wp\/v2\/media?parent=15313"}],"wp:term":[{"taxonomy":"category","embeddable":true,"href":"https:\/\/fmgente.com.ar\/web\/wp-json\/wp\/v2\/categories?post=15313"},{"taxonomy":"post_tag","embeddable":true,"href":"https:\/\/fmgente.com.ar\/web\/wp-json\/wp\/v2\/tags?post=15313"}],"curies":[{"name":"wp","href":"https:\/\/api.w.org\/{rel}","templated":true}]}}