{"id":15309,"date":"2026-03-15T06:04:55","date_gmt":"2026-03-15T09:04:55","guid":{"rendered":"https:\/\/fmgente.com.ar\/web\/cuando-habia-sido-la-ultima-vez-que-colapinto-sumo-puntos-en-la-formula-1\/"},"modified":"2026-03-15T06:04:55","modified_gmt":"2026-03-15T09:04:55","slug":"cuando-habia-sido-la-ultima-vez-que-colapinto-sumo-puntos-en-la-formula-1","status":"publish","type":"post","link":"https:\/\/fmgente.com.ar\/web\/cuando-habia-sido-la-ultima-vez-que-colapinto-sumo-puntos-en-la-formula-1\/","title":{"rendered":"Cu\u00e1ndo hab\u00eda sido la \u00faltima vez que Colapinto sum\u00f3 puntos en la F\u00f3rmula 1"},"content":{"rendered":"<p>Buenos Aires, 15 marzo (NA) \u2013 El piloto argentino Franco Colapinto (Alpine) protagoniz\u00f3 una gran actuaci\u00f3n para terminar en la novena posici\u00f3n y as\u00ed sumar sus primeros puntos luego de m\u00e1s de un a\u00f1o.<\/p>\n<p>Luego de una gran carrera, en la que tuvo un gran comienzo, lleg\u00f3 a estar segundo e incluso se recuper\u00f3 luego del infantil choque del franc\u00e9s Esteban Ocon (Haas), el argentino pudo protagonizar una buena remontada en las \u00faltimas vueltas para finalizar en la zona de puntos.<\/p>\n<p>La \u00faltima vez que el argentino hab\u00eda sumado puntos fue en el Gran Premio de Estados Unidos 2024, que se llev\u00f3 a cabo el 20 de octubre en el Circuito de las Am\u00e9ricas de la ciudad de Austin.<\/p>\n<p>En aquella ocasi\u00f3n, Colapinto hab\u00eda largado 15\u00b0, aunque una acertada estrategia con los neum\u00e1ticos y una actuaci\u00f3n casi perfecta le permiti\u00f3 escalar cinco posiciones para sumar un importante punto.<\/p>\n<p>La otra carrera en la que el argentino sum\u00f3 puntos se dio en el GP de Azerbaiy\u00e1n 2024, en la que fue solo su segunda carrera en la F\u00f3rmula 1.<\/p>\n<p>Aquel d\u00eda, el argentino se luci\u00f3 en el Circuito Callejero de Bak\u00fa para quedar octavo y as\u00ed sumar unos m\u00e1s que destacables cuatro puntos.<\/p>\n<p>Ese Gran Premio de Azerbaiy\u00e1n fue hist\u00f3rico para el automovilismo nacional, ya que Colapinto cort\u00f3 con la sequ\u00eda de 42 a\u00f1os con argentinos sin sumar puntos. El anterior hab\u00eda sido Carlos Reutemann, en el GP de Sud\u00e1frica 1982, donde qued\u00f3 segundo.<\/p>\n<p>#AgenciaNA<\/p>\n","protected":false},"excerpt":{"rendered":"<p>Buenos Aires, 15 marzo (NA) \u2013 El piloto argentino Franco Colapinto (Alpine) protagoniz\u00f3 una gran<\/p>\n","protected":false},"author":0,"featured_media":15310,"comment_status":"","ping_status":"","sticky":false,"template":"","format":"standard","meta":{"footnotes":""},"categories":[11],"tags":[],"class_list":["post-15309","post","type-post","status-publish","format-standard","has-post-thumbnail","hentry","category-destacadas"],"yoast_head":"<!-- This site is optimized with the Yoast SEO plugin v27.4 - https:\/\/yoast.com\/product\/yoast-seo-wordpress\/ -->\n<title>Cu\u00e1ndo hab\u00eda sido la \u00faltima vez que Colapinto sum\u00f3 puntos en la F\u00f3rmula 1 - Fm Gente<\/title>\n<meta name=\"robots\" content=\"index, follow, max-snippet:-1, max-image-preview:large, max-video-preview:-1\" \/>\n<link rel=\"canonical\" href=\"https:\/\/fmgente.com.ar\/web\/cuando-habia-sido-la-ultima-vez-que-colapinto-sumo-puntos-en-la-formula-1\/\" \/>\n<meta property=\"og:locale\" content=\"es_ES\" \/>\n<meta property=\"og:type\" content=\"article\" \/>\n<meta property=\"og:title\" content=\"Cu\u00e1ndo hab\u00eda sido la \u00faltima vez que Colapinto sum\u00f3 puntos en la F\u00f3rmula 1 - Fm Gente\" \/>\n<meta property=\"og:description\" content=\"Buenos Aires, 15 marzo (NA) \u2013 El piloto argentino Franco Colapinto (Alpine) protagoniz\u00f3 una gran\" \/>\n<meta property=\"og:url\" content=\"https:\/\/fmgente.com.ar\/web\/cuando-habia-sido-la-ultima-vez-que-colapinto-sumo-puntos-en-la-formula-1\/\" \/>\n<meta property=\"og:site_name\" content=\"Fm Gente\" \/>\n<meta property=\"article:published_time\" content=\"2026-03-15T09:04:55+00:00\" \/>\n<meta name=\"twitter:card\" content=\"summary_large_image\" \/>\n<meta name=\"twitter:label1\" content=\"Tiempo de lectura\" \/>\n\t<meta name=\"twitter:data1\" content=\"1 minuto\" \/>\n<script type=\"application\/ld+json\" class=\"yoast-schema-graph\">{\"@context\":\"https:\\\/\\\/schema.org\",\"@graph\":[{\"@type\":\"Article\",\"@id\":\"https:\\\/\\\/fmgente.com.ar\\\/web\\\/cuando-habia-sido-la-ultima-vez-que-colapinto-sumo-puntos-en-la-formula-1\\\/#article\",\"isPartOf\":{\"@id\":\"https:\\\/\\\/fmgente.com.ar\\\/web\\\/cuando-habia-sido-la-ultima-vez-que-colapinto-sumo-puntos-en-la-formula-1\\\/\"},\"author\":{\"name\":\"\",\"@id\":\"\"},\"headline\":\"Cu\u00e1ndo hab\u00eda sido la \u00faltima vez que Colapinto sum\u00f3 puntos en la F\u00f3rmula 1\",\"datePublished\":\"2026-03-15T09:04:55+00:00\",\"mainEntityOfPage\":{\"@id\":\"https:\\\/\\\/fmgente.com.ar\\\/web\\\/cuando-habia-sido-la-ultima-vez-que-colapinto-sumo-puntos-en-la-formula-1\\\/\"},\"wordCount\":272,\"publisher\":{\"@id\":\"https:\\\/\\\/fmgente.com.ar\\\/web\\\/#organization\"},\"image\":{\"@id\":\"https:\\\/\\\/fmgente.com.ar\\\/web\\\/cuando-habia-sido-la-ultima-vez-que-colapinto-sumo-puntos-en-la-formula-1\\\/#primaryimage\"},\"thumbnailUrl\":\"https:\\\/\\\/fmgente.com.ar\\\/web\\\/wp-content\\\/uploads\\\/2026\\\/03\\\/720-596.jpeg\",\"articleSection\":[\"DESTACADAS\"],\"inLanguage\":\"es\"},{\"@type\":\"WebPage\",\"@id\":\"https:\\\/\\\/fmgente.com.ar\\\/web\\\/cuando-habia-sido-la-ultima-vez-que-colapinto-sumo-puntos-en-la-formula-1\\\/\",\"url\":\"https:\\\/\\\/fmgente.com.ar\\\/web\\\/cuando-habia-sido-la-ultima-vez-que-colapinto-sumo-puntos-en-la-formula-1\\\/\",\"name\":\"Cu\u00e1ndo hab\u00eda sido la \u00faltima vez que Colapinto sum\u00f3 puntos en la F\u00f3rmula 1 - Fm Gente\",\"isPartOf\":{\"@id\":\"https:\\\/\\\/fmgente.com.ar\\\/web\\\/#website\"},\"primaryImageOfPage\":{\"@id\":\"https:\\\/\\\/fmgente.com.ar\\\/web\\\/cuando-habia-sido-la-ultima-vez-que-colapinto-sumo-puntos-en-la-formula-1\\\/#primaryimage\"},\"image\":{\"@id\":\"https:\\\/\\\/fmgente.com.ar\\\/web\\\/cuando-habia-sido-la-ultima-vez-que-colapinto-sumo-puntos-en-la-formula-1\\\/#primaryimage\"},\"thumbnailUrl\":\"https:\\\/\\\/fmgente.com.ar\\\/web\\\/wp-content\\\/uploads\\\/2026\\\/03\\\/720-596.jpeg\",\"datePublished\":\"2026-03-15T09:04:55+00:00\",\"inLanguage\":\"es\",\"potentialAction\":[{\"@type\":\"ReadAction\",\"target\":[\"https:\\\/\\\/fmgente.com.ar\\\/web\\\/cuando-habia-sido-la-ultima-vez-que-colapinto-sumo-puntos-en-la-formula-1\\\/\"]}]},{\"@type\":\"ImageObject\",\"inLanguage\":\"es\",\"@id\":\"https:\\\/\\\/fmgente.com.ar\\\/web\\\/cuando-habia-sido-la-ultima-vez-que-colapinto-sumo-puntos-en-la-formula-1\\\/#primaryimage\",\"url\":\"https:\\\/\\\/fmgente.com.ar\\\/web\\\/wp-content\\\/uploads\\\/2026\\\/03\\\/720-596.jpeg\",\"contentUrl\":\"https:\\\/\\\/fmgente.com.ar\\\/web\\\/wp-content\\\/uploads\\\/2026\\\/03\\\/720-596.jpeg\",\"width\":933,\"height\":720},{\"@type\":\"WebSite\",\"@id\":\"https:\\\/\\\/fmgente.com.ar\\\/web\\\/#website\",\"url\":\"https:\\\/\\\/fmgente.com.ar\\\/web\\\/\",\"name\":\"Fm Gente\",\"description\":\"- Jes\u00fas Mar\u00eda\",\"publisher\":{\"@id\":\"https:\\\/\\\/fmgente.com.ar\\\/web\\\/#organization\"},\"potentialAction\":[{\"@type\":\"SearchAction\",\"target\":{\"@type\":\"EntryPoint\",\"urlTemplate\":\"https:\\\/\\\/fmgente.com.ar\\\/web\\\/?s={search_term_string}\"},\"query-input\":{\"@type\":\"PropertyValueSpecification\",\"valueRequired\":true,\"valueName\":\"search_term_string\"}}],\"inLanguage\":\"es\"},{\"@type\":\"Organization\",\"@id\":\"https:\\\/\\\/fmgente.com.ar\\\/web\\\/#organization\",\"name\":\"Fm Gente\",\"url\":\"https:\\\/\\\/fmgente.com.ar\\\/web\\\/\",\"logo\":{\"@type\":\"ImageObject\",\"inLanguage\":\"es\",\"@id\":\"https:\\\/\\\/fmgente.com.ar\\\/web\\\/#\\\/schema\\\/logo\\\/image\\\/\",\"url\":\"https:\\\/\\\/fmgente.com.ar\\\/web\\\/wp-content\\\/uploads\\\/2023\\\/07\\\/cropped-cropped-logo-sombra2.png\",\"contentUrl\":\"https:\\\/\\\/fmgente.com.ar\\\/web\\\/wp-content\\\/uploads\\\/2023\\\/07\\\/cropped-cropped-logo-sombra2.png\",\"width\":1782,\"height\":1782,\"caption\":\"Fm Gente\"},\"image\":{\"@id\":\"https:\\\/\\\/fmgente.com.ar\\\/web\\\/#\\\/schema\\\/logo\\\/image\\\/\"}}]}<\/script>\n<!-- \/ Yoast SEO plugin. -->","yoast_head_json":{"title":"Cu\u00e1ndo hab\u00eda sido la \u00faltima vez que Colapinto sum\u00f3 puntos en la F\u00f3rmula 1 - Fm Gente","robots":{"index":"index","follow":"follow","max-snippet":"max-snippet:-1","max-image-preview":"max-image-preview:large","max-video-preview":"max-video-preview:-1"},"canonical":"https:\/\/fmgente.com.ar\/web\/cuando-habia-sido-la-ultima-vez-que-colapinto-sumo-puntos-en-la-formula-1\/","og_locale":"es_ES","og_type":"article","og_title":"Cu\u00e1ndo hab\u00eda sido la \u00faltima vez que Colapinto sum\u00f3 puntos en la F\u00f3rmula 1 - Fm Gente","og_description":"Buenos Aires, 15 marzo (NA) \u2013 El piloto argentino Franco Colapinto (Alpine) protagoniz\u00f3 una gran","og_url":"https:\/\/fmgente.com.ar\/web\/cuando-habia-sido-la-ultima-vez-que-colapinto-sumo-puntos-en-la-formula-1\/","og_site_name":"Fm Gente","article_published_time":"2026-03-15T09:04:55+00:00","twitter_card":"summary_large_image","twitter_misc":{"Tiempo de lectura":"1 minuto"},"schema":{"@context":"https:\/\/schema.org","@graph":[{"@type":"Article","@id":"https:\/\/fmgente.com.ar\/web\/cuando-habia-sido-la-ultima-vez-que-colapinto-sumo-puntos-en-la-formula-1\/#article","isPartOf":{"@id":"https:\/\/fmgente.com.ar\/web\/cuando-habia-sido-la-ultima-vez-que-colapinto-sumo-puntos-en-la-formula-1\/"},"author":{"name":"","@id":""},"headline":"Cu\u00e1ndo hab\u00eda sido la \u00faltima vez que Colapinto sum\u00f3 puntos en la F\u00f3rmula 1","datePublished":"2026-03-15T09:04:55+00:00","mainEntityOfPage":{"@id":"https:\/\/fmgente.com.ar\/web\/cuando-habia-sido-la-ultima-vez-que-colapinto-sumo-puntos-en-la-formula-1\/"},"wordCount":272,"publisher":{"@id":"https:\/\/fmgente.com.ar\/web\/#organization"},"image":{"@id":"https:\/\/fmgente.com.ar\/web\/cuando-habia-sido-la-ultima-vez-que-colapinto-sumo-puntos-en-la-formula-1\/#primaryimage"},"thumbnailUrl":"https:\/\/fmgente.com.ar\/web\/wp-content\/uploads\/2026\/03\/720-596.jpeg","articleSection":["DESTACADAS"],"inLanguage":"es"},{"@type":"WebPage","@id":"https:\/\/fmgente.com.ar\/web\/cuando-habia-sido-la-ultima-vez-que-colapinto-sumo-puntos-en-la-formula-1\/","url":"https:\/\/fmgente.com.ar\/web\/cuando-habia-sido-la-ultima-vez-que-colapinto-sumo-puntos-en-la-formula-1\/","name":"Cu\u00e1ndo hab\u00eda sido la \u00faltima vez que Colapinto sum\u00f3 puntos en la F\u00f3rmula 1 - Fm Gente","isPartOf":{"@id":"https:\/\/fmgente.com.ar\/web\/#website"},"primaryImageOfPage":{"@id":"https:\/\/fmgente.com.ar\/web\/cuando-habia-sido-la-ultima-vez-que-colapinto-sumo-puntos-en-la-formula-1\/#primaryimage"},"image":{"@id":"https:\/\/fmgente.com.ar\/web\/cuando-habia-sido-la-ultima-vez-que-colapinto-sumo-puntos-en-la-formula-1\/#primaryimage"},"thumbnailUrl":"https:\/\/fmgente.com.ar\/web\/wp-content\/uploads\/2026\/03\/720-596.jpeg","datePublished":"2026-03-15T09:04:55+00:00","inLanguage":"es","potentialAction":[{"@type":"ReadAction","target":["https:\/\/fmgente.com.ar\/web\/cuando-habia-sido-la-ultima-vez-que-colapinto-sumo-puntos-en-la-formula-1\/"]}]},{"@type":"ImageObject","inLanguage":"es","@id":"https:\/\/fmgente.com.ar\/web\/cuando-habia-sido-la-ultima-vez-que-colapinto-sumo-puntos-en-la-formula-1\/#primaryimage","url":"https:\/\/fmgente.com.ar\/web\/wp-content\/uploads\/2026\/03\/720-596.jpeg","contentUrl":"https:\/\/fmgente.com.ar\/web\/wp-content\/uploads\/2026\/03\/720-596.jpeg","width":933,"height":720},{"@type":"WebSite","@id":"https:\/\/fmgente.com.ar\/web\/#website","url":"https:\/\/fmgente.com.ar\/web\/","name":"Fm Gente","description":"- Jes\u00fas Mar\u00eda","publisher":{"@id":"https:\/\/fmgente.com.ar\/web\/#organization"},"potentialAction":[{"@type":"SearchAction","target":{"@type":"EntryPoint","urlTemplate":"https:\/\/fmgente.com.ar\/web\/?s={search_term_string}"},"query-input":{"@type":"PropertyValueSpecification","valueRequired":true,"valueName":"search_term_string"}}],"inLanguage":"es"},{"@type":"Organization","@id":"https:\/\/fmgente.com.ar\/web\/#organization","name":"Fm Gente","url":"https:\/\/fmgente.com.ar\/web\/","logo":{"@type":"ImageObject","inLanguage":"es","@id":"https:\/\/fmgente.com.ar\/web\/#\/schema\/logo\/image\/","url":"https:\/\/fmgente.com.ar\/web\/wp-content\/uploads\/2023\/07\/cropped-cropped-logo-sombra2.png","contentUrl":"https:\/\/fmgente.com.ar\/web\/wp-content\/uploads\/2023\/07\/cropped-cropped-logo-sombra2.png","width":1782,"height":1782,"caption":"Fm Gente"},"image":{"@id":"https:\/\/fmgente.com.ar\/web\/#\/schema\/logo\/image\/"}}]}},"_links":{"self":[{"href":"https:\/\/fmgente.com.ar\/web\/wp-json\/wp\/v2\/posts\/15309","targetHints":{"allow":["GET"]}}],"collection":[{"href":"https:\/\/fmgente.com.ar\/web\/wp-json\/wp\/v2\/posts"}],"about":[{"href":"https:\/\/fmgente.com.ar\/web\/wp-json\/wp\/v2\/types\/post"}],"replies":[{"embeddable":true,"href":"https:\/\/fmgente.com.ar\/web\/wp-json\/wp\/v2\/comments?post=15309"}],"version-history":[{"count":0,"href":"https:\/\/fmgente.com.ar\/web\/wp-json\/wp\/v2\/posts\/15309\/revisions"}],"wp:featuredmedia":[{"embeddable":true,"href":"https:\/\/fmgente.com.ar\/web\/wp-json\/wp\/v2\/media\/15310"}],"wp:attachment":[{"href":"https:\/\/fmgente.com.ar\/web\/wp-json\/wp\/v2\/media?parent=15309"}],"wp:term":[{"taxonomy":"category","embeddable":true,"href":"https:\/\/fmgente.com.ar\/web\/wp-json\/wp\/v2\/categories?post=15309"},{"taxonomy":"post_tag","embeddable":true,"href":"https:\/\/fmgente.com.ar\/web\/wp-json\/wp\/v2\/tags?post=15309"}],"curies":[{"name":"wp","href":"https:\/\/api.w.org\/{rel}","templated":true}]}}