{"id":15307,"date":"2026-03-14T17:09:45","date_gmt":"2026-03-14T20:09:45","guid":{"rendered":"https:\/\/fmgente.com.ar\/web\/alerta-amarilla-por-tormentas-en-salta-pronostican-lluvias-intensas-granizo-y-fuertes-rafagas\/"},"modified":"2026-03-14T17:09:45","modified_gmt":"2026-03-14T20:09:45","slug":"alerta-amarilla-por-tormentas-en-salta-pronostican-lluvias-intensas-granizo-y-fuertes-rafagas","status":"publish","type":"post","link":"https:\/\/fmgente.com.ar\/web\/alerta-amarilla-por-tormentas-en-salta-pronostican-lluvias-intensas-granizo-y-fuertes-rafagas\/","title":{"rendered":"Alerta amarilla por tormentas en Salta: pronostican lluvias intensas, granizo y fuertes r\u00e1fagas"},"content":{"rendered":"<p>El <strong>Servicio Meteorol\u00f3gico Nacional<\/strong> emiti\u00f3 una alerta amarilla por tormentas para amplias zonas de la provincia de Salta durante este fin de semana. El aviso rige desde las 18 de este s\u00e1bado y se extender\u00e1 durante la noche y la madrugada del domingo en distintos departamentos.<\/p>\n<p><strong>Zonas con alerta desde esta tarde<\/strong><\/p>\n<p>El organismo inform\u00f3 que entre las 18 y la medianoche se prev\u00e9n tormentas en los departamentos Capital, Cerrillos y Guachipas, adem\u00e1s de las zonas bajas de Chicoana y Rosario de Lerma, y la zona monta\u00f1osa de Cafayate.<\/p>\n<p>La advertencia tambi\u00e9n alcanza a la Pre Puna de Iruya, Or\u00e1n y Santa Victoria.<\/p>\n<p>Seg\u00fan el pron\u00f3stico, el \u00e1rea ser\u00e1 afectada por tormentas de variada intensidad, algunas de ellas fuertes.<\/p>\n<p><img decoding=\"async\" src=\"https:\/\/uscdn.eltribuno.com\/032026\/1773512318732.jpg\" \/><\/p>\n<p><strong>Lluvias intensas y r\u00e1fagas<\/strong><\/p>\n<p>Las tormentas podr\u00edan estar acompa\u00f1adas por actividad el\u00e9ctrica frecuente, ca\u00edda ocasional de granizo y r\u00e1fagas de viento que podr\u00edan alcanzar o superar los 70 kil\u00f3metros por hora.<\/p>\n<p>Adem\u00e1s, se prev\u00e9n precipitaciones acumuladas entre 25 y 50 mil\u00edmetros en cortos per\u00edodos de tiempo, valores que incluso podr\u00edan superarse de manera puntual en algunas zonas.<\/p>\n<p><strong>Alerta extendida hasta la madrugada<\/strong><\/p>\n<p>El Servicio Meteorol\u00f3gico tambi\u00e9n inform\u00f3 que otros departamentos de la provincia permanecer\u00e1n bajo alerta amarilla por tormentas desde las 18 de este s\u00e1bado hasta las 6 de la ma\u00f1ana del domingo.<\/p>\n<p>Entre ellos se encuentran Anta, General G\u00fcemes, La Candelaria, Met\u00e1n, Rosario de la Frontera, General Jos\u00e9 de San Mart\u00edn y Rivadavia.<\/p>\n<p>La advertencia tambi\u00e9n incluye a las regiones de Yungas de Iruya, Or\u00e1n y Santa Victoria.<\/p>\n","protected":false},"excerpt":{"rendered":"<p>El Servicio Meteorol\u00f3gico Nacional emiti\u00f3 una alerta amarilla por tormentas para amplias zonas de la<\/p>\n","protected":false},"author":0,"featured_media":15308,"comment_status":"","ping_status":"","sticky":false,"template":"","format":"standard","meta":{"footnotes":""},"categories":[11],"tags":[],"class_list":["post-15307","post","type-post","status-publish","format-standard","has-post-thumbnail","hentry","category-destacadas"],"yoast_head":"<!-- This site is optimized with the Yoast SEO plugin v27.4 - https:\/\/yoast.com\/product\/yoast-seo-wordpress\/ -->\n<title>Alerta amarilla por tormentas en Salta: pronostican lluvias intensas, granizo y fuertes r\u00e1fagas - Fm Gente<\/title>\n<meta name=\"robots\" content=\"index, follow, max-snippet:-1, max-image-preview:large, max-video-preview:-1\" \/>\n<link rel=\"canonical\" href=\"https:\/\/fmgente.com.ar\/web\/alerta-amarilla-por-tormentas-en-salta-pronostican-lluvias-intensas-granizo-y-fuertes-rafagas\/\" \/>\n<meta property=\"og:locale\" content=\"es_ES\" \/>\n<meta property=\"og:type\" content=\"article\" \/>\n<meta property=\"og:title\" content=\"Alerta amarilla por tormentas en Salta: pronostican lluvias intensas, granizo y fuertes r\u00e1fagas - Fm Gente\" \/>\n<meta property=\"og:description\" content=\"El Servicio Meteorol\u00f3gico Nacional emiti\u00f3 una alerta amarilla por tormentas para amplias zonas de la\" \/>\n<meta property=\"og:url\" content=\"https:\/\/fmgente.com.ar\/web\/alerta-amarilla-por-tormentas-en-salta-pronostican-lluvias-intensas-granizo-y-fuertes-rafagas\/\" \/>\n<meta property=\"og:site_name\" content=\"Fm Gente\" \/>\n<meta property=\"article:published_time\" content=\"2026-03-14T20:09:45+00:00\" \/>\n<meta property=\"og:image\" content=\"https:\/\/uscdn.eltribuno.com\/032026\/1773512318732.jpg\" \/>\n<meta name=\"twitter:card\" content=\"summary_large_image\" \/>\n<meta name=\"twitter:label1\" content=\"Tiempo de lectura\" \/>\n\t<meta name=\"twitter:data1\" content=\"1 minuto\" \/>\n<script type=\"application\/ld+json\" class=\"yoast-schema-graph\">{\"@context\":\"https:\\\/\\\/schema.org\",\"@graph\":[{\"@type\":\"Article\",\"@id\":\"https:\\\/\\\/fmgente.com.ar\\\/web\\\/alerta-amarilla-por-tormentas-en-salta-pronostican-lluvias-intensas-granizo-y-fuertes-rafagas\\\/#article\",\"isPartOf\":{\"@id\":\"https:\\\/\\\/fmgente.com.ar\\\/web\\\/alerta-amarilla-por-tormentas-en-salta-pronostican-lluvias-intensas-granizo-y-fuertes-rafagas\\\/\"},\"author\":{\"name\":\"\",\"@id\":\"\"},\"headline\":\"Alerta amarilla por tormentas en Salta: pronostican lluvias intensas, granizo y fuertes r\u00e1fagas\",\"datePublished\":\"2026-03-14T20:09:45+00:00\",\"mainEntityOfPage\":{\"@id\":\"https:\\\/\\\/fmgente.com.ar\\\/web\\\/alerta-amarilla-por-tormentas-en-salta-pronostican-lluvias-intensas-granizo-y-fuertes-rafagas\\\/\"},\"wordCount\":287,\"publisher\":{\"@id\":\"https:\\\/\\\/fmgente.com.ar\\\/web\\\/#organization\"},\"image\":{\"@id\":\"https:\\\/\\\/fmgente.com.ar\\\/web\\\/alerta-amarilla-por-tormentas-en-salta-pronostican-lluvias-intensas-granizo-y-fuertes-rafagas\\\/#primaryimage\"},\"thumbnailUrl\":\"https:\\\/\\\/fmgente.com.ar\\\/web\\\/wp-content\\\/uploads\\\/2026\\\/03\\\/1773512318732.jpg\",\"articleSection\":[\"DESTACADAS\"],\"inLanguage\":\"es\"},{\"@type\":\"WebPage\",\"@id\":\"https:\\\/\\\/fmgente.com.ar\\\/web\\\/alerta-amarilla-por-tormentas-en-salta-pronostican-lluvias-intensas-granizo-y-fuertes-rafagas\\\/\",\"url\":\"https:\\\/\\\/fmgente.com.ar\\\/web\\\/alerta-amarilla-por-tormentas-en-salta-pronostican-lluvias-intensas-granizo-y-fuertes-rafagas\\\/\",\"name\":\"Alerta amarilla por tormentas en Salta: pronostican lluvias intensas, granizo y fuertes r\u00e1fagas - Fm Gente\",\"isPartOf\":{\"@id\":\"https:\\\/\\\/fmgente.com.ar\\\/web\\\/#website\"},\"primaryImageOfPage\":{\"@id\":\"https:\\\/\\\/fmgente.com.ar\\\/web\\\/alerta-amarilla-por-tormentas-en-salta-pronostican-lluvias-intensas-granizo-y-fuertes-rafagas\\\/#primaryimage\"},\"image\":{\"@id\":\"https:\\\/\\\/fmgente.com.ar\\\/web\\\/alerta-amarilla-por-tormentas-en-salta-pronostican-lluvias-intensas-granizo-y-fuertes-rafagas\\\/#primaryimage\"},\"thumbnailUrl\":\"https:\\\/\\\/fmgente.com.ar\\\/web\\\/wp-content\\\/uploads\\\/2026\\\/03\\\/1773512318732.jpg\",\"datePublished\":\"2026-03-14T20:09:45+00:00\",\"inLanguage\":\"es\",\"potentialAction\":[{\"@type\":\"ReadAction\",\"target\":[\"https:\\\/\\\/fmgente.com.ar\\\/web\\\/alerta-amarilla-por-tormentas-en-salta-pronostican-lluvias-intensas-granizo-y-fuertes-rafagas\\\/\"]}]},{\"@type\":\"ImageObject\",\"inLanguage\":\"es\",\"@id\":\"https:\\\/\\\/fmgente.com.ar\\\/web\\\/alerta-amarilla-por-tormentas-en-salta-pronostican-lluvias-intensas-granizo-y-fuertes-rafagas\\\/#primaryimage\",\"url\":\"https:\\\/\\\/fmgente.com.ar\\\/web\\\/wp-content\\\/uploads\\\/2026\\\/03\\\/1773512318732.jpg\",\"contentUrl\":\"https:\\\/\\\/fmgente.com.ar\\\/web\\\/wp-content\\\/uploads\\\/2026\\\/03\\\/1773512318732.jpg\",\"width\":1180,\"height\":710},{\"@type\":\"WebSite\",\"@id\":\"https:\\\/\\\/fmgente.com.ar\\\/web\\\/#website\",\"url\":\"https:\\\/\\\/fmgente.com.ar\\\/web\\\/\",\"name\":\"Fm Gente\",\"description\":\"- Jes\u00fas Mar\u00eda\",\"publisher\":{\"@id\":\"https:\\\/\\\/fmgente.com.ar\\\/web\\\/#organization\"},\"potentialAction\":[{\"@type\":\"SearchAction\",\"target\":{\"@type\":\"EntryPoint\",\"urlTemplate\":\"https:\\\/\\\/fmgente.com.ar\\\/web\\\/?s={search_term_string}\"},\"query-input\":{\"@type\":\"PropertyValueSpecification\",\"valueRequired\":true,\"valueName\":\"search_term_string\"}}],\"inLanguage\":\"es\"},{\"@type\":\"Organization\",\"@id\":\"https:\\\/\\\/fmgente.com.ar\\\/web\\\/#organization\",\"name\":\"Fm Gente\",\"url\":\"https:\\\/\\\/fmgente.com.ar\\\/web\\\/\",\"logo\":{\"@type\":\"ImageObject\",\"inLanguage\":\"es\",\"@id\":\"https:\\\/\\\/fmgente.com.ar\\\/web\\\/#\\\/schema\\\/logo\\\/image\\\/\",\"url\":\"https:\\\/\\\/fmgente.com.ar\\\/web\\\/wp-content\\\/uploads\\\/2023\\\/07\\\/cropped-cropped-logo-sombra2.png\",\"contentUrl\":\"https:\\\/\\\/fmgente.com.ar\\\/web\\\/wp-content\\\/uploads\\\/2023\\\/07\\\/cropped-cropped-logo-sombra2.png\",\"width\":1782,\"height\":1782,\"caption\":\"Fm Gente\"},\"image\":{\"@id\":\"https:\\\/\\\/fmgente.com.ar\\\/web\\\/#\\\/schema\\\/logo\\\/image\\\/\"}}]}<\/script>\n<!-- \/ Yoast SEO plugin. -->","yoast_head_json":{"title":"Alerta amarilla por tormentas en Salta: pronostican lluvias intensas, granizo y fuertes r\u00e1fagas - Fm Gente","robots":{"index":"index","follow":"follow","max-snippet":"max-snippet:-1","max-image-preview":"max-image-preview:large","max-video-preview":"max-video-preview:-1"},"canonical":"https:\/\/fmgente.com.ar\/web\/alerta-amarilla-por-tormentas-en-salta-pronostican-lluvias-intensas-granizo-y-fuertes-rafagas\/","og_locale":"es_ES","og_type":"article","og_title":"Alerta amarilla por tormentas en Salta: pronostican lluvias intensas, granizo y fuertes r\u00e1fagas - Fm Gente","og_description":"El Servicio Meteorol\u00f3gico Nacional emiti\u00f3 una alerta amarilla por tormentas para amplias zonas de la","og_url":"https:\/\/fmgente.com.ar\/web\/alerta-amarilla-por-tormentas-en-salta-pronostican-lluvias-intensas-granizo-y-fuertes-rafagas\/","og_site_name":"Fm Gente","article_published_time":"2026-03-14T20:09:45+00:00","og_image":[{"url":"https:\/\/uscdn.eltribuno.com\/032026\/1773512318732.jpg","type":"","width":"","height":""}],"twitter_card":"summary_large_image","twitter_misc":{"Tiempo de lectura":"1 minuto"},"schema":{"@context":"https:\/\/schema.org","@graph":[{"@type":"Article","@id":"https:\/\/fmgente.com.ar\/web\/alerta-amarilla-por-tormentas-en-salta-pronostican-lluvias-intensas-granizo-y-fuertes-rafagas\/#article","isPartOf":{"@id":"https:\/\/fmgente.com.ar\/web\/alerta-amarilla-por-tormentas-en-salta-pronostican-lluvias-intensas-granizo-y-fuertes-rafagas\/"},"author":{"name":"","@id":""},"headline":"Alerta amarilla por tormentas en Salta: pronostican lluvias intensas, granizo y fuertes r\u00e1fagas","datePublished":"2026-03-14T20:09:45+00:00","mainEntityOfPage":{"@id":"https:\/\/fmgente.com.ar\/web\/alerta-amarilla-por-tormentas-en-salta-pronostican-lluvias-intensas-granizo-y-fuertes-rafagas\/"},"wordCount":287,"publisher":{"@id":"https:\/\/fmgente.com.ar\/web\/#organization"},"image":{"@id":"https:\/\/fmgente.com.ar\/web\/alerta-amarilla-por-tormentas-en-salta-pronostican-lluvias-intensas-granizo-y-fuertes-rafagas\/#primaryimage"},"thumbnailUrl":"https:\/\/fmgente.com.ar\/web\/wp-content\/uploads\/2026\/03\/1773512318732.jpg","articleSection":["DESTACADAS"],"inLanguage":"es"},{"@type":"WebPage","@id":"https:\/\/fmgente.com.ar\/web\/alerta-amarilla-por-tormentas-en-salta-pronostican-lluvias-intensas-granizo-y-fuertes-rafagas\/","url":"https:\/\/fmgente.com.ar\/web\/alerta-amarilla-por-tormentas-en-salta-pronostican-lluvias-intensas-granizo-y-fuertes-rafagas\/","name":"Alerta amarilla por tormentas en Salta: pronostican lluvias intensas, granizo y fuertes r\u00e1fagas - Fm Gente","isPartOf":{"@id":"https:\/\/fmgente.com.ar\/web\/#website"},"primaryImageOfPage":{"@id":"https:\/\/fmgente.com.ar\/web\/alerta-amarilla-por-tormentas-en-salta-pronostican-lluvias-intensas-granizo-y-fuertes-rafagas\/#primaryimage"},"image":{"@id":"https:\/\/fmgente.com.ar\/web\/alerta-amarilla-por-tormentas-en-salta-pronostican-lluvias-intensas-granizo-y-fuertes-rafagas\/#primaryimage"},"thumbnailUrl":"https:\/\/fmgente.com.ar\/web\/wp-content\/uploads\/2026\/03\/1773512318732.jpg","datePublished":"2026-03-14T20:09:45+00:00","inLanguage":"es","potentialAction":[{"@type":"ReadAction","target":["https:\/\/fmgente.com.ar\/web\/alerta-amarilla-por-tormentas-en-salta-pronostican-lluvias-intensas-granizo-y-fuertes-rafagas\/"]}]},{"@type":"ImageObject","inLanguage":"es","@id":"https:\/\/fmgente.com.ar\/web\/alerta-amarilla-por-tormentas-en-salta-pronostican-lluvias-intensas-granizo-y-fuertes-rafagas\/#primaryimage","url":"https:\/\/fmgente.com.ar\/web\/wp-content\/uploads\/2026\/03\/1773512318732.jpg","contentUrl":"https:\/\/fmgente.com.ar\/web\/wp-content\/uploads\/2026\/03\/1773512318732.jpg","width":1180,"height":710},{"@type":"WebSite","@id":"https:\/\/fmgente.com.ar\/web\/#website","url":"https:\/\/fmgente.com.ar\/web\/","name":"Fm Gente","description":"- Jes\u00fas Mar\u00eda","publisher":{"@id":"https:\/\/fmgente.com.ar\/web\/#organization"},"potentialAction":[{"@type":"SearchAction","target":{"@type":"EntryPoint","urlTemplate":"https:\/\/fmgente.com.ar\/web\/?s={search_term_string}"},"query-input":{"@type":"PropertyValueSpecification","valueRequired":true,"valueName":"search_term_string"}}],"inLanguage":"es"},{"@type":"Organization","@id":"https:\/\/fmgente.com.ar\/web\/#organization","name":"Fm Gente","url":"https:\/\/fmgente.com.ar\/web\/","logo":{"@type":"ImageObject","inLanguage":"es","@id":"https:\/\/fmgente.com.ar\/web\/#\/schema\/logo\/image\/","url":"https:\/\/fmgente.com.ar\/web\/wp-content\/uploads\/2023\/07\/cropped-cropped-logo-sombra2.png","contentUrl":"https:\/\/fmgente.com.ar\/web\/wp-content\/uploads\/2023\/07\/cropped-cropped-logo-sombra2.png","width":1782,"height":1782,"caption":"Fm Gente"},"image":{"@id":"https:\/\/fmgente.com.ar\/web\/#\/schema\/logo\/image\/"}}]}},"_links":{"self":[{"href":"https:\/\/fmgente.com.ar\/web\/wp-json\/wp\/v2\/posts\/15307","targetHints":{"allow":["GET"]}}],"collection":[{"href":"https:\/\/fmgente.com.ar\/web\/wp-json\/wp\/v2\/posts"}],"about":[{"href":"https:\/\/fmgente.com.ar\/web\/wp-json\/wp\/v2\/types\/post"}],"replies":[{"embeddable":true,"href":"https:\/\/fmgente.com.ar\/web\/wp-json\/wp\/v2\/comments?post=15307"}],"version-history":[{"count":0,"href":"https:\/\/fmgente.com.ar\/web\/wp-json\/wp\/v2\/posts\/15307\/revisions"}],"wp:featuredmedia":[{"embeddable":true,"href":"https:\/\/fmgente.com.ar\/web\/wp-json\/wp\/v2\/media\/15308"}],"wp:attachment":[{"href":"https:\/\/fmgente.com.ar\/web\/wp-json\/wp\/v2\/media?parent=15307"}],"wp:term":[{"taxonomy":"category","embeddable":true,"href":"https:\/\/fmgente.com.ar\/web\/wp-json\/wp\/v2\/categories?post=15307"},{"taxonomy":"post_tag","embeddable":true,"href":"https:\/\/fmgente.com.ar\/web\/wp-json\/wp\/v2\/tags?post=15307"}],"curies":[{"name":"wp","href":"https:\/\/api.w.org\/{rel}","templated":true}]}}