{"id":15303,"date":"2026-03-14T17:09:41","date_gmt":"2026-03-14T20:09:41","guid":{"rendered":"https:\/\/fmgente.com.ar\/web\/la-abogada-argentina-detenida-en-brasil-va-a-tener-que-cumplir-algun-tipo-de-pena\/"},"modified":"2026-03-14T17:09:41","modified_gmt":"2026-03-14T20:09:41","slug":"la-abogada-argentina-detenida-en-brasil-va-a-tener-que-cumplir-algun-tipo-de-pena","status":"publish","type":"post","link":"https:\/\/fmgente.com.ar\/web\/la-abogada-argentina-detenida-en-brasil-va-a-tener-que-cumplir-algun-tipo-de-pena\/","title":{"rendered":"La abogada argentina detenida en Brasil \u201cva a tener que cumplir alg\u00fan tipo de pena\u201d"},"content":{"rendered":"<p>La abogada <strong>Carla Junqueira sostuvo hoy que su defendida, Agostina P\u00e1ez, la abogada santiague\u00f1a que contin\u00faa retenida en Brasil,<\/strong> \u201c<strong>va a tener que cumplir alg\u00fan tipo de pena\u201d, pero apunta a que sea transitado en Argentina.<\/strong><\/p>\n<p>Paez cumpl<strong>e prisi\u00f3n preventiva domiciliaria en R\u00edo de Janeiro bajo cargos de injuria racial<\/strong>, en tanto, el tr\u00e1mite jur\u00eddico contin\u00faa y<strong> la fiscal\u00eda solicit\u00f3 una pena de 15 a\u00f1os de cumplimiento efectivo.<\/strong><\/p>\n<p>Sin embargo Junqueira dialog\u00f3 con Guadalupe V\u00e1zquez en \u201cGuada Recargada\u201d por Radio Rivadavia, e indic\u00f3:<strong> \u201c15 a\u00f1os de c\u00e1rcel lo veo muy dif\u00edcil porque para sumar las tres penas que pide la Fiscal\u00eda, que ser\u00edan concurso material con la pena m\u00e1xima de cada uno de los tres delitos que ya es acusada<\/strong>, tendr\u00edan que sumar la pena m\u00e1xima de los tres delitos en concurso material\u201d.<\/p>\n<p>En l\u00ednea, detall\u00f3 que<strong> \u201cno hay pruebas en el expediente que confirme que hubo tres delitos, tampoco tres v\u00edctimas en tres momentos distintos, con tres delitos distintos<\/strong>\u201d, en tanto, la visi\u00f3n de la parte acusatoria sostiene que hubo discriminaci\u00f3n hacia tres empleado.<\/p>\n<p><strong>\u201cLa Fiscal\u00eda entiende que hay, como prueba, m\u00e1s all\u00e1 del video que se viraliz\u00f3 el testimonio, las declaraciones de las v\u00edctimas<\/strong>, una declaratoria de un testigo que es el gerente de bar y el video de adentro del bar. Tambi\u00e9n consideran que <strong>las declaraciones son consistentes entre s\u00ed y los videos confirman las declaratorias, que por lo tanto hay pruebas de un concurso material de tres delitos\u201d, <\/strong>detall\u00f3 la defensora.<\/p>\n<p><strong>Qu\u00e9 dijo la defensa<\/strong><\/p>\n<p>En contraposici\u00f3n, explic\u00f3: <strong>\u201cNosotros como defensa entendemos que no, que m\u00e1s all\u00e1 de las declaraciones de las v\u00edctimas y del video de afuera del bar. <\/strong>El contenido del<strong> interior del lugar es absolutamente inconclusivo<\/strong>. <strong>No hay ning\u00fan tipo de prueba o imagen que pueda confirmar delitos all\u00ed\u201d.<\/strong><\/p>\n<p>Respecto a la filmaci\u00f3n de las c\u00e1maras que permiten ver dentro del sal\u00f3n, relat\u00f3: <strong>\u201dEn la imagen se ve a las tres chicas que discut\u00edan sobre la cuenta. No se escucha nada, se ve que hay discusiones<\/strong>. En ese momento, todos los clientes del bar ya se hab\u00edan ido y el lugar estaba vac\u00edo\u201d.<\/p>\n<p>\u201c<strong>La \u00fanica conclusi\u00f3n que se saca del video es que hab\u00eda un entredicho. Desde la contraparte, dicen que en ese momento, Agostina, ya insultaba.<\/strong> El caja, el de seguridad y el del barman. <strong>No hay audio y no se ve ning\u00fan gesto.<\/strong> En la filmaci\u00f3n, claramente se ve que <strong>ellas pueden haberse sentido amenazadas de alguna forma<\/strong>. Porque eran muchos funcionarios del bar,<strong> la mayor\u00eda hombres, y ellas tres chicas, j\u00f3venes<\/strong>\u201d, continu\u00f3.<\/p>\n<p><strong>C\u00f3mo ocurri\u00f3 el cruce<\/strong><\/p>\n<p>Por todo lo ocurrido, explic\u00f3 que \u201c<strong>Agostina estaba alterada, nerviosa, brava, asustada y cuando sali\u00f3 enojad\u00edsima<\/strong>, los funcionarios<strong> no las dejaron entrar en el auto de unos amigos<\/strong>. Les dijeron que <strong>no pod\u00edan volver porque no pagaron la cuenta y ten\u00edan que bajarse del auto\u201d.<\/strong><\/p>\n<p>\u201c<strong>Se enoj\u00f3, y cuando el de seguridad iba a cruzar la calle, le hizo esos gestos obscenos.<\/strong> Ella reaccion\u00f3 con, lo que llamamos de <strong>retorsi\u00f3n inmediata. Hizo ese gesto infeliz<\/strong>, que en Brasil es un delito. <strong>Fue una retorsi\u00f3n inmediata de un momento de calentura<\/strong>. La<strong> pena m\u00ednima de un delito como este es de dos a\u00f1os<\/strong>. Vamos a intentar pedirle al juez distintas maneras de cumplir la pena\u201d, cerr\u00f3.<\/p>\n<p>En cuanto a las medidas judiciales, la letrada consider\u00f3 que \u201c<strong>no hay necesidad de cautelares<\/strong>\u201d y destac\u00f3 que la joven podr\u00eda \u201c<strong>ejercer el cumplimiento de la pena en Argentina con monitoreo\u201d.<\/strong><\/p>\n<p><strong>\u201cLas Supremas Cortes ya se pronunciaron, ante el caso de racismo no podemos hacer la probation. No puede hacer tareas comunitarias<\/strong>\u201d, enfatiz\u00f3, aunque confirm\u00f3 que su defendida \u201cpor lo menos, durante dos a\u00f1os, va a tener que cumplir alg\u00fan tipo de pena\u201d.<\/p>\n<p><strong>\u201cHay plenas garant\u00edas de que ella puede seguir cumpliendo desde Argentina. Har\u00eda campa\u00f1as de concientizaci\u00f3n y un mont\u00f3n de cosas que se pueden hacer que no sea el pedido de la fiscal\u00eda\u201d,<\/strong> concluy\u00f3 la abogada.<\/p>\n","protected":false},"excerpt":{"rendered":"<p>La abogada Carla Junqueira sostuvo hoy que su defendida, Agostina P\u00e1ez, la abogada santiague\u00f1a que<\/p>\n","protected":false},"author":0,"featured_media":15304,"comment_status":"","ping_status":"","sticky":false,"template":"","format":"standard","meta":{"footnotes":""},"categories":[11],"tags":[],"class_list":["post-15303","post","type-post","status-publish","format-standard","has-post-thumbnail","hentry","category-destacadas"],"yoast_head":"<!-- This site is optimized with the Yoast SEO plugin v27.4 - https:\/\/yoast.com\/product\/yoast-seo-wordpress\/ -->\n<title>La abogada argentina detenida en Brasil \u201cva a tener que cumplir alg\u00fan tipo de pena\u201d - Fm Gente<\/title>\n<meta name=\"robots\" content=\"index, follow, max-snippet:-1, max-image-preview:large, max-video-preview:-1\" \/>\n<link rel=\"canonical\" href=\"https:\/\/fmgente.com.ar\/web\/la-abogada-argentina-detenida-en-brasil-va-a-tener-que-cumplir-algun-tipo-de-pena\/\" \/>\n<meta property=\"og:locale\" content=\"es_ES\" \/>\n<meta property=\"og:type\" content=\"article\" \/>\n<meta property=\"og:title\" content=\"La abogada argentina detenida en Brasil \u201cva a tener que cumplir alg\u00fan tipo de pena\u201d - Fm Gente\" \/>\n<meta property=\"og:description\" content=\"La abogada Carla Junqueira sostuvo hoy que su defendida, Agostina P\u00e1ez, la abogada santiague\u00f1a que\" \/>\n<meta property=\"og:url\" content=\"https:\/\/fmgente.com.ar\/web\/la-abogada-argentina-detenida-en-brasil-va-a-tener-que-cumplir-algun-tipo-de-pena\/\" \/>\n<meta property=\"og:site_name\" content=\"Fm Gente\" \/>\n<meta property=\"article:published_time\" content=\"2026-03-14T20:09:41+00:00\" \/>\n<meta name=\"twitter:card\" content=\"summary_large_image\" \/>\n<meta name=\"twitter:label1\" content=\"Tiempo de lectura\" \/>\n\t<meta name=\"twitter:data1\" content=\"4 minutos\" \/>\n<script type=\"application\/ld+json\" class=\"yoast-schema-graph\">{\"@context\":\"https:\\\/\\\/schema.org\",\"@graph\":[{\"@type\":\"Article\",\"@id\":\"https:\\\/\\\/fmgente.com.ar\\\/web\\\/la-abogada-argentina-detenida-en-brasil-va-a-tener-que-cumplir-algun-tipo-de-pena\\\/#article\",\"isPartOf\":{\"@id\":\"https:\\\/\\\/fmgente.com.ar\\\/web\\\/la-abogada-argentina-detenida-en-brasil-va-a-tener-que-cumplir-algun-tipo-de-pena\\\/\"},\"author\":{\"name\":\"\",\"@id\":\"\"},\"headline\":\"La abogada argentina detenida en Brasil \u201cva a tener que cumplir alg\u00fan tipo de pena\u201d\",\"datePublished\":\"2026-03-14T20:09:41+00:00\",\"mainEntityOfPage\":{\"@id\":\"https:\\\/\\\/fmgente.com.ar\\\/web\\\/la-abogada-argentina-detenida-en-brasil-va-a-tener-que-cumplir-algun-tipo-de-pena\\\/\"},\"wordCount\":724,\"publisher\":{\"@id\":\"https:\\\/\\\/fmgente.com.ar\\\/web\\\/#organization\"},\"image\":{\"@id\":\"https:\\\/\\\/fmgente.com.ar\\\/web\\\/la-abogada-argentina-detenida-en-brasil-va-a-tener-que-cumplir-algun-tipo-de-pena\\\/#primaryimage\"},\"thumbnailUrl\":\"https:\\\/\\\/fmgente.com.ar\\\/web\\\/wp-content\\\/uploads\\\/2026\\\/03\\\/portadax-70.png\",\"articleSection\":[\"DESTACADAS\"],\"inLanguage\":\"es\"},{\"@type\":\"WebPage\",\"@id\":\"https:\\\/\\\/fmgente.com.ar\\\/web\\\/la-abogada-argentina-detenida-en-brasil-va-a-tener-que-cumplir-algun-tipo-de-pena\\\/\",\"url\":\"https:\\\/\\\/fmgente.com.ar\\\/web\\\/la-abogada-argentina-detenida-en-brasil-va-a-tener-que-cumplir-algun-tipo-de-pena\\\/\",\"name\":\"La abogada argentina detenida en Brasil \u201cva a tener que cumplir alg\u00fan tipo de pena\u201d - Fm Gente\",\"isPartOf\":{\"@id\":\"https:\\\/\\\/fmgente.com.ar\\\/web\\\/#website\"},\"primaryImageOfPage\":{\"@id\":\"https:\\\/\\\/fmgente.com.ar\\\/web\\\/la-abogada-argentina-detenida-en-brasil-va-a-tener-que-cumplir-algun-tipo-de-pena\\\/#primaryimage\"},\"image\":{\"@id\":\"https:\\\/\\\/fmgente.com.ar\\\/web\\\/la-abogada-argentina-detenida-en-brasil-va-a-tener-que-cumplir-algun-tipo-de-pena\\\/#primaryimage\"},\"thumbnailUrl\":\"https:\\\/\\\/fmgente.com.ar\\\/web\\\/wp-content\\\/uploads\\\/2026\\\/03\\\/portadax-70.png\",\"datePublished\":\"2026-03-14T20:09:41+00:00\",\"inLanguage\":\"es\",\"potentialAction\":[{\"@type\":\"ReadAction\",\"target\":[\"https:\\\/\\\/fmgente.com.ar\\\/web\\\/la-abogada-argentina-detenida-en-brasil-va-a-tener-que-cumplir-algun-tipo-de-pena\\\/\"]}]},{\"@type\":\"ImageObject\",\"inLanguage\":\"es\",\"@id\":\"https:\\\/\\\/fmgente.com.ar\\\/web\\\/la-abogada-argentina-detenida-en-brasil-va-a-tener-que-cumplir-algun-tipo-de-pena\\\/#primaryimage\",\"url\":\"https:\\\/\\\/fmgente.com.ar\\\/web\\\/wp-content\\\/uploads\\\/2026\\\/03\\\/portadax-70.png\",\"contentUrl\":\"https:\\\/\\\/fmgente.com.ar\\\/web\\\/wp-content\\\/uploads\\\/2026\\\/03\\\/portadax-70.png\",\"width\":1366,\"height\":768},{\"@type\":\"WebSite\",\"@id\":\"https:\\\/\\\/fmgente.com.ar\\\/web\\\/#website\",\"url\":\"https:\\\/\\\/fmgente.com.ar\\\/web\\\/\",\"name\":\"Fm Gente\",\"description\":\"- Jes\u00fas Mar\u00eda\",\"publisher\":{\"@id\":\"https:\\\/\\\/fmgente.com.ar\\\/web\\\/#organization\"},\"potentialAction\":[{\"@type\":\"SearchAction\",\"target\":{\"@type\":\"EntryPoint\",\"urlTemplate\":\"https:\\\/\\\/fmgente.com.ar\\\/web\\\/?s={search_term_string}\"},\"query-input\":{\"@type\":\"PropertyValueSpecification\",\"valueRequired\":true,\"valueName\":\"search_term_string\"}}],\"inLanguage\":\"es\"},{\"@type\":\"Organization\",\"@id\":\"https:\\\/\\\/fmgente.com.ar\\\/web\\\/#organization\",\"name\":\"Fm Gente\",\"url\":\"https:\\\/\\\/fmgente.com.ar\\\/web\\\/\",\"logo\":{\"@type\":\"ImageObject\",\"inLanguage\":\"es\",\"@id\":\"https:\\\/\\\/fmgente.com.ar\\\/web\\\/#\\\/schema\\\/logo\\\/image\\\/\",\"url\":\"https:\\\/\\\/fmgente.com.ar\\\/web\\\/wp-content\\\/uploads\\\/2023\\\/07\\\/cropped-cropped-logo-sombra2.png\",\"contentUrl\":\"https:\\\/\\\/fmgente.com.ar\\\/web\\\/wp-content\\\/uploads\\\/2023\\\/07\\\/cropped-cropped-logo-sombra2.png\",\"width\":1782,\"height\":1782,\"caption\":\"Fm Gente\"},\"image\":{\"@id\":\"https:\\\/\\\/fmgente.com.ar\\\/web\\\/#\\\/schema\\\/logo\\\/image\\\/\"}}]}<\/script>\n<!-- \/ Yoast SEO plugin. -->","yoast_head_json":{"title":"La abogada argentina detenida en Brasil \u201cva a tener que cumplir alg\u00fan tipo de pena\u201d - Fm Gente","robots":{"index":"index","follow":"follow","max-snippet":"max-snippet:-1","max-image-preview":"max-image-preview:large","max-video-preview":"max-video-preview:-1"},"canonical":"https:\/\/fmgente.com.ar\/web\/la-abogada-argentina-detenida-en-brasil-va-a-tener-que-cumplir-algun-tipo-de-pena\/","og_locale":"es_ES","og_type":"article","og_title":"La abogada argentina detenida en Brasil \u201cva a tener que cumplir alg\u00fan tipo de pena\u201d - Fm Gente","og_description":"La abogada Carla Junqueira sostuvo hoy que su defendida, Agostina P\u00e1ez, la abogada santiague\u00f1a que","og_url":"https:\/\/fmgente.com.ar\/web\/la-abogada-argentina-detenida-en-brasil-va-a-tener-que-cumplir-algun-tipo-de-pena\/","og_site_name":"Fm Gente","article_published_time":"2026-03-14T20:09:41+00:00","twitter_card":"summary_large_image","twitter_misc":{"Tiempo de lectura":"4 minutos"},"schema":{"@context":"https:\/\/schema.org","@graph":[{"@type":"Article","@id":"https:\/\/fmgente.com.ar\/web\/la-abogada-argentina-detenida-en-brasil-va-a-tener-que-cumplir-algun-tipo-de-pena\/#article","isPartOf":{"@id":"https:\/\/fmgente.com.ar\/web\/la-abogada-argentina-detenida-en-brasil-va-a-tener-que-cumplir-algun-tipo-de-pena\/"},"author":{"name":"","@id":""},"headline":"La abogada argentina detenida en Brasil \u201cva a tener que cumplir alg\u00fan tipo de pena\u201d","datePublished":"2026-03-14T20:09:41+00:00","mainEntityOfPage":{"@id":"https:\/\/fmgente.com.ar\/web\/la-abogada-argentina-detenida-en-brasil-va-a-tener-que-cumplir-algun-tipo-de-pena\/"},"wordCount":724,"publisher":{"@id":"https:\/\/fmgente.com.ar\/web\/#organization"},"image":{"@id":"https:\/\/fmgente.com.ar\/web\/la-abogada-argentina-detenida-en-brasil-va-a-tener-que-cumplir-algun-tipo-de-pena\/#primaryimage"},"thumbnailUrl":"https:\/\/fmgente.com.ar\/web\/wp-content\/uploads\/2026\/03\/portadax-70.png","articleSection":["DESTACADAS"],"inLanguage":"es"},{"@type":"WebPage","@id":"https:\/\/fmgente.com.ar\/web\/la-abogada-argentina-detenida-en-brasil-va-a-tener-que-cumplir-algun-tipo-de-pena\/","url":"https:\/\/fmgente.com.ar\/web\/la-abogada-argentina-detenida-en-brasil-va-a-tener-que-cumplir-algun-tipo-de-pena\/","name":"La abogada argentina detenida en Brasil \u201cva a tener que cumplir alg\u00fan tipo de pena\u201d - Fm Gente","isPartOf":{"@id":"https:\/\/fmgente.com.ar\/web\/#website"},"primaryImageOfPage":{"@id":"https:\/\/fmgente.com.ar\/web\/la-abogada-argentina-detenida-en-brasil-va-a-tener-que-cumplir-algun-tipo-de-pena\/#primaryimage"},"image":{"@id":"https:\/\/fmgente.com.ar\/web\/la-abogada-argentina-detenida-en-brasil-va-a-tener-que-cumplir-algun-tipo-de-pena\/#primaryimage"},"thumbnailUrl":"https:\/\/fmgente.com.ar\/web\/wp-content\/uploads\/2026\/03\/portadax-70.png","datePublished":"2026-03-14T20:09:41+00:00","inLanguage":"es","potentialAction":[{"@type":"ReadAction","target":["https:\/\/fmgente.com.ar\/web\/la-abogada-argentina-detenida-en-brasil-va-a-tener-que-cumplir-algun-tipo-de-pena\/"]}]},{"@type":"ImageObject","inLanguage":"es","@id":"https:\/\/fmgente.com.ar\/web\/la-abogada-argentina-detenida-en-brasil-va-a-tener-que-cumplir-algun-tipo-de-pena\/#primaryimage","url":"https:\/\/fmgente.com.ar\/web\/wp-content\/uploads\/2026\/03\/portadax-70.png","contentUrl":"https:\/\/fmgente.com.ar\/web\/wp-content\/uploads\/2026\/03\/portadax-70.png","width":1366,"height":768},{"@type":"WebSite","@id":"https:\/\/fmgente.com.ar\/web\/#website","url":"https:\/\/fmgente.com.ar\/web\/","name":"Fm Gente","description":"- Jes\u00fas Mar\u00eda","publisher":{"@id":"https:\/\/fmgente.com.ar\/web\/#organization"},"potentialAction":[{"@type":"SearchAction","target":{"@type":"EntryPoint","urlTemplate":"https:\/\/fmgente.com.ar\/web\/?s={search_term_string}"},"query-input":{"@type":"PropertyValueSpecification","valueRequired":true,"valueName":"search_term_string"}}],"inLanguage":"es"},{"@type":"Organization","@id":"https:\/\/fmgente.com.ar\/web\/#organization","name":"Fm Gente","url":"https:\/\/fmgente.com.ar\/web\/","logo":{"@type":"ImageObject","inLanguage":"es","@id":"https:\/\/fmgente.com.ar\/web\/#\/schema\/logo\/image\/","url":"https:\/\/fmgente.com.ar\/web\/wp-content\/uploads\/2023\/07\/cropped-cropped-logo-sombra2.png","contentUrl":"https:\/\/fmgente.com.ar\/web\/wp-content\/uploads\/2023\/07\/cropped-cropped-logo-sombra2.png","width":1782,"height":1782,"caption":"Fm Gente"},"image":{"@id":"https:\/\/fmgente.com.ar\/web\/#\/schema\/logo\/image\/"}}]}},"_links":{"self":[{"href":"https:\/\/fmgente.com.ar\/web\/wp-json\/wp\/v2\/posts\/15303","targetHints":{"allow":["GET"]}}],"collection":[{"href":"https:\/\/fmgente.com.ar\/web\/wp-json\/wp\/v2\/posts"}],"about":[{"href":"https:\/\/fmgente.com.ar\/web\/wp-json\/wp\/v2\/types\/post"}],"replies":[{"embeddable":true,"href":"https:\/\/fmgente.com.ar\/web\/wp-json\/wp\/v2\/comments?post=15303"}],"version-history":[{"count":0,"href":"https:\/\/fmgente.com.ar\/web\/wp-json\/wp\/v2\/posts\/15303\/revisions"}],"wp:featuredmedia":[{"embeddable":true,"href":"https:\/\/fmgente.com.ar\/web\/wp-json\/wp\/v2\/media\/15304"}],"wp:attachment":[{"href":"https:\/\/fmgente.com.ar\/web\/wp-json\/wp\/v2\/media?parent=15303"}],"wp:term":[{"taxonomy":"category","embeddable":true,"href":"https:\/\/fmgente.com.ar\/web\/wp-json\/wp\/v2\/categories?post=15303"},{"taxonomy":"post_tag","embeddable":true,"href":"https:\/\/fmgente.com.ar\/web\/wp-json\/wp\/v2\/tags?post=15303"}],"curies":[{"name":"wp","href":"https:\/\/api.w.org\/{rel}","templated":true}]}}