{"id":15301,"date":"2026-03-14T17:09:38","date_gmt":"2026-03-14T20:09:38","guid":{"rendered":"https:\/\/fmgente.com.ar\/web\/murio-jurgen-habermas-un-referente-de-la-escuela-de-frankfurt\/"},"modified":"2026-03-14T17:09:38","modified_gmt":"2026-03-14T20:09:38","slug":"murio-jurgen-habermas-un-referente-de-la-escuela-de-frankfurt","status":"publish","type":"post","link":"https:\/\/fmgente.com.ar\/web\/murio-jurgen-habermas-un-referente-de-la-escuela-de-frankfurt\/","title":{"rendered":"Muri\u00f3 J\u00fcrgen Habermas, un referente de la Escuela de Frankfurt"},"content":{"rendered":"<p>El fil\u00f3sofo y soci\u00f3logo alem\u00e1n J\u00fcrgen Habermas, una de las figuras m\u00e1s influyentes del pensamiento europeo contempor\u00e1neo y referente de la segunda generaci\u00f3n de la Escuela de Frankfurt, muri\u00f3 a los 96 a\u00f1os. Su fallecimiento marca el cierre de una etapa intelectual que atraves\u00f3 m\u00e1s de medio siglo de debates sobre democracia, racionalidad y participaci\u00f3n ciudadana.<\/p>\n<p>Nacido en D\u00fcsseldorf en 1929, Habermas dedic\u00f3 su obra a reflexionar sobre c\u00f3mo las sociedades modernas pueden sostener sistemas democr\u00e1ticos basados en el di\u00e1logo racional, la participaci\u00f3n p\u00fablica y la \u00e9tica del debate. Su pensamiento influy\u00f3 de manera decisiva en la filosof\u00eda pol\u00edtica, el derecho, la sociolog\u00eda y las ciencias sociales.<\/p>\n<p><strong>Un pensador clave de la democracia moderna<\/strong><\/p>\n<p>A lo largo de su trayectoria desarroll\u00f3 una obra monumental en la que combin\u00f3 filosof\u00eda, sociolog\u00eda y teor\u00eda pol\u00edtica. Entre sus textos m\u00e1s influyentes se encuentran Historia y cr\u00edtica de la opini\u00f3n p\u00fablica y Teor\u00eda de la acci\u00f3n comunicativa, trabajos que se convirtieron en referencias obligadas para el pensamiento pol\u00edtico contempor\u00e1neo.<\/p>\n<p>En ellos defendi\u00f3 la idea de que la legitimidad de las democracias surge del debate p\u00fablico entre ciudadanos libres e iguales. Para Habermas, la pol\u00edtica deb\u00eda construirse a partir de la fuerza del mejor argumento y no de la imposici\u00f3n del poder econ\u00f3mico o burocr\u00e1tico.<\/p>\n<p>Su teor\u00eda de la acci\u00f3n comunicativa y la llamada \u00e9tica del discurso plantearon que el di\u00e1logo racional es la base de una democracia aut\u00e9nticamente participativa.<\/p>\n<p><strong>Un intelectual p\u00fablico influyente<\/strong><\/p>\n<p>Habermas fue tambi\u00e9n una figura singular dentro del mundo acad\u00e9mico: un intelectual que particip\u00f3 activamente en los debates pol\u00edticos de su tiempo sin abandonar el rigor filos\u00f3fico.<\/p>\n<p>Durante d\u00e9cadas intervino en discusiones sobre el futuro de Europa, el constitucionalismo, la globalizaci\u00f3n y el papel de los medios de comunicaci\u00f3n en la esfera p\u00fablica. Su pensamiento defendi\u00f3 el legado de la Ilustraci\u00f3n, la vigencia de la raz\u00f3n y la importancia de una ciudadan\u00eda cr\u00edtica.<\/p>\n<p>En 2003 recibi\u00f3 el Premio Pr\u00edncipe de Asturias de Ciencias Sociales, uno de los numerosos reconocimientos internacionales a su trayectoria.<\/p>\n<p><strong>Su influencia en Espa\u00f1a<\/strong><\/p>\n<p>El impacto de su pensamiento tambi\u00e9n fue muy fuerte en Espa\u00f1a, especialmente durante la transici\u00f3n democr\u00e1tica. Muchos juristas, soci\u00f3logos y fil\u00f3sofos encontraron en sus ideas herramientas para reflexionar sobre el paso de la dictadura a un Estado democr\u00e1tico de derecho.<\/p>\n<p>Sus trabajos influyeron en debates sobre la Constituci\u00f3n, la opini\u00f3n p\u00fablica, el terrorismo y la memoria hist\u00f3rica. Varias de sus obras fueron traducidas tempranamente al espa\u00f1ol, lo que permiti\u00f3 que generaciones de estudiantes se formaran con sus ideas.<\/p>\n<p>Habermas sigui\u00f3 con atenci\u00f3n la evoluci\u00f3n pol\u00edtica europea y fen\u00f3menos sociales como los nuevos movimientos ciudadanos que emergieron en el siglo XXI, a los que interpretaba como expresiones de una b\u00fasqueda m\u00e1s profunda de participaci\u00f3n democr\u00e1tica.<\/p>\n<p><strong>El final de una generaci\u00f3n<\/strong><\/p>\n<p>Con la muerte de Habermas desaparece uno de los grandes representantes de la tradici\u00f3n cr\u00edtica europea surgida tras la Segunda Guerra Mundial. Su obra dej\u00f3 una huella profunda en la reflexi\u00f3n sobre el papel de la democracia, la raz\u00f3n p\u00fablica y la responsabilidad pol\u00edtica en las sociedades contempor\u00e1neas.<\/p>\n","protected":false},"excerpt":{"rendered":"<p>El fil\u00f3sofo y soci\u00f3logo alem\u00e1n J\u00fcrgen Habermas, una de las figuras m\u00e1s influyentes del pensamiento<\/p>\n","protected":false},"author":0,"featured_media":15302,"comment_status":"","ping_status":"","sticky":false,"template":"","format":"standard","meta":{"footnotes":""},"categories":[11],"tags":[],"class_list":["post-15301","post","type-post","status-publish","format-standard","has-post-thumbnail","hentry","category-destacadas"],"yoast_head":"<!-- This site is optimized with the Yoast SEO plugin v27.4 - https:\/\/yoast.com\/product\/yoast-seo-wordpress\/ -->\n<title>Muri\u00f3 J\u00fcrgen Habermas, un referente de la Escuela de Frankfurt - Fm Gente<\/title>\n<meta name=\"robots\" content=\"index, follow, max-snippet:-1, max-image-preview:large, max-video-preview:-1\" \/>\n<link rel=\"canonical\" href=\"https:\/\/fmgente.com.ar\/web\/murio-jurgen-habermas-un-referente-de-la-escuela-de-frankfurt\/\" \/>\n<meta property=\"og:locale\" content=\"es_ES\" \/>\n<meta property=\"og:type\" content=\"article\" \/>\n<meta property=\"og:title\" content=\"Muri\u00f3 J\u00fcrgen Habermas, un referente de la Escuela de Frankfurt - Fm Gente\" \/>\n<meta property=\"og:description\" content=\"El fil\u00f3sofo y soci\u00f3logo alem\u00e1n J\u00fcrgen Habermas, una de las figuras m\u00e1s influyentes del pensamiento\" \/>\n<meta property=\"og:url\" content=\"https:\/\/fmgente.com.ar\/web\/murio-jurgen-habermas-un-referente-de-la-escuela-de-frankfurt\/\" \/>\n<meta property=\"og:site_name\" content=\"Fm Gente\" \/>\n<meta property=\"article:published_time\" content=\"2026-03-14T20:09:38+00:00\" \/>\n<meta name=\"twitter:card\" content=\"summary_large_image\" \/>\n<meta name=\"twitter:label1\" content=\"Tiempo de lectura\" \/>\n\t<meta name=\"twitter:data1\" content=\"3 minutos\" \/>\n<script type=\"application\/ld+json\" class=\"yoast-schema-graph\">{\"@context\":\"https:\\\/\\\/schema.org\",\"@graph\":[{\"@type\":\"Article\",\"@id\":\"https:\\\/\\\/fmgente.com.ar\\\/web\\\/murio-jurgen-habermas-un-referente-de-la-escuela-de-frankfurt\\\/#article\",\"isPartOf\":{\"@id\":\"https:\\\/\\\/fmgente.com.ar\\\/web\\\/murio-jurgen-habermas-un-referente-de-la-escuela-de-frankfurt\\\/\"},\"author\":{\"name\":\"\",\"@id\":\"\"},\"headline\":\"Muri\u00f3 J\u00fcrgen Habermas, un referente de la Escuela de Frankfurt\",\"datePublished\":\"2026-03-14T20:09:38+00:00\",\"mainEntityOfPage\":{\"@id\":\"https:\\\/\\\/fmgente.com.ar\\\/web\\\/murio-jurgen-habermas-un-referente-de-la-escuela-de-frankfurt\\\/\"},\"wordCount\":595,\"publisher\":{\"@id\":\"https:\\\/\\\/fmgente.com.ar\\\/web\\\/#organization\"},\"image\":{\"@id\":\"https:\\\/\\\/fmgente.com.ar\\\/web\\\/murio-jurgen-habermas-un-referente-de-la-escuela-de-frankfurt\\\/#primaryimage\"},\"thumbnailUrl\":\"https:\\\/\\\/fmgente.com.ar\\\/web\\\/wp-content\\\/uploads\\\/2026\\\/03\\\/portadax-69.png\",\"articleSection\":[\"DESTACADAS\"],\"inLanguage\":\"es\"},{\"@type\":\"WebPage\",\"@id\":\"https:\\\/\\\/fmgente.com.ar\\\/web\\\/murio-jurgen-habermas-un-referente-de-la-escuela-de-frankfurt\\\/\",\"url\":\"https:\\\/\\\/fmgente.com.ar\\\/web\\\/murio-jurgen-habermas-un-referente-de-la-escuela-de-frankfurt\\\/\",\"name\":\"Muri\u00f3 J\u00fcrgen Habermas, un referente de la Escuela de Frankfurt - Fm Gente\",\"isPartOf\":{\"@id\":\"https:\\\/\\\/fmgente.com.ar\\\/web\\\/#website\"},\"primaryImageOfPage\":{\"@id\":\"https:\\\/\\\/fmgente.com.ar\\\/web\\\/murio-jurgen-habermas-un-referente-de-la-escuela-de-frankfurt\\\/#primaryimage\"},\"image\":{\"@id\":\"https:\\\/\\\/fmgente.com.ar\\\/web\\\/murio-jurgen-habermas-un-referente-de-la-escuela-de-frankfurt\\\/#primaryimage\"},\"thumbnailUrl\":\"https:\\\/\\\/fmgente.com.ar\\\/web\\\/wp-content\\\/uploads\\\/2026\\\/03\\\/portadax-69.png\",\"datePublished\":\"2026-03-14T20:09:38+00:00\",\"inLanguage\":\"es\",\"potentialAction\":[{\"@type\":\"ReadAction\",\"target\":[\"https:\\\/\\\/fmgente.com.ar\\\/web\\\/murio-jurgen-habermas-un-referente-de-la-escuela-de-frankfurt\\\/\"]}]},{\"@type\":\"ImageObject\",\"inLanguage\":\"es\",\"@id\":\"https:\\\/\\\/fmgente.com.ar\\\/web\\\/murio-jurgen-habermas-un-referente-de-la-escuela-de-frankfurt\\\/#primaryimage\",\"url\":\"https:\\\/\\\/fmgente.com.ar\\\/web\\\/wp-content\\\/uploads\\\/2026\\\/03\\\/portadax-69.png\",\"contentUrl\":\"https:\\\/\\\/fmgente.com.ar\\\/web\\\/wp-content\\\/uploads\\\/2026\\\/03\\\/portadax-69.png\",\"width\":1366,\"height\":768},{\"@type\":\"WebSite\",\"@id\":\"https:\\\/\\\/fmgente.com.ar\\\/web\\\/#website\",\"url\":\"https:\\\/\\\/fmgente.com.ar\\\/web\\\/\",\"name\":\"Fm Gente\",\"description\":\"- Jes\u00fas Mar\u00eda\",\"publisher\":{\"@id\":\"https:\\\/\\\/fmgente.com.ar\\\/web\\\/#organization\"},\"potentialAction\":[{\"@type\":\"SearchAction\",\"target\":{\"@type\":\"EntryPoint\",\"urlTemplate\":\"https:\\\/\\\/fmgente.com.ar\\\/web\\\/?s={search_term_string}\"},\"query-input\":{\"@type\":\"PropertyValueSpecification\",\"valueRequired\":true,\"valueName\":\"search_term_string\"}}],\"inLanguage\":\"es\"},{\"@type\":\"Organization\",\"@id\":\"https:\\\/\\\/fmgente.com.ar\\\/web\\\/#organization\",\"name\":\"Fm Gente\",\"url\":\"https:\\\/\\\/fmgente.com.ar\\\/web\\\/\",\"logo\":{\"@type\":\"ImageObject\",\"inLanguage\":\"es\",\"@id\":\"https:\\\/\\\/fmgente.com.ar\\\/web\\\/#\\\/schema\\\/logo\\\/image\\\/\",\"url\":\"https:\\\/\\\/fmgente.com.ar\\\/web\\\/wp-content\\\/uploads\\\/2023\\\/07\\\/cropped-cropped-logo-sombra2.png\",\"contentUrl\":\"https:\\\/\\\/fmgente.com.ar\\\/web\\\/wp-content\\\/uploads\\\/2023\\\/07\\\/cropped-cropped-logo-sombra2.png\",\"width\":1782,\"height\":1782,\"caption\":\"Fm Gente\"},\"image\":{\"@id\":\"https:\\\/\\\/fmgente.com.ar\\\/web\\\/#\\\/schema\\\/logo\\\/image\\\/\"}}]}<\/script>\n<!-- \/ Yoast SEO plugin. -->","yoast_head_json":{"title":"Muri\u00f3 J\u00fcrgen Habermas, un referente de la Escuela de Frankfurt - Fm Gente","robots":{"index":"index","follow":"follow","max-snippet":"max-snippet:-1","max-image-preview":"max-image-preview:large","max-video-preview":"max-video-preview:-1"},"canonical":"https:\/\/fmgente.com.ar\/web\/murio-jurgen-habermas-un-referente-de-la-escuela-de-frankfurt\/","og_locale":"es_ES","og_type":"article","og_title":"Muri\u00f3 J\u00fcrgen Habermas, un referente de la Escuela de Frankfurt - Fm Gente","og_description":"El fil\u00f3sofo y soci\u00f3logo alem\u00e1n J\u00fcrgen Habermas, una de las figuras m\u00e1s influyentes del pensamiento","og_url":"https:\/\/fmgente.com.ar\/web\/murio-jurgen-habermas-un-referente-de-la-escuela-de-frankfurt\/","og_site_name":"Fm Gente","article_published_time":"2026-03-14T20:09:38+00:00","twitter_card":"summary_large_image","twitter_misc":{"Tiempo de lectura":"3 minutos"},"schema":{"@context":"https:\/\/schema.org","@graph":[{"@type":"Article","@id":"https:\/\/fmgente.com.ar\/web\/murio-jurgen-habermas-un-referente-de-la-escuela-de-frankfurt\/#article","isPartOf":{"@id":"https:\/\/fmgente.com.ar\/web\/murio-jurgen-habermas-un-referente-de-la-escuela-de-frankfurt\/"},"author":{"name":"","@id":""},"headline":"Muri\u00f3 J\u00fcrgen Habermas, un referente de la Escuela de Frankfurt","datePublished":"2026-03-14T20:09:38+00:00","mainEntityOfPage":{"@id":"https:\/\/fmgente.com.ar\/web\/murio-jurgen-habermas-un-referente-de-la-escuela-de-frankfurt\/"},"wordCount":595,"publisher":{"@id":"https:\/\/fmgente.com.ar\/web\/#organization"},"image":{"@id":"https:\/\/fmgente.com.ar\/web\/murio-jurgen-habermas-un-referente-de-la-escuela-de-frankfurt\/#primaryimage"},"thumbnailUrl":"https:\/\/fmgente.com.ar\/web\/wp-content\/uploads\/2026\/03\/portadax-69.png","articleSection":["DESTACADAS"],"inLanguage":"es"},{"@type":"WebPage","@id":"https:\/\/fmgente.com.ar\/web\/murio-jurgen-habermas-un-referente-de-la-escuela-de-frankfurt\/","url":"https:\/\/fmgente.com.ar\/web\/murio-jurgen-habermas-un-referente-de-la-escuela-de-frankfurt\/","name":"Muri\u00f3 J\u00fcrgen Habermas, un referente de la Escuela de Frankfurt - Fm Gente","isPartOf":{"@id":"https:\/\/fmgente.com.ar\/web\/#website"},"primaryImageOfPage":{"@id":"https:\/\/fmgente.com.ar\/web\/murio-jurgen-habermas-un-referente-de-la-escuela-de-frankfurt\/#primaryimage"},"image":{"@id":"https:\/\/fmgente.com.ar\/web\/murio-jurgen-habermas-un-referente-de-la-escuela-de-frankfurt\/#primaryimage"},"thumbnailUrl":"https:\/\/fmgente.com.ar\/web\/wp-content\/uploads\/2026\/03\/portadax-69.png","datePublished":"2026-03-14T20:09:38+00:00","inLanguage":"es","potentialAction":[{"@type":"ReadAction","target":["https:\/\/fmgente.com.ar\/web\/murio-jurgen-habermas-un-referente-de-la-escuela-de-frankfurt\/"]}]},{"@type":"ImageObject","inLanguage":"es","@id":"https:\/\/fmgente.com.ar\/web\/murio-jurgen-habermas-un-referente-de-la-escuela-de-frankfurt\/#primaryimage","url":"https:\/\/fmgente.com.ar\/web\/wp-content\/uploads\/2026\/03\/portadax-69.png","contentUrl":"https:\/\/fmgente.com.ar\/web\/wp-content\/uploads\/2026\/03\/portadax-69.png","width":1366,"height":768},{"@type":"WebSite","@id":"https:\/\/fmgente.com.ar\/web\/#website","url":"https:\/\/fmgente.com.ar\/web\/","name":"Fm Gente","description":"- Jes\u00fas Mar\u00eda","publisher":{"@id":"https:\/\/fmgente.com.ar\/web\/#organization"},"potentialAction":[{"@type":"SearchAction","target":{"@type":"EntryPoint","urlTemplate":"https:\/\/fmgente.com.ar\/web\/?s={search_term_string}"},"query-input":{"@type":"PropertyValueSpecification","valueRequired":true,"valueName":"search_term_string"}}],"inLanguage":"es"},{"@type":"Organization","@id":"https:\/\/fmgente.com.ar\/web\/#organization","name":"Fm Gente","url":"https:\/\/fmgente.com.ar\/web\/","logo":{"@type":"ImageObject","inLanguage":"es","@id":"https:\/\/fmgente.com.ar\/web\/#\/schema\/logo\/image\/","url":"https:\/\/fmgente.com.ar\/web\/wp-content\/uploads\/2023\/07\/cropped-cropped-logo-sombra2.png","contentUrl":"https:\/\/fmgente.com.ar\/web\/wp-content\/uploads\/2023\/07\/cropped-cropped-logo-sombra2.png","width":1782,"height":1782,"caption":"Fm Gente"},"image":{"@id":"https:\/\/fmgente.com.ar\/web\/#\/schema\/logo\/image\/"}}]}},"_links":{"self":[{"href":"https:\/\/fmgente.com.ar\/web\/wp-json\/wp\/v2\/posts\/15301","targetHints":{"allow":["GET"]}}],"collection":[{"href":"https:\/\/fmgente.com.ar\/web\/wp-json\/wp\/v2\/posts"}],"about":[{"href":"https:\/\/fmgente.com.ar\/web\/wp-json\/wp\/v2\/types\/post"}],"replies":[{"embeddable":true,"href":"https:\/\/fmgente.com.ar\/web\/wp-json\/wp\/v2\/comments?post=15301"}],"version-history":[{"count":0,"href":"https:\/\/fmgente.com.ar\/web\/wp-json\/wp\/v2\/posts\/15301\/revisions"}],"wp:featuredmedia":[{"embeddable":true,"href":"https:\/\/fmgente.com.ar\/web\/wp-json\/wp\/v2\/media\/15302"}],"wp:attachment":[{"href":"https:\/\/fmgente.com.ar\/web\/wp-json\/wp\/v2\/media?parent=15301"}],"wp:term":[{"taxonomy":"category","embeddable":true,"href":"https:\/\/fmgente.com.ar\/web\/wp-json\/wp\/v2\/categories?post=15301"},{"taxonomy":"post_tag","embeddable":true,"href":"https:\/\/fmgente.com.ar\/web\/wp-json\/wp\/v2\/tags?post=15301"}],"curies":[{"name":"wp","href":"https:\/\/api.w.org\/{rel}","templated":true}]}}