{"id":15291,"date":"2026-03-14T17:09:33","date_gmt":"2026-03-14T20:09:33","guid":{"rendered":"https:\/\/fmgente.com.ar\/web\/adorni-salio-a-victimizarse-y-mando-al-frente-a-milei-por-el-viaje-de-su-esposa-a-nueva-york\/"},"modified":"2026-03-14T17:09:33","modified_gmt":"2026-03-14T20:09:33","slug":"adorni-salio-a-victimizarse-y-mando-al-frente-a-milei-por-el-viaje-de-su-esposa-a-nueva-york","status":"publish","type":"post","link":"https:\/\/fmgente.com.ar\/web\/adorni-salio-a-victimizarse-y-mando-al-frente-a-milei-por-el-viaje-de-su-esposa-a-nueva-york\/","title":{"rendered":"Adorni sali\u00f3 a victimizarse y mand\u00f3 al frente a Milei por el viaje de su esposa a Nueva York"},"content":{"rendered":"<p>El jefe de Gabinete, Manuel Adorni, volvi\u00f3 a referirse a la pol\u00e9mica generada por el viaje de su esposa junto a la comitiva oficial durante la gira presidencial por Estados Unidos. <\/p>\n<p>En una nueva declaraci\u00f3n p\u00fablica, el funcionario insisti\u00f3 en que la presencia de su pareja no tuvo irregularidades. \u201cMi mujer fue una invitada del presidente\u201d, afirm\u00f3.<\/p>\n<p>De esa manera, intent\u00f3 justificar la participaci\u00f3n de su esposa en el viaje oficial a Nueva York, en medio de los cuestionamientos pol\u00edticos y medi\u00e1ticos que surgieron en los \u00faltimos d\u00edas.<\/p>\n<p>En ese marco, el funcionario sostuvo adem\u00e1s que \u201cprobablemente no tenga sentido\u201d que su esposa vuelva a viajar con \u00e9l al exterior, y para victimizarse dijo que esoimplicar\u00eda \u201cexponerse a que una manga de seres llenos de maldad\u201d.<\/p>\n","protected":false},"excerpt":{"rendered":"<p>El jefe de Gabinete, Manuel Adorni, volvi\u00f3 a referirse a la pol\u00e9mica generada por el<\/p>\n","protected":false},"author":0,"featured_media":15292,"comment_status":"","ping_status":"","sticky":false,"template":"","format":"standard","meta":{"footnotes":""},"categories":[11],"tags":[],"class_list":["post-15291","post","type-post","status-publish","format-standard","has-post-thumbnail","hentry","category-destacadas"],"yoast_head":"<!-- This site is optimized with the Yoast SEO plugin v27.4 - https:\/\/yoast.com\/product\/yoast-seo-wordpress\/ -->\n<title>Adorni sali\u00f3 a victimizarse y mand\u00f3 al frente a Milei por el viaje de su esposa a Nueva York - Fm Gente<\/title>\n<meta name=\"robots\" content=\"index, follow, max-snippet:-1, max-image-preview:large, max-video-preview:-1\" \/>\n<link rel=\"canonical\" href=\"https:\/\/fmgente.com.ar\/web\/adorni-salio-a-victimizarse-y-mando-al-frente-a-milei-por-el-viaje-de-su-esposa-a-nueva-york\/\" \/>\n<meta property=\"og:locale\" content=\"es_ES\" \/>\n<meta property=\"og:type\" content=\"article\" \/>\n<meta property=\"og:title\" content=\"Adorni sali\u00f3 a victimizarse y mand\u00f3 al frente a Milei por el viaje de su esposa a Nueva York - Fm Gente\" \/>\n<meta property=\"og:description\" content=\"El jefe de Gabinete, Manuel Adorni, volvi\u00f3 a referirse a la pol\u00e9mica generada por el\" \/>\n<meta property=\"og:url\" content=\"https:\/\/fmgente.com.ar\/web\/adorni-salio-a-victimizarse-y-mando-al-frente-a-milei-por-el-viaje-de-su-esposa-a-nueva-york\/\" \/>\n<meta property=\"og:site_name\" content=\"Fm Gente\" \/>\n<meta property=\"article:published_time\" content=\"2026-03-14T20:09:33+00:00\" \/>\n<meta name=\"twitter:card\" content=\"summary_large_image\" \/>\n<meta name=\"twitter:label1\" content=\"Tiempo de lectura\" \/>\n\t<meta name=\"twitter:data1\" content=\"1 minuto\" \/>\n<script type=\"application\/ld+json\" class=\"yoast-schema-graph\">{\"@context\":\"https:\\\/\\\/schema.org\",\"@graph\":[{\"@type\":\"Article\",\"@id\":\"https:\\\/\\\/fmgente.com.ar\\\/web\\\/adorni-salio-a-victimizarse-y-mando-al-frente-a-milei-por-el-viaje-de-su-esposa-a-nueva-york\\\/#article\",\"isPartOf\":{\"@id\":\"https:\\\/\\\/fmgente.com.ar\\\/web\\\/adorni-salio-a-victimizarse-y-mando-al-frente-a-milei-por-el-viaje-de-su-esposa-a-nueva-york\\\/\"},\"author\":{\"name\":\"\",\"@id\":\"\"},\"headline\":\"Adorni sali\u00f3 a victimizarse y mand\u00f3 al frente a Milei por el viaje de su esposa a Nueva York\",\"datePublished\":\"2026-03-14T20:09:33+00:00\",\"mainEntityOfPage\":{\"@id\":\"https:\\\/\\\/fmgente.com.ar\\\/web\\\/adorni-salio-a-victimizarse-y-mando-al-frente-a-milei-por-el-viaje-de-su-esposa-a-nueva-york\\\/\"},\"wordCount\":154,\"publisher\":{\"@id\":\"https:\\\/\\\/fmgente.com.ar\\\/web\\\/#organization\"},\"image\":{\"@id\":\"https:\\\/\\\/fmgente.com.ar\\\/web\\\/adorni-salio-a-victimizarse-y-mando-al-frente-a-milei-por-el-viaje-de-su-esposa-a-nueva-york\\\/#primaryimage\"},\"thumbnailUrl\":\"https:\\\/\\\/fmgente.com.ar\\\/web\\\/wp-content\\\/uploads\\\/2026\\\/03\\\/720-591.jpeg\",\"articleSection\":[\"DESTACADAS\"],\"inLanguage\":\"es\"},{\"@type\":\"WebPage\",\"@id\":\"https:\\\/\\\/fmgente.com.ar\\\/web\\\/adorni-salio-a-victimizarse-y-mando-al-frente-a-milei-por-el-viaje-de-su-esposa-a-nueva-york\\\/\",\"url\":\"https:\\\/\\\/fmgente.com.ar\\\/web\\\/adorni-salio-a-victimizarse-y-mando-al-frente-a-milei-por-el-viaje-de-su-esposa-a-nueva-york\\\/\",\"name\":\"Adorni sali\u00f3 a victimizarse y mand\u00f3 al frente a Milei por el viaje de su esposa a Nueva York - Fm Gente\",\"isPartOf\":{\"@id\":\"https:\\\/\\\/fmgente.com.ar\\\/web\\\/#website\"},\"primaryImageOfPage\":{\"@id\":\"https:\\\/\\\/fmgente.com.ar\\\/web\\\/adorni-salio-a-victimizarse-y-mando-al-frente-a-milei-por-el-viaje-de-su-esposa-a-nueva-york\\\/#primaryimage\"},\"image\":{\"@id\":\"https:\\\/\\\/fmgente.com.ar\\\/web\\\/adorni-salio-a-victimizarse-y-mando-al-frente-a-milei-por-el-viaje-de-su-esposa-a-nueva-york\\\/#primaryimage\"},\"thumbnailUrl\":\"https:\\\/\\\/fmgente.com.ar\\\/web\\\/wp-content\\\/uploads\\\/2026\\\/03\\\/720-591.jpeg\",\"datePublished\":\"2026-03-14T20:09:33+00:00\",\"inLanguage\":\"es\",\"potentialAction\":[{\"@type\":\"ReadAction\",\"target\":[\"https:\\\/\\\/fmgente.com.ar\\\/web\\\/adorni-salio-a-victimizarse-y-mando-al-frente-a-milei-por-el-viaje-de-su-esposa-a-nueva-york\\\/\"]}]},{\"@type\":\"ImageObject\",\"inLanguage\":\"es\",\"@id\":\"https:\\\/\\\/fmgente.com.ar\\\/web\\\/adorni-salio-a-victimizarse-y-mando-al-frente-a-milei-por-el-viaje-de-su-esposa-a-nueva-york\\\/#primaryimage\",\"url\":\"https:\\\/\\\/fmgente.com.ar\\\/web\\\/wp-content\\\/uploads\\\/2026\\\/03\\\/720-591.jpeg\",\"contentUrl\":\"https:\\\/\\\/fmgente.com.ar\\\/web\\\/wp-content\\\/uploads\\\/2026\\\/03\\\/720-591.jpeg\",\"width\":1054,\"height\":720},{\"@type\":\"WebSite\",\"@id\":\"https:\\\/\\\/fmgente.com.ar\\\/web\\\/#website\",\"url\":\"https:\\\/\\\/fmgente.com.ar\\\/web\\\/\",\"name\":\"Fm Gente\",\"description\":\"- Jes\u00fas Mar\u00eda\",\"publisher\":{\"@id\":\"https:\\\/\\\/fmgente.com.ar\\\/web\\\/#organization\"},\"potentialAction\":[{\"@type\":\"SearchAction\",\"target\":{\"@type\":\"EntryPoint\",\"urlTemplate\":\"https:\\\/\\\/fmgente.com.ar\\\/web\\\/?s={search_term_string}\"},\"query-input\":{\"@type\":\"PropertyValueSpecification\",\"valueRequired\":true,\"valueName\":\"search_term_string\"}}],\"inLanguage\":\"es\"},{\"@type\":\"Organization\",\"@id\":\"https:\\\/\\\/fmgente.com.ar\\\/web\\\/#organization\",\"name\":\"Fm Gente\",\"url\":\"https:\\\/\\\/fmgente.com.ar\\\/web\\\/\",\"logo\":{\"@type\":\"ImageObject\",\"inLanguage\":\"es\",\"@id\":\"https:\\\/\\\/fmgente.com.ar\\\/web\\\/#\\\/schema\\\/logo\\\/image\\\/\",\"url\":\"https:\\\/\\\/fmgente.com.ar\\\/web\\\/wp-content\\\/uploads\\\/2023\\\/07\\\/cropped-cropped-logo-sombra2.png\",\"contentUrl\":\"https:\\\/\\\/fmgente.com.ar\\\/web\\\/wp-content\\\/uploads\\\/2023\\\/07\\\/cropped-cropped-logo-sombra2.png\",\"width\":1782,\"height\":1782,\"caption\":\"Fm Gente\"},\"image\":{\"@id\":\"https:\\\/\\\/fmgente.com.ar\\\/web\\\/#\\\/schema\\\/logo\\\/image\\\/\"}}]}<\/script>\n<!-- \/ Yoast SEO plugin. -->","yoast_head_json":{"title":"Adorni sali\u00f3 a victimizarse y mand\u00f3 al frente a Milei por el viaje de su esposa a Nueva York - Fm Gente","robots":{"index":"index","follow":"follow","max-snippet":"max-snippet:-1","max-image-preview":"max-image-preview:large","max-video-preview":"max-video-preview:-1"},"canonical":"https:\/\/fmgente.com.ar\/web\/adorni-salio-a-victimizarse-y-mando-al-frente-a-milei-por-el-viaje-de-su-esposa-a-nueva-york\/","og_locale":"es_ES","og_type":"article","og_title":"Adorni sali\u00f3 a victimizarse y mand\u00f3 al frente a Milei por el viaje de su esposa a Nueva York - Fm Gente","og_description":"El jefe de Gabinete, Manuel Adorni, volvi\u00f3 a referirse a la pol\u00e9mica generada por el","og_url":"https:\/\/fmgente.com.ar\/web\/adorni-salio-a-victimizarse-y-mando-al-frente-a-milei-por-el-viaje-de-su-esposa-a-nueva-york\/","og_site_name":"Fm Gente","article_published_time":"2026-03-14T20:09:33+00:00","twitter_card":"summary_large_image","twitter_misc":{"Tiempo de lectura":"1 minuto"},"schema":{"@context":"https:\/\/schema.org","@graph":[{"@type":"Article","@id":"https:\/\/fmgente.com.ar\/web\/adorni-salio-a-victimizarse-y-mando-al-frente-a-milei-por-el-viaje-de-su-esposa-a-nueva-york\/#article","isPartOf":{"@id":"https:\/\/fmgente.com.ar\/web\/adorni-salio-a-victimizarse-y-mando-al-frente-a-milei-por-el-viaje-de-su-esposa-a-nueva-york\/"},"author":{"name":"","@id":""},"headline":"Adorni sali\u00f3 a victimizarse y mand\u00f3 al frente a Milei por el viaje de su esposa a Nueva York","datePublished":"2026-03-14T20:09:33+00:00","mainEntityOfPage":{"@id":"https:\/\/fmgente.com.ar\/web\/adorni-salio-a-victimizarse-y-mando-al-frente-a-milei-por-el-viaje-de-su-esposa-a-nueva-york\/"},"wordCount":154,"publisher":{"@id":"https:\/\/fmgente.com.ar\/web\/#organization"},"image":{"@id":"https:\/\/fmgente.com.ar\/web\/adorni-salio-a-victimizarse-y-mando-al-frente-a-milei-por-el-viaje-de-su-esposa-a-nueva-york\/#primaryimage"},"thumbnailUrl":"https:\/\/fmgente.com.ar\/web\/wp-content\/uploads\/2026\/03\/720-591.jpeg","articleSection":["DESTACADAS"],"inLanguage":"es"},{"@type":"WebPage","@id":"https:\/\/fmgente.com.ar\/web\/adorni-salio-a-victimizarse-y-mando-al-frente-a-milei-por-el-viaje-de-su-esposa-a-nueva-york\/","url":"https:\/\/fmgente.com.ar\/web\/adorni-salio-a-victimizarse-y-mando-al-frente-a-milei-por-el-viaje-de-su-esposa-a-nueva-york\/","name":"Adorni sali\u00f3 a victimizarse y mand\u00f3 al frente a Milei por el viaje de su esposa a Nueva York - Fm Gente","isPartOf":{"@id":"https:\/\/fmgente.com.ar\/web\/#website"},"primaryImageOfPage":{"@id":"https:\/\/fmgente.com.ar\/web\/adorni-salio-a-victimizarse-y-mando-al-frente-a-milei-por-el-viaje-de-su-esposa-a-nueva-york\/#primaryimage"},"image":{"@id":"https:\/\/fmgente.com.ar\/web\/adorni-salio-a-victimizarse-y-mando-al-frente-a-milei-por-el-viaje-de-su-esposa-a-nueva-york\/#primaryimage"},"thumbnailUrl":"https:\/\/fmgente.com.ar\/web\/wp-content\/uploads\/2026\/03\/720-591.jpeg","datePublished":"2026-03-14T20:09:33+00:00","inLanguage":"es","potentialAction":[{"@type":"ReadAction","target":["https:\/\/fmgente.com.ar\/web\/adorni-salio-a-victimizarse-y-mando-al-frente-a-milei-por-el-viaje-de-su-esposa-a-nueva-york\/"]}]},{"@type":"ImageObject","inLanguage":"es","@id":"https:\/\/fmgente.com.ar\/web\/adorni-salio-a-victimizarse-y-mando-al-frente-a-milei-por-el-viaje-de-su-esposa-a-nueva-york\/#primaryimage","url":"https:\/\/fmgente.com.ar\/web\/wp-content\/uploads\/2026\/03\/720-591.jpeg","contentUrl":"https:\/\/fmgente.com.ar\/web\/wp-content\/uploads\/2026\/03\/720-591.jpeg","width":1054,"height":720},{"@type":"WebSite","@id":"https:\/\/fmgente.com.ar\/web\/#website","url":"https:\/\/fmgente.com.ar\/web\/","name":"Fm Gente","description":"- Jes\u00fas Mar\u00eda","publisher":{"@id":"https:\/\/fmgente.com.ar\/web\/#organization"},"potentialAction":[{"@type":"SearchAction","target":{"@type":"EntryPoint","urlTemplate":"https:\/\/fmgente.com.ar\/web\/?s={search_term_string}"},"query-input":{"@type":"PropertyValueSpecification","valueRequired":true,"valueName":"search_term_string"}}],"inLanguage":"es"},{"@type":"Organization","@id":"https:\/\/fmgente.com.ar\/web\/#organization","name":"Fm Gente","url":"https:\/\/fmgente.com.ar\/web\/","logo":{"@type":"ImageObject","inLanguage":"es","@id":"https:\/\/fmgente.com.ar\/web\/#\/schema\/logo\/image\/","url":"https:\/\/fmgente.com.ar\/web\/wp-content\/uploads\/2023\/07\/cropped-cropped-logo-sombra2.png","contentUrl":"https:\/\/fmgente.com.ar\/web\/wp-content\/uploads\/2023\/07\/cropped-cropped-logo-sombra2.png","width":1782,"height":1782,"caption":"Fm Gente"},"image":{"@id":"https:\/\/fmgente.com.ar\/web\/#\/schema\/logo\/image\/"}}]}},"_links":{"self":[{"href":"https:\/\/fmgente.com.ar\/web\/wp-json\/wp\/v2\/posts\/15291","targetHints":{"allow":["GET"]}}],"collection":[{"href":"https:\/\/fmgente.com.ar\/web\/wp-json\/wp\/v2\/posts"}],"about":[{"href":"https:\/\/fmgente.com.ar\/web\/wp-json\/wp\/v2\/types\/post"}],"replies":[{"embeddable":true,"href":"https:\/\/fmgente.com.ar\/web\/wp-json\/wp\/v2\/comments?post=15291"}],"version-history":[{"count":0,"href":"https:\/\/fmgente.com.ar\/web\/wp-json\/wp\/v2\/posts\/15291\/revisions"}],"wp:featuredmedia":[{"embeddable":true,"href":"https:\/\/fmgente.com.ar\/web\/wp-json\/wp\/v2\/media\/15292"}],"wp:attachment":[{"href":"https:\/\/fmgente.com.ar\/web\/wp-json\/wp\/v2\/media?parent=15291"}],"wp:term":[{"taxonomy":"category","embeddable":true,"href":"https:\/\/fmgente.com.ar\/web\/wp-json\/wp\/v2\/categories?post=15291"},{"taxonomy":"post_tag","embeddable":true,"href":"https:\/\/fmgente.com.ar\/web\/wp-json\/wp\/v2\/tags?post=15291"}],"curies":[{"name":"wp","href":"https:\/\/api.w.org\/{rel}","templated":true}]}}