{"id":15287,"date":"2026-03-14T17:09:27","date_gmt":"2026-03-14T20:09:27","guid":{"rendered":"https:\/\/fmgente.com.ar\/web\/el-secretario-general-de-la-onu-le-pide-a-hezbola-e-israel-que-usen-la-diplomacia-para-frenar-el-conflicto\/"},"modified":"2026-03-14T17:09:27","modified_gmt":"2026-03-14T20:09:27","slug":"el-secretario-general-de-la-onu-le-pide-a-hezbola-e-israel-que-usen-la-diplomacia-para-frenar-el-conflicto","status":"publish","type":"post","link":"https:\/\/fmgente.com.ar\/web\/el-secretario-general-de-la-onu-le-pide-a-hezbola-e-israel-que-usen-la-diplomacia-para-frenar-el-conflicto\/","title":{"rendered":"El secretario general de la ONU le pide a Hezbol\u00e1 e Israel que usen la diplomacia para frenar el conflicto"},"content":{"rendered":"<p>Buenos Aires, 14 marzo (NA)&#8211; Ant\u00f3nio Guterres, secretario general de la Organizaci\u00f3n de las Naciones Unidas (ONU), le solicit\u00f3 a Israel y Hezbol\u00e1 que recurran al di\u00e1logo y a las v\u00edas diplom\u00e1ticas disponibles.<\/p>\n<p>Seg\u00fan sup\u00f3 la Agencia Noticias Agentinas, Guterres alert\u00f3 este s\u00e1bado en Beirut que no existe una salida militar al actual conflicto entre la organizaci\u00f3n terrorista y el pa\u00eds de Oriente Medio.<\/p>\n<p>\u00abMi mensaje a las partes beligerantes es claro: detengan los enfrentamientos, detengan los bombardeos, no hay una soluci\u00f3n militar. Solo diplomacia, di\u00e1logo y la total implementaci\u00f3n de la carta de la ONU y las resoluciones del Consejo de Seguridad\u00bb, dijo durante una rueda de prensa.<\/p>\n<p>El secretario general de la ONU record\u00f3 la exisencia e diversas v\u00edas diplom\u00e1ticas a disposici\u00f3n de las partes y destac\u00f3, adem\u00e1s, que la poblaci\u00f3n de el L\u00edbano no escogi\u00f3 formar parte de este estallido de violencia, el cual inici\u00f3 luego de que Hezbol\u00e1 atacara el pasado 2 de marzo el norte de Israel y de que este respondiera con el lanzamiento de una intensa ofensiva a\u00e9rea.<\/p>\n<p>#AgenciaNA<\/p>\n","protected":false},"excerpt":{"rendered":"<p>Buenos Aires, 14 marzo (NA)&#8211; Ant\u00f3nio Guterres, secretario general de la Organizaci\u00f3n de las Naciones<\/p>\n","protected":false},"author":0,"featured_media":15288,"comment_status":"","ping_status":"","sticky":false,"template":"","format":"standard","meta":{"footnotes":""},"categories":[11],"tags":[],"class_list":["post-15287","post","type-post","status-publish","format-standard","has-post-thumbnail","hentry","category-destacadas"],"yoast_head":"<!-- This site is optimized with the Yoast SEO plugin v27.4 - https:\/\/yoast.com\/product\/yoast-seo-wordpress\/ -->\n<title>El secretario general de la ONU le pide a Hezbol\u00e1 e Israel que usen la diplomacia para frenar el conflicto - Fm Gente<\/title>\n<meta name=\"robots\" content=\"index, follow, max-snippet:-1, max-image-preview:large, max-video-preview:-1\" \/>\n<link rel=\"canonical\" href=\"https:\/\/fmgente.com.ar\/web\/el-secretario-general-de-la-onu-le-pide-a-hezbola-e-israel-que-usen-la-diplomacia-para-frenar-el-conflicto\/\" \/>\n<meta property=\"og:locale\" content=\"es_ES\" \/>\n<meta property=\"og:type\" content=\"article\" \/>\n<meta property=\"og:title\" content=\"El secretario general de la ONU le pide a Hezbol\u00e1 e Israel que usen la diplomacia para frenar el conflicto - Fm Gente\" \/>\n<meta property=\"og:description\" content=\"Buenos Aires, 14 marzo (NA)&#8211; Ant\u00f3nio Guterres, secretario general de la Organizaci\u00f3n de las Naciones\" \/>\n<meta property=\"og:url\" content=\"https:\/\/fmgente.com.ar\/web\/el-secretario-general-de-la-onu-le-pide-a-hezbola-e-israel-que-usen-la-diplomacia-para-frenar-el-conflicto\/\" \/>\n<meta property=\"og:site_name\" content=\"Fm Gente\" \/>\n<meta property=\"article:published_time\" content=\"2026-03-14T20:09:27+00:00\" \/>\n<meta name=\"twitter:card\" content=\"summary_large_image\" \/>\n<meta name=\"twitter:label1\" content=\"Tiempo de lectura\" \/>\n\t<meta name=\"twitter:data1\" content=\"1 minuto\" \/>\n<script type=\"application\/ld+json\" class=\"yoast-schema-graph\">{\"@context\":\"https:\\\/\\\/schema.org\",\"@graph\":[{\"@type\":\"Article\",\"@id\":\"https:\\\/\\\/fmgente.com.ar\\\/web\\\/el-secretario-general-de-la-onu-le-pide-a-hezbola-e-israel-que-usen-la-diplomacia-para-frenar-el-conflicto\\\/#article\",\"isPartOf\":{\"@id\":\"https:\\\/\\\/fmgente.com.ar\\\/web\\\/el-secretario-general-de-la-onu-le-pide-a-hezbola-e-israel-que-usen-la-diplomacia-para-frenar-el-conflicto\\\/\"},\"author\":{\"name\":\"\",\"@id\":\"\"},\"headline\":\"El secretario general de la ONU le pide a Hezbol\u00e1 e Israel que usen la diplomacia para frenar el conflicto\",\"datePublished\":\"2026-03-14T20:09:27+00:00\",\"mainEntityOfPage\":{\"@id\":\"https:\\\/\\\/fmgente.com.ar\\\/web\\\/el-secretario-general-de-la-onu-le-pide-a-hezbola-e-israel-que-usen-la-diplomacia-para-frenar-el-conflicto\\\/\"},\"wordCount\":214,\"publisher\":{\"@id\":\"https:\\\/\\\/fmgente.com.ar\\\/web\\\/#organization\"},\"image\":{\"@id\":\"https:\\\/\\\/fmgente.com.ar\\\/web\\\/el-secretario-general-de-la-onu-le-pide-a-hezbola-e-israel-que-usen-la-diplomacia-para-frenar-el-conflicto\\\/#primaryimage\"},\"thumbnailUrl\":\"https:\\\/\\\/fmgente.com.ar\\\/web\\\/wp-content\\\/uploads\\\/2026\\\/03\\\/720-590.jpeg\",\"articleSection\":[\"DESTACADAS\"],\"inLanguage\":\"es\"},{\"@type\":\"WebPage\",\"@id\":\"https:\\\/\\\/fmgente.com.ar\\\/web\\\/el-secretario-general-de-la-onu-le-pide-a-hezbola-e-israel-que-usen-la-diplomacia-para-frenar-el-conflicto\\\/\",\"url\":\"https:\\\/\\\/fmgente.com.ar\\\/web\\\/el-secretario-general-de-la-onu-le-pide-a-hezbola-e-israel-que-usen-la-diplomacia-para-frenar-el-conflicto\\\/\",\"name\":\"El secretario general de la ONU le pide a Hezbol\u00e1 e Israel que usen la diplomacia para frenar el conflicto - Fm Gente\",\"isPartOf\":{\"@id\":\"https:\\\/\\\/fmgente.com.ar\\\/web\\\/#website\"},\"primaryImageOfPage\":{\"@id\":\"https:\\\/\\\/fmgente.com.ar\\\/web\\\/el-secretario-general-de-la-onu-le-pide-a-hezbola-e-israel-que-usen-la-diplomacia-para-frenar-el-conflicto\\\/#primaryimage\"},\"image\":{\"@id\":\"https:\\\/\\\/fmgente.com.ar\\\/web\\\/el-secretario-general-de-la-onu-le-pide-a-hezbola-e-israel-que-usen-la-diplomacia-para-frenar-el-conflicto\\\/#primaryimage\"},\"thumbnailUrl\":\"https:\\\/\\\/fmgente.com.ar\\\/web\\\/wp-content\\\/uploads\\\/2026\\\/03\\\/720-590.jpeg\",\"datePublished\":\"2026-03-14T20:09:27+00:00\",\"inLanguage\":\"es\",\"potentialAction\":[{\"@type\":\"ReadAction\",\"target\":[\"https:\\\/\\\/fmgente.com.ar\\\/web\\\/el-secretario-general-de-la-onu-le-pide-a-hezbola-e-israel-que-usen-la-diplomacia-para-frenar-el-conflicto\\\/\"]}]},{\"@type\":\"ImageObject\",\"inLanguage\":\"es\",\"@id\":\"https:\\\/\\\/fmgente.com.ar\\\/web\\\/el-secretario-general-de-la-onu-le-pide-a-hezbola-e-israel-que-usen-la-diplomacia-para-frenar-el-conflicto\\\/#primaryimage\",\"url\":\"https:\\\/\\\/fmgente.com.ar\\\/web\\\/wp-content\\\/uploads\\\/2026\\\/03\\\/720-590.jpeg\",\"contentUrl\":\"https:\\\/\\\/fmgente.com.ar\\\/web\\\/wp-content\\\/uploads\\\/2026\\\/03\\\/720-590.jpeg\",\"width\":1017,\"height\":720},{\"@type\":\"WebSite\",\"@id\":\"https:\\\/\\\/fmgente.com.ar\\\/web\\\/#website\",\"url\":\"https:\\\/\\\/fmgente.com.ar\\\/web\\\/\",\"name\":\"Fm Gente\",\"description\":\"- Jes\u00fas Mar\u00eda\",\"publisher\":{\"@id\":\"https:\\\/\\\/fmgente.com.ar\\\/web\\\/#organization\"},\"potentialAction\":[{\"@type\":\"SearchAction\",\"target\":{\"@type\":\"EntryPoint\",\"urlTemplate\":\"https:\\\/\\\/fmgente.com.ar\\\/web\\\/?s={search_term_string}\"},\"query-input\":{\"@type\":\"PropertyValueSpecification\",\"valueRequired\":true,\"valueName\":\"search_term_string\"}}],\"inLanguage\":\"es\"},{\"@type\":\"Organization\",\"@id\":\"https:\\\/\\\/fmgente.com.ar\\\/web\\\/#organization\",\"name\":\"Fm Gente\",\"url\":\"https:\\\/\\\/fmgente.com.ar\\\/web\\\/\",\"logo\":{\"@type\":\"ImageObject\",\"inLanguage\":\"es\",\"@id\":\"https:\\\/\\\/fmgente.com.ar\\\/web\\\/#\\\/schema\\\/logo\\\/image\\\/\",\"url\":\"https:\\\/\\\/fmgente.com.ar\\\/web\\\/wp-content\\\/uploads\\\/2023\\\/07\\\/cropped-cropped-logo-sombra2.png\",\"contentUrl\":\"https:\\\/\\\/fmgente.com.ar\\\/web\\\/wp-content\\\/uploads\\\/2023\\\/07\\\/cropped-cropped-logo-sombra2.png\",\"width\":1782,\"height\":1782,\"caption\":\"Fm Gente\"},\"image\":{\"@id\":\"https:\\\/\\\/fmgente.com.ar\\\/web\\\/#\\\/schema\\\/logo\\\/image\\\/\"}}]}<\/script>\n<!-- \/ Yoast SEO plugin. -->","yoast_head_json":{"title":"El secretario general de la ONU le pide a Hezbol\u00e1 e Israel que usen la diplomacia para frenar el conflicto - Fm Gente","robots":{"index":"index","follow":"follow","max-snippet":"max-snippet:-1","max-image-preview":"max-image-preview:large","max-video-preview":"max-video-preview:-1"},"canonical":"https:\/\/fmgente.com.ar\/web\/el-secretario-general-de-la-onu-le-pide-a-hezbola-e-israel-que-usen-la-diplomacia-para-frenar-el-conflicto\/","og_locale":"es_ES","og_type":"article","og_title":"El secretario general de la ONU le pide a Hezbol\u00e1 e Israel que usen la diplomacia para frenar el conflicto - Fm Gente","og_description":"Buenos Aires, 14 marzo (NA)&#8211; Ant\u00f3nio Guterres, secretario general de la Organizaci\u00f3n de las Naciones","og_url":"https:\/\/fmgente.com.ar\/web\/el-secretario-general-de-la-onu-le-pide-a-hezbola-e-israel-que-usen-la-diplomacia-para-frenar-el-conflicto\/","og_site_name":"Fm Gente","article_published_time":"2026-03-14T20:09:27+00:00","twitter_card":"summary_large_image","twitter_misc":{"Tiempo de lectura":"1 minuto"},"schema":{"@context":"https:\/\/schema.org","@graph":[{"@type":"Article","@id":"https:\/\/fmgente.com.ar\/web\/el-secretario-general-de-la-onu-le-pide-a-hezbola-e-israel-que-usen-la-diplomacia-para-frenar-el-conflicto\/#article","isPartOf":{"@id":"https:\/\/fmgente.com.ar\/web\/el-secretario-general-de-la-onu-le-pide-a-hezbola-e-israel-que-usen-la-diplomacia-para-frenar-el-conflicto\/"},"author":{"name":"","@id":""},"headline":"El secretario general de la ONU le pide a Hezbol\u00e1 e Israel que usen la diplomacia para frenar el conflicto","datePublished":"2026-03-14T20:09:27+00:00","mainEntityOfPage":{"@id":"https:\/\/fmgente.com.ar\/web\/el-secretario-general-de-la-onu-le-pide-a-hezbola-e-israel-que-usen-la-diplomacia-para-frenar-el-conflicto\/"},"wordCount":214,"publisher":{"@id":"https:\/\/fmgente.com.ar\/web\/#organization"},"image":{"@id":"https:\/\/fmgente.com.ar\/web\/el-secretario-general-de-la-onu-le-pide-a-hezbola-e-israel-que-usen-la-diplomacia-para-frenar-el-conflicto\/#primaryimage"},"thumbnailUrl":"https:\/\/fmgente.com.ar\/web\/wp-content\/uploads\/2026\/03\/720-590.jpeg","articleSection":["DESTACADAS"],"inLanguage":"es"},{"@type":"WebPage","@id":"https:\/\/fmgente.com.ar\/web\/el-secretario-general-de-la-onu-le-pide-a-hezbola-e-israel-que-usen-la-diplomacia-para-frenar-el-conflicto\/","url":"https:\/\/fmgente.com.ar\/web\/el-secretario-general-de-la-onu-le-pide-a-hezbola-e-israel-que-usen-la-diplomacia-para-frenar-el-conflicto\/","name":"El secretario general de la ONU le pide a Hezbol\u00e1 e Israel que usen la diplomacia para frenar el conflicto - Fm Gente","isPartOf":{"@id":"https:\/\/fmgente.com.ar\/web\/#website"},"primaryImageOfPage":{"@id":"https:\/\/fmgente.com.ar\/web\/el-secretario-general-de-la-onu-le-pide-a-hezbola-e-israel-que-usen-la-diplomacia-para-frenar-el-conflicto\/#primaryimage"},"image":{"@id":"https:\/\/fmgente.com.ar\/web\/el-secretario-general-de-la-onu-le-pide-a-hezbola-e-israel-que-usen-la-diplomacia-para-frenar-el-conflicto\/#primaryimage"},"thumbnailUrl":"https:\/\/fmgente.com.ar\/web\/wp-content\/uploads\/2026\/03\/720-590.jpeg","datePublished":"2026-03-14T20:09:27+00:00","inLanguage":"es","potentialAction":[{"@type":"ReadAction","target":["https:\/\/fmgente.com.ar\/web\/el-secretario-general-de-la-onu-le-pide-a-hezbola-e-israel-que-usen-la-diplomacia-para-frenar-el-conflicto\/"]}]},{"@type":"ImageObject","inLanguage":"es","@id":"https:\/\/fmgente.com.ar\/web\/el-secretario-general-de-la-onu-le-pide-a-hezbola-e-israel-que-usen-la-diplomacia-para-frenar-el-conflicto\/#primaryimage","url":"https:\/\/fmgente.com.ar\/web\/wp-content\/uploads\/2026\/03\/720-590.jpeg","contentUrl":"https:\/\/fmgente.com.ar\/web\/wp-content\/uploads\/2026\/03\/720-590.jpeg","width":1017,"height":720},{"@type":"WebSite","@id":"https:\/\/fmgente.com.ar\/web\/#website","url":"https:\/\/fmgente.com.ar\/web\/","name":"Fm Gente","description":"- Jes\u00fas Mar\u00eda","publisher":{"@id":"https:\/\/fmgente.com.ar\/web\/#organization"},"potentialAction":[{"@type":"SearchAction","target":{"@type":"EntryPoint","urlTemplate":"https:\/\/fmgente.com.ar\/web\/?s={search_term_string}"},"query-input":{"@type":"PropertyValueSpecification","valueRequired":true,"valueName":"search_term_string"}}],"inLanguage":"es"},{"@type":"Organization","@id":"https:\/\/fmgente.com.ar\/web\/#organization","name":"Fm Gente","url":"https:\/\/fmgente.com.ar\/web\/","logo":{"@type":"ImageObject","inLanguage":"es","@id":"https:\/\/fmgente.com.ar\/web\/#\/schema\/logo\/image\/","url":"https:\/\/fmgente.com.ar\/web\/wp-content\/uploads\/2023\/07\/cropped-cropped-logo-sombra2.png","contentUrl":"https:\/\/fmgente.com.ar\/web\/wp-content\/uploads\/2023\/07\/cropped-cropped-logo-sombra2.png","width":1782,"height":1782,"caption":"Fm Gente"},"image":{"@id":"https:\/\/fmgente.com.ar\/web\/#\/schema\/logo\/image\/"}}]}},"_links":{"self":[{"href":"https:\/\/fmgente.com.ar\/web\/wp-json\/wp\/v2\/posts\/15287","targetHints":{"allow":["GET"]}}],"collection":[{"href":"https:\/\/fmgente.com.ar\/web\/wp-json\/wp\/v2\/posts"}],"about":[{"href":"https:\/\/fmgente.com.ar\/web\/wp-json\/wp\/v2\/types\/post"}],"replies":[{"embeddable":true,"href":"https:\/\/fmgente.com.ar\/web\/wp-json\/wp\/v2\/comments?post=15287"}],"version-history":[{"count":0,"href":"https:\/\/fmgente.com.ar\/web\/wp-json\/wp\/v2\/posts\/15287\/revisions"}],"wp:featuredmedia":[{"embeddable":true,"href":"https:\/\/fmgente.com.ar\/web\/wp-json\/wp\/v2\/media\/15288"}],"wp:attachment":[{"href":"https:\/\/fmgente.com.ar\/web\/wp-json\/wp\/v2\/media?parent=15287"}],"wp:term":[{"taxonomy":"category","embeddable":true,"href":"https:\/\/fmgente.com.ar\/web\/wp-json\/wp\/v2\/categories?post=15287"},{"taxonomy":"post_tag","embeddable":true,"href":"https:\/\/fmgente.com.ar\/web\/wp-json\/wp\/v2\/tags?post=15287"}],"curies":[{"name":"wp","href":"https:\/\/api.w.org\/{rel}","templated":true}]}}