{"id":15283,"date":"2026-03-14T17:09:25","date_gmt":"2026-03-14T20:09:25","guid":{"rendered":"https:\/\/fmgente.com.ar\/web\/se-agravaron-los-problemas-de-salud-de-bolsonaro\/"},"modified":"2026-03-14T17:09:25","modified_gmt":"2026-03-14T20:09:25","slug":"se-agravaron-los-problemas-de-salud-de-bolsonaro","status":"publish","type":"post","link":"https:\/\/fmgente.com.ar\/web\/se-agravaron-los-problemas-de-salud-de-bolsonaro\/","title":{"rendered":"Se agravaron los problemas de salud de Bolsonaro"},"content":{"rendered":"<p>Buenos Aires, 14 marzo (NA) &#8212; El expresidente de Brasil Jair Bolsonaro present\u00f3 un agravamiento en la funcion renal y no tiene previsi\u00f3n de alta, mientras se encuentra en terapia intensiva, tras ser ingresado por una bronconeumon\u00eda bacteriana, inform\u00f3 este s\u00e1bado el personal m\u00e9dico del Hospital DF Star, en Brasilia.<\/p>\n<p>\u00abSu estado cl\u00ednico es estable, pero ha experimentado un empeoramiento de la funci\u00f3n renal y un aumento de los marcadores inflamatorios\u00bb, detall\u00f3 el bolet\u00edn divulgado por el hospital, que indic\u00f3 que el exmandatario mantiene tratamiento con antibi\u00f3ticos, hidrataci\u00f3n por v\u00eda intravenosa y fisioterapia respiratoria y motora, adem\u00e1s de medidas para prevenir trombosis venosa.<\/p>\n<p>Bolsonaro -de 70 a\u00f1os- fue trasladado al hospital despu\u00e9s de sentirse mal durante la madrugada del viernes mientras se encontraba detenido en un batall\u00f3n del complejo penitenciario Papuda, en la capital brasile\u00f1a.<\/p>\n<p>Seg\u00fan supo la agencia Noticias Argentinas, all\u00ed cumple una condena de 27 a\u00f1os y tres meses de prisi\u00f3n por intento de golpe de Estado en 2022, tras haber perdido las elecciones contra el actual presidente Luiz In\u00e1cio Lula da Silva.<\/p>\n<p>Anteriormente, el expresidente ya hab\u00eda presentado episodios de problemas de salud desde su detenci\u00f3n: en enero de este a\u00f1o fue hospitalizado tras golpearse la cabeza con un mueble dentro de la celda mientras permanec\u00eda bajo custodia de la Polic\u00eda Federal.<\/p>\n<p>#AgenciaNA<\/p>\n","protected":false},"excerpt":{"rendered":"<p>Buenos Aires, 14 marzo (NA) &#8212; El expresidente de Brasil Jair Bolsonaro present\u00f3 un agravamiento<\/p>\n","protected":false},"author":0,"featured_media":15284,"comment_status":"","ping_status":"","sticky":false,"template":"","format":"standard","meta":{"footnotes":""},"categories":[11],"tags":[],"class_list":["post-15283","post","type-post","status-publish","format-standard","has-post-thumbnail","hentry","category-destacadas"],"yoast_head":"<!-- This site is optimized with the Yoast SEO plugin v27.4 - https:\/\/yoast.com\/product\/yoast-seo-wordpress\/ -->\n<title>Se agravaron los problemas de salud de Bolsonaro - Fm Gente<\/title>\n<meta name=\"robots\" content=\"index, follow, max-snippet:-1, max-image-preview:large, max-video-preview:-1\" \/>\n<link rel=\"canonical\" href=\"https:\/\/fmgente.com.ar\/web\/se-agravaron-los-problemas-de-salud-de-bolsonaro\/\" \/>\n<meta property=\"og:locale\" content=\"es_ES\" \/>\n<meta property=\"og:type\" content=\"article\" \/>\n<meta property=\"og:title\" content=\"Se agravaron los problemas de salud de Bolsonaro - Fm Gente\" \/>\n<meta property=\"og:description\" content=\"Buenos Aires, 14 marzo (NA) &#8212; El expresidente de Brasil Jair Bolsonaro present\u00f3 un agravamiento\" \/>\n<meta property=\"og:url\" content=\"https:\/\/fmgente.com.ar\/web\/se-agravaron-los-problemas-de-salud-de-bolsonaro\/\" \/>\n<meta property=\"og:site_name\" content=\"Fm Gente\" \/>\n<meta property=\"article:published_time\" content=\"2026-03-14T20:09:25+00:00\" \/>\n<meta name=\"twitter:card\" content=\"summary_large_image\" \/>\n<meta name=\"twitter:label1\" content=\"Tiempo de lectura\" \/>\n\t<meta name=\"twitter:data1\" content=\"1 minuto\" \/>\n<script type=\"application\/ld+json\" class=\"yoast-schema-graph\">{\"@context\":\"https:\\\/\\\/schema.org\",\"@graph\":[{\"@type\":\"Article\",\"@id\":\"https:\\\/\\\/fmgente.com.ar\\\/web\\\/se-agravaron-los-problemas-de-salud-de-bolsonaro\\\/#article\",\"isPartOf\":{\"@id\":\"https:\\\/\\\/fmgente.com.ar\\\/web\\\/se-agravaron-los-problemas-de-salud-de-bolsonaro\\\/\"},\"author\":{\"name\":\"\",\"@id\":\"\"},\"headline\":\"Se agravaron los problemas de salud de Bolsonaro\",\"datePublished\":\"2026-03-14T20:09:25+00:00\",\"mainEntityOfPage\":{\"@id\":\"https:\\\/\\\/fmgente.com.ar\\\/web\\\/se-agravaron-los-problemas-de-salud-de-bolsonaro\\\/\"},\"wordCount\":244,\"publisher\":{\"@id\":\"https:\\\/\\\/fmgente.com.ar\\\/web\\\/#organization\"},\"image\":{\"@id\":\"https:\\\/\\\/fmgente.com.ar\\\/web\\\/se-agravaron-los-problemas-de-salud-de-bolsonaro\\\/#primaryimage\"},\"thumbnailUrl\":\"https:\\\/\\\/fmgente.com.ar\\\/web\\\/wp-content\\\/uploads\\\/2026\\\/03\\\/720-588.jpeg\",\"articleSection\":[\"DESTACADAS\"],\"inLanguage\":\"es\"},{\"@type\":\"WebPage\",\"@id\":\"https:\\\/\\\/fmgente.com.ar\\\/web\\\/se-agravaron-los-problemas-de-salud-de-bolsonaro\\\/\",\"url\":\"https:\\\/\\\/fmgente.com.ar\\\/web\\\/se-agravaron-los-problemas-de-salud-de-bolsonaro\\\/\",\"name\":\"Se agravaron los problemas de salud de Bolsonaro - Fm Gente\",\"isPartOf\":{\"@id\":\"https:\\\/\\\/fmgente.com.ar\\\/web\\\/#website\"},\"primaryImageOfPage\":{\"@id\":\"https:\\\/\\\/fmgente.com.ar\\\/web\\\/se-agravaron-los-problemas-de-salud-de-bolsonaro\\\/#primaryimage\"},\"image\":{\"@id\":\"https:\\\/\\\/fmgente.com.ar\\\/web\\\/se-agravaron-los-problemas-de-salud-de-bolsonaro\\\/#primaryimage\"},\"thumbnailUrl\":\"https:\\\/\\\/fmgente.com.ar\\\/web\\\/wp-content\\\/uploads\\\/2026\\\/03\\\/720-588.jpeg\",\"datePublished\":\"2026-03-14T20:09:25+00:00\",\"inLanguage\":\"es\",\"potentialAction\":[{\"@type\":\"ReadAction\",\"target\":[\"https:\\\/\\\/fmgente.com.ar\\\/web\\\/se-agravaron-los-problemas-de-salud-de-bolsonaro\\\/\"]}]},{\"@type\":\"ImageObject\",\"inLanguage\":\"es\",\"@id\":\"https:\\\/\\\/fmgente.com.ar\\\/web\\\/se-agravaron-los-problemas-de-salud-de-bolsonaro\\\/#primaryimage\",\"url\":\"https:\\\/\\\/fmgente.com.ar\\\/web\\\/wp-content\\\/uploads\\\/2026\\\/03\\\/720-588.jpeg\",\"contentUrl\":\"https:\\\/\\\/fmgente.com.ar\\\/web\\\/wp-content\\\/uploads\\\/2026\\\/03\\\/720-588.jpeg\",\"width\":1187,\"height\":720},{\"@type\":\"WebSite\",\"@id\":\"https:\\\/\\\/fmgente.com.ar\\\/web\\\/#website\",\"url\":\"https:\\\/\\\/fmgente.com.ar\\\/web\\\/\",\"name\":\"Fm Gente\",\"description\":\"- Jes\u00fas Mar\u00eda\",\"publisher\":{\"@id\":\"https:\\\/\\\/fmgente.com.ar\\\/web\\\/#organization\"},\"potentialAction\":[{\"@type\":\"SearchAction\",\"target\":{\"@type\":\"EntryPoint\",\"urlTemplate\":\"https:\\\/\\\/fmgente.com.ar\\\/web\\\/?s={search_term_string}\"},\"query-input\":{\"@type\":\"PropertyValueSpecification\",\"valueRequired\":true,\"valueName\":\"search_term_string\"}}],\"inLanguage\":\"es\"},{\"@type\":\"Organization\",\"@id\":\"https:\\\/\\\/fmgente.com.ar\\\/web\\\/#organization\",\"name\":\"Fm Gente\",\"url\":\"https:\\\/\\\/fmgente.com.ar\\\/web\\\/\",\"logo\":{\"@type\":\"ImageObject\",\"inLanguage\":\"es\",\"@id\":\"https:\\\/\\\/fmgente.com.ar\\\/web\\\/#\\\/schema\\\/logo\\\/image\\\/\",\"url\":\"https:\\\/\\\/fmgente.com.ar\\\/web\\\/wp-content\\\/uploads\\\/2023\\\/07\\\/cropped-cropped-logo-sombra2.png\",\"contentUrl\":\"https:\\\/\\\/fmgente.com.ar\\\/web\\\/wp-content\\\/uploads\\\/2023\\\/07\\\/cropped-cropped-logo-sombra2.png\",\"width\":1782,\"height\":1782,\"caption\":\"Fm Gente\"},\"image\":{\"@id\":\"https:\\\/\\\/fmgente.com.ar\\\/web\\\/#\\\/schema\\\/logo\\\/image\\\/\"}}]}<\/script>\n<!-- \/ Yoast SEO plugin. -->","yoast_head_json":{"title":"Se agravaron los problemas de salud de Bolsonaro - Fm Gente","robots":{"index":"index","follow":"follow","max-snippet":"max-snippet:-1","max-image-preview":"max-image-preview:large","max-video-preview":"max-video-preview:-1"},"canonical":"https:\/\/fmgente.com.ar\/web\/se-agravaron-los-problemas-de-salud-de-bolsonaro\/","og_locale":"es_ES","og_type":"article","og_title":"Se agravaron los problemas de salud de Bolsonaro - Fm Gente","og_description":"Buenos Aires, 14 marzo (NA) &#8212; El expresidente de Brasil Jair Bolsonaro present\u00f3 un agravamiento","og_url":"https:\/\/fmgente.com.ar\/web\/se-agravaron-los-problemas-de-salud-de-bolsonaro\/","og_site_name":"Fm Gente","article_published_time":"2026-03-14T20:09:25+00:00","twitter_card":"summary_large_image","twitter_misc":{"Tiempo de lectura":"1 minuto"},"schema":{"@context":"https:\/\/schema.org","@graph":[{"@type":"Article","@id":"https:\/\/fmgente.com.ar\/web\/se-agravaron-los-problemas-de-salud-de-bolsonaro\/#article","isPartOf":{"@id":"https:\/\/fmgente.com.ar\/web\/se-agravaron-los-problemas-de-salud-de-bolsonaro\/"},"author":{"name":"","@id":""},"headline":"Se agravaron los problemas de salud de Bolsonaro","datePublished":"2026-03-14T20:09:25+00:00","mainEntityOfPage":{"@id":"https:\/\/fmgente.com.ar\/web\/se-agravaron-los-problemas-de-salud-de-bolsonaro\/"},"wordCount":244,"publisher":{"@id":"https:\/\/fmgente.com.ar\/web\/#organization"},"image":{"@id":"https:\/\/fmgente.com.ar\/web\/se-agravaron-los-problemas-de-salud-de-bolsonaro\/#primaryimage"},"thumbnailUrl":"https:\/\/fmgente.com.ar\/web\/wp-content\/uploads\/2026\/03\/720-588.jpeg","articleSection":["DESTACADAS"],"inLanguage":"es"},{"@type":"WebPage","@id":"https:\/\/fmgente.com.ar\/web\/se-agravaron-los-problemas-de-salud-de-bolsonaro\/","url":"https:\/\/fmgente.com.ar\/web\/se-agravaron-los-problemas-de-salud-de-bolsonaro\/","name":"Se agravaron los problemas de salud de Bolsonaro - Fm Gente","isPartOf":{"@id":"https:\/\/fmgente.com.ar\/web\/#website"},"primaryImageOfPage":{"@id":"https:\/\/fmgente.com.ar\/web\/se-agravaron-los-problemas-de-salud-de-bolsonaro\/#primaryimage"},"image":{"@id":"https:\/\/fmgente.com.ar\/web\/se-agravaron-los-problemas-de-salud-de-bolsonaro\/#primaryimage"},"thumbnailUrl":"https:\/\/fmgente.com.ar\/web\/wp-content\/uploads\/2026\/03\/720-588.jpeg","datePublished":"2026-03-14T20:09:25+00:00","inLanguage":"es","potentialAction":[{"@type":"ReadAction","target":["https:\/\/fmgente.com.ar\/web\/se-agravaron-los-problemas-de-salud-de-bolsonaro\/"]}]},{"@type":"ImageObject","inLanguage":"es","@id":"https:\/\/fmgente.com.ar\/web\/se-agravaron-los-problemas-de-salud-de-bolsonaro\/#primaryimage","url":"https:\/\/fmgente.com.ar\/web\/wp-content\/uploads\/2026\/03\/720-588.jpeg","contentUrl":"https:\/\/fmgente.com.ar\/web\/wp-content\/uploads\/2026\/03\/720-588.jpeg","width":1187,"height":720},{"@type":"WebSite","@id":"https:\/\/fmgente.com.ar\/web\/#website","url":"https:\/\/fmgente.com.ar\/web\/","name":"Fm Gente","description":"- Jes\u00fas Mar\u00eda","publisher":{"@id":"https:\/\/fmgente.com.ar\/web\/#organization"},"potentialAction":[{"@type":"SearchAction","target":{"@type":"EntryPoint","urlTemplate":"https:\/\/fmgente.com.ar\/web\/?s={search_term_string}"},"query-input":{"@type":"PropertyValueSpecification","valueRequired":true,"valueName":"search_term_string"}}],"inLanguage":"es"},{"@type":"Organization","@id":"https:\/\/fmgente.com.ar\/web\/#organization","name":"Fm Gente","url":"https:\/\/fmgente.com.ar\/web\/","logo":{"@type":"ImageObject","inLanguage":"es","@id":"https:\/\/fmgente.com.ar\/web\/#\/schema\/logo\/image\/","url":"https:\/\/fmgente.com.ar\/web\/wp-content\/uploads\/2023\/07\/cropped-cropped-logo-sombra2.png","contentUrl":"https:\/\/fmgente.com.ar\/web\/wp-content\/uploads\/2023\/07\/cropped-cropped-logo-sombra2.png","width":1782,"height":1782,"caption":"Fm Gente"},"image":{"@id":"https:\/\/fmgente.com.ar\/web\/#\/schema\/logo\/image\/"}}]}},"_links":{"self":[{"href":"https:\/\/fmgente.com.ar\/web\/wp-json\/wp\/v2\/posts\/15283","targetHints":{"allow":["GET"]}}],"collection":[{"href":"https:\/\/fmgente.com.ar\/web\/wp-json\/wp\/v2\/posts"}],"about":[{"href":"https:\/\/fmgente.com.ar\/web\/wp-json\/wp\/v2\/types\/post"}],"replies":[{"embeddable":true,"href":"https:\/\/fmgente.com.ar\/web\/wp-json\/wp\/v2\/comments?post=15283"}],"version-history":[{"count":0,"href":"https:\/\/fmgente.com.ar\/web\/wp-json\/wp\/v2\/posts\/15283\/revisions"}],"wp:featuredmedia":[{"embeddable":true,"href":"https:\/\/fmgente.com.ar\/web\/wp-json\/wp\/v2\/media\/15284"}],"wp:attachment":[{"href":"https:\/\/fmgente.com.ar\/web\/wp-json\/wp\/v2\/media?parent=15283"}],"wp:term":[{"taxonomy":"category","embeddable":true,"href":"https:\/\/fmgente.com.ar\/web\/wp-json\/wp\/v2\/categories?post=15283"},{"taxonomy":"post_tag","embeddable":true,"href":"https:\/\/fmgente.com.ar\/web\/wp-json\/wp\/v2\/tags?post=15283"}],"curies":[{"name":"wp","href":"https:\/\/api.w.org\/{rel}","templated":true}]}}