{"id":15279,"date":"2026-03-14T17:09:23","date_gmt":"2026-03-14T20:09:23","guid":{"rendered":"https:\/\/fmgente.com.ar\/web\/monsenor-marcelo-colombo-y-el-desafio-de-la-cohesion-en-2026\/"},"modified":"2026-03-14T17:09:23","modified_gmt":"2026-03-14T20:09:23","slug":"monsenor-marcelo-colombo-y-el-desafio-de-la-cohesion-en-2026","status":"publish","type":"post","link":"https:\/\/fmgente.com.ar\/web\/monsenor-marcelo-colombo-y-el-desafio-de-la-cohesion-en-2026\/","title":{"rendered":"Monse\u00f1or Marcelo Colombo y el desaf\u00edo de la cohesi\u00f3n en 2026"},"content":{"rendered":"<p>Buenos Aires, 14 marzo (NA)- En un contexto de profunda reconfiguraci\u00f3n pol\u00edtica y econ\u00f3mica en el Cono Sur, la voz de la Iglesia Cat\u00f3lica argentina emerge como un term\u00f3metro cr\u00edtico de la realidad territorial.<\/p>\n<p>Monse\u00f1or Marcelo Colombo, Arzobispo de Mendoza y Presidente de la Conferencia Episcopal Argentina (CEA), traz\u00f3 una radiograf\u00eda pormenorizada sobre el estado de vulnerabilidad social, la relaci\u00f3n con el poder pol\u00edtico y el legado transformador de un pontificado que, seg\u00fan sus palabras, ha logrado \u00abbajar la palabra al llano\u00bb.<\/p>\n<p>En declaraciones al programa \u00abNo la Vimos Venir\u00bb por Eco Medios y a trav\u00e9s de un an\u00e1lisis que combina la doctrina social con la observaci\u00f3n pragm\u00e1tica de la gesti\u00f3n p\u00fablica, Colombo advirti\u00f3 sobre un deterioro que \u201cya no solo afecta a los sectores hist\u00f3ricamente postergados, sino que ha comenzado a erosionar la estabilidad de la clase media y de grupos espec\u00edficos como los jubilados y las personas con discapacidad\u201d, seg\u00fan pudo acceder la Agencia Noticias Argentinas.<\/p>\n<p>La \u00abcapilaridad\u00bb de la Iglesia, ejercida fundamentalmente a trav\u00e9s de C\u00e1ritas, \u201cpermite obtener datos en tiempo real sobre la situaci\u00f3n de los hogares argentinos\u201d, se\u00f1ala Monse\u00f1or Colombo y apunta a una profundizaci\u00f3n de las necesidades \u201cque trasciende los m\u00e1rgenes tradicionales de la pobreza\u201d.<\/p>\n<p>De acuerdo al sacerdote, se observa un empeoramiento en la calidad de vida de estratos que anteriormente gozaban de estabilidad, existe una preocupaci\u00f3n latente por el mundo de la discapacidad, donde se denuncian demoras en el pago de aportes y apoyos institucionales y en ese marco, el prelado destaca la credibilidad de C\u00e1ritas como una instituci\u00f3n con rendici\u00f3n de cuentas clara, capaz de llegar all\u00ed donde el Estado a veces encuentra limitaciones burocr\u00e1ticas.<\/p>\n<p>El an\u00e1lisis de Colombo tambi\u00e9n se adentra en la gesti\u00f3n pol\u00edtica, destacando \u201cel contraste entre las administraciones provinciales y el Gobierno Nacional. Tras un encuentro con el gobernador bonaerense Axel Kicillof, el Arzobispo destac\u00f3 la figura de un mandatario \u00abconcentrado en la gesti\u00f3n\u00bb, pero condicionado por el impacto de las pol\u00edticas nacionales en los recursos locales.<\/p>\n<p>En el plano nacional, Colombo destac\u00f3 un giro significativo en la relaci\u00f3n con el Poder Ejecutivo, a partir de un restablecimiento del di\u00e1logo, luego de \u201cun periodo prolongado sin referencias nacionales claras para la Iglesia\u201d, el Presidente de la CEA ponder\u00f3 \u201cel nivel de interlocuci\u00f3n\u201d alcanzado con el Canciller de la Naci\u00f3n, Pablo Quirno.<\/p>\n<p>En ese sentido, reconoci\u00f3 la figura del Canciller no solo como encargado de Relaciones Exteriores y Culto, sino como una pieza fundamental en el esquema econ\u00f3mico y del comercio internacional, lo que otorga a la comunicaci\u00f3n un peso decisivo en la toma de decisiones.<\/p>\n<p>\u00abPercibo una preocupaci\u00f3n real por c\u00f3mo afrontar las pol\u00edticas nacionales con los limitados recursos provinciales; all\u00ed es donde los gobernadores encuentran sus mayores desaf\u00edos\u00bb, sostuvo el prelado.<\/p>\n<p>Finalmente, Monse\u00f1or Colombo reflexion\u00f3 sobre la figura del Papa Francisco, situ\u00e1ndolo en un podio de relevancia hist\u00f3rica junto a \u00edconos culturales como Diego Maradona y Lionel Messi. Sin embargo, la distinci\u00f3n de Francisco radica, seg\u00fan el Arzobispo, en su capacidad para reinterpretar la figura de Cristo desde una dimensi\u00f3n filos\u00f3fica y humana.<\/p>\n<p>\u201cPara la conducci\u00f3n de la Iglesia argentina, el mensaje de Francisco ha consistido en retirar a Jes\u00fas exclusivamente de la solemnidad de la cruz para presentarlo como un revolucionario que confront\u00f3 las estructuras de su tiempo para imponer el mandato del amor y la igualdad\u201d, reflexion\u00f3.<\/p>\n<p>Y concluy\u00f3 indicando que, esta visi\u00f3n de una \u00abIglesia comprometida\u00bb que atiende tanto al \u00abclamor de la tierra\u00bb como al \u00abclamor de los pobres\u00bb constituye la columna vertebral de la gesti\u00f3n de Colombo al frente de la Conferencia Episcopal en este complejo a\u00f1o 2026. #AgenciaNA.<\/p>\n","protected":false},"excerpt":{"rendered":"<p>Buenos Aires, 14 marzo (NA)- En un contexto de profunda reconfiguraci\u00f3n pol\u00edtica y econ\u00f3mica en<\/p>\n","protected":false},"author":0,"featured_media":15280,"comment_status":"","ping_status":"","sticky":false,"template":"","format":"standard","meta":{"footnotes":""},"categories":[11],"tags":[],"class_list":["post-15279","post","type-post","status-publish","format-standard","has-post-thumbnail","hentry","category-destacadas"],"yoast_head":"<!-- This site is optimized with the Yoast SEO plugin v27.4 - https:\/\/yoast.com\/product\/yoast-seo-wordpress\/ -->\n<title>Monse\u00f1or Marcelo Colombo y el desaf\u00edo de la cohesi\u00f3n en 2026 - Fm Gente<\/title>\n<meta name=\"robots\" content=\"index, follow, max-snippet:-1, max-image-preview:large, max-video-preview:-1\" \/>\n<link rel=\"canonical\" href=\"https:\/\/fmgente.com.ar\/web\/monsenor-marcelo-colombo-y-el-desafio-de-la-cohesion-en-2026\/\" \/>\n<meta property=\"og:locale\" content=\"es_ES\" \/>\n<meta property=\"og:type\" content=\"article\" \/>\n<meta property=\"og:title\" content=\"Monse\u00f1or Marcelo Colombo y el desaf\u00edo de la cohesi\u00f3n en 2026 - Fm Gente\" \/>\n<meta property=\"og:description\" content=\"Buenos Aires, 14 marzo (NA)- En un contexto de profunda reconfiguraci\u00f3n pol\u00edtica y econ\u00f3mica en\" \/>\n<meta property=\"og:url\" content=\"https:\/\/fmgente.com.ar\/web\/monsenor-marcelo-colombo-y-el-desafio-de-la-cohesion-en-2026\/\" \/>\n<meta property=\"og:site_name\" content=\"Fm Gente\" \/>\n<meta property=\"article:published_time\" content=\"2026-03-14T20:09:23+00:00\" \/>\n<meta name=\"twitter:card\" content=\"summary_large_image\" \/>\n<meta name=\"twitter:label1\" content=\"Tiempo de lectura\" \/>\n\t<meta name=\"twitter:data1\" content=\"3 minutos\" \/>\n<script type=\"application\/ld+json\" class=\"yoast-schema-graph\">{\"@context\":\"https:\\\/\\\/schema.org\",\"@graph\":[{\"@type\":\"Article\",\"@id\":\"https:\\\/\\\/fmgente.com.ar\\\/web\\\/monsenor-marcelo-colombo-y-el-desafio-de-la-cohesion-en-2026\\\/#article\",\"isPartOf\":{\"@id\":\"https:\\\/\\\/fmgente.com.ar\\\/web\\\/monsenor-marcelo-colombo-y-el-desafio-de-la-cohesion-en-2026\\\/\"},\"author\":{\"name\":\"\",\"@id\":\"\"},\"headline\":\"Monse\u00f1or Marcelo Colombo y el desaf\u00edo de la cohesi\u00f3n en 2026\",\"datePublished\":\"2026-03-14T20:09:23+00:00\",\"mainEntityOfPage\":{\"@id\":\"https:\\\/\\\/fmgente.com.ar\\\/web\\\/monsenor-marcelo-colombo-y-el-desafio-de-la-cohesion-en-2026\\\/\"},\"wordCount\":670,\"publisher\":{\"@id\":\"https:\\\/\\\/fmgente.com.ar\\\/web\\\/#organization\"},\"image\":{\"@id\":\"https:\\\/\\\/fmgente.com.ar\\\/web\\\/monsenor-marcelo-colombo-y-el-desafio-de-la-cohesion-en-2026\\\/#primaryimage\"},\"thumbnailUrl\":\"https:\\\/\\\/fmgente.com.ar\\\/web\\\/wp-content\\\/uploads\\\/2026\\\/03\\\/720-586.jpeg\",\"articleSection\":[\"DESTACADAS\"],\"inLanguage\":\"es\"},{\"@type\":\"WebPage\",\"@id\":\"https:\\\/\\\/fmgente.com.ar\\\/web\\\/monsenor-marcelo-colombo-y-el-desafio-de-la-cohesion-en-2026\\\/\",\"url\":\"https:\\\/\\\/fmgente.com.ar\\\/web\\\/monsenor-marcelo-colombo-y-el-desafio-de-la-cohesion-en-2026\\\/\",\"name\":\"Monse\u00f1or Marcelo Colombo y el desaf\u00edo de la cohesi\u00f3n en 2026 - Fm Gente\",\"isPartOf\":{\"@id\":\"https:\\\/\\\/fmgente.com.ar\\\/web\\\/#website\"},\"primaryImageOfPage\":{\"@id\":\"https:\\\/\\\/fmgente.com.ar\\\/web\\\/monsenor-marcelo-colombo-y-el-desafio-de-la-cohesion-en-2026\\\/#primaryimage\"},\"image\":{\"@id\":\"https:\\\/\\\/fmgente.com.ar\\\/web\\\/monsenor-marcelo-colombo-y-el-desafio-de-la-cohesion-en-2026\\\/#primaryimage\"},\"thumbnailUrl\":\"https:\\\/\\\/fmgente.com.ar\\\/web\\\/wp-content\\\/uploads\\\/2026\\\/03\\\/720-586.jpeg\",\"datePublished\":\"2026-03-14T20:09:23+00:00\",\"inLanguage\":\"es\",\"potentialAction\":[{\"@type\":\"ReadAction\",\"target\":[\"https:\\\/\\\/fmgente.com.ar\\\/web\\\/monsenor-marcelo-colombo-y-el-desafio-de-la-cohesion-en-2026\\\/\"]}]},{\"@type\":\"ImageObject\",\"inLanguage\":\"es\",\"@id\":\"https:\\\/\\\/fmgente.com.ar\\\/web\\\/monsenor-marcelo-colombo-y-el-desafio-de-la-cohesion-en-2026\\\/#primaryimage\",\"url\":\"https:\\\/\\\/fmgente.com.ar\\\/web\\\/wp-content\\\/uploads\\\/2026\\\/03\\\/720-586.jpeg\",\"contentUrl\":\"https:\\\/\\\/fmgente.com.ar\\\/web\\\/wp-content\\\/uploads\\\/2026\\\/03\\\/720-586.jpeg\",\"width\":1058,\"height\":720},{\"@type\":\"WebSite\",\"@id\":\"https:\\\/\\\/fmgente.com.ar\\\/web\\\/#website\",\"url\":\"https:\\\/\\\/fmgente.com.ar\\\/web\\\/\",\"name\":\"Fm Gente\",\"description\":\"- Jes\u00fas Mar\u00eda\",\"publisher\":{\"@id\":\"https:\\\/\\\/fmgente.com.ar\\\/web\\\/#organization\"},\"potentialAction\":[{\"@type\":\"SearchAction\",\"target\":{\"@type\":\"EntryPoint\",\"urlTemplate\":\"https:\\\/\\\/fmgente.com.ar\\\/web\\\/?s={search_term_string}\"},\"query-input\":{\"@type\":\"PropertyValueSpecification\",\"valueRequired\":true,\"valueName\":\"search_term_string\"}}],\"inLanguage\":\"es\"},{\"@type\":\"Organization\",\"@id\":\"https:\\\/\\\/fmgente.com.ar\\\/web\\\/#organization\",\"name\":\"Fm Gente\",\"url\":\"https:\\\/\\\/fmgente.com.ar\\\/web\\\/\",\"logo\":{\"@type\":\"ImageObject\",\"inLanguage\":\"es\",\"@id\":\"https:\\\/\\\/fmgente.com.ar\\\/web\\\/#\\\/schema\\\/logo\\\/image\\\/\",\"url\":\"https:\\\/\\\/fmgente.com.ar\\\/web\\\/wp-content\\\/uploads\\\/2023\\\/07\\\/cropped-cropped-logo-sombra2.png\",\"contentUrl\":\"https:\\\/\\\/fmgente.com.ar\\\/web\\\/wp-content\\\/uploads\\\/2023\\\/07\\\/cropped-cropped-logo-sombra2.png\",\"width\":1782,\"height\":1782,\"caption\":\"Fm Gente\"},\"image\":{\"@id\":\"https:\\\/\\\/fmgente.com.ar\\\/web\\\/#\\\/schema\\\/logo\\\/image\\\/\"}}]}<\/script>\n<!-- \/ Yoast SEO plugin. -->","yoast_head_json":{"title":"Monse\u00f1or Marcelo Colombo y el desaf\u00edo de la cohesi\u00f3n en 2026 - Fm Gente","robots":{"index":"index","follow":"follow","max-snippet":"max-snippet:-1","max-image-preview":"max-image-preview:large","max-video-preview":"max-video-preview:-1"},"canonical":"https:\/\/fmgente.com.ar\/web\/monsenor-marcelo-colombo-y-el-desafio-de-la-cohesion-en-2026\/","og_locale":"es_ES","og_type":"article","og_title":"Monse\u00f1or Marcelo Colombo y el desaf\u00edo de la cohesi\u00f3n en 2026 - Fm Gente","og_description":"Buenos Aires, 14 marzo (NA)- En un contexto de profunda reconfiguraci\u00f3n pol\u00edtica y econ\u00f3mica en","og_url":"https:\/\/fmgente.com.ar\/web\/monsenor-marcelo-colombo-y-el-desafio-de-la-cohesion-en-2026\/","og_site_name":"Fm Gente","article_published_time":"2026-03-14T20:09:23+00:00","twitter_card":"summary_large_image","twitter_misc":{"Tiempo de lectura":"3 minutos"},"schema":{"@context":"https:\/\/schema.org","@graph":[{"@type":"Article","@id":"https:\/\/fmgente.com.ar\/web\/monsenor-marcelo-colombo-y-el-desafio-de-la-cohesion-en-2026\/#article","isPartOf":{"@id":"https:\/\/fmgente.com.ar\/web\/monsenor-marcelo-colombo-y-el-desafio-de-la-cohesion-en-2026\/"},"author":{"name":"","@id":""},"headline":"Monse\u00f1or Marcelo Colombo y el desaf\u00edo de la cohesi\u00f3n en 2026","datePublished":"2026-03-14T20:09:23+00:00","mainEntityOfPage":{"@id":"https:\/\/fmgente.com.ar\/web\/monsenor-marcelo-colombo-y-el-desafio-de-la-cohesion-en-2026\/"},"wordCount":670,"publisher":{"@id":"https:\/\/fmgente.com.ar\/web\/#organization"},"image":{"@id":"https:\/\/fmgente.com.ar\/web\/monsenor-marcelo-colombo-y-el-desafio-de-la-cohesion-en-2026\/#primaryimage"},"thumbnailUrl":"https:\/\/fmgente.com.ar\/web\/wp-content\/uploads\/2026\/03\/720-586.jpeg","articleSection":["DESTACADAS"],"inLanguage":"es"},{"@type":"WebPage","@id":"https:\/\/fmgente.com.ar\/web\/monsenor-marcelo-colombo-y-el-desafio-de-la-cohesion-en-2026\/","url":"https:\/\/fmgente.com.ar\/web\/monsenor-marcelo-colombo-y-el-desafio-de-la-cohesion-en-2026\/","name":"Monse\u00f1or Marcelo Colombo y el desaf\u00edo de la cohesi\u00f3n en 2026 - Fm Gente","isPartOf":{"@id":"https:\/\/fmgente.com.ar\/web\/#website"},"primaryImageOfPage":{"@id":"https:\/\/fmgente.com.ar\/web\/monsenor-marcelo-colombo-y-el-desafio-de-la-cohesion-en-2026\/#primaryimage"},"image":{"@id":"https:\/\/fmgente.com.ar\/web\/monsenor-marcelo-colombo-y-el-desafio-de-la-cohesion-en-2026\/#primaryimage"},"thumbnailUrl":"https:\/\/fmgente.com.ar\/web\/wp-content\/uploads\/2026\/03\/720-586.jpeg","datePublished":"2026-03-14T20:09:23+00:00","inLanguage":"es","potentialAction":[{"@type":"ReadAction","target":["https:\/\/fmgente.com.ar\/web\/monsenor-marcelo-colombo-y-el-desafio-de-la-cohesion-en-2026\/"]}]},{"@type":"ImageObject","inLanguage":"es","@id":"https:\/\/fmgente.com.ar\/web\/monsenor-marcelo-colombo-y-el-desafio-de-la-cohesion-en-2026\/#primaryimage","url":"https:\/\/fmgente.com.ar\/web\/wp-content\/uploads\/2026\/03\/720-586.jpeg","contentUrl":"https:\/\/fmgente.com.ar\/web\/wp-content\/uploads\/2026\/03\/720-586.jpeg","width":1058,"height":720},{"@type":"WebSite","@id":"https:\/\/fmgente.com.ar\/web\/#website","url":"https:\/\/fmgente.com.ar\/web\/","name":"Fm Gente","description":"- Jes\u00fas Mar\u00eda","publisher":{"@id":"https:\/\/fmgente.com.ar\/web\/#organization"},"potentialAction":[{"@type":"SearchAction","target":{"@type":"EntryPoint","urlTemplate":"https:\/\/fmgente.com.ar\/web\/?s={search_term_string}"},"query-input":{"@type":"PropertyValueSpecification","valueRequired":true,"valueName":"search_term_string"}}],"inLanguage":"es"},{"@type":"Organization","@id":"https:\/\/fmgente.com.ar\/web\/#organization","name":"Fm Gente","url":"https:\/\/fmgente.com.ar\/web\/","logo":{"@type":"ImageObject","inLanguage":"es","@id":"https:\/\/fmgente.com.ar\/web\/#\/schema\/logo\/image\/","url":"https:\/\/fmgente.com.ar\/web\/wp-content\/uploads\/2023\/07\/cropped-cropped-logo-sombra2.png","contentUrl":"https:\/\/fmgente.com.ar\/web\/wp-content\/uploads\/2023\/07\/cropped-cropped-logo-sombra2.png","width":1782,"height":1782,"caption":"Fm Gente"},"image":{"@id":"https:\/\/fmgente.com.ar\/web\/#\/schema\/logo\/image\/"}}]}},"_links":{"self":[{"href":"https:\/\/fmgente.com.ar\/web\/wp-json\/wp\/v2\/posts\/15279","targetHints":{"allow":["GET"]}}],"collection":[{"href":"https:\/\/fmgente.com.ar\/web\/wp-json\/wp\/v2\/posts"}],"about":[{"href":"https:\/\/fmgente.com.ar\/web\/wp-json\/wp\/v2\/types\/post"}],"replies":[{"embeddable":true,"href":"https:\/\/fmgente.com.ar\/web\/wp-json\/wp\/v2\/comments?post=15279"}],"version-history":[{"count":0,"href":"https:\/\/fmgente.com.ar\/web\/wp-json\/wp\/v2\/posts\/15279\/revisions"}],"wp:featuredmedia":[{"embeddable":true,"href":"https:\/\/fmgente.com.ar\/web\/wp-json\/wp\/v2\/media\/15280"}],"wp:attachment":[{"href":"https:\/\/fmgente.com.ar\/web\/wp-json\/wp\/v2\/media?parent=15279"}],"wp:term":[{"taxonomy":"category","embeddable":true,"href":"https:\/\/fmgente.com.ar\/web\/wp-json\/wp\/v2\/categories?post=15279"},{"taxonomy":"post_tag","embeddable":true,"href":"https:\/\/fmgente.com.ar\/web\/wp-json\/wp\/v2\/tags?post=15279"}],"curies":[{"name":"wp","href":"https:\/\/api.w.org\/{rel}","templated":true}]}}