{"id":15277,"date":"2026-03-14T10:06:05","date_gmt":"2026-03-14T13:06:05","guid":{"rendered":"https:\/\/fmgente.com.ar\/web\/como-es-la-prestacion-por-desempleo-de-anses-y-de-que-forma-se-tramita\/"},"modified":"2026-03-14T10:06:05","modified_gmt":"2026-03-14T13:06:05","slug":"como-es-la-prestacion-por-desempleo-de-anses-y-de-que-forma-se-tramita","status":"publish","type":"post","link":"https:\/\/fmgente.com.ar\/web\/como-es-la-prestacion-por-desempleo-de-anses-y-de-que-forma-se-tramita\/","title":{"rendered":"Como es la Prestaci\u00f3n por Desempleo de ANSES y de qu\u00e9 forma se tramita"},"content":{"rendered":"<p>De acuerdo con informaci\u00f3n oficial del sistema de seguridad social, durante 2025 m\u00e1s de 150.000 trabajadores accedieron al seguro por desempleo. Esta asistencia econ\u00f3mica es otorgada por la Administraci\u00f3n Nacional de la Seguridad Social (ANSES) y est\u00e1 dirigida a personas que se desempe\u00f1aban en relaci\u00f3n de dependencia y perdieron su empleo.<\/p>\n<p>El beneficio alcanza a quienes fueron despedidos sin causa, a los trabajadores cuyo contrato finaliz\u00f3 o a aquellos que quedaron sin trabajo por situaciones ajenas a su voluntad. Su finalidad es brindar un respaldo econ\u00f3mico temporal mientras las personas atraviesan el per\u00edodo de b\u00fasqueda de un nuevo empleo.<\/p>\n<p>DE QU\u00c9 SE TRATA LA PRESTACI\u00d3N POR DESEMPLEO DE ANSES EN 2026<\/p>\n<p>Hay dos tipos de opciones:<\/p>\n<p>PRESTACI\u00d3N POR DESEMPLEO PARA TRABAJADORES EN RELACI\u00d3N DE DEPENDENCIA<\/p>\n<p>El seguro por desempleo administrado por la Administraci\u00f3n Nacional de la Seguridad Social (ANSES) est\u00e1 dirigido a trabajadores en relaci\u00f3n de dependencia que perdieron su empleo por despido sin causa, finalizaci\u00f3n de contrato o por situaciones externas a su voluntad.<\/p>\n<p>Para acceder al beneficio es necesario cumplir determinados requisitos seg\u00fan el tipo de v\u00ednculo laboral. En el caso de los empleados permanentes, se exige haber trabajado al menos seis meses con aportes durante los tres a\u00f1os previos al despido o al fin del contrato.<\/p>\n<p>En cambio, quienes se desempe\u00f1aban como trabajadores eventuales o de temporada deben acreditar menos de 12 meses de trabajo en los \u00faltimos tres a\u00f1os y, al mismo tiempo, haber cumplido m\u00e1s de 90 d\u00edas de actividad durante el \u00faltimo a\u00f1o antes de la finalizaci\u00f3n del v\u00ednculo laboral.<\/p>\n<p>El monto del beneficio y la cantidad de cuotas \u2014que pueden ir de 2 a 12 pagos\u2014 dependen de los ingresos que ten\u00eda el trabajador y de los meses con aportes registrados en los \u00faltimos tres a\u00f1os. Adem\u00e1s, las personas mayores de 45 a\u00f1os pueden extender la duraci\u00f3n del beneficio por seis meses adicionales.<\/p>\n<p>PRESTACI\u00d3N POR DESEMPLEO PARA TRABAJADORES DE LA CONSTRUCCI\u00d3N<\/p>\n<p>Existe tambi\u00e9n una modalidad espec\u00edfica destinada a empleados del sector de la construcci\u00f3n que quedaron sin trabajo por despido sin causa o por finalizaci\u00f3n de obra.<\/p>\n<p>Para solicitarla se requiere haber acumulado al menos ocho meses de trabajo con aportes en los dos a\u00f1os previos al cese de la actividad.<\/p>\n<p>En el caso de los trabajadores permanentes, el monto y el n\u00famero de cuotas \u2014que pueden ir de 3 a 8 pagos\u2014 se establecen en funci\u00f3n de los ingresos percibidos y del tiempo trabajado con aportes durante los \u00faltimos dos a\u00f1os.<\/p>\n<p>Para quienes realizaban tareas eventuales o de temporada, el criterio cambia seg\u00fan el tiempo trabajado:<\/p>\n<p> * Si cuentan con un a\u00f1o o m\u00e1s de aportes, se aplica el mismo c\u00e1lculo que para los trabajadores permanentes.<br \/>\n * Si trabajaron menos de un a\u00f1o, se otorga un d\u00eda de prestaci\u00f3n por cada tres d\u00edas trabajados.<\/p>\n<p>Al igual que en el r\u00e9gimen general, los beneficiarios mayores de 45 a\u00f1os pueden percibir el seguro durante seis meses adicionales.<\/p>\n<p>C\u00d3MO TRAMITAR LA PRESTACI\u00d3N POR DESEMPLEO DE ANSES<\/p>\n<p>El paso a paso es el siguiente:<\/p>\n<p>1. Reunir la documentaci\u00f3n necesaria<\/p>\n<p>Se debe presentar DNI (original y copia) junto con documentos que acrediten la situaci\u00f3n de desempleo. Seg\u00fan el caso, puede tratarse de:<\/p>\n<p> * Despido sin causa: telegrama de despido, carta documento o nota firmada por el empleador.<br \/>\n * Quiebra o concurso del empleador: certificaci\u00f3n del s\u00edndico, sentencia judicial de quiebra o aviso publicado en el Bolet\u00edn Oficial.<br \/>\n * Renuncia con causa justificada: telegramas de intimaci\u00f3n y desvinculaci\u00f3n enviados por el trabajador.<br \/>\n * Finalizaci\u00f3n de contrato a plazo fijo: copia del contrato vencido.<br \/>\n * Fallecimiento de empleador unipersonal: acta de defunci\u00f3n certificada.<br \/>\n * Enfermedad o accidente al momento del cese laboral: certificado m\u00e9dico que acredite aptitud para trabajar seg\u00fan la situaci\u00f3n de salud.<\/p>\n<p>2. Iniciar el tr\u00e1mite<\/p>\n<p>El pedido puede realizarse de dos maneras:<\/p>\n<p> * A trav\u00e9s del sistema de Atenci\u00f3n Virtual en el sitio oficial de ANSES, ingresando con CUIL y Clave de la Seguridad Social.<br \/>\n * De forma presencial en una oficina del organismo, solicitando turno previamente.<\/p>\n","protected":false},"excerpt":{"rendered":"<p>De acuerdo con informaci\u00f3n oficial del sistema de seguridad social, durante 2025 m\u00e1s de 150.000<\/p>\n","protected":false},"author":0,"featured_media":15278,"comment_status":"","ping_status":"","sticky":false,"template":"","format":"standard","meta":{"footnotes":""},"categories":[11],"tags":[],"class_list":["post-15277","post","type-post","status-publish","format-standard","has-post-thumbnail","hentry","category-destacadas"],"yoast_head":"<!-- This site is optimized with the Yoast SEO plugin v27.4 - https:\/\/yoast.com\/product\/yoast-seo-wordpress\/ -->\n<title>Como es la Prestaci\u00f3n por Desempleo de ANSES y de qu\u00e9 forma se tramita - Fm Gente<\/title>\n<meta name=\"robots\" content=\"index, follow, max-snippet:-1, max-image-preview:large, max-video-preview:-1\" \/>\n<link rel=\"canonical\" href=\"https:\/\/fmgente.com.ar\/web\/como-es-la-prestacion-por-desempleo-de-anses-y-de-que-forma-se-tramita\/\" \/>\n<meta property=\"og:locale\" content=\"es_ES\" \/>\n<meta property=\"og:type\" content=\"article\" \/>\n<meta property=\"og:title\" content=\"Como es la Prestaci\u00f3n por Desempleo de ANSES y de qu\u00e9 forma se tramita - Fm Gente\" \/>\n<meta property=\"og:description\" content=\"De acuerdo con informaci\u00f3n oficial del sistema de seguridad social, durante 2025 m\u00e1s de 150.000\" \/>\n<meta property=\"og:url\" content=\"https:\/\/fmgente.com.ar\/web\/como-es-la-prestacion-por-desempleo-de-anses-y-de-que-forma-se-tramita\/\" \/>\n<meta property=\"og:site_name\" content=\"Fm Gente\" \/>\n<meta property=\"article:published_time\" content=\"2026-03-14T13:06:05+00:00\" \/>\n<meta name=\"twitter:card\" content=\"summary_large_image\" \/>\n<meta name=\"twitter:label1\" content=\"Tiempo de lectura\" \/>\n\t<meta name=\"twitter:data1\" content=\"4 minutos\" \/>\n<script type=\"application\/ld+json\" class=\"yoast-schema-graph\">{\"@context\":\"https:\\\/\\\/schema.org\",\"@graph\":[{\"@type\":\"Article\",\"@id\":\"https:\\\/\\\/fmgente.com.ar\\\/web\\\/como-es-la-prestacion-por-desempleo-de-anses-y-de-que-forma-se-tramita\\\/#article\",\"isPartOf\":{\"@id\":\"https:\\\/\\\/fmgente.com.ar\\\/web\\\/como-es-la-prestacion-por-desempleo-de-anses-y-de-que-forma-se-tramita\\\/\"},\"author\":{\"name\":\"\",\"@id\":\"\"},\"headline\":\"Como es la Prestaci\u00f3n por Desempleo de ANSES y de qu\u00e9 forma se tramita\",\"datePublished\":\"2026-03-14T13:06:05+00:00\",\"mainEntityOfPage\":{\"@id\":\"https:\\\/\\\/fmgente.com.ar\\\/web\\\/como-es-la-prestacion-por-desempleo-de-anses-y-de-que-forma-se-tramita\\\/\"},\"wordCount\":721,\"publisher\":{\"@id\":\"https:\\\/\\\/fmgente.com.ar\\\/web\\\/#organization\"},\"image\":{\"@id\":\"https:\\\/\\\/fmgente.com.ar\\\/web\\\/como-es-la-prestacion-por-desempleo-de-anses-y-de-que-forma-se-tramita\\\/#primaryimage\"},\"thumbnailUrl\":\"https:\\\/\\\/fmgente.com.ar\\\/web\\\/wp-content\\\/uploads\\\/2026\\\/03\\\/720-585.jpeg\",\"articleSection\":[\"DESTACADAS\"],\"inLanguage\":\"es\"},{\"@type\":\"WebPage\",\"@id\":\"https:\\\/\\\/fmgente.com.ar\\\/web\\\/como-es-la-prestacion-por-desempleo-de-anses-y-de-que-forma-se-tramita\\\/\",\"url\":\"https:\\\/\\\/fmgente.com.ar\\\/web\\\/como-es-la-prestacion-por-desempleo-de-anses-y-de-que-forma-se-tramita\\\/\",\"name\":\"Como es la Prestaci\u00f3n por Desempleo de ANSES y de qu\u00e9 forma se tramita - Fm Gente\",\"isPartOf\":{\"@id\":\"https:\\\/\\\/fmgente.com.ar\\\/web\\\/#website\"},\"primaryImageOfPage\":{\"@id\":\"https:\\\/\\\/fmgente.com.ar\\\/web\\\/como-es-la-prestacion-por-desempleo-de-anses-y-de-que-forma-se-tramita\\\/#primaryimage\"},\"image\":{\"@id\":\"https:\\\/\\\/fmgente.com.ar\\\/web\\\/como-es-la-prestacion-por-desempleo-de-anses-y-de-que-forma-se-tramita\\\/#primaryimage\"},\"thumbnailUrl\":\"https:\\\/\\\/fmgente.com.ar\\\/web\\\/wp-content\\\/uploads\\\/2026\\\/03\\\/720-585.jpeg\",\"datePublished\":\"2026-03-14T13:06:05+00:00\",\"inLanguage\":\"es\",\"potentialAction\":[{\"@type\":\"ReadAction\",\"target\":[\"https:\\\/\\\/fmgente.com.ar\\\/web\\\/como-es-la-prestacion-por-desempleo-de-anses-y-de-que-forma-se-tramita\\\/\"]}]},{\"@type\":\"ImageObject\",\"inLanguage\":\"es\",\"@id\":\"https:\\\/\\\/fmgente.com.ar\\\/web\\\/como-es-la-prestacion-por-desempleo-de-anses-y-de-que-forma-se-tramita\\\/#primaryimage\",\"url\":\"https:\\\/\\\/fmgente.com.ar\\\/web\\\/wp-content\\\/uploads\\\/2026\\\/03\\\/720-585.jpeg\",\"contentUrl\":\"https:\\\/\\\/fmgente.com.ar\\\/web\\\/wp-content\\\/uploads\\\/2026\\\/03\\\/720-585.jpeg\",\"width\":1280,\"height\":720},{\"@type\":\"WebSite\",\"@id\":\"https:\\\/\\\/fmgente.com.ar\\\/web\\\/#website\",\"url\":\"https:\\\/\\\/fmgente.com.ar\\\/web\\\/\",\"name\":\"Fm Gente\",\"description\":\"- Jes\u00fas Mar\u00eda\",\"publisher\":{\"@id\":\"https:\\\/\\\/fmgente.com.ar\\\/web\\\/#organization\"},\"potentialAction\":[{\"@type\":\"SearchAction\",\"target\":{\"@type\":\"EntryPoint\",\"urlTemplate\":\"https:\\\/\\\/fmgente.com.ar\\\/web\\\/?s={search_term_string}\"},\"query-input\":{\"@type\":\"PropertyValueSpecification\",\"valueRequired\":true,\"valueName\":\"search_term_string\"}}],\"inLanguage\":\"es\"},{\"@type\":\"Organization\",\"@id\":\"https:\\\/\\\/fmgente.com.ar\\\/web\\\/#organization\",\"name\":\"Fm Gente\",\"url\":\"https:\\\/\\\/fmgente.com.ar\\\/web\\\/\",\"logo\":{\"@type\":\"ImageObject\",\"inLanguage\":\"es\",\"@id\":\"https:\\\/\\\/fmgente.com.ar\\\/web\\\/#\\\/schema\\\/logo\\\/image\\\/\",\"url\":\"https:\\\/\\\/fmgente.com.ar\\\/web\\\/wp-content\\\/uploads\\\/2023\\\/07\\\/cropped-cropped-logo-sombra2.png\",\"contentUrl\":\"https:\\\/\\\/fmgente.com.ar\\\/web\\\/wp-content\\\/uploads\\\/2023\\\/07\\\/cropped-cropped-logo-sombra2.png\",\"width\":1782,\"height\":1782,\"caption\":\"Fm Gente\"},\"image\":{\"@id\":\"https:\\\/\\\/fmgente.com.ar\\\/web\\\/#\\\/schema\\\/logo\\\/image\\\/\"}}]}<\/script>\n<!-- \/ Yoast SEO plugin. -->","yoast_head_json":{"title":"Como es la Prestaci\u00f3n por Desempleo de ANSES y de qu\u00e9 forma se tramita - Fm Gente","robots":{"index":"index","follow":"follow","max-snippet":"max-snippet:-1","max-image-preview":"max-image-preview:large","max-video-preview":"max-video-preview:-1"},"canonical":"https:\/\/fmgente.com.ar\/web\/como-es-la-prestacion-por-desempleo-de-anses-y-de-que-forma-se-tramita\/","og_locale":"es_ES","og_type":"article","og_title":"Como es la Prestaci\u00f3n por Desempleo de ANSES y de qu\u00e9 forma se tramita - Fm Gente","og_description":"De acuerdo con informaci\u00f3n oficial del sistema de seguridad social, durante 2025 m\u00e1s de 150.000","og_url":"https:\/\/fmgente.com.ar\/web\/como-es-la-prestacion-por-desempleo-de-anses-y-de-que-forma-se-tramita\/","og_site_name":"Fm Gente","article_published_time":"2026-03-14T13:06:05+00:00","twitter_card":"summary_large_image","twitter_misc":{"Tiempo de lectura":"4 minutos"},"schema":{"@context":"https:\/\/schema.org","@graph":[{"@type":"Article","@id":"https:\/\/fmgente.com.ar\/web\/como-es-la-prestacion-por-desempleo-de-anses-y-de-que-forma-se-tramita\/#article","isPartOf":{"@id":"https:\/\/fmgente.com.ar\/web\/como-es-la-prestacion-por-desempleo-de-anses-y-de-que-forma-se-tramita\/"},"author":{"name":"","@id":""},"headline":"Como es la Prestaci\u00f3n por Desempleo de ANSES y de qu\u00e9 forma se tramita","datePublished":"2026-03-14T13:06:05+00:00","mainEntityOfPage":{"@id":"https:\/\/fmgente.com.ar\/web\/como-es-la-prestacion-por-desempleo-de-anses-y-de-que-forma-se-tramita\/"},"wordCount":721,"publisher":{"@id":"https:\/\/fmgente.com.ar\/web\/#organization"},"image":{"@id":"https:\/\/fmgente.com.ar\/web\/como-es-la-prestacion-por-desempleo-de-anses-y-de-que-forma-se-tramita\/#primaryimage"},"thumbnailUrl":"https:\/\/fmgente.com.ar\/web\/wp-content\/uploads\/2026\/03\/720-585.jpeg","articleSection":["DESTACADAS"],"inLanguage":"es"},{"@type":"WebPage","@id":"https:\/\/fmgente.com.ar\/web\/como-es-la-prestacion-por-desempleo-de-anses-y-de-que-forma-se-tramita\/","url":"https:\/\/fmgente.com.ar\/web\/como-es-la-prestacion-por-desempleo-de-anses-y-de-que-forma-se-tramita\/","name":"Como es la Prestaci\u00f3n por Desempleo de ANSES y de qu\u00e9 forma se tramita - Fm Gente","isPartOf":{"@id":"https:\/\/fmgente.com.ar\/web\/#website"},"primaryImageOfPage":{"@id":"https:\/\/fmgente.com.ar\/web\/como-es-la-prestacion-por-desempleo-de-anses-y-de-que-forma-se-tramita\/#primaryimage"},"image":{"@id":"https:\/\/fmgente.com.ar\/web\/como-es-la-prestacion-por-desempleo-de-anses-y-de-que-forma-se-tramita\/#primaryimage"},"thumbnailUrl":"https:\/\/fmgente.com.ar\/web\/wp-content\/uploads\/2026\/03\/720-585.jpeg","datePublished":"2026-03-14T13:06:05+00:00","inLanguage":"es","potentialAction":[{"@type":"ReadAction","target":["https:\/\/fmgente.com.ar\/web\/como-es-la-prestacion-por-desempleo-de-anses-y-de-que-forma-se-tramita\/"]}]},{"@type":"ImageObject","inLanguage":"es","@id":"https:\/\/fmgente.com.ar\/web\/como-es-la-prestacion-por-desempleo-de-anses-y-de-que-forma-se-tramita\/#primaryimage","url":"https:\/\/fmgente.com.ar\/web\/wp-content\/uploads\/2026\/03\/720-585.jpeg","contentUrl":"https:\/\/fmgente.com.ar\/web\/wp-content\/uploads\/2026\/03\/720-585.jpeg","width":1280,"height":720},{"@type":"WebSite","@id":"https:\/\/fmgente.com.ar\/web\/#website","url":"https:\/\/fmgente.com.ar\/web\/","name":"Fm Gente","description":"- Jes\u00fas Mar\u00eda","publisher":{"@id":"https:\/\/fmgente.com.ar\/web\/#organization"},"potentialAction":[{"@type":"SearchAction","target":{"@type":"EntryPoint","urlTemplate":"https:\/\/fmgente.com.ar\/web\/?s={search_term_string}"},"query-input":{"@type":"PropertyValueSpecification","valueRequired":true,"valueName":"search_term_string"}}],"inLanguage":"es"},{"@type":"Organization","@id":"https:\/\/fmgente.com.ar\/web\/#organization","name":"Fm Gente","url":"https:\/\/fmgente.com.ar\/web\/","logo":{"@type":"ImageObject","inLanguage":"es","@id":"https:\/\/fmgente.com.ar\/web\/#\/schema\/logo\/image\/","url":"https:\/\/fmgente.com.ar\/web\/wp-content\/uploads\/2023\/07\/cropped-cropped-logo-sombra2.png","contentUrl":"https:\/\/fmgente.com.ar\/web\/wp-content\/uploads\/2023\/07\/cropped-cropped-logo-sombra2.png","width":1782,"height":1782,"caption":"Fm Gente"},"image":{"@id":"https:\/\/fmgente.com.ar\/web\/#\/schema\/logo\/image\/"}}]}},"_links":{"self":[{"href":"https:\/\/fmgente.com.ar\/web\/wp-json\/wp\/v2\/posts\/15277","targetHints":{"allow":["GET"]}}],"collection":[{"href":"https:\/\/fmgente.com.ar\/web\/wp-json\/wp\/v2\/posts"}],"about":[{"href":"https:\/\/fmgente.com.ar\/web\/wp-json\/wp\/v2\/types\/post"}],"replies":[{"embeddable":true,"href":"https:\/\/fmgente.com.ar\/web\/wp-json\/wp\/v2\/comments?post=15277"}],"version-history":[{"count":0,"href":"https:\/\/fmgente.com.ar\/web\/wp-json\/wp\/v2\/posts\/15277\/revisions"}],"wp:featuredmedia":[{"embeddable":true,"href":"https:\/\/fmgente.com.ar\/web\/wp-json\/wp\/v2\/media\/15278"}],"wp:attachment":[{"href":"https:\/\/fmgente.com.ar\/web\/wp-json\/wp\/v2\/media?parent=15277"}],"wp:term":[{"taxonomy":"category","embeddable":true,"href":"https:\/\/fmgente.com.ar\/web\/wp-json\/wp\/v2\/categories?post=15277"},{"taxonomy":"post_tag","embeddable":true,"href":"https:\/\/fmgente.com.ar\/web\/wp-json\/wp\/v2\/tags?post=15277"}],"curies":[{"name":"wp","href":"https:\/\/api.w.org\/{rel}","templated":true}]}}