{"id":15275,"date":"2026-03-14T10:06:05","date_gmt":"2026-03-14T13:06:05","guid":{"rendered":"https:\/\/fmgente.com.ar\/web\/esta-es-la-prestacion-que-tiene-anses-si-te-quedas-sin-trabajo-en-2026\/"},"modified":"2026-03-14T10:06:05","modified_gmt":"2026-03-14T13:06:05","slug":"esta-es-la-prestacion-que-tiene-anses-si-te-quedas-sin-trabajo-en-2026","status":"publish","type":"post","link":"https:\/\/fmgente.com.ar\/web\/esta-es-la-prestacion-que-tiene-anses-si-te-quedas-sin-trabajo-en-2026\/","title":{"rendered":"Esta es la prestaci\u00f3n que tiene ANSES si te quedas sin trabajo en 2026"},"content":{"rendered":"<p>De acuerdo con cifras del sistema de seguridad social, m\u00e1s de 150.000 personas accedieron al seguro por desempleo durante 2025. Este beneficio econ\u00f3mico es administrado por la Administraci\u00f3n Nacional de la Seguridad Social (ANSES).<\/p>\n<p>La prestaci\u00f3n est\u00e1 dirigida a trabajadores en relaci\u00f3n de dependencia que perdieron su empleo por despido sin causa, finalizaci\u00f3n del contrato laboral o por situaciones que no dependieron de su decisi\u00f3n. El objetivo del programa es brindar un respaldo econ\u00f3mico temporal mientras las personas atraviesan el per\u00edodo sin trabajo.<\/p>\n<p>QU\u00c9 ASIGNACI\u00d3N DE ANSES POD\u00c9S PEDIR SI TE QUEDAS SIN TRABAJO EN 2026<\/p>\n<p>El objetivo de esta asistencia es brindar un respaldo econ\u00f3mico a quienes perdieron su empleo, permiti\u00e9ndoles afrontar el per\u00edodo de b\u00fasqueda laboral y reducir el impacto que genera la ca\u00edda de ingresos tras una desvinculaci\u00f3n involuntaria.<\/p>\n<p> * Seguro por desempleo para trabajadores en relaci\u00f3n de dependencia<\/p>\n<p>Este beneficio que administra el organismo estatal est\u00e1 dirigido a empleados en relaci\u00f3n de dependencia que quedaron sin trabajo por despido sin causa, finalizaci\u00f3n del contrato o por circunstancias ajenas a su decisi\u00f3n.<\/p>\n<p>Para acceder al programa se deben cumplir determinados requisitos seg\u00fan la modalidad laboral. En el caso de los trabajadores permanentes, se exige haber registrado al menos seis meses de aportes durante los tres a\u00f1os previos al despido o al final del v\u00ednculo laboral.<\/p>\n<p>Por su parte, quienes realizaban tareas eventuales o de temporada deben acreditar menos de 12 meses de actividad en los \u00faltimos tres a\u00f1os, pero al mismo tiempo haber trabajado m\u00e1s de 90 d\u00edas durante el \u00faltimo a\u00f1o antes de la finalizaci\u00f3n de la relaci\u00f3n laboral.<\/p>\n<p>El valor de la prestaci\u00f3n y la cantidad de cuotas \u2014que pueden variar entre 2 y 12 pagos\u2014 se calculan seg\u00fan los ingresos del trabajador y el tiempo con aportes registrados en los tres a\u00f1os anteriores. Adem\u00e1s, las personas mayores de 45 a\u00f1os cuentan con una extensi\u00f3n del beneficio por seis meses adicionales.<\/p>\n<p> * Prestaci\u00f3n por desempleo para trabajadores de la construcci\u00f3n<\/p>\n<p>Existe tambi\u00e9n un r\u00e9gimen espec\u00edfico destinado a trabajadores del sector de la construcci\u00f3n que quedaron sin empleo por despido sin causa o por finalizaci\u00f3n de obra.<\/p>\n<p>Para solicitar este beneficio es necesario haber acumulado al menos ocho meses de trabajo con aportes en los dos a\u00f1os anteriores al cese de la actividad.<\/p>\n<p>En el caso de los empleados permanentes, el monto de la prestaci\u00f3n y la cantidad de cuotas \u2014que pueden ir de 3 a 8 pagos\u2014 se determinan seg\u00fan los ingresos percibidos y el tiempo trabajado con aportes durante los \u00faltimos dos a\u00f1os.<\/p>\n<p>C\u00d3MO TRAMITAR LA PRESTACI\u00d3N POR DESEMPLEO DE ANSES EN 2026<\/p>\n<p>El paso a paso es el siguiente:<\/p>\n<p>1. Reunir la documentaci\u00f3n<\/p>\n<p>Se debe presentar DNI (original y copia) junto con documentos que acrediten la situaci\u00f3n de desempleo. Seg\u00fan el motivo de la desvinculaci\u00f3n, puede requerirse:<\/p>\n<p> * Despido sin causa: telegrama de despido, carta documento o nota firmada por el empleador.<br \/>\n * Quiebra o concurso del empleador: certificaci\u00f3n del s\u00edndico, sentencia judicial de quiebra o publicaci\u00f3n en el Bolet\u00edn Oficial.<br \/>\n * Extinci\u00f3n del contrato por denuncia del trabajador con causa: telegrama de intimaci\u00f3n y telegrama de desvinculaci\u00f3n enviados por el trabajador.<br \/>\n * Fin de contrato a plazo fijo: copia del contrato vencido.<br \/>\n * Fallecimiento del empleador unipersonal: acta de defunci\u00f3n certificada.<br \/>\n * Enfermedad o accidente al momento del cese laboral: certificado m\u00e9dico que acredite aptitud laboral acorde a la situaci\u00f3n de salud.<\/p>\n<p>2. Iniciar la solicitud<\/p>\n<p>El tr\u00e1mite puede realizarse a trav\u00e9s del sistema de Atenci\u00f3n Virtual en el sitio web de Administraci\u00f3n Nacional de la Seguridad Social (ANSES), ingresando con CUIL y Clave de la Seguridad Social.<\/p>\n<p>Tambi\u00e9n es posible gestionarlo de forma presencial en una oficina del organismo, solicitando previamente un turno.<\/p>\n","protected":false},"excerpt":{"rendered":"<p>De acuerdo con cifras del sistema de seguridad social, m\u00e1s de 150.000 personas accedieron al<\/p>\n","protected":false},"author":0,"featured_media":15276,"comment_status":"","ping_status":"","sticky":false,"template":"","format":"standard","meta":{"footnotes":""},"categories":[11],"tags":[],"class_list":["post-15275","post","type-post","status-publish","format-standard","has-post-thumbnail","hentry","category-destacadas"],"yoast_head":"<!-- This site is optimized with the Yoast SEO plugin v27.4 - https:\/\/yoast.com\/product\/yoast-seo-wordpress\/ -->\n<title>Esta es la prestaci\u00f3n que tiene ANSES si te quedas sin trabajo en 2026 - Fm Gente<\/title>\n<meta name=\"robots\" content=\"index, follow, max-snippet:-1, max-image-preview:large, max-video-preview:-1\" \/>\n<link rel=\"canonical\" href=\"https:\/\/fmgente.com.ar\/web\/esta-es-la-prestacion-que-tiene-anses-si-te-quedas-sin-trabajo-en-2026\/\" \/>\n<meta property=\"og:locale\" content=\"es_ES\" \/>\n<meta property=\"og:type\" content=\"article\" \/>\n<meta property=\"og:title\" content=\"Esta es la prestaci\u00f3n que tiene ANSES si te quedas sin trabajo en 2026 - Fm Gente\" \/>\n<meta property=\"og:description\" content=\"De acuerdo con cifras del sistema de seguridad social, m\u00e1s de 150.000 personas accedieron al\" \/>\n<meta property=\"og:url\" content=\"https:\/\/fmgente.com.ar\/web\/esta-es-la-prestacion-que-tiene-anses-si-te-quedas-sin-trabajo-en-2026\/\" \/>\n<meta property=\"og:site_name\" content=\"Fm Gente\" \/>\n<meta property=\"article:published_time\" content=\"2026-03-14T13:06:05+00:00\" \/>\n<meta name=\"twitter:card\" content=\"summary_large_image\" \/>\n<meta name=\"twitter:label1\" content=\"Tiempo de lectura\" \/>\n\t<meta name=\"twitter:data1\" content=\"3 minutos\" \/>\n<script type=\"application\/ld+json\" class=\"yoast-schema-graph\">{\"@context\":\"https:\\\/\\\/schema.org\",\"@graph\":[{\"@type\":\"Article\",\"@id\":\"https:\\\/\\\/fmgente.com.ar\\\/web\\\/esta-es-la-prestacion-que-tiene-anses-si-te-quedas-sin-trabajo-en-2026\\\/#article\",\"isPartOf\":{\"@id\":\"https:\\\/\\\/fmgente.com.ar\\\/web\\\/esta-es-la-prestacion-que-tiene-anses-si-te-quedas-sin-trabajo-en-2026\\\/\"},\"author\":{\"name\":\"\",\"@id\":\"\"},\"headline\":\"Esta es la prestaci\u00f3n que tiene ANSES si te quedas sin trabajo en 2026\",\"datePublished\":\"2026-03-14T13:06:05+00:00\",\"mainEntityOfPage\":{\"@id\":\"https:\\\/\\\/fmgente.com.ar\\\/web\\\/esta-es-la-prestacion-que-tiene-anses-si-te-quedas-sin-trabajo-en-2026\\\/\"},\"wordCount\":673,\"publisher\":{\"@id\":\"https:\\\/\\\/fmgente.com.ar\\\/web\\\/#organization\"},\"image\":{\"@id\":\"https:\\\/\\\/fmgente.com.ar\\\/web\\\/esta-es-la-prestacion-que-tiene-anses-si-te-quedas-sin-trabajo-en-2026\\\/#primaryimage\"},\"thumbnailUrl\":\"https:\\\/\\\/fmgente.com.ar\\\/web\\\/wp-content\\\/uploads\\\/2026\\\/03\\\/720-584.jpeg\",\"articleSection\":[\"DESTACADAS\"],\"inLanguage\":\"es\"},{\"@type\":\"WebPage\",\"@id\":\"https:\\\/\\\/fmgente.com.ar\\\/web\\\/esta-es-la-prestacion-que-tiene-anses-si-te-quedas-sin-trabajo-en-2026\\\/\",\"url\":\"https:\\\/\\\/fmgente.com.ar\\\/web\\\/esta-es-la-prestacion-que-tiene-anses-si-te-quedas-sin-trabajo-en-2026\\\/\",\"name\":\"Esta es la prestaci\u00f3n que tiene ANSES si te quedas sin trabajo en 2026 - Fm Gente\",\"isPartOf\":{\"@id\":\"https:\\\/\\\/fmgente.com.ar\\\/web\\\/#website\"},\"primaryImageOfPage\":{\"@id\":\"https:\\\/\\\/fmgente.com.ar\\\/web\\\/esta-es-la-prestacion-que-tiene-anses-si-te-quedas-sin-trabajo-en-2026\\\/#primaryimage\"},\"image\":{\"@id\":\"https:\\\/\\\/fmgente.com.ar\\\/web\\\/esta-es-la-prestacion-que-tiene-anses-si-te-quedas-sin-trabajo-en-2026\\\/#primaryimage\"},\"thumbnailUrl\":\"https:\\\/\\\/fmgente.com.ar\\\/web\\\/wp-content\\\/uploads\\\/2026\\\/03\\\/720-584.jpeg\",\"datePublished\":\"2026-03-14T13:06:05+00:00\",\"inLanguage\":\"es\",\"potentialAction\":[{\"@type\":\"ReadAction\",\"target\":[\"https:\\\/\\\/fmgente.com.ar\\\/web\\\/esta-es-la-prestacion-que-tiene-anses-si-te-quedas-sin-trabajo-en-2026\\\/\"]}]},{\"@type\":\"ImageObject\",\"inLanguage\":\"es\",\"@id\":\"https:\\\/\\\/fmgente.com.ar\\\/web\\\/esta-es-la-prestacion-que-tiene-anses-si-te-quedas-sin-trabajo-en-2026\\\/#primaryimage\",\"url\":\"https:\\\/\\\/fmgente.com.ar\\\/web\\\/wp-content\\\/uploads\\\/2026\\\/03\\\/720-584.jpeg\",\"contentUrl\":\"https:\\\/\\\/fmgente.com.ar\\\/web\\\/wp-content\\\/uploads\\\/2026\\\/03\\\/720-584.jpeg\",\"width\":1280,\"height\":720},{\"@type\":\"WebSite\",\"@id\":\"https:\\\/\\\/fmgente.com.ar\\\/web\\\/#website\",\"url\":\"https:\\\/\\\/fmgente.com.ar\\\/web\\\/\",\"name\":\"Fm Gente\",\"description\":\"- Jes\u00fas Mar\u00eda\",\"publisher\":{\"@id\":\"https:\\\/\\\/fmgente.com.ar\\\/web\\\/#organization\"},\"potentialAction\":[{\"@type\":\"SearchAction\",\"target\":{\"@type\":\"EntryPoint\",\"urlTemplate\":\"https:\\\/\\\/fmgente.com.ar\\\/web\\\/?s={search_term_string}\"},\"query-input\":{\"@type\":\"PropertyValueSpecification\",\"valueRequired\":true,\"valueName\":\"search_term_string\"}}],\"inLanguage\":\"es\"},{\"@type\":\"Organization\",\"@id\":\"https:\\\/\\\/fmgente.com.ar\\\/web\\\/#organization\",\"name\":\"Fm Gente\",\"url\":\"https:\\\/\\\/fmgente.com.ar\\\/web\\\/\",\"logo\":{\"@type\":\"ImageObject\",\"inLanguage\":\"es\",\"@id\":\"https:\\\/\\\/fmgente.com.ar\\\/web\\\/#\\\/schema\\\/logo\\\/image\\\/\",\"url\":\"https:\\\/\\\/fmgente.com.ar\\\/web\\\/wp-content\\\/uploads\\\/2023\\\/07\\\/cropped-cropped-logo-sombra2.png\",\"contentUrl\":\"https:\\\/\\\/fmgente.com.ar\\\/web\\\/wp-content\\\/uploads\\\/2023\\\/07\\\/cropped-cropped-logo-sombra2.png\",\"width\":1782,\"height\":1782,\"caption\":\"Fm Gente\"},\"image\":{\"@id\":\"https:\\\/\\\/fmgente.com.ar\\\/web\\\/#\\\/schema\\\/logo\\\/image\\\/\"}}]}<\/script>\n<!-- \/ Yoast SEO plugin. -->","yoast_head_json":{"title":"Esta es la prestaci\u00f3n que tiene ANSES si te quedas sin trabajo en 2026 - Fm Gente","robots":{"index":"index","follow":"follow","max-snippet":"max-snippet:-1","max-image-preview":"max-image-preview:large","max-video-preview":"max-video-preview:-1"},"canonical":"https:\/\/fmgente.com.ar\/web\/esta-es-la-prestacion-que-tiene-anses-si-te-quedas-sin-trabajo-en-2026\/","og_locale":"es_ES","og_type":"article","og_title":"Esta es la prestaci\u00f3n que tiene ANSES si te quedas sin trabajo en 2026 - Fm Gente","og_description":"De acuerdo con cifras del sistema de seguridad social, m\u00e1s de 150.000 personas accedieron al","og_url":"https:\/\/fmgente.com.ar\/web\/esta-es-la-prestacion-que-tiene-anses-si-te-quedas-sin-trabajo-en-2026\/","og_site_name":"Fm Gente","article_published_time":"2026-03-14T13:06:05+00:00","twitter_card":"summary_large_image","twitter_misc":{"Tiempo de lectura":"3 minutos"},"schema":{"@context":"https:\/\/schema.org","@graph":[{"@type":"Article","@id":"https:\/\/fmgente.com.ar\/web\/esta-es-la-prestacion-que-tiene-anses-si-te-quedas-sin-trabajo-en-2026\/#article","isPartOf":{"@id":"https:\/\/fmgente.com.ar\/web\/esta-es-la-prestacion-que-tiene-anses-si-te-quedas-sin-trabajo-en-2026\/"},"author":{"name":"","@id":""},"headline":"Esta es la prestaci\u00f3n que tiene ANSES si te quedas sin trabajo en 2026","datePublished":"2026-03-14T13:06:05+00:00","mainEntityOfPage":{"@id":"https:\/\/fmgente.com.ar\/web\/esta-es-la-prestacion-que-tiene-anses-si-te-quedas-sin-trabajo-en-2026\/"},"wordCount":673,"publisher":{"@id":"https:\/\/fmgente.com.ar\/web\/#organization"},"image":{"@id":"https:\/\/fmgente.com.ar\/web\/esta-es-la-prestacion-que-tiene-anses-si-te-quedas-sin-trabajo-en-2026\/#primaryimage"},"thumbnailUrl":"https:\/\/fmgente.com.ar\/web\/wp-content\/uploads\/2026\/03\/720-584.jpeg","articleSection":["DESTACADAS"],"inLanguage":"es"},{"@type":"WebPage","@id":"https:\/\/fmgente.com.ar\/web\/esta-es-la-prestacion-que-tiene-anses-si-te-quedas-sin-trabajo-en-2026\/","url":"https:\/\/fmgente.com.ar\/web\/esta-es-la-prestacion-que-tiene-anses-si-te-quedas-sin-trabajo-en-2026\/","name":"Esta es la prestaci\u00f3n que tiene ANSES si te quedas sin trabajo en 2026 - Fm Gente","isPartOf":{"@id":"https:\/\/fmgente.com.ar\/web\/#website"},"primaryImageOfPage":{"@id":"https:\/\/fmgente.com.ar\/web\/esta-es-la-prestacion-que-tiene-anses-si-te-quedas-sin-trabajo-en-2026\/#primaryimage"},"image":{"@id":"https:\/\/fmgente.com.ar\/web\/esta-es-la-prestacion-que-tiene-anses-si-te-quedas-sin-trabajo-en-2026\/#primaryimage"},"thumbnailUrl":"https:\/\/fmgente.com.ar\/web\/wp-content\/uploads\/2026\/03\/720-584.jpeg","datePublished":"2026-03-14T13:06:05+00:00","inLanguage":"es","potentialAction":[{"@type":"ReadAction","target":["https:\/\/fmgente.com.ar\/web\/esta-es-la-prestacion-que-tiene-anses-si-te-quedas-sin-trabajo-en-2026\/"]}]},{"@type":"ImageObject","inLanguage":"es","@id":"https:\/\/fmgente.com.ar\/web\/esta-es-la-prestacion-que-tiene-anses-si-te-quedas-sin-trabajo-en-2026\/#primaryimage","url":"https:\/\/fmgente.com.ar\/web\/wp-content\/uploads\/2026\/03\/720-584.jpeg","contentUrl":"https:\/\/fmgente.com.ar\/web\/wp-content\/uploads\/2026\/03\/720-584.jpeg","width":1280,"height":720},{"@type":"WebSite","@id":"https:\/\/fmgente.com.ar\/web\/#website","url":"https:\/\/fmgente.com.ar\/web\/","name":"Fm Gente","description":"- Jes\u00fas Mar\u00eda","publisher":{"@id":"https:\/\/fmgente.com.ar\/web\/#organization"},"potentialAction":[{"@type":"SearchAction","target":{"@type":"EntryPoint","urlTemplate":"https:\/\/fmgente.com.ar\/web\/?s={search_term_string}"},"query-input":{"@type":"PropertyValueSpecification","valueRequired":true,"valueName":"search_term_string"}}],"inLanguage":"es"},{"@type":"Organization","@id":"https:\/\/fmgente.com.ar\/web\/#organization","name":"Fm Gente","url":"https:\/\/fmgente.com.ar\/web\/","logo":{"@type":"ImageObject","inLanguage":"es","@id":"https:\/\/fmgente.com.ar\/web\/#\/schema\/logo\/image\/","url":"https:\/\/fmgente.com.ar\/web\/wp-content\/uploads\/2023\/07\/cropped-cropped-logo-sombra2.png","contentUrl":"https:\/\/fmgente.com.ar\/web\/wp-content\/uploads\/2023\/07\/cropped-cropped-logo-sombra2.png","width":1782,"height":1782,"caption":"Fm Gente"},"image":{"@id":"https:\/\/fmgente.com.ar\/web\/#\/schema\/logo\/image\/"}}]}},"_links":{"self":[{"href":"https:\/\/fmgente.com.ar\/web\/wp-json\/wp\/v2\/posts\/15275","targetHints":{"allow":["GET"]}}],"collection":[{"href":"https:\/\/fmgente.com.ar\/web\/wp-json\/wp\/v2\/posts"}],"about":[{"href":"https:\/\/fmgente.com.ar\/web\/wp-json\/wp\/v2\/types\/post"}],"replies":[{"embeddable":true,"href":"https:\/\/fmgente.com.ar\/web\/wp-json\/wp\/v2\/comments?post=15275"}],"version-history":[{"count":0,"href":"https:\/\/fmgente.com.ar\/web\/wp-json\/wp\/v2\/posts\/15275\/revisions"}],"wp:featuredmedia":[{"embeddable":true,"href":"https:\/\/fmgente.com.ar\/web\/wp-json\/wp\/v2\/media\/15276"}],"wp:attachment":[{"href":"https:\/\/fmgente.com.ar\/web\/wp-json\/wp\/v2\/media?parent=15275"}],"wp:term":[{"taxonomy":"category","embeddable":true,"href":"https:\/\/fmgente.com.ar\/web\/wp-json\/wp\/v2\/categories?post=15275"},{"taxonomy":"post_tag","embeddable":true,"href":"https:\/\/fmgente.com.ar\/web\/wp-json\/wp\/v2\/tags?post=15275"}],"curies":[{"name":"wp","href":"https:\/\/api.w.org\/{rel}","templated":true}]}}