{"id":15247,"date":"2026-03-14T05:06:57","date_gmt":"2026-03-14T08:06:57","guid":{"rendered":"https:\/\/fmgente.com.ar\/web\/el-uso-de-la-capacidad-instalada-de-la-industria-sigue-por-el-piso\/"},"modified":"2026-03-14T05:06:57","modified_gmt":"2026-03-14T08:06:57","slug":"el-uso-de-la-capacidad-instalada-de-la-industria-sigue-por-el-piso","status":"publish","type":"post","link":"https:\/\/fmgente.com.ar\/web\/el-uso-de-la-capacidad-instalada-de-la-industria-sigue-por-el-piso\/","title":{"rendered":"El uso de la capacidad instalada de la industria sigue por el piso"},"content":{"rendered":"<p>Buenos Aires, 13 marzo (NA) \u2013 El uso de la capacidad instalada del sector fabril sigue en ca\u00edda libre. La industria comenz\u00f3 2026 con un nivel de utilizaci\u00f3n de la capacidad instalada de 53,6%, por debajo incluso del registro del mismo mes de 2025, cuando hab\u00eda marcado 55%, seg\u00fan el INDEC. <\/p>\n<p>El dato refleja un arranque de a\u00f1o con menor nivel de actividad en varios sectores clave, en un contexto de ajuste productivo y demanda todav\u00eda d\u00e9bil, seg\u00fan supo la Agencia Noticias Argentinas.<\/p>\n<p>El indicador mide qu\u00e9 proporci\u00f3n del potencial productivo de las plantas industriales est\u00e1 efectivamente en uso. <\/p>\n<p>El 53,6% de enero es el nivel m\u00e1s bajo desde marzo de 2024, cuando hab\u00eda anotado 53,2%. <\/p>\n<p>Refleja que el sector sigue sin poder recomponerse de la retracci\u00f3n de la actividad y el impacto de las importaciones.<\/p>\n<p>A nivel sectorial, el uso de la capacidad instalada refleja lo que est\u00e1 ocurriendo con la actividad: niveles altos en energ\u00eda y miner\u00eda, y muy bajos en las industrias que apuntan al mercado interno.<\/p>\n<p>En enero, los rubros con mayor utilizaci\u00f3n de capacidad instalada se concentraron en refinaci\u00f3n del petr\u00f3leo (86,8%), industrias met\u00e1licas b\u00e1sicas (67,6%) y sustancias y productos qu\u00edmicos (64,8%). <\/p>\n<p>Tambi\u00e9n se ubicaron en niveles relativamente elevados papel y cart\u00f3n (61,7%) y alimentos y bebidas (60,2%).<\/p>\n<p>En contraste, entre los m\u00e1s rezagados se destacaron los productos textiles (23,7%), la industria automotriz (24%) y metalmec\u00e1nica (31,4%).<\/p>\n<p>La ca\u00edda interanual m\u00e1s relevante se observ\u00f3 precisamente en la metalmec\u00e1nica, afectada por la menor fabricaci\u00f3n de maquinaria agropecuaria y de electrodom\u00e9sticos. De acuerdo con el \u00edndice de producci\u00f3n industrial manufacturero, la producci\u00f3n de maquinaria agr\u00edcola retrocedi\u00f3 32,1% interanual, mientras que los aparatos de uso dom\u00e9stico cayeron 35,8%.<\/p>\n<p>Tambi\u00e9n la industria automotriz registr\u00f3 un retroceso significativo. La utilizaci\u00f3n de capacidad se ubic\u00f3 en 24%, muy por debajo del 34,8% de enero de 2025, en l\u00ednea con una ca\u00edda de 30,4% en la producci\u00f3n de veh\u00edculos.<\/p>\n<p>Entre las pocas incidencias positivas, las industrias met\u00e1licas b\u00e1sicas mostraron una mejora respecto del a\u00f1o anterior, impulsadas por un aumento de 17,2% en la producci\u00f3n de acero crudo.<\/p>\n<p>AgenciaNA<\/p>\n","protected":false},"excerpt":{"rendered":"<p>Buenos Aires, 13 marzo (NA) \u2013 El uso de la capacidad instalada del sector fabril<\/p>\n","protected":false},"author":0,"featured_media":15248,"comment_status":"","ping_status":"","sticky":false,"template":"","format":"standard","meta":{"footnotes":""},"categories":[11],"tags":[],"class_list":["post-15247","post","type-post","status-publish","format-standard","has-post-thumbnail","hentry","category-destacadas"],"yoast_head":"<!-- This site is optimized with the Yoast SEO plugin v27.4 - https:\/\/yoast.com\/product\/yoast-seo-wordpress\/ -->\n<title>El uso de la capacidad instalada de la industria sigue por el piso - Fm Gente<\/title>\n<meta name=\"robots\" content=\"index, follow, max-snippet:-1, max-image-preview:large, max-video-preview:-1\" \/>\n<link rel=\"canonical\" href=\"https:\/\/fmgente.com.ar\/web\/el-uso-de-la-capacidad-instalada-de-la-industria-sigue-por-el-piso\/\" \/>\n<meta property=\"og:locale\" content=\"es_ES\" \/>\n<meta property=\"og:type\" content=\"article\" \/>\n<meta property=\"og:title\" content=\"El uso de la capacidad instalada de la industria sigue por el piso - Fm Gente\" \/>\n<meta property=\"og:description\" content=\"Buenos Aires, 13 marzo (NA) \u2013 El uso de la capacidad instalada del sector fabril\" \/>\n<meta property=\"og:url\" content=\"https:\/\/fmgente.com.ar\/web\/el-uso-de-la-capacidad-instalada-de-la-industria-sigue-por-el-piso\/\" \/>\n<meta property=\"og:site_name\" content=\"Fm Gente\" \/>\n<meta property=\"article:published_time\" content=\"2026-03-14T08:06:57+00:00\" \/>\n<meta name=\"twitter:card\" content=\"summary_large_image\" \/>\n<meta name=\"twitter:label1\" content=\"Tiempo de lectura\" \/>\n\t<meta name=\"twitter:data1\" content=\"2 minutos\" \/>\n<script type=\"application\/ld+json\" class=\"yoast-schema-graph\">{\"@context\":\"https:\\\/\\\/schema.org\",\"@graph\":[{\"@type\":\"Article\",\"@id\":\"https:\\\/\\\/fmgente.com.ar\\\/web\\\/el-uso-de-la-capacidad-instalada-de-la-industria-sigue-por-el-piso\\\/#article\",\"isPartOf\":{\"@id\":\"https:\\\/\\\/fmgente.com.ar\\\/web\\\/el-uso-de-la-capacidad-instalada-de-la-industria-sigue-por-el-piso\\\/\"},\"author\":{\"name\":\"\",\"@id\":\"\"},\"headline\":\"El uso de la capacidad instalada de la industria sigue por el piso\",\"datePublished\":\"2026-03-14T08:06:57+00:00\",\"mainEntityOfPage\":{\"@id\":\"https:\\\/\\\/fmgente.com.ar\\\/web\\\/el-uso-de-la-capacidad-instalada-de-la-industria-sigue-por-el-piso\\\/\"},\"wordCount\":378,\"publisher\":{\"@id\":\"https:\\\/\\\/fmgente.com.ar\\\/web\\\/#organization\"},\"image\":{\"@id\":\"https:\\\/\\\/fmgente.com.ar\\\/web\\\/el-uso-de-la-capacidad-instalada-de-la-industria-sigue-por-el-piso\\\/#primaryimage\"},\"thumbnailUrl\":\"https:\\\/\\\/fmgente.com.ar\\\/web\\\/wp-content\\\/uploads\\\/2026\\\/03\\\/720-576.jpeg\",\"articleSection\":[\"DESTACADAS\"],\"inLanguage\":\"es\"},{\"@type\":\"WebPage\",\"@id\":\"https:\\\/\\\/fmgente.com.ar\\\/web\\\/el-uso-de-la-capacidad-instalada-de-la-industria-sigue-por-el-piso\\\/\",\"url\":\"https:\\\/\\\/fmgente.com.ar\\\/web\\\/el-uso-de-la-capacidad-instalada-de-la-industria-sigue-por-el-piso\\\/\",\"name\":\"El uso de la capacidad instalada de la industria sigue por el piso - Fm Gente\",\"isPartOf\":{\"@id\":\"https:\\\/\\\/fmgente.com.ar\\\/web\\\/#website\"},\"primaryImageOfPage\":{\"@id\":\"https:\\\/\\\/fmgente.com.ar\\\/web\\\/el-uso-de-la-capacidad-instalada-de-la-industria-sigue-por-el-piso\\\/#primaryimage\"},\"image\":{\"@id\":\"https:\\\/\\\/fmgente.com.ar\\\/web\\\/el-uso-de-la-capacidad-instalada-de-la-industria-sigue-por-el-piso\\\/#primaryimage\"},\"thumbnailUrl\":\"https:\\\/\\\/fmgente.com.ar\\\/web\\\/wp-content\\\/uploads\\\/2026\\\/03\\\/720-576.jpeg\",\"datePublished\":\"2026-03-14T08:06:57+00:00\",\"inLanguage\":\"es\",\"potentialAction\":[{\"@type\":\"ReadAction\",\"target\":[\"https:\\\/\\\/fmgente.com.ar\\\/web\\\/el-uso-de-la-capacidad-instalada-de-la-industria-sigue-por-el-piso\\\/\"]}]},{\"@type\":\"ImageObject\",\"inLanguage\":\"es\",\"@id\":\"https:\\\/\\\/fmgente.com.ar\\\/web\\\/el-uso-de-la-capacidad-instalada-de-la-industria-sigue-por-el-piso\\\/#primaryimage\",\"url\":\"https:\\\/\\\/fmgente.com.ar\\\/web\\\/wp-content\\\/uploads\\\/2026\\\/03\\\/720-576.jpeg\",\"contentUrl\":\"https:\\\/\\\/fmgente.com.ar\\\/web\\\/wp-content\\\/uploads\\\/2026\\\/03\\\/720-576.jpeg\",\"width\":1082,\"height\":720},{\"@type\":\"WebSite\",\"@id\":\"https:\\\/\\\/fmgente.com.ar\\\/web\\\/#website\",\"url\":\"https:\\\/\\\/fmgente.com.ar\\\/web\\\/\",\"name\":\"Fm Gente\",\"description\":\"- Jes\u00fas Mar\u00eda\",\"publisher\":{\"@id\":\"https:\\\/\\\/fmgente.com.ar\\\/web\\\/#organization\"},\"potentialAction\":[{\"@type\":\"SearchAction\",\"target\":{\"@type\":\"EntryPoint\",\"urlTemplate\":\"https:\\\/\\\/fmgente.com.ar\\\/web\\\/?s={search_term_string}\"},\"query-input\":{\"@type\":\"PropertyValueSpecification\",\"valueRequired\":true,\"valueName\":\"search_term_string\"}}],\"inLanguage\":\"es\"},{\"@type\":\"Organization\",\"@id\":\"https:\\\/\\\/fmgente.com.ar\\\/web\\\/#organization\",\"name\":\"Fm Gente\",\"url\":\"https:\\\/\\\/fmgente.com.ar\\\/web\\\/\",\"logo\":{\"@type\":\"ImageObject\",\"inLanguage\":\"es\",\"@id\":\"https:\\\/\\\/fmgente.com.ar\\\/web\\\/#\\\/schema\\\/logo\\\/image\\\/\",\"url\":\"https:\\\/\\\/fmgente.com.ar\\\/web\\\/wp-content\\\/uploads\\\/2023\\\/07\\\/cropped-cropped-logo-sombra2.png\",\"contentUrl\":\"https:\\\/\\\/fmgente.com.ar\\\/web\\\/wp-content\\\/uploads\\\/2023\\\/07\\\/cropped-cropped-logo-sombra2.png\",\"width\":1782,\"height\":1782,\"caption\":\"Fm Gente\"},\"image\":{\"@id\":\"https:\\\/\\\/fmgente.com.ar\\\/web\\\/#\\\/schema\\\/logo\\\/image\\\/\"}}]}<\/script>\n<!-- \/ Yoast SEO plugin. -->","yoast_head_json":{"title":"El uso de la capacidad instalada de la industria sigue por el piso - Fm Gente","robots":{"index":"index","follow":"follow","max-snippet":"max-snippet:-1","max-image-preview":"max-image-preview:large","max-video-preview":"max-video-preview:-1"},"canonical":"https:\/\/fmgente.com.ar\/web\/el-uso-de-la-capacidad-instalada-de-la-industria-sigue-por-el-piso\/","og_locale":"es_ES","og_type":"article","og_title":"El uso de la capacidad instalada de la industria sigue por el piso - Fm Gente","og_description":"Buenos Aires, 13 marzo (NA) \u2013 El uso de la capacidad instalada del sector fabril","og_url":"https:\/\/fmgente.com.ar\/web\/el-uso-de-la-capacidad-instalada-de-la-industria-sigue-por-el-piso\/","og_site_name":"Fm Gente","article_published_time":"2026-03-14T08:06:57+00:00","twitter_card":"summary_large_image","twitter_misc":{"Tiempo de lectura":"2 minutos"},"schema":{"@context":"https:\/\/schema.org","@graph":[{"@type":"Article","@id":"https:\/\/fmgente.com.ar\/web\/el-uso-de-la-capacidad-instalada-de-la-industria-sigue-por-el-piso\/#article","isPartOf":{"@id":"https:\/\/fmgente.com.ar\/web\/el-uso-de-la-capacidad-instalada-de-la-industria-sigue-por-el-piso\/"},"author":{"name":"","@id":""},"headline":"El uso de la capacidad instalada de la industria sigue por el piso","datePublished":"2026-03-14T08:06:57+00:00","mainEntityOfPage":{"@id":"https:\/\/fmgente.com.ar\/web\/el-uso-de-la-capacidad-instalada-de-la-industria-sigue-por-el-piso\/"},"wordCount":378,"publisher":{"@id":"https:\/\/fmgente.com.ar\/web\/#organization"},"image":{"@id":"https:\/\/fmgente.com.ar\/web\/el-uso-de-la-capacidad-instalada-de-la-industria-sigue-por-el-piso\/#primaryimage"},"thumbnailUrl":"https:\/\/fmgente.com.ar\/web\/wp-content\/uploads\/2026\/03\/720-576.jpeg","articleSection":["DESTACADAS"],"inLanguage":"es"},{"@type":"WebPage","@id":"https:\/\/fmgente.com.ar\/web\/el-uso-de-la-capacidad-instalada-de-la-industria-sigue-por-el-piso\/","url":"https:\/\/fmgente.com.ar\/web\/el-uso-de-la-capacidad-instalada-de-la-industria-sigue-por-el-piso\/","name":"El uso de la capacidad instalada de la industria sigue por el piso - Fm Gente","isPartOf":{"@id":"https:\/\/fmgente.com.ar\/web\/#website"},"primaryImageOfPage":{"@id":"https:\/\/fmgente.com.ar\/web\/el-uso-de-la-capacidad-instalada-de-la-industria-sigue-por-el-piso\/#primaryimage"},"image":{"@id":"https:\/\/fmgente.com.ar\/web\/el-uso-de-la-capacidad-instalada-de-la-industria-sigue-por-el-piso\/#primaryimage"},"thumbnailUrl":"https:\/\/fmgente.com.ar\/web\/wp-content\/uploads\/2026\/03\/720-576.jpeg","datePublished":"2026-03-14T08:06:57+00:00","inLanguage":"es","potentialAction":[{"@type":"ReadAction","target":["https:\/\/fmgente.com.ar\/web\/el-uso-de-la-capacidad-instalada-de-la-industria-sigue-por-el-piso\/"]}]},{"@type":"ImageObject","inLanguage":"es","@id":"https:\/\/fmgente.com.ar\/web\/el-uso-de-la-capacidad-instalada-de-la-industria-sigue-por-el-piso\/#primaryimage","url":"https:\/\/fmgente.com.ar\/web\/wp-content\/uploads\/2026\/03\/720-576.jpeg","contentUrl":"https:\/\/fmgente.com.ar\/web\/wp-content\/uploads\/2026\/03\/720-576.jpeg","width":1082,"height":720},{"@type":"WebSite","@id":"https:\/\/fmgente.com.ar\/web\/#website","url":"https:\/\/fmgente.com.ar\/web\/","name":"Fm Gente","description":"- Jes\u00fas Mar\u00eda","publisher":{"@id":"https:\/\/fmgente.com.ar\/web\/#organization"},"potentialAction":[{"@type":"SearchAction","target":{"@type":"EntryPoint","urlTemplate":"https:\/\/fmgente.com.ar\/web\/?s={search_term_string}"},"query-input":{"@type":"PropertyValueSpecification","valueRequired":true,"valueName":"search_term_string"}}],"inLanguage":"es"},{"@type":"Organization","@id":"https:\/\/fmgente.com.ar\/web\/#organization","name":"Fm Gente","url":"https:\/\/fmgente.com.ar\/web\/","logo":{"@type":"ImageObject","inLanguage":"es","@id":"https:\/\/fmgente.com.ar\/web\/#\/schema\/logo\/image\/","url":"https:\/\/fmgente.com.ar\/web\/wp-content\/uploads\/2023\/07\/cropped-cropped-logo-sombra2.png","contentUrl":"https:\/\/fmgente.com.ar\/web\/wp-content\/uploads\/2023\/07\/cropped-cropped-logo-sombra2.png","width":1782,"height":1782,"caption":"Fm Gente"},"image":{"@id":"https:\/\/fmgente.com.ar\/web\/#\/schema\/logo\/image\/"}}]}},"_links":{"self":[{"href":"https:\/\/fmgente.com.ar\/web\/wp-json\/wp\/v2\/posts\/15247","targetHints":{"allow":["GET"]}}],"collection":[{"href":"https:\/\/fmgente.com.ar\/web\/wp-json\/wp\/v2\/posts"}],"about":[{"href":"https:\/\/fmgente.com.ar\/web\/wp-json\/wp\/v2\/types\/post"}],"replies":[{"embeddable":true,"href":"https:\/\/fmgente.com.ar\/web\/wp-json\/wp\/v2\/comments?post=15247"}],"version-history":[{"count":0,"href":"https:\/\/fmgente.com.ar\/web\/wp-json\/wp\/v2\/posts\/15247\/revisions"}],"wp:featuredmedia":[{"embeddable":true,"href":"https:\/\/fmgente.com.ar\/web\/wp-json\/wp\/v2\/media\/15248"}],"wp:attachment":[{"href":"https:\/\/fmgente.com.ar\/web\/wp-json\/wp\/v2\/media?parent=15247"}],"wp:term":[{"taxonomy":"category","embeddable":true,"href":"https:\/\/fmgente.com.ar\/web\/wp-json\/wp\/v2\/categories?post=15247"},{"taxonomy":"post_tag","embeddable":true,"href":"https:\/\/fmgente.com.ar\/web\/wp-json\/wp\/v2\/tags?post=15247"}],"curies":[{"name":"wp","href":"https:\/\/api.w.org\/{rel}","templated":true}]}}