{"id":15245,"date":"2026-03-13T20:06:00","date_gmt":"2026-03-13T23:06:00","guid":{"rendered":"https:\/\/fmgente.com.ar\/web\/pedro-rosemblat-confeso-que-le-encantaria-entrevistar-a-javier-milei-y-a-mauricio-macri\/"},"modified":"2026-03-13T20:06:00","modified_gmt":"2026-03-13T23:06:00","slug":"pedro-rosemblat-confeso-que-le-encantaria-entrevistar-a-javier-milei-y-a-mauricio-macri","status":"publish","type":"post","link":"https:\/\/fmgente.com.ar\/web\/pedro-rosemblat-confeso-que-le-encantaria-entrevistar-a-javier-milei-y-a-mauricio-macri\/","title":{"rendered":"Pedro Rosemblat confes\u00f3 que le encantar\u00eda entrevistar a Javier Milei y a Mauricio Macri"},"content":{"rendered":"<p>Todo el mundo sabe que Javier Milei no le da notas a periodistas que sean librepensadores o directamente opositores. S\u00f3lo se deja \u201centrevistar\u201d por los Joni Viale, Luis Majul, Esteban Trebucq, Eduardo Feinmann y todos esos que ya sabemos que no se atrever\u00edan a hacerle una repregunta.<\/p>\n<p>Pero como \u00c1ngel le pregunt\u00f3 directamente si le gustar\u00eda entrevistar a Milei, Pedro, lejos de esquivarle al bulto asegur\u00f3 que le encantar\u00eda hacerlo, como tambi\u00e9n le gustar\u00eda entrevistar a Mauricio Macri.<\/p>\n<p>Por el momento esto no va a pasar y este a\u00f1o Pedro deber\u00e1 concentrarse en lo que pinta para ser \u201cla boda del a\u00f1o\u201d: su compromiso oficial con Mariana \u2018Lali\u2019 Esp\u00f3sito.<\/p>\n","protected":false},"excerpt":{"rendered":"<p>Todo el mundo sabe que Javier Milei no le da notas a periodistas que sean<\/p>\n","protected":false},"author":0,"featured_media":15246,"comment_status":"","ping_status":"","sticky":false,"template":"","format":"standard","meta":{"footnotes":""},"categories":[11],"tags":[],"class_list":["post-15245","post","type-post","status-publish","format-standard","has-post-thumbnail","hentry","category-destacadas"],"yoast_head":"<!-- This site is optimized with the Yoast SEO plugin v27.4 - https:\/\/yoast.com\/product\/yoast-seo-wordpress\/ -->\n<title>Pedro Rosemblat confes\u00f3 que le encantar\u00eda entrevistar a Javier Milei y a Mauricio Macri - Fm Gente<\/title>\n<meta name=\"robots\" content=\"index, follow, max-snippet:-1, max-image-preview:large, max-video-preview:-1\" \/>\n<link rel=\"canonical\" href=\"https:\/\/fmgente.com.ar\/web\/pedro-rosemblat-confeso-que-le-encantaria-entrevistar-a-javier-milei-y-a-mauricio-macri\/\" \/>\n<meta property=\"og:locale\" content=\"es_ES\" \/>\n<meta property=\"og:type\" content=\"article\" \/>\n<meta property=\"og:title\" content=\"Pedro Rosemblat confes\u00f3 que le encantar\u00eda entrevistar a Javier Milei y a Mauricio Macri - Fm Gente\" \/>\n<meta property=\"og:description\" content=\"Todo el mundo sabe que Javier Milei no le da notas a periodistas que sean\" \/>\n<meta property=\"og:url\" content=\"https:\/\/fmgente.com.ar\/web\/pedro-rosemblat-confeso-que-le-encantaria-entrevistar-a-javier-milei-y-a-mauricio-macri\/\" \/>\n<meta property=\"og:site_name\" content=\"Fm Gente\" \/>\n<meta property=\"article:published_time\" content=\"2026-03-13T23:06:00+00:00\" \/>\n<meta name=\"twitter:card\" content=\"summary_large_image\" \/>\n<meta name=\"twitter:label1\" content=\"Tiempo de lectura\" \/>\n\t<meta name=\"twitter:data1\" content=\"1 minuto\" \/>\n<script type=\"application\/ld+json\" class=\"yoast-schema-graph\">{\"@context\":\"https:\\\/\\\/schema.org\",\"@graph\":[{\"@type\":\"Article\",\"@id\":\"https:\\\/\\\/fmgente.com.ar\\\/web\\\/pedro-rosemblat-confeso-que-le-encantaria-entrevistar-a-javier-milei-y-a-mauricio-macri\\\/#article\",\"isPartOf\":{\"@id\":\"https:\\\/\\\/fmgente.com.ar\\\/web\\\/pedro-rosemblat-confeso-que-le-encantaria-entrevistar-a-javier-milei-y-a-mauricio-macri\\\/\"},\"author\":{\"name\":\"\",\"@id\":\"\"},\"headline\":\"Pedro Rosemblat confes\u00f3 que le encantar\u00eda entrevistar a Javier Milei y a Mauricio Macri\",\"datePublished\":\"2026-03-13T23:06:00+00:00\",\"mainEntityOfPage\":{\"@id\":\"https:\\\/\\\/fmgente.com.ar\\\/web\\\/pedro-rosemblat-confeso-que-le-encantaria-entrevistar-a-javier-milei-y-a-mauricio-macri\\\/\"},\"wordCount\":133,\"publisher\":{\"@id\":\"https:\\\/\\\/fmgente.com.ar\\\/web\\\/#organization\"},\"image\":{\"@id\":\"https:\\\/\\\/fmgente.com.ar\\\/web\\\/pedro-rosemblat-confeso-que-le-encantaria-entrevistar-a-javier-milei-y-a-mauricio-macri\\\/#primaryimage\"},\"thumbnailUrl\":\"https:\\\/\\\/fmgente.com.ar\\\/web\\\/wp-content\\\/uploads\\\/2026\\\/03\\\/720-575.jpeg\",\"articleSection\":[\"DESTACADAS\"],\"inLanguage\":\"es\"},{\"@type\":\"WebPage\",\"@id\":\"https:\\\/\\\/fmgente.com.ar\\\/web\\\/pedro-rosemblat-confeso-que-le-encantaria-entrevistar-a-javier-milei-y-a-mauricio-macri\\\/\",\"url\":\"https:\\\/\\\/fmgente.com.ar\\\/web\\\/pedro-rosemblat-confeso-que-le-encantaria-entrevistar-a-javier-milei-y-a-mauricio-macri\\\/\",\"name\":\"Pedro Rosemblat confes\u00f3 que le encantar\u00eda entrevistar a Javier Milei y a Mauricio Macri - Fm Gente\",\"isPartOf\":{\"@id\":\"https:\\\/\\\/fmgente.com.ar\\\/web\\\/#website\"},\"primaryImageOfPage\":{\"@id\":\"https:\\\/\\\/fmgente.com.ar\\\/web\\\/pedro-rosemblat-confeso-que-le-encantaria-entrevistar-a-javier-milei-y-a-mauricio-macri\\\/#primaryimage\"},\"image\":{\"@id\":\"https:\\\/\\\/fmgente.com.ar\\\/web\\\/pedro-rosemblat-confeso-que-le-encantaria-entrevistar-a-javier-milei-y-a-mauricio-macri\\\/#primaryimage\"},\"thumbnailUrl\":\"https:\\\/\\\/fmgente.com.ar\\\/web\\\/wp-content\\\/uploads\\\/2026\\\/03\\\/720-575.jpeg\",\"datePublished\":\"2026-03-13T23:06:00+00:00\",\"inLanguage\":\"es\",\"potentialAction\":[{\"@type\":\"ReadAction\",\"target\":[\"https:\\\/\\\/fmgente.com.ar\\\/web\\\/pedro-rosemblat-confeso-que-le-encantaria-entrevistar-a-javier-milei-y-a-mauricio-macri\\\/\"]}]},{\"@type\":\"ImageObject\",\"inLanguage\":\"es\",\"@id\":\"https:\\\/\\\/fmgente.com.ar\\\/web\\\/pedro-rosemblat-confeso-que-le-encantaria-entrevistar-a-javier-milei-y-a-mauricio-macri\\\/#primaryimage\",\"url\":\"https:\\\/\\\/fmgente.com.ar\\\/web\\\/wp-content\\\/uploads\\\/2026\\\/03\\\/720-575.jpeg\",\"contentUrl\":\"https:\\\/\\\/fmgente.com.ar\\\/web\\\/wp-content\\\/uploads\\\/2026\\\/03\\\/720-575.jpeg\",\"width\":1280,\"height\":716},{\"@type\":\"WebSite\",\"@id\":\"https:\\\/\\\/fmgente.com.ar\\\/web\\\/#website\",\"url\":\"https:\\\/\\\/fmgente.com.ar\\\/web\\\/\",\"name\":\"Fm Gente\",\"description\":\"- Jes\u00fas Mar\u00eda\",\"publisher\":{\"@id\":\"https:\\\/\\\/fmgente.com.ar\\\/web\\\/#organization\"},\"potentialAction\":[{\"@type\":\"SearchAction\",\"target\":{\"@type\":\"EntryPoint\",\"urlTemplate\":\"https:\\\/\\\/fmgente.com.ar\\\/web\\\/?s={search_term_string}\"},\"query-input\":{\"@type\":\"PropertyValueSpecification\",\"valueRequired\":true,\"valueName\":\"search_term_string\"}}],\"inLanguage\":\"es\"},{\"@type\":\"Organization\",\"@id\":\"https:\\\/\\\/fmgente.com.ar\\\/web\\\/#organization\",\"name\":\"Fm Gente\",\"url\":\"https:\\\/\\\/fmgente.com.ar\\\/web\\\/\",\"logo\":{\"@type\":\"ImageObject\",\"inLanguage\":\"es\",\"@id\":\"https:\\\/\\\/fmgente.com.ar\\\/web\\\/#\\\/schema\\\/logo\\\/image\\\/\",\"url\":\"https:\\\/\\\/fmgente.com.ar\\\/web\\\/wp-content\\\/uploads\\\/2023\\\/07\\\/cropped-cropped-logo-sombra2.png\",\"contentUrl\":\"https:\\\/\\\/fmgente.com.ar\\\/web\\\/wp-content\\\/uploads\\\/2023\\\/07\\\/cropped-cropped-logo-sombra2.png\",\"width\":1782,\"height\":1782,\"caption\":\"Fm Gente\"},\"image\":{\"@id\":\"https:\\\/\\\/fmgente.com.ar\\\/web\\\/#\\\/schema\\\/logo\\\/image\\\/\"}}]}<\/script>\n<!-- \/ Yoast SEO plugin. -->","yoast_head_json":{"title":"Pedro Rosemblat confes\u00f3 que le encantar\u00eda entrevistar a Javier Milei y a Mauricio Macri - Fm Gente","robots":{"index":"index","follow":"follow","max-snippet":"max-snippet:-1","max-image-preview":"max-image-preview:large","max-video-preview":"max-video-preview:-1"},"canonical":"https:\/\/fmgente.com.ar\/web\/pedro-rosemblat-confeso-que-le-encantaria-entrevistar-a-javier-milei-y-a-mauricio-macri\/","og_locale":"es_ES","og_type":"article","og_title":"Pedro Rosemblat confes\u00f3 que le encantar\u00eda entrevistar a Javier Milei y a Mauricio Macri - Fm Gente","og_description":"Todo el mundo sabe que Javier Milei no le da notas a periodistas que sean","og_url":"https:\/\/fmgente.com.ar\/web\/pedro-rosemblat-confeso-que-le-encantaria-entrevistar-a-javier-milei-y-a-mauricio-macri\/","og_site_name":"Fm Gente","article_published_time":"2026-03-13T23:06:00+00:00","twitter_card":"summary_large_image","twitter_misc":{"Tiempo de lectura":"1 minuto"},"schema":{"@context":"https:\/\/schema.org","@graph":[{"@type":"Article","@id":"https:\/\/fmgente.com.ar\/web\/pedro-rosemblat-confeso-que-le-encantaria-entrevistar-a-javier-milei-y-a-mauricio-macri\/#article","isPartOf":{"@id":"https:\/\/fmgente.com.ar\/web\/pedro-rosemblat-confeso-que-le-encantaria-entrevistar-a-javier-milei-y-a-mauricio-macri\/"},"author":{"name":"","@id":""},"headline":"Pedro Rosemblat confes\u00f3 que le encantar\u00eda entrevistar a Javier Milei y a Mauricio Macri","datePublished":"2026-03-13T23:06:00+00:00","mainEntityOfPage":{"@id":"https:\/\/fmgente.com.ar\/web\/pedro-rosemblat-confeso-que-le-encantaria-entrevistar-a-javier-milei-y-a-mauricio-macri\/"},"wordCount":133,"publisher":{"@id":"https:\/\/fmgente.com.ar\/web\/#organization"},"image":{"@id":"https:\/\/fmgente.com.ar\/web\/pedro-rosemblat-confeso-que-le-encantaria-entrevistar-a-javier-milei-y-a-mauricio-macri\/#primaryimage"},"thumbnailUrl":"https:\/\/fmgente.com.ar\/web\/wp-content\/uploads\/2026\/03\/720-575.jpeg","articleSection":["DESTACADAS"],"inLanguage":"es"},{"@type":"WebPage","@id":"https:\/\/fmgente.com.ar\/web\/pedro-rosemblat-confeso-que-le-encantaria-entrevistar-a-javier-milei-y-a-mauricio-macri\/","url":"https:\/\/fmgente.com.ar\/web\/pedro-rosemblat-confeso-que-le-encantaria-entrevistar-a-javier-milei-y-a-mauricio-macri\/","name":"Pedro Rosemblat confes\u00f3 que le encantar\u00eda entrevistar a Javier Milei y a Mauricio Macri - Fm Gente","isPartOf":{"@id":"https:\/\/fmgente.com.ar\/web\/#website"},"primaryImageOfPage":{"@id":"https:\/\/fmgente.com.ar\/web\/pedro-rosemblat-confeso-que-le-encantaria-entrevistar-a-javier-milei-y-a-mauricio-macri\/#primaryimage"},"image":{"@id":"https:\/\/fmgente.com.ar\/web\/pedro-rosemblat-confeso-que-le-encantaria-entrevistar-a-javier-milei-y-a-mauricio-macri\/#primaryimage"},"thumbnailUrl":"https:\/\/fmgente.com.ar\/web\/wp-content\/uploads\/2026\/03\/720-575.jpeg","datePublished":"2026-03-13T23:06:00+00:00","inLanguage":"es","potentialAction":[{"@type":"ReadAction","target":["https:\/\/fmgente.com.ar\/web\/pedro-rosemblat-confeso-que-le-encantaria-entrevistar-a-javier-milei-y-a-mauricio-macri\/"]}]},{"@type":"ImageObject","inLanguage":"es","@id":"https:\/\/fmgente.com.ar\/web\/pedro-rosemblat-confeso-que-le-encantaria-entrevistar-a-javier-milei-y-a-mauricio-macri\/#primaryimage","url":"https:\/\/fmgente.com.ar\/web\/wp-content\/uploads\/2026\/03\/720-575.jpeg","contentUrl":"https:\/\/fmgente.com.ar\/web\/wp-content\/uploads\/2026\/03\/720-575.jpeg","width":1280,"height":716},{"@type":"WebSite","@id":"https:\/\/fmgente.com.ar\/web\/#website","url":"https:\/\/fmgente.com.ar\/web\/","name":"Fm Gente","description":"- Jes\u00fas Mar\u00eda","publisher":{"@id":"https:\/\/fmgente.com.ar\/web\/#organization"},"potentialAction":[{"@type":"SearchAction","target":{"@type":"EntryPoint","urlTemplate":"https:\/\/fmgente.com.ar\/web\/?s={search_term_string}"},"query-input":{"@type":"PropertyValueSpecification","valueRequired":true,"valueName":"search_term_string"}}],"inLanguage":"es"},{"@type":"Organization","@id":"https:\/\/fmgente.com.ar\/web\/#organization","name":"Fm Gente","url":"https:\/\/fmgente.com.ar\/web\/","logo":{"@type":"ImageObject","inLanguage":"es","@id":"https:\/\/fmgente.com.ar\/web\/#\/schema\/logo\/image\/","url":"https:\/\/fmgente.com.ar\/web\/wp-content\/uploads\/2023\/07\/cropped-cropped-logo-sombra2.png","contentUrl":"https:\/\/fmgente.com.ar\/web\/wp-content\/uploads\/2023\/07\/cropped-cropped-logo-sombra2.png","width":1782,"height":1782,"caption":"Fm Gente"},"image":{"@id":"https:\/\/fmgente.com.ar\/web\/#\/schema\/logo\/image\/"}}]}},"_links":{"self":[{"href":"https:\/\/fmgente.com.ar\/web\/wp-json\/wp\/v2\/posts\/15245","targetHints":{"allow":["GET"]}}],"collection":[{"href":"https:\/\/fmgente.com.ar\/web\/wp-json\/wp\/v2\/posts"}],"about":[{"href":"https:\/\/fmgente.com.ar\/web\/wp-json\/wp\/v2\/types\/post"}],"replies":[{"embeddable":true,"href":"https:\/\/fmgente.com.ar\/web\/wp-json\/wp\/v2\/comments?post=15245"}],"version-history":[{"count":0,"href":"https:\/\/fmgente.com.ar\/web\/wp-json\/wp\/v2\/posts\/15245\/revisions"}],"wp:featuredmedia":[{"embeddable":true,"href":"https:\/\/fmgente.com.ar\/web\/wp-json\/wp\/v2\/media\/15246"}],"wp:attachment":[{"href":"https:\/\/fmgente.com.ar\/web\/wp-json\/wp\/v2\/media?parent=15245"}],"wp:term":[{"taxonomy":"category","embeddable":true,"href":"https:\/\/fmgente.com.ar\/web\/wp-json\/wp\/v2\/categories?post=15245"},{"taxonomy":"post_tag","embeddable":true,"href":"https:\/\/fmgente.com.ar\/web\/wp-json\/wp\/v2\/tags?post=15245"}],"curies":[{"name":"wp","href":"https:\/\/api.w.org\/{rel}","templated":true}]}}