{"id":15243,"date":"2026-03-13T20:06:00","date_gmt":"2026-03-13T23:06:00","guid":{"rendered":"https:\/\/fmgente.com.ar\/web\/no-nos-importa-nada-la-cruda-reflexion-de-matias-almeyda-sobre-la-guerra-y-el-futbol\/"},"modified":"2026-03-13T20:06:00","modified_gmt":"2026-03-13T23:06:00","slug":"no-nos-importa-nada-la-cruda-reflexion-de-matias-almeyda-sobre-la-guerra-y-el-futbol","status":"publish","type":"post","link":"https:\/\/fmgente.com.ar\/web\/no-nos-importa-nada-la-cruda-reflexion-de-matias-almeyda-sobre-la-guerra-y-el-futbol\/","title":{"rendered":"\u201cNo nos importa nada\u201d: la cruda reflexi\u00f3n de Mat\u00edas Almeyda sobre la guerra y el f\u00fatbol"},"content":{"rendered":"<p>Los periodistas hab\u00edan asistido a una t\u00edpica conferencia de prensa previa a un partido importante pero el t\u00e9cnico argentino decidi\u00f3 irse un poco por las ramas y hacer una cruda reflexi\u00f3n sobre las guerras y el f\u00fatbol.<\/p>\n<p>El ex DT de River Plate asegur\u00f3: \u201cEl f\u00fatbol tiene algo que es muy lindo, que despierta sentimientos. El f\u00fatbol para m\u00ed, bien utilizado, es un remedio para mucha gente, como lo es para muchos de nosotros. Aparte, el f\u00fatbol, \u00bfa cu\u00e1ntos nos da de comer? Qu\u00e9 gratitud, \u00bfno? Esto de que el f\u00fatbol nos permita conocer, por lo menos a m\u00ed, diferentes culturas, otros pa\u00edses, viajar en avi\u00f3n, conocer a otras personas, comer cosas ricas&#8230; La verdad, si no hubiese sido por el f\u00fatbol hubiese hecho otro trabajo que no s\u00e9 cu\u00e1l iba a ser. Eso es lo lindo del f\u00fatbol\u00bb, comenz\u00f3 el argentino de 52 a\u00f1os.<\/p>\n<p>Pero el Pelado estaba para decir algo mas: \u201cF\u00edjense que el f\u00fatbol es el fiel reflejo de las sociedades. Porque hoy hay guerras y nosotros estamos hablando de jugar un partido. Eso quiere decir que no nos importa nada. Esa es la parte triste que tiene esto, que el negocio tiene que seguir y todo va. Hay una guerra y yo me estoy rompiendo la cabeza a ver c\u00f3mo va a hacer el equipo para ir a jugar (a Barcelona). Entonces, pasamos de algo muy lindo a algo que pr\u00e1cticamente es casi inhumano\u00bb.<\/p>\n<p>Y por si no hab\u00eda quedado clara su postura, agreg\u00f3: \u201cPorque dec\u00eds: \u2018Y si cada cohete de estos que tiran vale un 50 millones de euros\u2019, creo que es lo que gastaron. Y despu\u00e9s decimos: \u2018Pero en \u00c1frica hay hambre\u2019. Me pregunto: \u00bfPor qu\u00e9 en vez de tirar esos cohetes no llevamos 50 millones de euros en arroz o en educaci\u00f3n, no? Seguimos viviendo un mundo que es un mundo para uno mismo\u00bb.<\/p>\n","protected":false},"excerpt":{"rendered":"<p>Los periodistas hab\u00edan asistido a una t\u00edpica conferencia de prensa previa a un partido importante<\/p>\n","protected":false},"author":0,"featured_media":15244,"comment_status":"","ping_status":"","sticky":false,"template":"","format":"standard","meta":{"footnotes":""},"categories":[11],"tags":[],"class_list":["post-15243","post","type-post","status-publish","format-standard","has-post-thumbnail","hentry","category-destacadas"],"yoast_head":"<!-- This site is optimized with the Yoast SEO plugin v27.4 - https:\/\/yoast.com\/product\/yoast-seo-wordpress\/ -->\n<title>\u201cNo nos importa nada\u201d: la cruda reflexi\u00f3n de Mat\u00edas Almeyda sobre la guerra y el f\u00fatbol - Fm Gente<\/title>\n<meta name=\"robots\" content=\"index, follow, max-snippet:-1, max-image-preview:large, max-video-preview:-1\" \/>\n<link rel=\"canonical\" href=\"https:\/\/fmgente.com.ar\/web\/no-nos-importa-nada-la-cruda-reflexion-de-matias-almeyda-sobre-la-guerra-y-el-futbol\/\" \/>\n<meta property=\"og:locale\" content=\"es_ES\" \/>\n<meta property=\"og:type\" content=\"article\" \/>\n<meta property=\"og:title\" content=\"\u201cNo nos importa nada\u201d: la cruda reflexi\u00f3n de Mat\u00edas Almeyda sobre la guerra y el f\u00fatbol - Fm Gente\" \/>\n<meta property=\"og:description\" content=\"Los periodistas hab\u00edan asistido a una t\u00edpica conferencia de prensa previa a un partido importante\" \/>\n<meta property=\"og:url\" content=\"https:\/\/fmgente.com.ar\/web\/no-nos-importa-nada-la-cruda-reflexion-de-matias-almeyda-sobre-la-guerra-y-el-futbol\/\" \/>\n<meta property=\"og:site_name\" content=\"Fm Gente\" \/>\n<meta property=\"article:published_time\" content=\"2026-03-13T23:06:00+00:00\" \/>\n<meta name=\"twitter:card\" content=\"summary_large_image\" \/>\n<meta name=\"twitter:label1\" content=\"Tiempo de lectura\" \/>\n\t<meta name=\"twitter:data1\" content=\"2 minutos\" \/>\n<script type=\"application\/ld+json\" class=\"yoast-schema-graph\">{\"@context\":\"https:\\\/\\\/schema.org\",\"@graph\":[{\"@type\":\"Article\",\"@id\":\"https:\\\/\\\/fmgente.com.ar\\\/web\\\/no-nos-importa-nada-la-cruda-reflexion-de-matias-almeyda-sobre-la-guerra-y-el-futbol\\\/#article\",\"isPartOf\":{\"@id\":\"https:\\\/\\\/fmgente.com.ar\\\/web\\\/no-nos-importa-nada-la-cruda-reflexion-de-matias-almeyda-sobre-la-guerra-y-el-futbol\\\/\"},\"author\":{\"name\":\"\",\"@id\":\"\"},\"headline\":\"\u201cNo nos importa nada\u201d: la cruda reflexi\u00f3n de Mat\u00edas Almeyda sobre la guerra y el f\u00fatbol\",\"datePublished\":\"2026-03-13T23:06:00+00:00\",\"mainEntityOfPage\":{\"@id\":\"https:\\\/\\\/fmgente.com.ar\\\/web\\\/no-nos-importa-nada-la-cruda-reflexion-de-matias-almeyda-sobre-la-guerra-y-el-futbol\\\/\"},\"wordCount\":351,\"publisher\":{\"@id\":\"https:\\\/\\\/fmgente.com.ar\\\/web\\\/#organization\"},\"image\":{\"@id\":\"https:\\\/\\\/fmgente.com.ar\\\/web\\\/no-nos-importa-nada-la-cruda-reflexion-de-matias-almeyda-sobre-la-guerra-y-el-futbol\\\/#primaryimage\"},\"thumbnailUrl\":\"https:\\\/\\\/fmgente.com.ar\\\/web\\\/wp-content\\\/uploads\\\/2026\\\/03\\\/720-574.jpeg\",\"articleSection\":[\"DESTACADAS\"],\"inLanguage\":\"es\"},{\"@type\":\"WebPage\",\"@id\":\"https:\\\/\\\/fmgente.com.ar\\\/web\\\/no-nos-importa-nada-la-cruda-reflexion-de-matias-almeyda-sobre-la-guerra-y-el-futbol\\\/\",\"url\":\"https:\\\/\\\/fmgente.com.ar\\\/web\\\/no-nos-importa-nada-la-cruda-reflexion-de-matias-almeyda-sobre-la-guerra-y-el-futbol\\\/\",\"name\":\"\u201cNo nos importa nada\u201d: la cruda reflexi\u00f3n de Mat\u00edas Almeyda sobre la guerra y el f\u00fatbol - Fm Gente\",\"isPartOf\":{\"@id\":\"https:\\\/\\\/fmgente.com.ar\\\/web\\\/#website\"},\"primaryImageOfPage\":{\"@id\":\"https:\\\/\\\/fmgente.com.ar\\\/web\\\/no-nos-importa-nada-la-cruda-reflexion-de-matias-almeyda-sobre-la-guerra-y-el-futbol\\\/#primaryimage\"},\"image\":{\"@id\":\"https:\\\/\\\/fmgente.com.ar\\\/web\\\/no-nos-importa-nada-la-cruda-reflexion-de-matias-almeyda-sobre-la-guerra-y-el-futbol\\\/#primaryimage\"},\"thumbnailUrl\":\"https:\\\/\\\/fmgente.com.ar\\\/web\\\/wp-content\\\/uploads\\\/2026\\\/03\\\/720-574.jpeg\",\"datePublished\":\"2026-03-13T23:06:00+00:00\",\"inLanguage\":\"es\",\"potentialAction\":[{\"@type\":\"ReadAction\",\"target\":[\"https:\\\/\\\/fmgente.com.ar\\\/web\\\/no-nos-importa-nada-la-cruda-reflexion-de-matias-almeyda-sobre-la-guerra-y-el-futbol\\\/\"]}]},{\"@type\":\"ImageObject\",\"inLanguage\":\"es\",\"@id\":\"https:\\\/\\\/fmgente.com.ar\\\/web\\\/no-nos-importa-nada-la-cruda-reflexion-de-matias-almeyda-sobre-la-guerra-y-el-futbol\\\/#primaryimage\",\"url\":\"https:\\\/\\\/fmgente.com.ar\\\/web\\\/wp-content\\\/uploads\\\/2026\\\/03\\\/720-574.jpeg\",\"contentUrl\":\"https:\\\/\\\/fmgente.com.ar\\\/web\\\/wp-content\\\/uploads\\\/2026\\\/03\\\/720-574.jpeg\",\"width\":1267,\"height\":720},{\"@type\":\"WebSite\",\"@id\":\"https:\\\/\\\/fmgente.com.ar\\\/web\\\/#website\",\"url\":\"https:\\\/\\\/fmgente.com.ar\\\/web\\\/\",\"name\":\"Fm Gente\",\"description\":\"- Jes\u00fas Mar\u00eda\",\"publisher\":{\"@id\":\"https:\\\/\\\/fmgente.com.ar\\\/web\\\/#organization\"},\"potentialAction\":[{\"@type\":\"SearchAction\",\"target\":{\"@type\":\"EntryPoint\",\"urlTemplate\":\"https:\\\/\\\/fmgente.com.ar\\\/web\\\/?s={search_term_string}\"},\"query-input\":{\"@type\":\"PropertyValueSpecification\",\"valueRequired\":true,\"valueName\":\"search_term_string\"}}],\"inLanguage\":\"es\"},{\"@type\":\"Organization\",\"@id\":\"https:\\\/\\\/fmgente.com.ar\\\/web\\\/#organization\",\"name\":\"Fm Gente\",\"url\":\"https:\\\/\\\/fmgente.com.ar\\\/web\\\/\",\"logo\":{\"@type\":\"ImageObject\",\"inLanguage\":\"es\",\"@id\":\"https:\\\/\\\/fmgente.com.ar\\\/web\\\/#\\\/schema\\\/logo\\\/image\\\/\",\"url\":\"https:\\\/\\\/fmgente.com.ar\\\/web\\\/wp-content\\\/uploads\\\/2023\\\/07\\\/cropped-cropped-logo-sombra2.png\",\"contentUrl\":\"https:\\\/\\\/fmgente.com.ar\\\/web\\\/wp-content\\\/uploads\\\/2023\\\/07\\\/cropped-cropped-logo-sombra2.png\",\"width\":1782,\"height\":1782,\"caption\":\"Fm Gente\"},\"image\":{\"@id\":\"https:\\\/\\\/fmgente.com.ar\\\/web\\\/#\\\/schema\\\/logo\\\/image\\\/\"}}]}<\/script>\n<!-- \/ Yoast SEO plugin. -->","yoast_head_json":{"title":"\u201cNo nos importa nada\u201d: la cruda reflexi\u00f3n de Mat\u00edas Almeyda sobre la guerra y el f\u00fatbol - Fm Gente","robots":{"index":"index","follow":"follow","max-snippet":"max-snippet:-1","max-image-preview":"max-image-preview:large","max-video-preview":"max-video-preview:-1"},"canonical":"https:\/\/fmgente.com.ar\/web\/no-nos-importa-nada-la-cruda-reflexion-de-matias-almeyda-sobre-la-guerra-y-el-futbol\/","og_locale":"es_ES","og_type":"article","og_title":"\u201cNo nos importa nada\u201d: la cruda reflexi\u00f3n de Mat\u00edas Almeyda sobre la guerra y el f\u00fatbol - Fm Gente","og_description":"Los periodistas hab\u00edan asistido a una t\u00edpica conferencia de prensa previa a un partido importante","og_url":"https:\/\/fmgente.com.ar\/web\/no-nos-importa-nada-la-cruda-reflexion-de-matias-almeyda-sobre-la-guerra-y-el-futbol\/","og_site_name":"Fm Gente","article_published_time":"2026-03-13T23:06:00+00:00","twitter_card":"summary_large_image","twitter_misc":{"Tiempo de lectura":"2 minutos"},"schema":{"@context":"https:\/\/schema.org","@graph":[{"@type":"Article","@id":"https:\/\/fmgente.com.ar\/web\/no-nos-importa-nada-la-cruda-reflexion-de-matias-almeyda-sobre-la-guerra-y-el-futbol\/#article","isPartOf":{"@id":"https:\/\/fmgente.com.ar\/web\/no-nos-importa-nada-la-cruda-reflexion-de-matias-almeyda-sobre-la-guerra-y-el-futbol\/"},"author":{"name":"","@id":""},"headline":"\u201cNo nos importa nada\u201d: la cruda reflexi\u00f3n de Mat\u00edas Almeyda sobre la guerra y el f\u00fatbol","datePublished":"2026-03-13T23:06:00+00:00","mainEntityOfPage":{"@id":"https:\/\/fmgente.com.ar\/web\/no-nos-importa-nada-la-cruda-reflexion-de-matias-almeyda-sobre-la-guerra-y-el-futbol\/"},"wordCount":351,"publisher":{"@id":"https:\/\/fmgente.com.ar\/web\/#organization"},"image":{"@id":"https:\/\/fmgente.com.ar\/web\/no-nos-importa-nada-la-cruda-reflexion-de-matias-almeyda-sobre-la-guerra-y-el-futbol\/#primaryimage"},"thumbnailUrl":"https:\/\/fmgente.com.ar\/web\/wp-content\/uploads\/2026\/03\/720-574.jpeg","articleSection":["DESTACADAS"],"inLanguage":"es"},{"@type":"WebPage","@id":"https:\/\/fmgente.com.ar\/web\/no-nos-importa-nada-la-cruda-reflexion-de-matias-almeyda-sobre-la-guerra-y-el-futbol\/","url":"https:\/\/fmgente.com.ar\/web\/no-nos-importa-nada-la-cruda-reflexion-de-matias-almeyda-sobre-la-guerra-y-el-futbol\/","name":"\u201cNo nos importa nada\u201d: la cruda reflexi\u00f3n de Mat\u00edas Almeyda sobre la guerra y el f\u00fatbol - Fm Gente","isPartOf":{"@id":"https:\/\/fmgente.com.ar\/web\/#website"},"primaryImageOfPage":{"@id":"https:\/\/fmgente.com.ar\/web\/no-nos-importa-nada-la-cruda-reflexion-de-matias-almeyda-sobre-la-guerra-y-el-futbol\/#primaryimage"},"image":{"@id":"https:\/\/fmgente.com.ar\/web\/no-nos-importa-nada-la-cruda-reflexion-de-matias-almeyda-sobre-la-guerra-y-el-futbol\/#primaryimage"},"thumbnailUrl":"https:\/\/fmgente.com.ar\/web\/wp-content\/uploads\/2026\/03\/720-574.jpeg","datePublished":"2026-03-13T23:06:00+00:00","inLanguage":"es","potentialAction":[{"@type":"ReadAction","target":["https:\/\/fmgente.com.ar\/web\/no-nos-importa-nada-la-cruda-reflexion-de-matias-almeyda-sobre-la-guerra-y-el-futbol\/"]}]},{"@type":"ImageObject","inLanguage":"es","@id":"https:\/\/fmgente.com.ar\/web\/no-nos-importa-nada-la-cruda-reflexion-de-matias-almeyda-sobre-la-guerra-y-el-futbol\/#primaryimage","url":"https:\/\/fmgente.com.ar\/web\/wp-content\/uploads\/2026\/03\/720-574.jpeg","contentUrl":"https:\/\/fmgente.com.ar\/web\/wp-content\/uploads\/2026\/03\/720-574.jpeg","width":1267,"height":720},{"@type":"WebSite","@id":"https:\/\/fmgente.com.ar\/web\/#website","url":"https:\/\/fmgente.com.ar\/web\/","name":"Fm Gente","description":"- Jes\u00fas Mar\u00eda","publisher":{"@id":"https:\/\/fmgente.com.ar\/web\/#organization"},"potentialAction":[{"@type":"SearchAction","target":{"@type":"EntryPoint","urlTemplate":"https:\/\/fmgente.com.ar\/web\/?s={search_term_string}"},"query-input":{"@type":"PropertyValueSpecification","valueRequired":true,"valueName":"search_term_string"}}],"inLanguage":"es"},{"@type":"Organization","@id":"https:\/\/fmgente.com.ar\/web\/#organization","name":"Fm Gente","url":"https:\/\/fmgente.com.ar\/web\/","logo":{"@type":"ImageObject","inLanguage":"es","@id":"https:\/\/fmgente.com.ar\/web\/#\/schema\/logo\/image\/","url":"https:\/\/fmgente.com.ar\/web\/wp-content\/uploads\/2023\/07\/cropped-cropped-logo-sombra2.png","contentUrl":"https:\/\/fmgente.com.ar\/web\/wp-content\/uploads\/2023\/07\/cropped-cropped-logo-sombra2.png","width":1782,"height":1782,"caption":"Fm Gente"},"image":{"@id":"https:\/\/fmgente.com.ar\/web\/#\/schema\/logo\/image\/"}}]}},"_links":{"self":[{"href":"https:\/\/fmgente.com.ar\/web\/wp-json\/wp\/v2\/posts\/15243","targetHints":{"allow":["GET"]}}],"collection":[{"href":"https:\/\/fmgente.com.ar\/web\/wp-json\/wp\/v2\/posts"}],"about":[{"href":"https:\/\/fmgente.com.ar\/web\/wp-json\/wp\/v2\/types\/post"}],"replies":[{"embeddable":true,"href":"https:\/\/fmgente.com.ar\/web\/wp-json\/wp\/v2\/comments?post=15243"}],"version-history":[{"count":0,"href":"https:\/\/fmgente.com.ar\/web\/wp-json\/wp\/v2\/posts\/15243\/revisions"}],"wp:featuredmedia":[{"embeddable":true,"href":"https:\/\/fmgente.com.ar\/web\/wp-json\/wp\/v2\/media\/15244"}],"wp:attachment":[{"href":"https:\/\/fmgente.com.ar\/web\/wp-json\/wp\/v2\/media?parent=15243"}],"wp:term":[{"taxonomy":"category","embeddable":true,"href":"https:\/\/fmgente.com.ar\/web\/wp-json\/wp\/v2\/categories?post=15243"},{"taxonomy":"post_tag","embeddable":true,"href":"https:\/\/fmgente.com.ar\/web\/wp-json\/wp\/v2\/tags?post=15243"}],"curies":[{"name":"wp","href":"https:\/\/api.w.org\/{rel}","templated":true}]}}