{"id":14816,"date":"2026-03-10T13:05:23","date_gmt":"2026-03-10T16:05:23","guid":{"rendered":"https:\/\/fmgente.com.ar\/web\/como-cerro-la-actividad-economica-en-2025\/"},"modified":"2026-03-10T13:05:23","modified_gmt":"2026-03-10T16:05:23","slug":"como-cerro-la-actividad-economica-en-2025","status":"publish","type":"post","link":"https:\/\/fmgente.com.ar\/web\/como-cerro-la-actividad-economica-en-2025\/","title":{"rendered":"\u00bfC\u00f3mo cerr\u00f3 la actividad econ\u00f3mica en 2025?"},"content":{"rendered":"<p>Hola, \u00bfc\u00f3mo est\u00e1s? Soy Virginia Giordano y hoy te traigo el dato econ\u00f3mico de la quincena. Adem\u00e1s, te invito a visitar el espacio <a href=\"https:\/\/www.lavoz.com.ar\/datos-economicos\/\" target=\"_self\" rel=\"\" title=\"https:\/\/www.lavoz.com.ar\/datos-economicos\/\"><b>Los Datos Dicen<\/b><\/a>, creado por <b>La Voz <\/b>y por Idesa para mantenerte al d\u00eda con todas las novedades econ\u00f3micas del pa\u00eds. <\/p>\n<p><b>El dato de la quincena: \u00bfc\u00f3mo cerr\u00f3 la actividad econ\u00f3mica en 2025?<\/b><\/p>\n<p>La actividad econ\u00f3mica cerr\u00f3 2025 con una expansi\u00f3n de 4,4%, seg\u00fan el <a href=\"https:\/\/infogram.com\/economica-emae-1h8n6m3o3on1z4x\" target=\"_self\" rel=\"\" title=\"https:\/\/infogram.com\/economica-emae-1h8n6m3o3on1z4x\"><b>Estimador Mensual de Actividad Econ\u00f3mica (EMAE)<\/b><\/a> del Indec. <\/p>\n<p>El resultado se consolid\u00f3 con el dato de diciembre, cuando la actividad creci\u00f3 1,8% respecto de noviembre en la serie desestacionalizada y 3,5% en comparaci\u00f3n con igual mes de 2024. <\/p>\n<p>Sin embargo, detr\u00e1s del crecimiento aparece una din\u00e1mica heterog\u00e9nea: la mejora estuvo fuertemente impulsada por sectores como el agro, la intermediaci\u00f3n financiera y la miner\u00eda, mientras que la industria, la construcci\u00f3n y varias actividades ligadas al mercado interno mostraron una recuperaci\u00f3n m\u00e1s d\u00e9bil. <\/p>\n<p>Esto sugiere que el repunte de la actividad todav\u00eda no es generalizado y que la consolidaci\u00f3n del crecimiento depender\u00e1 de que la recuperaci\u00f3n se extienda a los sectores m\u00e1s vinculados al consumo y a la inversi\u00f3n.<\/p>\n<p><img loading=\"lazy\" decoding=\"async\" src=\"https:\/\/www.lavoz.com.ar\/resizer\/cUtDLoSyBCnWN1XTsUx48MNMVq4=\/cloudfront-us-east-1.images.arcpublishing.com\/grupoclarin\/2UD24TZ7FRCZ5CWSRUXL6QCOKI.png\" alt=\"Apoyo. De auspiciantes al newsletter de Idesa (La Voz).\" height=\"400\" width=\"550\" \/><\/p>\n<p>Te dejo notas publicadas durante las \u00faltimas dos semanas:<\/p>\n<p>-Reforma laboral:<a href=\"https:\/\/www.lavoz.com.ar\/politica\/reforma-laboral-alcanza-bajar-empleo-negro_0_P058Ouq1Qq.html\" target=\"_self\" rel=\"\" title=\"https:\/\/www.lavoz.com.ar\/politica\/reforma-laboral-alcanza-bajar-empleo-negro_0_P058Ouq1Qq.html\"><b> por qu\u00e9 no alcanza para bajar el empleo \u201cen negro\u201d<\/b><\/a><\/p>\n<p>-\u00bfLa <a href=\"https:\/\/www.lavoz.com.ar\/politica\/reforma-laboral-resuelve-problema-previsional_0_dihzSBANFk.html\" target=\"_self\" rel=\"\" title=\"https:\/\/www.lavoz.com.ar\/politica\/reforma-laboral-resuelve-problema-previsional_0_dihzSBANFk.html\"><b>reforma laboral<\/b><\/a> resuelve el problema previsional?<\/p>\n<p>Nos reencontramos en 15 d\u00edas.<\/p>\n<p>Virginia.<\/p>\n","protected":false},"excerpt":{"rendered":"<p>Hola, \u00bfc\u00f3mo est\u00e1s? Soy Virginia Giordano y hoy te traigo el dato econ\u00f3mico de la<\/p>\n","protected":false},"author":0,"featured_media":14817,"comment_status":"","ping_status":"","sticky":false,"template":"","format":"standard","meta":{"footnotes":""},"categories":[11],"tags":[],"class_list":["post-14816","post","type-post","status-publish","format-standard","has-post-thumbnail","hentry","category-destacadas"],"yoast_head":"<!-- This site is optimized with the Yoast SEO plugin v27.4 - https:\/\/yoast.com\/product\/yoast-seo-wordpress\/ -->\n<title>\u00bfC\u00f3mo cerr\u00f3 la actividad econ\u00f3mica en 2025? - Fm Gente<\/title>\n<meta name=\"robots\" content=\"index, follow, max-snippet:-1, max-image-preview:large, max-video-preview:-1\" \/>\n<link rel=\"canonical\" href=\"https:\/\/fmgente.com.ar\/web\/como-cerro-la-actividad-economica-en-2025\/\" \/>\n<meta property=\"og:locale\" content=\"es_ES\" \/>\n<meta property=\"og:type\" content=\"article\" \/>\n<meta property=\"og:title\" content=\"\u00bfC\u00f3mo cerr\u00f3 la actividad econ\u00f3mica en 2025? - Fm Gente\" \/>\n<meta property=\"og:description\" content=\"Hola, \u00bfc\u00f3mo est\u00e1s? Soy Virginia Giordano y hoy te traigo el dato econ\u00f3mico de la\" \/>\n<meta property=\"og:url\" content=\"https:\/\/fmgente.com.ar\/web\/como-cerro-la-actividad-economica-en-2025\/\" \/>\n<meta property=\"og:site_name\" content=\"Fm Gente\" \/>\n<meta property=\"article:published_time\" content=\"2026-03-10T16:05:23+00:00\" \/>\n<meta property=\"og:image\" content=\"https:\/\/www.lavoz.com.ar\/resizer\/cUtDLoSyBCnWN1XTsUx48MNMVq4=\/cloudfront-us-east-1.images.arcpublishing.com\/grupoclarin\/2UD24TZ7FRCZ5CWSRUXL6QCOKI.png\" \/>\n<meta name=\"twitter:card\" content=\"summary_large_image\" \/>\n<meta name=\"twitter:label1\" content=\"Tiempo de lectura\" \/>\n\t<meta name=\"twitter:data1\" content=\"1 minuto\" \/>\n<script type=\"application\/ld+json\" class=\"yoast-schema-graph\">{\"@context\":\"https:\\\/\\\/schema.org\",\"@graph\":[{\"@type\":\"Article\",\"@id\":\"https:\\\/\\\/fmgente.com.ar\\\/web\\\/como-cerro-la-actividad-economica-en-2025\\\/#article\",\"isPartOf\":{\"@id\":\"https:\\\/\\\/fmgente.com.ar\\\/web\\\/como-cerro-la-actividad-economica-en-2025\\\/\"},\"author\":{\"name\":\"\",\"@id\":\"\"},\"headline\":\"\u00bfC\u00f3mo cerr\u00f3 la actividad econ\u00f3mica en 2025?\",\"datePublished\":\"2026-03-10T16:05:23+00:00\",\"mainEntityOfPage\":{\"@id\":\"https:\\\/\\\/fmgente.com.ar\\\/web\\\/como-cerro-la-actividad-economica-en-2025\\\/\"},\"wordCount\":250,\"publisher\":{\"@id\":\"https:\\\/\\\/fmgente.com.ar\\\/web\\\/#organization\"},\"image\":{\"@id\":\"https:\\\/\\\/fmgente.com.ar\\\/web\\\/como-cerro-la-actividad-economica-en-2025\\\/#primaryimage\"},\"thumbnailUrl\":\"https:\\\/\\\/fmgente.com.ar\\\/web\\\/wp-content\\\/uploads\\\/2026\\\/03\\\/2UD24TZ7FRCZ5CWSRUXL6QCOKI.jpg\",\"articleSection\":[\"DESTACADAS\"],\"inLanguage\":\"es\"},{\"@type\":\"WebPage\",\"@id\":\"https:\\\/\\\/fmgente.com.ar\\\/web\\\/como-cerro-la-actividad-economica-en-2025\\\/\",\"url\":\"https:\\\/\\\/fmgente.com.ar\\\/web\\\/como-cerro-la-actividad-economica-en-2025\\\/\",\"name\":\"\u00bfC\u00f3mo cerr\u00f3 la actividad econ\u00f3mica en 2025? - Fm Gente\",\"isPartOf\":{\"@id\":\"https:\\\/\\\/fmgente.com.ar\\\/web\\\/#website\"},\"primaryImageOfPage\":{\"@id\":\"https:\\\/\\\/fmgente.com.ar\\\/web\\\/como-cerro-la-actividad-economica-en-2025\\\/#primaryimage\"},\"image\":{\"@id\":\"https:\\\/\\\/fmgente.com.ar\\\/web\\\/como-cerro-la-actividad-economica-en-2025\\\/#primaryimage\"},\"thumbnailUrl\":\"https:\\\/\\\/fmgente.com.ar\\\/web\\\/wp-content\\\/uploads\\\/2026\\\/03\\\/2UD24TZ7FRCZ5CWSRUXL6QCOKI.jpg\",\"datePublished\":\"2026-03-10T16:05:23+00:00\",\"inLanguage\":\"es\",\"potentialAction\":[{\"@type\":\"ReadAction\",\"target\":[\"https:\\\/\\\/fmgente.com.ar\\\/web\\\/como-cerro-la-actividad-economica-en-2025\\\/\"]}]},{\"@type\":\"ImageObject\",\"inLanguage\":\"es\",\"@id\":\"https:\\\/\\\/fmgente.com.ar\\\/web\\\/como-cerro-la-actividad-economica-en-2025\\\/#primaryimage\",\"url\":\"https:\\\/\\\/fmgente.com.ar\\\/web\\\/wp-content\\\/uploads\\\/2026\\\/03\\\/2UD24TZ7FRCZ5CWSRUXL6QCOKI.jpg\",\"contentUrl\":\"https:\\\/\\\/fmgente.com.ar\\\/web\\\/wp-content\\\/uploads\\\/2026\\\/03\\\/2UD24TZ7FRCZ5CWSRUXL6QCOKI.jpg\",\"width\":1200,\"height\":873},{\"@type\":\"WebSite\",\"@id\":\"https:\\\/\\\/fmgente.com.ar\\\/web\\\/#website\",\"url\":\"https:\\\/\\\/fmgente.com.ar\\\/web\\\/\",\"name\":\"Fm Gente\",\"description\":\"- Jes\u00fas Mar\u00eda\",\"publisher\":{\"@id\":\"https:\\\/\\\/fmgente.com.ar\\\/web\\\/#organization\"},\"potentialAction\":[{\"@type\":\"SearchAction\",\"target\":{\"@type\":\"EntryPoint\",\"urlTemplate\":\"https:\\\/\\\/fmgente.com.ar\\\/web\\\/?s={search_term_string}\"},\"query-input\":{\"@type\":\"PropertyValueSpecification\",\"valueRequired\":true,\"valueName\":\"search_term_string\"}}],\"inLanguage\":\"es\"},{\"@type\":\"Organization\",\"@id\":\"https:\\\/\\\/fmgente.com.ar\\\/web\\\/#organization\",\"name\":\"Fm Gente\",\"url\":\"https:\\\/\\\/fmgente.com.ar\\\/web\\\/\",\"logo\":{\"@type\":\"ImageObject\",\"inLanguage\":\"es\",\"@id\":\"https:\\\/\\\/fmgente.com.ar\\\/web\\\/#\\\/schema\\\/logo\\\/image\\\/\",\"url\":\"https:\\\/\\\/fmgente.com.ar\\\/web\\\/wp-content\\\/uploads\\\/2023\\\/07\\\/cropped-cropped-logo-sombra2.png\",\"contentUrl\":\"https:\\\/\\\/fmgente.com.ar\\\/web\\\/wp-content\\\/uploads\\\/2023\\\/07\\\/cropped-cropped-logo-sombra2.png\",\"width\":1782,\"height\":1782,\"caption\":\"Fm Gente\"},\"image\":{\"@id\":\"https:\\\/\\\/fmgente.com.ar\\\/web\\\/#\\\/schema\\\/logo\\\/image\\\/\"}}]}<\/script>\n<!-- \/ Yoast SEO plugin. -->","yoast_head_json":{"title":"\u00bfC\u00f3mo cerr\u00f3 la actividad econ\u00f3mica en 2025? - Fm Gente","robots":{"index":"index","follow":"follow","max-snippet":"max-snippet:-1","max-image-preview":"max-image-preview:large","max-video-preview":"max-video-preview:-1"},"canonical":"https:\/\/fmgente.com.ar\/web\/como-cerro-la-actividad-economica-en-2025\/","og_locale":"es_ES","og_type":"article","og_title":"\u00bfC\u00f3mo cerr\u00f3 la actividad econ\u00f3mica en 2025? - Fm Gente","og_description":"Hola, \u00bfc\u00f3mo est\u00e1s? Soy Virginia Giordano y hoy te traigo el dato econ\u00f3mico de la","og_url":"https:\/\/fmgente.com.ar\/web\/como-cerro-la-actividad-economica-en-2025\/","og_site_name":"Fm Gente","article_published_time":"2026-03-10T16:05:23+00:00","og_image":[{"url":"https:\/\/www.lavoz.com.ar\/resizer\/cUtDLoSyBCnWN1XTsUx48MNMVq4=\/cloudfront-us-east-1.images.arcpublishing.com\/grupoclarin\/2UD24TZ7FRCZ5CWSRUXL6QCOKI.png","type":"","width":"","height":""}],"twitter_card":"summary_large_image","twitter_misc":{"Tiempo de lectura":"1 minuto"},"schema":{"@context":"https:\/\/schema.org","@graph":[{"@type":"Article","@id":"https:\/\/fmgente.com.ar\/web\/como-cerro-la-actividad-economica-en-2025\/#article","isPartOf":{"@id":"https:\/\/fmgente.com.ar\/web\/como-cerro-la-actividad-economica-en-2025\/"},"author":{"name":"","@id":""},"headline":"\u00bfC\u00f3mo cerr\u00f3 la actividad econ\u00f3mica en 2025?","datePublished":"2026-03-10T16:05:23+00:00","mainEntityOfPage":{"@id":"https:\/\/fmgente.com.ar\/web\/como-cerro-la-actividad-economica-en-2025\/"},"wordCount":250,"publisher":{"@id":"https:\/\/fmgente.com.ar\/web\/#organization"},"image":{"@id":"https:\/\/fmgente.com.ar\/web\/como-cerro-la-actividad-economica-en-2025\/#primaryimage"},"thumbnailUrl":"https:\/\/fmgente.com.ar\/web\/wp-content\/uploads\/2026\/03\/2UD24TZ7FRCZ5CWSRUXL6QCOKI.jpg","articleSection":["DESTACADAS"],"inLanguage":"es"},{"@type":"WebPage","@id":"https:\/\/fmgente.com.ar\/web\/como-cerro-la-actividad-economica-en-2025\/","url":"https:\/\/fmgente.com.ar\/web\/como-cerro-la-actividad-economica-en-2025\/","name":"\u00bfC\u00f3mo cerr\u00f3 la actividad econ\u00f3mica en 2025? - Fm Gente","isPartOf":{"@id":"https:\/\/fmgente.com.ar\/web\/#website"},"primaryImageOfPage":{"@id":"https:\/\/fmgente.com.ar\/web\/como-cerro-la-actividad-economica-en-2025\/#primaryimage"},"image":{"@id":"https:\/\/fmgente.com.ar\/web\/como-cerro-la-actividad-economica-en-2025\/#primaryimage"},"thumbnailUrl":"https:\/\/fmgente.com.ar\/web\/wp-content\/uploads\/2026\/03\/2UD24TZ7FRCZ5CWSRUXL6QCOKI.jpg","datePublished":"2026-03-10T16:05:23+00:00","inLanguage":"es","potentialAction":[{"@type":"ReadAction","target":["https:\/\/fmgente.com.ar\/web\/como-cerro-la-actividad-economica-en-2025\/"]}]},{"@type":"ImageObject","inLanguage":"es","@id":"https:\/\/fmgente.com.ar\/web\/como-cerro-la-actividad-economica-en-2025\/#primaryimage","url":"https:\/\/fmgente.com.ar\/web\/wp-content\/uploads\/2026\/03\/2UD24TZ7FRCZ5CWSRUXL6QCOKI.jpg","contentUrl":"https:\/\/fmgente.com.ar\/web\/wp-content\/uploads\/2026\/03\/2UD24TZ7FRCZ5CWSRUXL6QCOKI.jpg","width":1200,"height":873},{"@type":"WebSite","@id":"https:\/\/fmgente.com.ar\/web\/#website","url":"https:\/\/fmgente.com.ar\/web\/","name":"Fm Gente","description":"- Jes\u00fas Mar\u00eda","publisher":{"@id":"https:\/\/fmgente.com.ar\/web\/#organization"},"potentialAction":[{"@type":"SearchAction","target":{"@type":"EntryPoint","urlTemplate":"https:\/\/fmgente.com.ar\/web\/?s={search_term_string}"},"query-input":{"@type":"PropertyValueSpecification","valueRequired":true,"valueName":"search_term_string"}}],"inLanguage":"es"},{"@type":"Organization","@id":"https:\/\/fmgente.com.ar\/web\/#organization","name":"Fm Gente","url":"https:\/\/fmgente.com.ar\/web\/","logo":{"@type":"ImageObject","inLanguage":"es","@id":"https:\/\/fmgente.com.ar\/web\/#\/schema\/logo\/image\/","url":"https:\/\/fmgente.com.ar\/web\/wp-content\/uploads\/2023\/07\/cropped-cropped-logo-sombra2.png","contentUrl":"https:\/\/fmgente.com.ar\/web\/wp-content\/uploads\/2023\/07\/cropped-cropped-logo-sombra2.png","width":1782,"height":1782,"caption":"Fm Gente"},"image":{"@id":"https:\/\/fmgente.com.ar\/web\/#\/schema\/logo\/image\/"}}]}},"_links":{"self":[{"href":"https:\/\/fmgente.com.ar\/web\/wp-json\/wp\/v2\/posts\/14816","targetHints":{"allow":["GET"]}}],"collection":[{"href":"https:\/\/fmgente.com.ar\/web\/wp-json\/wp\/v2\/posts"}],"about":[{"href":"https:\/\/fmgente.com.ar\/web\/wp-json\/wp\/v2\/types\/post"}],"replies":[{"embeddable":true,"href":"https:\/\/fmgente.com.ar\/web\/wp-json\/wp\/v2\/comments?post=14816"}],"version-history":[{"count":0,"href":"https:\/\/fmgente.com.ar\/web\/wp-json\/wp\/v2\/posts\/14816\/revisions"}],"wp:featuredmedia":[{"embeddable":true,"href":"https:\/\/fmgente.com.ar\/web\/wp-json\/wp\/v2\/media\/14817"}],"wp:attachment":[{"href":"https:\/\/fmgente.com.ar\/web\/wp-json\/wp\/v2\/media?parent=14816"}],"wp:term":[{"taxonomy":"category","embeddable":true,"href":"https:\/\/fmgente.com.ar\/web\/wp-json\/wp\/v2\/categories?post=14816"},{"taxonomy":"post_tag","embeddable":true,"href":"https:\/\/fmgente.com.ar\/web\/wp-json\/wp\/v2\/tags?post=14816"}],"curies":[{"name":"wp","href":"https:\/\/api.w.org\/{rel}","templated":true}]}}