{"id":14814,"date":"2026-03-10T10:06:30","date_gmt":"2026-03-10T13:06:30","guid":{"rendered":"https:\/\/fmgente.com.ar\/web\/transporte-urbano-de-pasajeros-en-cordoba-fam-fuera-de-juego\/"},"modified":"2026-03-10T10:06:30","modified_gmt":"2026-03-10T13:06:30","slug":"transporte-urbano-de-pasajeros-en-cordoba-fam-fuera-de-juego","status":"publish","type":"post","link":"https:\/\/fmgente.com.ar\/web\/transporte-urbano-de-pasajeros-en-cordoba-fam-fuera-de-juego\/","title":{"rendered":"Transporte urbano de pasajeros en C\u00f3rdoba: FAM, fuera de juego"},"content":{"rendered":"<p>\u00a1Buen d\u00eda! Martes con cielo cubierto y much\u00edsima humedad en C\u00f3rdoba capital. La temperatura m\u00e1xima pronosticada por el Servicio Meteorol\u00f3gico Nacional (SMN) es de <a href=\"https:\/\/www.smn.gob.ar\/pronostico\/?loc=10823\" target=\"_self\" rel=\"\" title=\"https:\/\/www.smn.gob.ar\/pronostico\/?loc=10823\"><b>26 grados<\/b><\/a>.<\/p>\n<p>A esta hora, lo m\u00e1s relevante a nivel informativo es que el <a href=\"https:\/\/www.lavoz.com.ar\/ciudadanos\/municipalidad-cordoba-revoco-contrato-empresa-fam_0_3IKE5fDogo.html\" target=\"_self\" rel=\"\" title=\"https:\/\/www.lavoz.com.ar\/ciudadanos\/municipalidad-cordoba-revoco-contrato-empresa-fam_0_3IKE5fDogo.html\"><b>municipio revoc\u00f3 el contrato con la empresa FAM<\/b><\/a>, luego de la crisis en el transporte urbano de pasajeros que se desat\u00f3 el domingo pasado.<\/p>\n<p>En ese marco, sigue el esquema de contingencia en el resto de las l\u00edneas y las empresas para cubrir los recorridos que deja FAM.<\/p>\n<p>A las <b>10.30, la gesti\u00f3n del intendente Daniel Passerini convoc\u00f3 a una conferencia de prensa <\/b>para brindar precisiones.<\/p>\n<p>M\u00e1s abajo, te sumo otros contenidos para que cuentes con informaci\u00f3n:<\/p>\n<p>-La Municipalidad de C\u00f3rdoba <a href=\"https:\/\/www.lavoz.com.ar\/ciudadanos\/municipalidad-cordoba-revoco-contrato-empresa-fam_0_3IKE5fDogo.html\" target=\"_self\" rel=\"\" title=\"https:\/\/www.lavoz.com.ar\/ciudadanos\/municipalidad-cordoba-revoco-contrato-empresa-fam_0_3IKE5fDogo.html\"><b>revoc\u00f3 el contrato con la empresa FAM<\/b><\/a><\/p>\n<p>&#8211; <a href=\"https:\/\/www.lavoz.com.ar\/mundo\/claudio-fantini-cuestiono-politica-exterior-milei-actua-barrabrava-trump-netanyahu_0_wkvlubvZ4k.html\" target=\"_self\" rel=\"\" title=\"https:\/\/www.lavoz.com.ar\/mundo\/claudio-fantini-cuestiono-politica-exterior-milei-actua-barrabrava-trump-netanyahu_0_wkvlubvZ4k.html\"><b>Claudio Fantini cuestion\u00f3 la pol\u00edtica exterior de Milei<\/b><\/a>: \u201cAct\u00faa como un barrabrava de Trump y Netanyahu\u201d<\/p>\n<p>-Jon Hern\u00e1ndez: <a href=\"https:\/\/www.lavoz.com.ar\/tecnologia\/jon-henandez-ia-panales-impacto-tremendo_0_Q170iAg1Au.html\" target=\"_self\" rel=\"\" title=\"https:\/\/www.lavoz.com.ar\/tecnologia\/jon-henandez-ia-panales-impacto-tremendo_0_Q170iAg1Au.html\"><b>La IA est\u00e1 en pa\u00f1ales, pero ya tiene un impacto tremendo<\/b><\/a><\/p>\n<p>-Nelson Castro fue increpado mientras cubr\u00eda las <a href=\"https:\/\/www.lavoz.com.ar\/mundo\/nelson-castro-increpado-cubria-consecuencias-ataque-tel-aviv_0_u87NYyCAxk.html\" target=\"_self\" rel=\"\" title=\"https:\/\/www.lavoz.com.ar\/mundo\/nelson-castro-increpado-cubria-consecuencias-ataque-tel-aviv_0_u87NYyCAxk.html\"><b>consecuencias de un ataque en Tel Aviv<\/b><\/a><\/p>\n<p>-\u201cTen\u00eda dos posgrados y me cre\u00eda la m\u00e1s viva\u201d: el <a href=\"https:\/\/www.lavoz.com.ar\/sucesos\/posgrados-creia-viva-dramatico-relato-victima-gitanas-estafadoras_0_3WAfMTaamt.html\" target=\"_self\" rel=\"\" title=\"https:\/\/www.lavoz.com.ar\/sucesos\/posgrados-creia-viva-dramatico-relato-victima-gitanas-estafadoras_0_3WAfMTaamt.html\"><b>dram\u00e1tico relato de una v\u00edctima de las gitanas estafadoras<\/b><\/a><\/p>\n<p>-Mariano I\u00fadica explic\u00f3 por qu\u00e9 escupi\u00f3 a <a href=\"https:\/\/www.lavoz.com.ar\/espectaculos\/escupitajo-polemica-pelea_0_g3FfSQYelo.html\" target=\"_self\" rel=\"\" title=\"https:\/\/www.lavoz.com.ar\/espectaculos\/escupitajo-polemica-pelea_0_g3FfSQYelo.html\"><b>Mat\u00edas Bottero en una entrevista<\/b><\/a><\/p>\n<p>&#8211;<a href=\"https:\/\/www.lavoz.com.ar\/deportes\/claudio-chiqui-tapia-volvio-hablar-presentacion-plataforma-lpf-play_0_aPkhqc0kgr.html\" target=\"_self\" rel=\"\" title=\"https:\/\/www.lavoz.com.ar\/deportes\/claudio-chiqui-tapia-volvio-hablar-presentacion-plataforma-lpf-play_0_aPkhqc0kgr.html\"><b>\u201cChiqui\u201d Tapia tras presentar LPF Play<\/b><\/a>: Muchos van a transpirar de verg\u00fcenza; la verdad va a salir a la luz<\/p>\n<p>Gracias por apoyar este <a href=\"https:\/\/www.lavoz.com.ar\/newsletters\/\" target=\"_self\" rel=\"\" title=\"https:\/\/www.lavoz.com.ar\/newsletters\/\"><i><b>newsletter<\/b><\/i><\/a>.<\/p>\n<p>Hasta ma\u00f1ana.<\/p>\n<p>Licho.<\/p>\n","protected":false},"excerpt":{"rendered":"<p>\u00a1Buen d\u00eda! Martes con cielo cubierto y much\u00edsima humedad en C\u00f3rdoba capital. La temperatura m\u00e1xima<\/p>\n","protected":false},"author":0,"featured_media":14815,"comment_status":"","ping_status":"","sticky":false,"template":"","format":"standard","meta":{"footnotes":""},"categories":[11],"tags":[],"class_list":["post-14814","post","type-post","status-publish","format-standard","has-post-thumbnail","hentry","category-destacadas"],"yoast_head":"<!-- This site is optimized with the Yoast SEO plugin v27.4 - https:\/\/yoast.com\/product\/yoast-seo-wordpress\/ -->\n<title>Transporte urbano de pasajeros en C\u00f3rdoba: FAM, fuera de juego - Fm Gente<\/title>\n<meta name=\"robots\" content=\"index, follow, max-snippet:-1, max-image-preview:large, max-video-preview:-1\" \/>\n<link rel=\"canonical\" href=\"https:\/\/fmgente.com.ar\/web\/transporte-urbano-de-pasajeros-en-cordoba-fam-fuera-de-juego\/\" \/>\n<meta property=\"og:locale\" content=\"es_ES\" \/>\n<meta property=\"og:type\" content=\"article\" \/>\n<meta property=\"og:title\" content=\"Transporte urbano de pasajeros en C\u00f3rdoba: FAM, fuera de juego - Fm Gente\" \/>\n<meta property=\"og:description\" content=\"\u00a1Buen d\u00eda! Martes con cielo cubierto y much\u00edsima humedad en C\u00f3rdoba capital. La temperatura m\u00e1xima\" \/>\n<meta property=\"og:url\" content=\"https:\/\/fmgente.com.ar\/web\/transporte-urbano-de-pasajeros-en-cordoba-fam-fuera-de-juego\/\" \/>\n<meta property=\"og:site_name\" content=\"Fm Gente\" \/>\n<meta property=\"article:published_time\" content=\"2026-03-10T13:06:30+00:00\" \/>\n<meta name=\"twitter:card\" content=\"summary_large_image\" \/>\n<meta name=\"twitter:label1\" content=\"Tiempo de lectura\" \/>\n\t<meta name=\"twitter:data1\" content=\"1 minuto\" \/>\n<script type=\"application\/ld+json\" class=\"yoast-schema-graph\">{\"@context\":\"https:\\\/\\\/schema.org\",\"@graph\":[{\"@type\":\"Article\",\"@id\":\"https:\\\/\\\/fmgente.com.ar\\\/web\\\/transporte-urbano-de-pasajeros-en-cordoba-fam-fuera-de-juego\\\/#article\",\"isPartOf\":{\"@id\":\"https:\\\/\\\/fmgente.com.ar\\\/web\\\/transporte-urbano-de-pasajeros-en-cordoba-fam-fuera-de-juego\\\/\"},\"author\":{\"name\":\"\",\"@id\":\"\"},\"headline\":\"Transporte urbano de pasajeros en C\u00f3rdoba: FAM, fuera de juego\",\"datePublished\":\"2026-03-10T13:06:30+00:00\",\"mainEntityOfPage\":{\"@id\":\"https:\\\/\\\/fmgente.com.ar\\\/web\\\/transporte-urbano-de-pasajeros-en-cordoba-fam-fuera-de-juego\\\/\"},\"wordCount\":265,\"publisher\":{\"@id\":\"https:\\\/\\\/fmgente.com.ar\\\/web\\\/#organization\"},\"image\":{\"@id\":\"https:\\\/\\\/fmgente.com.ar\\\/web\\\/transporte-urbano-de-pasajeros-en-cordoba-fam-fuera-de-juego\\\/#primaryimage\"},\"thumbnailUrl\":\"https:\\\/\\\/fmgente.com.ar\\\/web\\\/wp-content\\\/uploads\\\/2026\\\/03\\\/portadax-41.png\",\"articleSection\":[\"DESTACADAS\"],\"inLanguage\":\"es\"},{\"@type\":\"WebPage\",\"@id\":\"https:\\\/\\\/fmgente.com.ar\\\/web\\\/transporte-urbano-de-pasajeros-en-cordoba-fam-fuera-de-juego\\\/\",\"url\":\"https:\\\/\\\/fmgente.com.ar\\\/web\\\/transporte-urbano-de-pasajeros-en-cordoba-fam-fuera-de-juego\\\/\",\"name\":\"Transporte urbano de pasajeros en C\u00f3rdoba: FAM, fuera de juego - Fm Gente\",\"isPartOf\":{\"@id\":\"https:\\\/\\\/fmgente.com.ar\\\/web\\\/#website\"},\"primaryImageOfPage\":{\"@id\":\"https:\\\/\\\/fmgente.com.ar\\\/web\\\/transporte-urbano-de-pasajeros-en-cordoba-fam-fuera-de-juego\\\/#primaryimage\"},\"image\":{\"@id\":\"https:\\\/\\\/fmgente.com.ar\\\/web\\\/transporte-urbano-de-pasajeros-en-cordoba-fam-fuera-de-juego\\\/#primaryimage\"},\"thumbnailUrl\":\"https:\\\/\\\/fmgente.com.ar\\\/web\\\/wp-content\\\/uploads\\\/2026\\\/03\\\/portadax-41.png\",\"datePublished\":\"2026-03-10T13:06:30+00:00\",\"inLanguage\":\"es\",\"potentialAction\":[{\"@type\":\"ReadAction\",\"target\":[\"https:\\\/\\\/fmgente.com.ar\\\/web\\\/transporte-urbano-de-pasajeros-en-cordoba-fam-fuera-de-juego\\\/\"]}]},{\"@type\":\"ImageObject\",\"inLanguage\":\"es\",\"@id\":\"https:\\\/\\\/fmgente.com.ar\\\/web\\\/transporte-urbano-de-pasajeros-en-cordoba-fam-fuera-de-juego\\\/#primaryimage\",\"url\":\"https:\\\/\\\/fmgente.com.ar\\\/web\\\/wp-content\\\/uploads\\\/2026\\\/03\\\/portadax-41.png\",\"contentUrl\":\"https:\\\/\\\/fmgente.com.ar\\\/web\\\/wp-content\\\/uploads\\\/2026\\\/03\\\/portadax-41.png\",\"width\":1366,\"height\":768},{\"@type\":\"WebSite\",\"@id\":\"https:\\\/\\\/fmgente.com.ar\\\/web\\\/#website\",\"url\":\"https:\\\/\\\/fmgente.com.ar\\\/web\\\/\",\"name\":\"Fm Gente\",\"description\":\"- Jes\u00fas Mar\u00eda\",\"publisher\":{\"@id\":\"https:\\\/\\\/fmgente.com.ar\\\/web\\\/#organization\"},\"potentialAction\":[{\"@type\":\"SearchAction\",\"target\":{\"@type\":\"EntryPoint\",\"urlTemplate\":\"https:\\\/\\\/fmgente.com.ar\\\/web\\\/?s={search_term_string}\"},\"query-input\":{\"@type\":\"PropertyValueSpecification\",\"valueRequired\":true,\"valueName\":\"search_term_string\"}}],\"inLanguage\":\"es\"},{\"@type\":\"Organization\",\"@id\":\"https:\\\/\\\/fmgente.com.ar\\\/web\\\/#organization\",\"name\":\"Fm Gente\",\"url\":\"https:\\\/\\\/fmgente.com.ar\\\/web\\\/\",\"logo\":{\"@type\":\"ImageObject\",\"inLanguage\":\"es\",\"@id\":\"https:\\\/\\\/fmgente.com.ar\\\/web\\\/#\\\/schema\\\/logo\\\/image\\\/\",\"url\":\"https:\\\/\\\/fmgente.com.ar\\\/web\\\/wp-content\\\/uploads\\\/2023\\\/07\\\/cropped-cropped-logo-sombra2.png\",\"contentUrl\":\"https:\\\/\\\/fmgente.com.ar\\\/web\\\/wp-content\\\/uploads\\\/2023\\\/07\\\/cropped-cropped-logo-sombra2.png\",\"width\":1782,\"height\":1782,\"caption\":\"Fm Gente\"},\"image\":{\"@id\":\"https:\\\/\\\/fmgente.com.ar\\\/web\\\/#\\\/schema\\\/logo\\\/image\\\/\"}}]}<\/script>\n<!-- \/ Yoast SEO plugin. -->","yoast_head_json":{"title":"Transporte urbano de pasajeros en C\u00f3rdoba: FAM, fuera de juego - Fm Gente","robots":{"index":"index","follow":"follow","max-snippet":"max-snippet:-1","max-image-preview":"max-image-preview:large","max-video-preview":"max-video-preview:-1"},"canonical":"https:\/\/fmgente.com.ar\/web\/transporte-urbano-de-pasajeros-en-cordoba-fam-fuera-de-juego\/","og_locale":"es_ES","og_type":"article","og_title":"Transporte urbano de pasajeros en C\u00f3rdoba: FAM, fuera de juego - Fm Gente","og_description":"\u00a1Buen d\u00eda! Martes con cielo cubierto y much\u00edsima humedad en C\u00f3rdoba capital. La temperatura m\u00e1xima","og_url":"https:\/\/fmgente.com.ar\/web\/transporte-urbano-de-pasajeros-en-cordoba-fam-fuera-de-juego\/","og_site_name":"Fm Gente","article_published_time":"2026-03-10T13:06:30+00:00","twitter_card":"summary_large_image","twitter_misc":{"Tiempo de lectura":"1 minuto"},"schema":{"@context":"https:\/\/schema.org","@graph":[{"@type":"Article","@id":"https:\/\/fmgente.com.ar\/web\/transporte-urbano-de-pasajeros-en-cordoba-fam-fuera-de-juego\/#article","isPartOf":{"@id":"https:\/\/fmgente.com.ar\/web\/transporte-urbano-de-pasajeros-en-cordoba-fam-fuera-de-juego\/"},"author":{"name":"","@id":""},"headline":"Transporte urbano de pasajeros en C\u00f3rdoba: FAM, fuera de juego","datePublished":"2026-03-10T13:06:30+00:00","mainEntityOfPage":{"@id":"https:\/\/fmgente.com.ar\/web\/transporte-urbano-de-pasajeros-en-cordoba-fam-fuera-de-juego\/"},"wordCount":265,"publisher":{"@id":"https:\/\/fmgente.com.ar\/web\/#organization"},"image":{"@id":"https:\/\/fmgente.com.ar\/web\/transporte-urbano-de-pasajeros-en-cordoba-fam-fuera-de-juego\/#primaryimage"},"thumbnailUrl":"https:\/\/fmgente.com.ar\/web\/wp-content\/uploads\/2026\/03\/portadax-41.png","articleSection":["DESTACADAS"],"inLanguage":"es"},{"@type":"WebPage","@id":"https:\/\/fmgente.com.ar\/web\/transporte-urbano-de-pasajeros-en-cordoba-fam-fuera-de-juego\/","url":"https:\/\/fmgente.com.ar\/web\/transporte-urbano-de-pasajeros-en-cordoba-fam-fuera-de-juego\/","name":"Transporte urbano de pasajeros en C\u00f3rdoba: FAM, fuera de juego - Fm Gente","isPartOf":{"@id":"https:\/\/fmgente.com.ar\/web\/#website"},"primaryImageOfPage":{"@id":"https:\/\/fmgente.com.ar\/web\/transporte-urbano-de-pasajeros-en-cordoba-fam-fuera-de-juego\/#primaryimage"},"image":{"@id":"https:\/\/fmgente.com.ar\/web\/transporte-urbano-de-pasajeros-en-cordoba-fam-fuera-de-juego\/#primaryimage"},"thumbnailUrl":"https:\/\/fmgente.com.ar\/web\/wp-content\/uploads\/2026\/03\/portadax-41.png","datePublished":"2026-03-10T13:06:30+00:00","inLanguage":"es","potentialAction":[{"@type":"ReadAction","target":["https:\/\/fmgente.com.ar\/web\/transporte-urbano-de-pasajeros-en-cordoba-fam-fuera-de-juego\/"]}]},{"@type":"ImageObject","inLanguage":"es","@id":"https:\/\/fmgente.com.ar\/web\/transporte-urbano-de-pasajeros-en-cordoba-fam-fuera-de-juego\/#primaryimage","url":"https:\/\/fmgente.com.ar\/web\/wp-content\/uploads\/2026\/03\/portadax-41.png","contentUrl":"https:\/\/fmgente.com.ar\/web\/wp-content\/uploads\/2026\/03\/portadax-41.png","width":1366,"height":768},{"@type":"WebSite","@id":"https:\/\/fmgente.com.ar\/web\/#website","url":"https:\/\/fmgente.com.ar\/web\/","name":"Fm Gente","description":"- Jes\u00fas Mar\u00eda","publisher":{"@id":"https:\/\/fmgente.com.ar\/web\/#organization"},"potentialAction":[{"@type":"SearchAction","target":{"@type":"EntryPoint","urlTemplate":"https:\/\/fmgente.com.ar\/web\/?s={search_term_string}"},"query-input":{"@type":"PropertyValueSpecification","valueRequired":true,"valueName":"search_term_string"}}],"inLanguage":"es"},{"@type":"Organization","@id":"https:\/\/fmgente.com.ar\/web\/#organization","name":"Fm Gente","url":"https:\/\/fmgente.com.ar\/web\/","logo":{"@type":"ImageObject","inLanguage":"es","@id":"https:\/\/fmgente.com.ar\/web\/#\/schema\/logo\/image\/","url":"https:\/\/fmgente.com.ar\/web\/wp-content\/uploads\/2023\/07\/cropped-cropped-logo-sombra2.png","contentUrl":"https:\/\/fmgente.com.ar\/web\/wp-content\/uploads\/2023\/07\/cropped-cropped-logo-sombra2.png","width":1782,"height":1782,"caption":"Fm Gente"},"image":{"@id":"https:\/\/fmgente.com.ar\/web\/#\/schema\/logo\/image\/"}}]}},"_links":{"self":[{"href":"https:\/\/fmgente.com.ar\/web\/wp-json\/wp\/v2\/posts\/14814","targetHints":{"allow":["GET"]}}],"collection":[{"href":"https:\/\/fmgente.com.ar\/web\/wp-json\/wp\/v2\/posts"}],"about":[{"href":"https:\/\/fmgente.com.ar\/web\/wp-json\/wp\/v2\/types\/post"}],"replies":[{"embeddable":true,"href":"https:\/\/fmgente.com.ar\/web\/wp-json\/wp\/v2\/comments?post=14814"}],"version-history":[{"count":0,"href":"https:\/\/fmgente.com.ar\/web\/wp-json\/wp\/v2\/posts\/14814\/revisions"}],"wp:featuredmedia":[{"embeddable":true,"href":"https:\/\/fmgente.com.ar\/web\/wp-json\/wp\/v2\/media\/14815"}],"wp:attachment":[{"href":"https:\/\/fmgente.com.ar\/web\/wp-json\/wp\/v2\/media?parent=14814"}],"wp:term":[{"taxonomy":"category","embeddable":true,"href":"https:\/\/fmgente.com.ar\/web\/wp-json\/wp\/v2\/categories?post=14814"},{"taxonomy":"post_tag","embeddable":true,"href":"https:\/\/fmgente.com.ar\/web\/wp-json\/wp\/v2\/tags?post=14814"}],"curies":[{"name":"wp","href":"https:\/\/api.w.org\/{rel}","templated":true}]}}