{"id":14782,"date":"2026-03-09T17:09:23","date_gmt":"2026-03-09T20:09:23","guid":{"rendered":"https:\/\/fmgente.com.ar\/web\/ceo-mujeres-la-agenda-de-las-ejecutivas-argentinas\/"},"modified":"2026-03-09T17:09:23","modified_gmt":"2026-03-09T20:09:23","slug":"ceo-mujeres-la-agenda-de-las-ejecutivas-argentinas","status":"publish","type":"post","link":"https:\/\/fmgente.com.ar\/web\/ceo-mujeres-la-agenda-de-las-ejecutivas-argentinas\/","title":{"rendered":"CEO mujeres. La agenda de las ejecutivas argentinas"},"content":{"rendered":"<p>Hola, que tal, buenas tardes. Este fin de semana pasado, <b>La Voz Negocios<\/b> abri\u00f3 su espacio a las mujeres que conducen empresas para reflejar su visi\u00f3n del avance femenino en el mundo de los negocios y de los desaf\u00edos del <i>management<\/i>, con la participaci\u00f3n de Mariana Camino (Abeceb), Cecilia Mariani (Darwoft) y Laura Passerini (Egran y Bolsa de Cereales). Adem\u00e1s, una entrevista con el CEO de Uber Eats, que expone la estrategia detr\u00e1s del retorno a la Argentina, comenzando por C\u00f3rdoba. Pero, antes, no te pierdas esta informaci\u00f3n.<\/p>\n<p><b>El dato.<\/b> La reforma laboral entr\u00f3 en vigencia. Una modalidad incorporada es que los bancos pueden ofrecer pr\u00e9stamos personales con c\u00f3digo de descuentos a los trabajadores que tienen cuenta sueldo en la entidad. Mediante el art\u00edculo 36, que modifica el inciso f del art\u00edculo 132 de la Ley de Contrato de Trabajo (LCT), los bancos puede ofrecer esta modalidad de pr\u00e9stamos, lo que permite bajar la tasa de inter\u00e9s. Hasta ahora, esta modalidad estaba restringida a mutuales sindicales. <\/p>\n<p><b>Lo que se viene.<\/b> La semana de la inflaci\u00f3n. Este jueves, el Indec informar\u00e1 el IPC de febrero (el IPC Caba se desaceler\u00f3 a 2,6%, con con la inflaci\u00f3n n\u00facleo en 3,1%), junto con las canastas para determinar pobreza e indigencia; adem\u00e1s, presentar\u00e1 el martes las exportaciones por origen provincial, el mi\u00e9rcoles los datos de servicios p\u00fablicos (ISSP) de diciembre y accesos a internet del \u00faltimo trimestre de 2025, en tanto el viernes mostrar\u00e1 el uso de la capacidad instalada en la industria de enero. El Banco Central presentar\u00e1 el viernes 13 el <b>Bolet\u00edn Estad\u00edstico<\/b>. En materia pol\u00edtica, hay que esperar repercusiones de Argentina Week en Nueva York y de la Expoagro en San Nicol\u00e1s (provincia de Buenos Aires), como tambi\u00e9n en impacto de la guerra en Medio Oriente en los precios de las <i>commodities<\/i>.<\/p>\n<p><img loading=\"lazy\" decoding=\"async\" src=\"https:\/\/www.lavoz.com.ar\/resizer\/x7nNdSxKRKAixSnfVS0guxiI-Ik=\/cloudfront-us-east-1.images.arcpublishing.com\/grupoclarin\/RZFDC2TLC5GZLCALWDUHWU4NSY.png\" alt=\".\" height=\"150\" width=\"550\" \/><\/p>\n<p>Las principales noticias en <b>La Voz Negocios <\/b>este fin de semana pasado:<\/p>\n<p><b>\u2013Ejecutivas.<\/b> <a href=\"https:\/\/www.lavoz.com.ar\/negocios\/abeceb-consultora-estrategia-riesgo-ceo-genero-mariana-camino-cambio_0_ISZdkp8hI3.html\" target=\"_self\" rel=\"\" title=\"https:\/\/www.lavoz.com.ar\/negocios\/abeceb-consultora-estrategia-riesgo-ceo-genero-mariana-camino-cambio_0_ISZdkp8hI3.html\">Mariana Camino, l\u00edder de Abeceb: En la nueva econom\u00eda argentina, el CEO \u201cpiloto de tormenta\u201d ya no se necesita<\/a><\/p>\n<p><b>\u2013Ejecutivas.<\/b> <a href=\"https:\/\/www.lavoz.com.ar\/negocios\/ceciliamariani-estereotipos-prejuicios-genero-matematicas-ingenieria_0_KVF9i7Xaz2.html\" target=\"_self\" rel=\"\" title=\"https:\/\/www.lavoz.com.ar\/negocios\/ceciliamariani-estereotipos-prejuicios-genero-matematicas-ingenieria_0_KVF9i7Xaz2.html\">Cecilia Mariani, CEO de Darwoft: Este es un a\u00f1o para sentirnos inc\u00f3modos, porque de esa manera cambiamos<\/a><\/p>\n<p><b>\u2013Ejecutivas.<\/b> <a href=\"https:\/\/www.lavoz.com.ar\/negocios\/laura-passerini-bolsa-cereales-g7-mujer_0_RMPaIvlI8J.html\" target=\"_self\" rel=\"\" title=\"https:\/\/www.lavoz.com.ar\/negocios\/laura-passerini-bolsa-cereales-g7-mujer_0_RMPaIvlI8J.html\">Laura Passerini, presidenta de la Bolsa de Cereales: Plantear los intereses del campo desde el di\u00e1logo no es querer prebendas<\/a><\/p>\n<p><b>\u20138-M.<\/b> <a href=\"https:\/\/www.lavoz.com.ar\/negocios\/trabajo-femenino-mujer-trabajo-empleo-femenino-mujer-economia_0_GBTEgmXQVS.html\" target=\"_self\" rel=\"\" title=\"https:\/\/www.lavoz.com.ar\/negocios\/trabajo-femenino-mujer-trabajo-empleo-femenino-mujer-economia_0_GBTEgmXQVS.html\">Por qu\u00e9 las 24 horas no son iguales para hombres y mujeres<\/a><\/p>\n<p><b>\u2013Al margen.<\/b> <a href=\"https:\/\/www.lavoz.com.ar\/negocios\/empresarios-javier-milei-luis-caputo-paolo-rocca-javier-madanes-union-industrial-empresas-cristina-fernandez-cristina-kirchner-importaciones-apertura-kirchnerismo_0_ZJHBvdKJl9.html\" target=\"_self\" rel=\"\" title=\"https:\/\/www.lavoz.com.ar\/negocios\/empresarios-javier-milei-luis-caputo-paolo-rocca-javier-madanes-union-industrial-empresas-cristina-fernandez-cristina-kirchner-importaciones-apertura-kirchnerismo_0_ZJHBvdKJl9.html\">Chatarr\u00edn, Gomita y Lengua Floja. Empresarios: \u00bfh\u00e9roes o c\u00f3mplices de abuso?<\/a><\/p>\n<p><b>\u2013Operativo retorno.<\/b> <a href=\"https:\/\/www.lavoz.com.ar\/negocios\/uber-uber-eats-delivery-movilidad-plataformas_0_Bi1OllUaup.html\" target=\"_self\" rel=\"\" title=\"https:\/\/www.lavoz.com.ar\/negocios\/uber-uber-eats-delivery-movilidad-plataformas_0_Bi1OllUaup.html\">Cu\u00e1l es la estrategia de Uber Eats en su regreso al pa\u00eds que empieza por C\u00f3rdoba<\/a><\/p>\n<p><b>\u2013Menos producci\u00f3n.<\/b> <a href=\"https:\/\/www.lavoz.com.ar\/negocios\/automotrices-industria-automotriz-produccion-autos-ies-consultores_0_72T03w8uwQ.html\" target=\"_self\" rel=\"\" title=\"https:\/\/www.lavoz.com.ar\/negocios\/automotrices-industria-automotriz-produccion-autos-ies-consultores_0_72T03w8uwQ.html\">Freno en las terminales: proyectan que la producci\u00f3n automotriz caer\u00e1 10% en 2026<\/a><\/p>\n<p><b>\u2013Proyectar C\u00f3rdoba 2026.<\/b> <a href=\"https:\/\/www.lavoz.com.ar\/negocios\/proyectar-cordoba-ceduc-pintecord-networking-desarrollismo-inmobiliario-convention-comercializacion-reservas-estrategica-eventos_0_7AgJVbL3tK.html\" target=\"_self\" rel=\"\" title=\"https:\/\/www.lavoz.com.ar\/negocios\/proyectar-cordoba-ceduc-pintecord-networking-desarrollismo-inmobiliario-convention-comercializacion-reservas-estrategica-eventos_0_7AgJVbL3tK.html\">Se lanz\u00f3 la 4\u00b0 edici\u00f3n y ya se comercializan sus espacios estrat\u00e9gicos<\/a><\/p>\n<p><b>\u2013Tecnolog\u00eda y emprendedorismo.<\/b> <a href=\"https:\/\/www.lavoz.com.ar\/negocios\/egresada-unc-cofundo-legaltech-londres-va-internacionalizacion_0_DHSu9rhE4j.html\" target=\"_self\" rel=\"\" title=\"https:\/\/www.lavoz.com.ar\/negocios\/egresada-unc-cofundo-legaltech-londres-va-internacionalizacion_0_DHSu9rhE4j.html\">Es egresada de la UNC y cofund\u00f3 una legaltech en Londres que va por su internacionalizaci\u00f3n<\/a><\/p>\n<p><b>\u2013Crisis y empresas.<\/b> <a href=\"https:\/\/www.lavoz.com.ar\/negocios\/dante-sica-cacec-actividad-economica-actividad-industrial_0_KZiCz4PclM.html\" target=\"_self\" rel=\"\" title=\"https:\/\/www.lavoz.com.ar\/negocios\/dante-sica-cacec-actividad-economica-actividad-industrial_0_KZiCz4PclM.html\">El crudo diagn\u00f3stico de Dante Sica: A los empresarios, este Gobierno no les va a dar ibuprofeno<\/a><\/p>\n<p><b>\u2013Industrias cordobesas.<\/b> <a href=\"https:\/\/www.lavoz.com.ar\/negocios\/encuesta-43-empresas-parque-industrial-san-francisco-actividad-2025_0_1CokfE9P4c.html\" target=\"_self\" rel=\"\" title=\"https:\/\/www.lavoz.com.ar\/negocios\/encuesta-43-empresas-parque-industrial-san-francisco-actividad-2025_0_1CokfE9P4c.html\">43% de las empresas del Parque Industrial de San Francisco baj\u00f3 su actividad en 2025<\/a><\/p>\n","protected":false},"excerpt":{"rendered":"<p>Hola, que tal, buenas tardes. Este fin de semana pasado, La Voz Negocios abri\u00f3 su<\/p>\n","protected":false},"author":0,"featured_media":14783,"comment_status":"","ping_status":"","sticky":false,"template":"","format":"standard","meta":{"footnotes":""},"categories":[11],"tags":[],"class_list":["post-14782","post","type-post","status-publish","format-standard","has-post-thumbnail","hentry","category-destacadas"],"yoast_head":"<!-- This site is optimized with the Yoast SEO plugin v27.4 - https:\/\/yoast.com\/product\/yoast-seo-wordpress\/ -->\n<title>CEO mujeres. La agenda de las ejecutivas argentinas - Fm Gente<\/title>\n<meta name=\"robots\" content=\"index, follow, max-snippet:-1, max-image-preview:large, max-video-preview:-1\" \/>\n<link rel=\"canonical\" href=\"https:\/\/fmgente.com.ar\/web\/ceo-mujeres-la-agenda-de-las-ejecutivas-argentinas\/\" \/>\n<meta property=\"og:locale\" content=\"es_ES\" \/>\n<meta property=\"og:type\" content=\"article\" \/>\n<meta property=\"og:title\" content=\"CEO mujeres. La agenda de las ejecutivas argentinas - Fm Gente\" \/>\n<meta property=\"og:description\" content=\"Hola, que tal, buenas tardes. Este fin de semana pasado, La Voz Negocios abri\u00f3 su\" \/>\n<meta property=\"og:url\" content=\"https:\/\/fmgente.com.ar\/web\/ceo-mujeres-la-agenda-de-las-ejecutivas-argentinas\/\" \/>\n<meta property=\"og:site_name\" content=\"Fm Gente\" \/>\n<meta property=\"article:published_time\" content=\"2026-03-09T20:09:23+00:00\" \/>\n<meta property=\"og:image\" content=\"https:\/\/www.lavoz.com.ar\/resizer\/x7nNdSxKRKAixSnfVS0guxiI-Ik=\/cloudfront-us-east-1.images.arcpublishing.com\/grupoclarin\/RZFDC2TLC5GZLCALWDUHWU4NSY.png\" \/>\n<meta name=\"twitter:card\" content=\"summary_large_image\" \/>\n<meta name=\"twitter:label1\" content=\"Tiempo de lectura\" \/>\n\t<meta name=\"twitter:data1\" content=\"3 minutos\" \/>\n<script type=\"application\/ld+json\" class=\"yoast-schema-graph\">{\"@context\":\"https:\\\/\\\/schema.org\",\"@graph\":[{\"@type\":\"Article\",\"@id\":\"https:\\\/\\\/fmgente.com.ar\\\/web\\\/ceo-mujeres-la-agenda-de-las-ejecutivas-argentinas\\\/#article\",\"isPartOf\":{\"@id\":\"https:\\\/\\\/fmgente.com.ar\\\/web\\\/ceo-mujeres-la-agenda-de-las-ejecutivas-argentinas\\\/\"},\"author\":{\"name\":\"\",\"@id\":\"\"},\"headline\":\"CEO mujeres. La agenda de las ejecutivas argentinas\",\"datePublished\":\"2026-03-09T20:09:23+00:00\",\"mainEntityOfPage\":{\"@id\":\"https:\\\/\\\/fmgente.com.ar\\\/web\\\/ceo-mujeres-la-agenda-de-las-ejecutivas-argentinas\\\/\"},\"wordCount\":540,\"publisher\":{\"@id\":\"https:\\\/\\\/fmgente.com.ar\\\/web\\\/#organization\"},\"image\":{\"@id\":\"https:\\\/\\\/fmgente.com.ar\\\/web\\\/ceo-mujeres-la-agenda-de-las-ejecutivas-argentinas\\\/#primaryimage\"},\"thumbnailUrl\":\"https:\\\/\\\/fmgente.com.ar\\\/web\\\/wp-content\\\/uploads\\\/2026\\\/03\\\/RZFDC2TLC5GZLCALWDUHWU4NSY-1.jpg\",\"articleSection\":[\"DESTACADAS\"],\"inLanguage\":\"es\"},{\"@type\":\"WebPage\",\"@id\":\"https:\\\/\\\/fmgente.com.ar\\\/web\\\/ceo-mujeres-la-agenda-de-las-ejecutivas-argentinas\\\/\",\"url\":\"https:\\\/\\\/fmgente.com.ar\\\/web\\\/ceo-mujeres-la-agenda-de-las-ejecutivas-argentinas\\\/\",\"name\":\"CEO mujeres. La agenda de las ejecutivas argentinas - Fm Gente\",\"isPartOf\":{\"@id\":\"https:\\\/\\\/fmgente.com.ar\\\/web\\\/#website\"},\"primaryImageOfPage\":{\"@id\":\"https:\\\/\\\/fmgente.com.ar\\\/web\\\/ceo-mujeres-la-agenda-de-las-ejecutivas-argentinas\\\/#primaryimage\"},\"image\":{\"@id\":\"https:\\\/\\\/fmgente.com.ar\\\/web\\\/ceo-mujeres-la-agenda-de-las-ejecutivas-argentinas\\\/#primaryimage\"},\"thumbnailUrl\":\"https:\\\/\\\/fmgente.com.ar\\\/web\\\/wp-content\\\/uploads\\\/2026\\\/03\\\/RZFDC2TLC5GZLCALWDUHWU4NSY-1.jpg\",\"datePublished\":\"2026-03-09T20:09:23+00:00\",\"inLanguage\":\"es\",\"potentialAction\":[{\"@type\":\"ReadAction\",\"target\":[\"https:\\\/\\\/fmgente.com.ar\\\/web\\\/ceo-mujeres-la-agenda-de-las-ejecutivas-argentinas\\\/\"]}]},{\"@type\":\"ImageObject\",\"inLanguage\":\"es\",\"@id\":\"https:\\\/\\\/fmgente.com.ar\\\/web\\\/ceo-mujeres-la-agenda-de-las-ejecutivas-argentinas\\\/#primaryimage\",\"url\":\"https:\\\/\\\/fmgente.com.ar\\\/web\\\/wp-content\\\/uploads\\\/2026\\\/03\\\/RZFDC2TLC5GZLCALWDUHWU4NSY-1.jpg\",\"contentUrl\":\"https:\\\/\\\/fmgente.com.ar\\\/web\\\/wp-content\\\/uploads\\\/2026\\\/03\\\/RZFDC2TLC5GZLCALWDUHWU4NSY-1.jpg\",\"width\":1200,\"height\":327},{\"@type\":\"WebSite\",\"@id\":\"https:\\\/\\\/fmgente.com.ar\\\/web\\\/#website\",\"url\":\"https:\\\/\\\/fmgente.com.ar\\\/web\\\/\",\"name\":\"Fm Gente\",\"description\":\"- Jes\u00fas Mar\u00eda\",\"publisher\":{\"@id\":\"https:\\\/\\\/fmgente.com.ar\\\/web\\\/#organization\"},\"potentialAction\":[{\"@type\":\"SearchAction\",\"target\":{\"@type\":\"EntryPoint\",\"urlTemplate\":\"https:\\\/\\\/fmgente.com.ar\\\/web\\\/?s={search_term_string}\"},\"query-input\":{\"@type\":\"PropertyValueSpecification\",\"valueRequired\":true,\"valueName\":\"search_term_string\"}}],\"inLanguage\":\"es\"},{\"@type\":\"Organization\",\"@id\":\"https:\\\/\\\/fmgente.com.ar\\\/web\\\/#organization\",\"name\":\"Fm Gente\",\"url\":\"https:\\\/\\\/fmgente.com.ar\\\/web\\\/\",\"logo\":{\"@type\":\"ImageObject\",\"inLanguage\":\"es\",\"@id\":\"https:\\\/\\\/fmgente.com.ar\\\/web\\\/#\\\/schema\\\/logo\\\/image\\\/\",\"url\":\"https:\\\/\\\/fmgente.com.ar\\\/web\\\/wp-content\\\/uploads\\\/2023\\\/07\\\/cropped-cropped-logo-sombra2.png\",\"contentUrl\":\"https:\\\/\\\/fmgente.com.ar\\\/web\\\/wp-content\\\/uploads\\\/2023\\\/07\\\/cropped-cropped-logo-sombra2.png\",\"width\":1782,\"height\":1782,\"caption\":\"Fm Gente\"},\"image\":{\"@id\":\"https:\\\/\\\/fmgente.com.ar\\\/web\\\/#\\\/schema\\\/logo\\\/image\\\/\"}}]}<\/script>\n<!-- \/ Yoast SEO plugin. -->","yoast_head_json":{"title":"CEO mujeres. La agenda de las ejecutivas argentinas - Fm Gente","robots":{"index":"index","follow":"follow","max-snippet":"max-snippet:-1","max-image-preview":"max-image-preview:large","max-video-preview":"max-video-preview:-1"},"canonical":"https:\/\/fmgente.com.ar\/web\/ceo-mujeres-la-agenda-de-las-ejecutivas-argentinas\/","og_locale":"es_ES","og_type":"article","og_title":"CEO mujeres. La agenda de las ejecutivas argentinas - Fm Gente","og_description":"Hola, que tal, buenas tardes. Este fin de semana pasado, La Voz Negocios abri\u00f3 su","og_url":"https:\/\/fmgente.com.ar\/web\/ceo-mujeres-la-agenda-de-las-ejecutivas-argentinas\/","og_site_name":"Fm Gente","article_published_time":"2026-03-09T20:09:23+00:00","og_image":[{"url":"https:\/\/www.lavoz.com.ar\/resizer\/x7nNdSxKRKAixSnfVS0guxiI-Ik=\/cloudfront-us-east-1.images.arcpublishing.com\/grupoclarin\/RZFDC2TLC5GZLCALWDUHWU4NSY.png","type":"","width":"","height":""}],"twitter_card":"summary_large_image","twitter_misc":{"Tiempo de lectura":"3 minutos"},"schema":{"@context":"https:\/\/schema.org","@graph":[{"@type":"Article","@id":"https:\/\/fmgente.com.ar\/web\/ceo-mujeres-la-agenda-de-las-ejecutivas-argentinas\/#article","isPartOf":{"@id":"https:\/\/fmgente.com.ar\/web\/ceo-mujeres-la-agenda-de-las-ejecutivas-argentinas\/"},"author":{"name":"","@id":""},"headline":"CEO mujeres. La agenda de las ejecutivas argentinas","datePublished":"2026-03-09T20:09:23+00:00","mainEntityOfPage":{"@id":"https:\/\/fmgente.com.ar\/web\/ceo-mujeres-la-agenda-de-las-ejecutivas-argentinas\/"},"wordCount":540,"publisher":{"@id":"https:\/\/fmgente.com.ar\/web\/#organization"},"image":{"@id":"https:\/\/fmgente.com.ar\/web\/ceo-mujeres-la-agenda-de-las-ejecutivas-argentinas\/#primaryimage"},"thumbnailUrl":"https:\/\/fmgente.com.ar\/web\/wp-content\/uploads\/2026\/03\/RZFDC2TLC5GZLCALWDUHWU4NSY-1.jpg","articleSection":["DESTACADAS"],"inLanguage":"es"},{"@type":"WebPage","@id":"https:\/\/fmgente.com.ar\/web\/ceo-mujeres-la-agenda-de-las-ejecutivas-argentinas\/","url":"https:\/\/fmgente.com.ar\/web\/ceo-mujeres-la-agenda-de-las-ejecutivas-argentinas\/","name":"CEO mujeres. La agenda de las ejecutivas argentinas - Fm Gente","isPartOf":{"@id":"https:\/\/fmgente.com.ar\/web\/#website"},"primaryImageOfPage":{"@id":"https:\/\/fmgente.com.ar\/web\/ceo-mujeres-la-agenda-de-las-ejecutivas-argentinas\/#primaryimage"},"image":{"@id":"https:\/\/fmgente.com.ar\/web\/ceo-mujeres-la-agenda-de-las-ejecutivas-argentinas\/#primaryimage"},"thumbnailUrl":"https:\/\/fmgente.com.ar\/web\/wp-content\/uploads\/2026\/03\/RZFDC2TLC5GZLCALWDUHWU4NSY-1.jpg","datePublished":"2026-03-09T20:09:23+00:00","inLanguage":"es","potentialAction":[{"@type":"ReadAction","target":["https:\/\/fmgente.com.ar\/web\/ceo-mujeres-la-agenda-de-las-ejecutivas-argentinas\/"]}]},{"@type":"ImageObject","inLanguage":"es","@id":"https:\/\/fmgente.com.ar\/web\/ceo-mujeres-la-agenda-de-las-ejecutivas-argentinas\/#primaryimage","url":"https:\/\/fmgente.com.ar\/web\/wp-content\/uploads\/2026\/03\/RZFDC2TLC5GZLCALWDUHWU4NSY-1.jpg","contentUrl":"https:\/\/fmgente.com.ar\/web\/wp-content\/uploads\/2026\/03\/RZFDC2TLC5GZLCALWDUHWU4NSY-1.jpg","width":1200,"height":327},{"@type":"WebSite","@id":"https:\/\/fmgente.com.ar\/web\/#website","url":"https:\/\/fmgente.com.ar\/web\/","name":"Fm Gente","description":"- Jes\u00fas Mar\u00eda","publisher":{"@id":"https:\/\/fmgente.com.ar\/web\/#organization"},"potentialAction":[{"@type":"SearchAction","target":{"@type":"EntryPoint","urlTemplate":"https:\/\/fmgente.com.ar\/web\/?s={search_term_string}"},"query-input":{"@type":"PropertyValueSpecification","valueRequired":true,"valueName":"search_term_string"}}],"inLanguage":"es"},{"@type":"Organization","@id":"https:\/\/fmgente.com.ar\/web\/#organization","name":"Fm Gente","url":"https:\/\/fmgente.com.ar\/web\/","logo":{"@type":"ImageObject","inLanguage":"es","@id":"https:\/\/fmgente.com.ar\/web\/#\/schema\/logo\/image\/","url":"https:\/\/fmgente.com.ar\/web\/wp-content\/uploads\/2023\/07\/cropped-cropped-logo-sombra2.png","contentUrl":"https:\/\/fmgente.com.ar\/web\/wp-content\/uploads\/2023\/07\/cropped-cropped-logo-sombra2.png","width":1782,"height":1782,"caption":"Fm Gente"},"image":{"@id":"https:\/\/fmgente.com.ar\/web\/#\/schema\/logo\/image\/"}}]}},"_links":{"self":[{"href":"https:\/\/fmgente.com.ar\/web\/wp-json\/wp\/v2\/posts\/14782","targetHints":{"allow":["GET"]}}],"collection":[{"href":"https:\/\/fmgente.com.ar\/web\/wp-json\/wp\/v2\/posts"}],"about":[{"href":"https:\/\/fmgente.com.ar\/web\/wp-json\/wp\/v2\/types\/post"}],"replies":[{"embeddable":true,"href":"https:\/\/fmgente.com.ar\/web\/wp-json\/wp\/v2\/comments?post=14782"}],"version-history":[{"count":0,"href":"https:\/\/fmgente.com.ar\/web\/wp-json\/wp\/v2\/posts\/14782\/revisions"}],"wp:featuredmedia":[{"embeddable":true,"href":"https:\/\/fmgente.com.ar\/web\/wp-json\/wp\/v2\/media\/14783"}],"wp:attachment":[{"href":"https:\/\/fmgente.com.ar\/web\/wp-json\/wp\/v2\/media?parent=14782"}],"wp:term":[{"taxonomy":"category","embeddable":true,"href":"https:\/\/fmgente.com.ar\/web\/wp-json\/wp\/v2\/categories?post=14782"},{"taxonomy":"post_tag","embeddable":true,"href":"https:\/\/fmgente.com.ar\/web\/wp-json\/wp\/v2\/tags?post=14782"}],"curies":[{"name":"wp","href":"https:\/\/api.w.org\/{rel}","templated":true}]}}