{"id":14780,"date":"2026-03-09T14:07:00","date_gmt":"2026-03-09T17:07:00","guid":{"rendered":"https:\/\/fmgente.com.ar\/web\/mas-evidencias-apuntan-a-estados-unidos-como-autor-del-ataque-a-la-escuela-en-iran\/"},"modified":"2026-03-09T14:07:00","modified_gmt":"2026-03-09T17:07:00","slug":"mas-evidencias-apuntan-a-estados-unidos-como-autor-del-ataque-a-la-escuela-en-iran","status":"publish","type":"post","link":"https:\/\/fmgente.com.ar\/web\/mas-evidencias-apuntan-a-estados-unidos-como-autor-del-ataque-a-la-escuela-en-iran\/","title":{"rendered":"M\u00e1s evidencias apuntan a Estados Unidos como autor del ataque a la escuela en Ir\u00e1n"},"content":{"rendered":"<p>Buenos Aires, 9 marzo (NA) \u2014 Un grupo de investigaci\u00f3n se sum\u00f3 a los medios period\u00edsticos estadounidenses que comprobaron la autor\u00eda de la naci\u00f3n norteamericana en el ataque a la escuela iran\u00ed, informaron medios internacionales.<\/p>\n<p>Ahora es el grupo Bellingcat el que afirma que un video reci\u00e9n publicado \u201cparece contradecir\u201d la afirmaci\u00f3n del presidente Donald Trump de que Teher\u00e1n fue responsable de una explosi\u00f3n en una escuela iran\u00ed que mat\u00f3 a m\u00e1s de 165 personas al comienzo de la guerra que azota Oriente Medio.<\/p>\n<p>Si anteriormente diarios prestigiosos del pa\u00eds de Am\u00e9rica del Norte apuntaban a los Estados Unidos como responsables del ataque, ahora son la agencia de noticias The Associated Press y Newsweek los medios \u2014consultados por la Agencia Noticias Argentinas\u2014 que se hacen eco de esta investigaci\u00f3n.<\/p>\n<p>Esto se produce en la medida en que la creciente evidencia apunta a la culpabilidad de Estados Unidos en el ataque del 28 de febrero, que impact\u00f3 una escuela adyacente a una base de la Guardia Revolucionaria en Minab, Ir\u00e1n, en la provincia sure\u00f1a de Hormozgan, publican.<\/p>\n<p>Expertos entrevistados por The Associated Press, citando an\u00e1lisis de im\u00e1genes satelitales, afirman que la escuela probablemente fue atacada en medio de una r\u00e1pida sucesi\u00f3n de bombas lanzadas sobre el complejo.<\/p>\n<p>El video compartido por Bellingcat es un fragmento de tres segundos de un video grabado el d\u00eda del ataque a la escuela y distribuido el domingo por la agencia de noticias semioficial iran\u00ed Mehr.<\/p>\n<p>El video muestra una munici\u00f3n cayendo sobre un edificio, generando una columna oscura que se mezcla con el humo que probablemente proven\u00eda de ataques anteriores contra el complejo. Trevor Ball, investigador de Bellingcat, geolocaliz\u00f3 el video en un lugar cercano a la escuela, algo que tambi\u00e9n hizo AP.<\/p>\n<p>Adem\u00e1s, el presidente de Colombia, Gustavo Petro, fue el primero en condenar ese ataque, a lo que se sum\u00f3 el Vaticano. #AgenciaNA<\/p>\n","protected":false},"excerpt":{"rendered":"<p>Buenos Aires, 9 marzo (NA) \u2014 Un grupo de investigaci\u00f3n se sum\u00f3 a los medios<\/p>\n","protected":false},"author":0,"featured_media":14781,"comment_status":"","ping_status":"","sticky":false,"template":"","format":"standard","meta":{"footnotes":""},"categories":[11],"tags":[],"class_list":["post-14780","post","type-post","status-publish","format-standard","has-post-thumbnail","hentry","category-destacadas"],"yoast_head":"<!-- This site is optimized with the Yoast SEO plugin v27.4 - https:\/\/yoast.com\/product\/yoast-seo-wordpress\/ -->\n<title>M\u00e1s evidencias apuntan a Estados Unidos como autor del ataque a la escuela en Ir\u00e1n - Fm Gente<\/title>\n<meta name=\"robots\" content=\"index, follow, max-snippet:-1, max-image-preview:large, max-video-preview:-1\" \/>\n<link rel=\"canonical\" href=\"https:\/\/fmgente.com.ar\/web\/mas-evidencias-apuntan-a-estados-unidos-como-autor-del-ataque-a-la-escuela-en-iran\/\" \/>\n<meta property=\"og:locale\" content=\"es_ES\" \/>\n<meta property=\"og:type\" content=\"article\" \/>\n<meta property=\"og:title\" content=\"M\u00e1s evidencias apuntan a Estados Unidos como autor del ataque a la escuela en Ir\u00e1n - Fm Gente\" \/>\n<meta property=\"og:description\" content=\"Buenos Aires, 9 marzo (NA) \u2014 Un grupo de investigaci\u00f3n se sum\u00f3 a los medios\" \/>\n<meta property=\"og:url\" content=\"https:\/\/fmgente.com.ar\/web\/mas-evidencias-apuntan-a-estados-unidos-como-autor-del-ataque-a-la-escuela-en-iran\/\" \/>\n<meta property=\"og:site_name\" content=\"Fm Gente\" \/>\n<meta property=\"article:published_time\" content=\"2026-03-09T17:07:00+00:00\" \/>\n<meta name=\"twitter:card\" content=\"summary_large_image\" \/>\n<meta name=\"twitter:label1\" content=\"Tiempo de lectura\" \/>\n\t<meta name=\"twitter:data1\" content=\"2 minutos\" \/>\n<script type=\"application\/ld+json\" class=\"yoast-schema-graph\">{\"@context\":\"https:\\\/\\\/schema.org\",\"@graph\":[{\"@type\":\"Article\",\"@id\":\"https:\\\/\\\/fmgente.com.ar\\\/web\\\/mas-evidencias-apuntan-a-estados-unidos-como-autor-del-ataque-a-la-escuela-en-iran\\\/#article\",\"isPartOf\":{\"@id\":\"https:\\\/\\\/fmgente.com.ar\\\/web\\\/mas-evidencias-apuntan-a-estados-unidos-como-autor-del-ataque-a-la-escuela-en-iran\\\/\"},\"author\":{\"name\":\"\",\"@id\":\"\"},\"headline\":\"M\u00e1s evidencias apuntan a Estados Unidos como autor del ataque a la escuela en Ir\u00e1n\",\"datePublished\":\"2026-03-09T17:07:00+00:00\",\"mainEntityOfPage\":{\"@id\":\"https:\\\/\\\/fmgente.com.ar\\\/web\\\/mas-evidencias-apuntan-a-estados-unidos-como-autor-del-ataque-a-la-escuela-en-iran\\\/\"},\"wordCount\":346,\"publisher\":{\"@id\":\"https:\\\/\\\/fmgente.com.ar\\\/web\\\/#organization\"},\"image\":{\"@id\":\"https:\\\/\\\/fmgente.com.ar\\\/web\\\/mas-evidencias-apuntan-a-estados-unidos-como-autor-del-ataque-a-la-escuela-en-iran\\\/#primaryimage\"},\"thumbnailUrl\":\"https:\\\/\\\/fmgente.com.ar\\\/web\\\/wp-content\\\/uploads\\\/2026\\\/03\\\/720-452.jpeg\",\"articleSection\":[\"DESTACADAS\"],\"inLanguage\":\"es\"},{\"@type\":\"WebPage\",\"@id\":\"https:\\\/\\\/fmgente.com.ar\\\/web\\\/mas-evidencias-apuntan-a-estados-unidos-como-autor-del-ataque-a-la-escuela-en-iran\\\/\",\"url\":\"https:\\\/\\\/fmgente.com.ar\\\/web\\\/mas-evidencias-apuntan-a-estados-unidos-como-autor-del-ataque-a-la-escuela-en-iran\\\/\",\"name\":\"M\u00e1s evidencias apuntan a Estados Unidos como autor del ataque a la escuela en Ir\u00e1n - Fm Gente\",\"isPartOf\":{\"@id\":\"https:\\\/\\\/fmgente.com.ar\\\/web\\\/#website\"},\"primaryImageOfPage\":{\"@id\":\"https:\\\/\\\/fmgente.com.ar\\\/web\\\/mas-evidencias-apuntan-a-estados-unidos-como-autor-del-ataque-a-la-escuela-en-iran\\\/#primaryimage\"},\"image\":{\"@id\":\"https:\\\/\\\/fmgente.com.ar\\\/web\\\/mas-evidencias-apuntan-a-estados-unidos-como-autor-del-ataque-a-la-escuela-en-iran\\\/#primaryimage\"},\"thumbnailUrl\":\"https:\\\/\\\/fmgente.com.ar\\\/web\\\/wp-content\\\/uploads\\\/2026\\\/03\\\/720-452.jpeg\",\"datePublished\":\"2026-03-09T17:07:00+00:00\",\"inLanguage\":\"es\",\"potentialAction\":[{\"@type\":\"ReadAction\",\"target\":[\"https:\\\/\\\/fmgente.com.ar\\\/web\\\/mas-evidencias-apuntan-a-estados-unidos-como-autor-del-ataque-a-la-escuela-en-iran\\\/\"]}]},{\"@type\":\"ImageObject\",\"inLanguage\":\"es\",\"@id\":\"https:\\\/\\\/fmgente.com.ar\\\/web\\\/mas-evidencias-apuntan-a-estados-unidos-como-autor-del-ataque-a-la-escuela-en-iran\\\/#primaryimage\",\"url\":\"https:\\\/\\\/fmgente.com.ar\\\/web\\\/wp-content\\\/uploads\\\/2026\\\/03\\\/720-452.jpeg\",\"contentUrl\":\"https:\\\/\\\/fmgente.com.ar\\\/web\\\/wp-content\\\/uploads\\\/2026\\\/03\\\/720-452.jpeg\",\"width\":1081,\"height\":720},{\"@type\":\"WebSite\",\"@id\":\"https:\\\/\\\/fmgente.com.ar\\\/web\\\/#website\",\"url\":\"https:\\\/\\\/fmgente.com.ar\\\/web\\\/\",\"name\":\"Fm Gente\",\"description\":\"- Jes\u00fas Mar\u00eda\",\"publisher\":{\"@id\":\"https:\\\/\\\/fmgente.com.ar\\\/web\\\/#organization\"},\"potentialAction\":[{\"@type\":\"SearchAction\",\"target\":{\"@type\":\"EntryPoint\",\"urlTemplate\":\"https:\\\/\\\/fmgente.com.ar\\\/web\\\/?s={search_term_string}\"},\"query-input\":{\"@type\":\"PropertyValueSpecification\",\"valueRequired\":true,\"valueName\":\"search_term_string\"}}],\"inLanguage\":\"es\"},{\"@type\":\"Organization\",\"@id\":\"https:\\\/\\\/fmgente.com.ar\\\/web\\\/#organization\",\"name\":\"Fm Gente\",\"url\":\"https:\\\/\\\/fmgente.com.ar\\\/web\\\/\",\"logo\":{\"@type\":\"ImageObject\",\"inLanguage\":\"es\",\"@id\":\"https:\\\/\\\/fmgente.com.ar\\\/web\\\/#\\\/schema\\\/logo\\\/image\\\/\",\"url\":\"https:\\\/\\\/fmgente.com.ar\\\/web\\\/wp-content\\\/uploads\\\/2023\\\/07\\\/cropped-cropped-logo-sombra2.png\",\"contentUrl\":\"https:\\\/\\\/fmgente.com.ar\\\/web\\\/wp-content\\\/uploads\\\/2023\\\/07\\\/cropped-cropped-logo-sombra2.png\",\"width\":1782,\"height\":1782,\"caption\":\"Fm Gente\"},\"image\":{\"@id\":\"https:\\\/\\\/fmgente.com.ar\\\/web\\\/#\\\/schema\\\/logo\\\/image\\\/\"}}]}<\/script>\n<!-- \/ Yoast SEO plugin. -->","yoast_head_json":{"title":"M\u00e1s evidencias apuntan a Estados Unidos como autor del ataque a la escuela en Ir\u00e1n - Fm Gente","robots":{"index":"index","follow":"follow","max-snippet":"max-snippet:-1","max-image-preview":"max-image-preview:large","max-video-preview":"max-video-preview:-1"},"canonical":"https:\/\/fmgente.com.ar\/web\/mas-evidencias-apuntan-a-estados-unidos-como-autor-del-ataque-a-la-escuela-en-iran\/","og_locale":"es_ES","og_type":"article","og_title":"M\u00e1s evidencias apuntan a Estados Unidos como autor del ataque a la escuela en Ir\u00e1n - Fm Gente","og_description":"Buenos Aires, 9 marzo (NA) \u2014 Un grupo de investigaci\u00f3n se sum\u00f3 a los medios","og_url":"https:\/\/fmgente.com.ar\/web\/mas-evidencias-apuntan-a-estados-unidos-como-autor-del-ataque-a-la-escuela-en-iran\/","og_site_name":"Fm Gente","article_published_time":"2026-03-09T17:07:00+00:00","twitter_card":"summary_large_image","twitter_misc":{"Tiempo de lectura":"2 minutos"},"schema":{"@context":"https:\/\/schema.org","@graph":[{"@type":"Article","@id":"https:\/\/fmgente.com.ar\/web\/mas-evidencias-apuntan-a-estados-unidos-como-autor-del-ataque-a-la-escuela-en-iran\/#article","isPartOf":{"@id":"https:\/\/fmgente.com.ar\/web\/mas-evidencias-apuntan-a-estados-unidos-como-autor-del-ataque-a-la-escuela-en-iran\/"},"author":{"name":"","@id":""},"headline":"M\u00e1s evidencias apuntan a Estados Unidos como autor del ataque a la escuela en Ir\u00e1n","datePublished":"2026-03-09T17:07:00+00:00","mainEntityOfPage":{"@id":"https:\/\/fmgente.com.ar\/web\/mas-evidencias-apuntan-a-estados-unidos-como-autor-del-ataque-a-la-escuela-en-iran\/"},"wordCount":346,"publisher":{"@id":"https:\/\/fmgente.com.ar\/web\/#organization"},"image":{"@id":"https:\/\/fmgente.com.ar\/web\/mas-evidencias-apuntan-a-estados-unidos-como-autor-del-ataque-a-la-escuela-en-iran\/#primaryimage"},"thumbnailUrl":"https:\/\/fmgente.com.ar\/web\/wp-content\/uploads\/2026\/03\/720-452.jpeg","articleSection":["DESTACADAS"],"inLanguage":"es"},{"@type":"WebPage","@id":"https:\/\/fmgente.com.ar\/web\/mas-evidencias-apuntan-a-estados-unidos-como-autor-del-ataque-a-la-escuela-en-iran\/","url":"https:\/\/fmgente.com.ar\/web\/mas-evidencias-apuntan-a-estados-unidos-como-autor-del-ataque-a-la-escuela-en-iran\/","name":"M\u00e1s evidencias apuntan a Estados Unidos como autor del ataque a la escuela en Ir\u00e1n - Fm Gente","isPartOf":{"@id":"https:\/\/fmgente.com.ar\/web\/#website"},"primaryImageOfPage":{"@id":"https:\/\/fmgente.com.ar\/web\/mas-evidencias-apuntan-a-estados-unidos-como-autor-del-ataque-a-la-escuela-en-iran\/#primaryimage"},"image":{"@id":"https:\/\/fmgente.com.ar\/web\/mas-evidencias-apuntan-a-estados-unidos-como-autor-del-ataque-a-la-escuela-en-iran\/#primaryimage"},"thumbnailUrl":"https:\/\/fmgente.com.ar\/web\/wp-content\/uploads\/2026\/03\/720-452.jpeg","datePublished":"2026-03-09T17:07:00+00:00","inLanguage":"es","potentialAction":[{"@type":"ReadAction","target":["https:\/\/fmgente.com.ar\/web\/mas-evidencias-apuntan-a-estados-unidos-como-autor-del-ataque-a-la-escuela-en-iran\/"]}]},{"@type":"ImageObject","inLanguage":"es","@id":"https:\/\/fmgente.com.ar\/web\/mas-evidencias-apuntan-a-estados-unidos-como-autor-del-ataque-a-la-escuela-en-iran\/#primaryimage","url":"https:\/\/fmgente.com.ar\/web\/wp-content\/uploads\/2026\/03\/720-452.jpeg","contentUrl":"https:\/\/fmgente.com.ar\/web\/wp-content\/uploads\/2026\/03\/720-452.jpeg","width":1081,"height":720},{"@type":"WebSite","@id":"https:\/\/fmgente.com.ar\/web\/#website","url":"https:\/\/fmgente.com.ar\/web\/","name":"Fm Gente","description":"- Jes\u00fas Mar\u00eda","publisher":{"@id":"https:\/\/fmgente.com.ar\/web\/#organization"},"potentialAction":[{"@type":"SearchAction","target":{"@type":"EntryPoint","urlTemplate":"https:\/\/fmgente.com.ar\/web\/?s={search_term_string}"},"query-input":{"@type":"PropertyValueSpecification","valueRequired":true,"valueName":"search_term_string"}}],"inLanguage":"es"},{"@type":"Organization","@id":"https:\/\/fmgente.com.ar\/web\/#organization","name":"Fm Gente","url":"https:\/\/fmgente.com.ar\/web\/","logo":{"@type":"ImageObject","inLanguage":"es","@id":"https:\/\/fmgente.com.ar\/web\/#\/schema\/logo\/image\/","url":"https:\/\/fmgente.com.ar\/web\/wp-content\/uploads\/2023\/07\/cropped-cropped-logo-sombra2.png","contentUrl":"https:\/\/fmgente.com.ar\/web\/wp-content\/uploads\/2023\/07\/cropped-cropped-logo-sombra2.png","width":1782,"height":1782,"caption":"Fm Gente"},"image":{"@id":"https:\/\/fmgente.com.ar\/web\/#\/schema\/logo\/image\/"}}]}},"_links":{"self":[{"href":"https:\/\/fmgente.com.ar\/web\/wp-json\/wp\/v2\/posts\/14780","targetHints":{"allow":["GET"]}}],"collection":[{"href":"https:\/\/fmgente.com.ar\/web\/wp-json\/wp\/v2\/posts"}],"about":[{"href":"https:\/\/fmgente.com.ar\/web\/wp-json\/wp\/v2\/types\/post"}],"replies":[{"embeddable":true,"href":"https:\/\/fmgente.com.ar\/web\/wp-json\/wp\/v2\/comments?post=14780"}],"version-history":[{"count":0,"href":"https:\/\/fmgente.com.ar\/web\/wp-json\/wp\/v2\/posts\/14780\/revisions"}],"wp:featuredmedia":[{"embeddable":true,"href":"https:\/\/fmgente.com.ar\/web\/wp-json\/wp\/v2\/media\/14781"}],"wp:attachment":[{"href":"https:\/\/fmgente.com.ar\/web\/wp-json\/wp\/v2\/media?parent=14780"}],"wp:term":[{"taxonomy":"category","embeddable":true,"href":"https:\/\/fmgente.com.ar\/web\/wp-json\/wp\/v2\/categories?post=14780"},{"taxonomy":"post_tag","embeddable":true,"href":"https:\/\/fmgente.com.ar\/web\/wp-json\/wp\/v2\/tags?post=14780"}],"curies":[{"name":"wp","href":"https:\/\/api.w.org\/{rel}","templated":true}]}}