{"id":14776,"date":"2026-03-09T14:06:59","date_gmt":"2026-03-09T17:06:59","guid":{"rendered":"https:\/\/fmgente.com.ar\/web\/timothee-chalamet-critico-el-ballet-y-varias-artistas-apuntaron-contra-el\/"},"modified":"2026-03-09T14:06:59","modified_gmt":"2026-03-09T17:06:59","slug":"timothee-chalamet-critico-el-ballet-y-varias-artistas-apuntaron-contra-el","status":"publish","type":"post","link":"https:\/\/fmgente.com.ar\/web\/timothee-chalamet-critico-el-ballet-y-varias-artistas-apuntaron-contra-el\/","title":{"rendered":"Timoth\u00e9e Chalamet critic\u00f3 el ballet y varias artistas apuntaron contra \u00e9l"},"content":{"rendered":"<p>Buenos Aires, 9 marzo (NA) \u2013 Las recientes declaraciones de Timoth\u00e9e Chalamet sobre el ballet y la \u00f3pera generaron un fuerte debate en el \u00e1mbito art\u00edstico internacional. <\/p>\n<p>Seg\u00fan supo la Agencia Noticias Argentinas, durante una charla p\u00fablica en la Universidad de Texas, el actor asegur\u00f3 que no le interesar\u00eda trabajar en disciplinas que necesitan ser constantemente defendidas para mantenerse vigentes.<\/p>\n<p>El encuentro, organizado por Variety, incluy\u00f3 una conversaci\u00f3n con el actor Matthew McConaughey, en la que Chalamet expres\u00f3 con iron\u00eda su postura sobre estas artes esc\u00e9nicas: \u201cNo quiero trabajar en ballet ni en \u00f3pera, ni en cosas donde es como: \u2018Oye, mant\u00e9n esto vivo, aunque ya a nadie le importe\u2019\u201d.<\/p>\n<p>El comentario se difundi\u00f3 r\u00e1pidamente en redes sociales y provoc\u00f3 reacciones en distintos sectores de la comunidad cultural, especialmente porque se produjo en plena temporada de premios, cuando el actor compite al Oscar como mejor actor por la pel\u00edcula Marty Supreme, donde interpreta a un jugador de tenis de mesa.<\/p>\n<p>Ante el revuelo generado por sus palabras, el propio Chalamet intent\u00f3 relativizar la situaci\u00f3n con humor y coment\u00f3: \u201cAcabo de perder 14 centavos de audiencia. Me met\u00ed en problemas sin raz\u00f3n\u201d.<\/p>\n<p>LA RESPUESTA DE ELISA CARRILLO<\/p>\n<p>Entre las respuestas m\u00e1s contundentes apareci\u00f3 la de la bailarina mexicana Elisa Carrillo Cabrera, una de las figuras m\u00e1s reconocidas de la danza cl\u00e1sica a nivel internacional.<\/p>\n<p>Carrillo, primera bailarina del Staatsballett Berlin y directora de la John Cranko Schule Stuttgart, decidi\u00f3 responder p\u00fablicamente a trav\u00e9s de sus redes sociales con un mensaje directo dirigido al actor.<\/p>\n<p>\u201cLa danza est\u00e1 viva. El arte est\u00e1 vivo y sigue inspirando, conectando y conmoviendo a personas todos los d\u00edas en todo el mundo. @tchalamet\u2026 NOS IMPORTA\u201d, escribi\u00f3 en Instagram.<\/p>\n<p>El mensaje estuvo acompa\u00f1ado por un video que comenzaba con el fragmento de las declaraciones de Chalamet y luego mostraba escenas de presentaciones de ballet, ovaciones del p\u00fablico y la frase final \u201cWE CARE\u201d (\u201cNos importa\u201d), junto al nombre de su fundaci\u00f3n y del Festival Danzatl\u00e1n.<\/p>\n<p>Adem\u00e1s, la directora de orquesta Alondra de la Parra invit\u00f3 p\u00fablicamente al actor a asistir a un concierto para comprobar que estas disciplinas contin\u00faan teniendo una fuerte presencia cultural.<\/p>\n<p>A su vez, las cantantes de \u00f3pera Deepa Johnny e Isabel Leonard defendieron la vigencia de las artes esc\u00e9nicas y la colaboraci\u00f3n entre diferentes expresiones art\u00edsticas.<\/p>\n<p>La actriz Jamie Lee Curtis tambi\u00e9n cuestion\u00f3 la actitud del actor y plante\u00f3: \u201c\u00bfPor qu\u00e9 un artista atacar\u00eda a otro artista?\u201d.<\/p>\n<p>Incluso instituciones culturales aprovecharon la controversia para responder con humor; por ejemplo, la Seattle Opera lanz\u00f3 una promoci\u00f3n con un 14% de descuento en entradas utilizando el c\u00f3digo \u201cTimoth\u00e9e\u201d, mientras que el English National Ballet record\u00f3 que sus espect\u00e1culos convocan a cientos de miles de espectadores cada a\u00f1o. #AgenciaNA<\/p>\n","protected":false},"excerpt":{"rendered":"<p>Buenos Aires, 9 marzo (NA) \u2013 Las recientes declaraciones de Timoth\u00e9e Chalamet sobre el ballet<\/p>\n","protected":false},"author":0,"featured_media":14777,"comment_status":"","ping_status":"","sticky":false,"template":"","format":"standard","meta":{"footnotes":""},"categories":[11],"tags":[],"class_list":["post-14776","post","type-post","status-publish","format-standard","has-post-thumbnail","hentry","category-destacadas"],"yoast_head":"<!-- This site is optimized with the Yoast SEO plugin v27.4 - https:\/\/yoast.com\/product\/yoast-seo-wordpress\/ -->\n<title>Timoth\u00e9e Chalamet critic\u00f3 el ballet y varias artistas apuntaron contra \u00e9l - Fm Gente<\/title>\n<meta name=\"robots\" content=\"index, follow, max-snippet:-1, max-image-preview:large, max-video-preview:-1\" \/>\n<link rel=\"canonical\" href=\"https:\/\/fmgente.com.ar\/web\/timothee-chalamet-critico-el-ballet-y-varias-artistas-apuntaron-contra-el\/\" \/>\n<meta property=\"og:locale\" content=\"es_ES\" \/>\n<meta property=\"og:type\" content=\"article\" \/>\n<meta property=\"og:title\" content=\"Timoth\u00e9e Chalamet critic\u00f3 el ballet y varias artistas apuntaron contra \u00e9l - Fm Gente\" \/>\n<meta property=\"og:description\" content=\"Buenos Aires, 9 marzo (NA) \u2013 Las recientes declaraciones de Timoth\u00e9e Chalamet sobre el ballet\" \/>\n<meta property=\"og:url\" content=\"https:\/\/fmgente.com.ar\/web\/timothee-chalamet-critico-el-ballet-y-varias-artistas-apuntaron-contra-el\/\" \/>\n<meta property=\"og:site_name\" content=\"Fm Gente\" \/>\n<meta property=\"article:published_time\" content=\"2026-03-09T17:06:59+00:00\" \/>\n<meta name=\"twitter:card\" content=\"summary_large_image\" \/>\n<meta name=\"twitter:label1\" content=\"Tiempo de lectura\" \/>\n\t<meta name=\"twitter:data1\" content=\"2 minutos\" \/>\n<script type=\"application\/ld+json\" class=\"yoast-schema-graph\">{\"@context\":\"https:\\\/\\\/schema.org\",\"@graph\":[{\"@type\":\"Article\",\"@id\":\"https:\\\/\\\/fmgente.com.ar\\\/web\\\/timothee-chalamet-critico-el-ballet-y-varias-artistas-apuntaron-contra-el\\\/#article\",\"isPartOf\":{\"@id\":\"https:\\\/\\\/fmgente.com.ar\\\/web\\\/timothee-chalamet-critico-el-ballet-y-varias-artistas-apuntaron-contra-el\\\/\"},\"author\":{\"name\":\"\",\"@id\":\"\"},\"headline\":\"Timoth\u00e9e Chalamet critic\u00f3 el ballet y varias artistas apuntaron contra \u00e9l\",\"datePublished\":\"2026-03-09T17:06:59+00:00\",\"mainEntityOfPage\":{\"@id\":\"https:\\\/\\\/fmgente.com.ar\\\/web\\\/timothee-chalamet-critico-el-ballet-y-varias-artistas-apuntaron-contra-el\\\/\"},\"wordCount\":497,\"publisher\":{\"@id\":\"https:\\\/\\\/fmgente.com.ar\\\/web\\\/#organization\"},\"image\":{\"@id\":\"https:\\\/\\\/fmgente.com.ar\\\/web\\\/timothee-chalamet-critico-el-ballet-y-varias-artistas-apuntaron-contra-el\\\/#primaryimage\"},\"thumbnailUrl\":\"https:\\\/\\\/fmgente.com.ar\\\/web\\\/wp-content\\\/uploads\\\/2026\\\/03\\\/720-450.jpeg\",\"articleSection\":[\"DESTACADAS\"],\"inLanguage\":\"es\"},{\"@type\":\"WebPage\",\"@id\":\"https:\\\/\\\/fmgente.com.ar\\\/web\\\/timothee-chalamet-critico-el-ballet-y-varias-artistas-apuntaron-contra-el\\\/\",\"url\":\"https:\\\/\\\/fmgente.com.ar\\\/web\\\/timothee-chalamet-critico-el-ballet-y-varias-artistas-apuntaron-contra-el\\\/\",\"name\":\"Timoth\u00e9e Chalamet critic\u00f3 el ballet y varias artistas apuntaron contra \u00e9l - Fm Gente\",\"isPartOf\":{\"@id\":\"https:\\\/\\\/fmgente.com.ar\\\/web\\\/#website\"},\"primaryImageOfPage\":{\"@id\":\"https:\\\/\\\/fmgente.com.ar\\\/web\\\/timothee-chalamet-critico-el-ballet-y-varias-artistas-apuntaron-contra-el\\\/#primaryimage\"},\"image\":{\"@id\":\"https:\\\/\\\/fmgente.com.ar\\\/web\\\/timothee-chalamet-critico-el-ballet-y-varias-artistas-apuntaron-contra-el\\\/#primaryimage\"},\"thumbnailUrl\":\"https:\\\/\\\/fmgente.com.ar\\\/web\\\/wp-content\\\/uploads\\\/2026\\\/03\\\/720-450.jpeg\",\"datePublished\":\"2026-03-09T17:06:59+00:00\",\"inLanguage\":\"es\",\"potentialAction\":[{\"@type\":\"ReadAction\",\"target\":[\"https:\\\/\\\/fmgente.com.ar\\\/web\\\/timothee-chalamet-critico-el-ballet-y-varias-artistas-apuntaron-contra-el\\\/\"]}]},{\"@type\":\"ImageObject\",\"inLanguage\":\"es\",\"@id\":\"https:\\\/\\\/fmgente.com.ar\\\/web\\\/timothee-chalamet-critico-el-ballet-y-varias-artistas-apuntaron-contra-el\\\/#primaryimage\",\"url\":\"https:\\\/\\\/fmgente.com.ar\\\/web\\\/wp-content\\\/uploads\\\/2026\\\/03\\\/720-450.jpeg\",\"contentUrl\":\"https:\\\/\\\/fmgente.com.ar\\\/web\\\/wp-content\\\/uploads\\\/2026\\\/03\\\/720-450.jpeg\",\"width\":1197,\"height\":720},{\"@type\":\"WebSite\",\"@id\":\"https:\\\/\\\/fmgente.com.ar\\\/web\\\/#website\",\"url\":\"https:\\\/\\\/fmgente.com.ar\\\/web\\\/\",\"name\":\"Fm Gente\",\"description\":\"- Jes\u00fas Mar\u00eda\",\"publisher\":{\"@id\":\"https:\\\/\\\/fmgente.com.ar\\\/web\\\/#organization\"},\"potentialAction\":[{\"@type\":\"SearchAction\",\"target\":{\"@type\":\"EntryPoint\",\"urlTemplate\":\"https:\\\/\\\/fmgente.com.ar\\\/web\\\/?s={search_term_string}\"},\"query-input\":{\"@type\":\"PropertyValueSpecification\",\"valueRequired\":true,\"valueName\":\"search_term_string\"}}],\"inLanguage\":\"es\"},{\"@type\":\"Organization\",\"@id\":\"https:\\\/\\\/fmgente.com.ar\\\/web\\\/#organization\",\"name\":\"Fm Gente\",\"url\":\"https:\\\/\\\/fmgente.com.ar\\\/web\\\/\",\"logo\":{\"@type\":\"ImageObject\",\"inLanguage\":\"es\",\"@id\":\"https:\\\/\\\/fmgente.com.ar\\\/web\\\/#\\\/schema\\\/logo\\\/image\\\/\",\"url\":\"https:\\\/\\\/fmgente.com.ar\\\/web\\\/wp-content\\\/uploads\\\/2023\\\/07\\\/cropped-cropped-logo-sombra2.png\",\"contentUrl\":\"https:\\\/\\\/fmgente.com.ar\\\/web\\\/wp-content\\\/uploads\\\/2023\\\/07\\\/cropped-cropped-logo-sombra2.png\",\"width\":1782,\"height\":1782,\"caption\":\"Fm Gente\"},\"image\":{\"@id\":\"https:\\\/\\\/fmgente.com.ar\\\/web\\\/#\\\/schema\\\/logo\\\/image\\\/\"}}]}<\/script>\n<!-- \/ Yoast SEO plugin. -->","yoast_head_json":{"title":"Timoth\u00e9e Chalamet critic\u00f3 el ballet y varias artistas apuntaron contra \u00e9l - Fm Gente","robots":{"index":"index","follow":"follow","max-snippet":"max-snippet:-1","max-image-preview":"max-image-preview:large","max-video-preview":"max-video-preview:-1"},"canonical":"https:\/\/fmgente.com.ar\/web\/timothee-chalamet-critico-el-ballet-y-varias-artistas-apuntaron-contra-el\/","og_locale":"es_ES","og_type":"article","og_title":"Timoth\u00e9e Chalamet critic\u00f3 el ballet y varias artistas apuntaron contra \u00e9l - Fm Gente","og_description":"Buenos Aires, 9 marzo (NA) \u2013 Las recientes declaraciones de Timoth\u00e9e Chalamet sobre el ballet","og_url":"https:\/\/fmgente.com.ar\/web\/timothee-chalamet-critico-el-ballet-y-varias-artistas-apuntaron-contra-el\/","og_site_name":"Fm Gente","article_published_time":"2026-03-09T17:06:59+00:00","twitter_card":"summary_large_image","twitter_misc":{"Tiempo de lectura":"2 minutos"},"schema":{"@context":"https:\/\/schema.org","@graph":[{"@type":"Article","@id":"https:\/\/fmgente.com.ar\/web\/timothee-chalamet-critico-el-ballet-y-varias-artistas-apuntaron-contra-el\/#article","isPartOf":{"@id":"https:\/\/fmgente.com.ar\/web\/timothee-chalamet-critico-el-ballet-y-varias-artistas-apuntaron-contra-el\/"},"author":{"name":"","@id":""},"headline":"Timoth\u00e9e Chalamet critic\u00f3 el ballet y varias artistas apuntaron contra \u00e9l","datePublished":"2026-03-09T17:06:59+00:00","mainEntityOfPage":{"@id":"https:\/\/fmgente.com.ar\/web\/timothee-chalamet-critico-el-ballet-y-varias-artistas-apuntaron-contra-el\/"},"wordCount":497,"publisher":{"@id":"https:\/\/fmgente.com.ar\/web\/#organization"},"image":{"@id":"https:\/\/fmgente.com.ar\/web\/timothee-chalamet-critico-el-ballet-y-varias-artistas-apuntaron-contra-el\/#primaryimage"},"thumbnailUrl":"https:\/\/fmgente.com.ar\/web\/wp-content\/uploads\/2026\/03\/720-450.jpeg","articleSection":["DESTACADAS"],"inLanguage":"es"},{"@type":"WebPage","@id":"https:\/\/fmgente.com.ar\/web\/timothee-chalamet-critico-el-ballet-y-varias-artistas-apuntaron-contra-el\/","url":"https:\/\/fmgente.com.ar\/web\/timothee-chalamet-critico-el-ballet-y-varias-artistas-apuntaron-contra-el\/","name":"Timoth\u00e9e Chalamet critic\u00f3 el ballet y varias artistas apuntaron contra \u00e9l - Fm Gente","isPartOf":{"@id":"https:\/\/fmgente.com.ar\/web\/#website"},"primaryImageOfPage":{"@id":"https:\/\/fmgente.com.ar\/web\/timothee-chalamet-critico-el-ballet-y-varias-artistas-apuntaron-contra-el\/#primaryimage"},"image":{"@id":"https:\/\/fmgente.com.ar\/web\/timothee-chalamet-critico-el-ballet-y-varias-artistas-apuntaron-contra-el\/#primaryimage"},"thumbnailUrl":"https:\/\/fmgente.com.ar\/web\/wp-content\/uploads\/2026\/03\/720-450.jpeg","datePublished":"2026-03-09T17:06:59+00:00","inLanguage":"es","potentialAction":[{"@type":"ReadAction","target":["https:\/\/fmgente.com.ar\/web\/timothee-chalamet-critico-el-ballet-y-varias-artistas-apuntaron-contra-el\/"]}]},{"@type":"ImageObject","inLanguage":"es","@id":"https:\/\/fmgente.com.ar\/web\/timothee-chalamet-critico-el-ballet-y-varias-artistas-apuntaron-contra-el\/#primaryimage","url":"https:\/\/fmgente.com.ar\/web\/wp-content\/uploads\/2026\/03\/720-450.jpeg","contentUrl":"https:\/\/fmgente.com.ar\/web\/wp-content\/uploads\/2026\/03\/720-450.jpeg","width":1197,"height":720},{"@type":"WebSite","@id":"https:\/\/fmgente.com.ar\/web\/#website","url":"https:\/\/fmgente.com.ar\/web\/","name":"Fm Gente","description":"- Jes\u00fas Mar\u00eda","publisher":{"@id":"https:\/\/fmgente.com.ar\/web\/#organization"},"potentialAction":[{"@type":"SearchAction","target":{"@type":"EntryPoint","urlTemplate":"https:\/\/fmgente.com.ar\/web\/?s={search_term_string}"},"query-input":{"@type":"PropertyValueSpecification","valueRequired":true,"valueName":"search_term_string"}}],"inLanguage":"es"},{"@type":"Organization","@id":"https:\/\/fmgente.com.ar\/web\/#organization","name":"Fm Gente","url":"https:\/\/fmgente.com.ar\/web\/","logo":{"@type":"ImageObject","inLanguage":"es","@id":"https:\/\/fmgente.com.ar\/web\/#\/schema\/logo\/image\/","url":"https:\/\/fmgente.com.ar\/web\/wp-content\/uploads\/2023\/07\/cropped-cropped-logo-sombra2.png","contentUrl":"https:\/\/fmgente.com.ar\/web\/wp-content\/uploads\/2023\/07\/cropped-cropped-logo-sombra2.png","width":1782,"height":1782,"caption":"Fm Gente"},"image":{"@id":"https:\/\/fmgente.com.ar\/web\/#\/schema\/logo\/image\/"}}]}},"_links":{"self":[{"href":"https:\/\/fmgente.com.ar\/web\/wp-json\/wp\/v2\/posts\/14776","targetHints":{"allow":["GET"]}}],"collection":[{"href":"https:\/\/fmgente.com.ar\/web\/wp-json\/wp\/v2\/posts"}],"about":[{"href":"https:\/\/fmgente.com.ar\/web\/wp-json\/wp\/v2\/types\/post"}],"replies":[{"embeddable":true,"href":"https:\/\/fmgente.com.ar\/web\/wp-json\/wp\/v2\/comments?post=14776"}],"version-history":[{"count":0,"href":"https:\/\/fmgente.com.ar\/web\/wp-json\/wp\/v2\/posts\/14776\/revisions"}],"wp:featuredmedia":[{"embeddable":true,"href":"https:\/\/fmgente.com.ar\/web\/wp-json\/wp\/v2\/media\/14777"}],"wp:attachment":[{"href":"https:\/\/fmgente.com.ar\/web\/wp-json\/wp\/v2\/media?parent=14776"}],"wp:term":[{"taxonomy":"category","embeddable":true,"href":"https:\/\/fmgente.com.ar\/web\/wp-json\/wp\/v2\/categories?post=14776"},{"taxonomy":"post_tag","embeddable":true,"href":"https:\/\/fmgente.com.ar\/web\/wp-json\/wp\/v2\/tags?post=14776"}],"curies":[{"name":"wp","href":"https:\/\/api.w.org\/{rel}","templated":true}]}}