{"id":14772,"date":"2026-03-09T14:06:56","date_gmt":"2026-03-09T17:06:56","guid":{"rendered":"https:\/\/fmgente.com.ar\/web\/condenaron-al-ex-funcionario-del-pro-por-atropellar-y-matar-a-cuatro-jovenes-en-entre-rios\/"},"modified":"2026-03-09T14:06:56","modified_gmt":"2026-03-09T17:06:56","slug":"condenaron-al-ex-funcionario-del-pro-por-atropellar-y-matar-a-cuatro-jovenes-en-entre-rios","status":"publish","type":"post","link":"https:\/\/fmgente.com.ar\/web\/condenaron-al-ex-funcionario-del-pro-por-atropellar-y-matar-a-cuatro-jovenes-en-entre-rios\/","title":{"rendered":"Condenaron al ex funcionario del PRO por atropellar y matar a cuatro j\u00f3venes en Entre R\u00edos"},"content":{"rendered":"<p>Buenos Aires, 9 marzo (NA) \u2013 El ex funcionario del PRO Juan Cruz Orrico fue condenado este lunes a la pena de cinco a\u00f1os y ocho meses de prisi\u00f3n por atropellar y matar a cuatro j\u00f3venes en la ciudad entrerriana de Concepci\u00f3n del Uruguay.<\/p>\n<p>Lorena Dubini, madre de Lucas y Brian Izaguirre, dialog\u00f3 con la Agencia Noticias Argentinas y confirm\u00f3 que el Tribunal de Juicio y Apelaciones de Gualeguay declar\u00f3 culpable al ex titular por el delito de homicidio culposo agravado por la alcoholemia y la pluralidad de v\u00edctimas.<\/p>\n<p>\u201cEl 17 de marzo quedar\u00e1 firme la sentencia\u201d, indic\u00f3 la mujer tras conocer el veredicto, a casi dos a\u00f1os del hecho.<\/p>\n<p>Adem\u00e1s, el juez Dar\u00edo Crespo dictamin\u00f3 la inhabilitaci\u00f3n especial para conducir por el plazo de nueve a\u00f1os, al tiempo que asegur\u00f3 que se acredit\u00f3 la \u201cgrav\u00edsima imprudencia\u201d cometida por Orrico, quien pidi\u00f3 perd\u00f3n a las familias.<\/p>\n<p>El 20 de junio de 2024, Orrico manej\u00f3 su Volkswagen Passat con 1,59 g\/l de alcohol en sangre cuando impact\u00f3 contra el Chevrolet Corsa en el que viajaban los hermanos Izaguirre, Leonardo Almada y Axel Rossi, a la altura del kil\u00f3metro 223 de la ruta 39, provincia de Entre R\u00edos.<\/p>\n<p>El implicado hab\u00eda ofrecido, a trav\u00e9s de sus abogados, una reparaci\u00f3n econ\u00f3mica de 150 millones de pesos a las querellas para atender el \u201cda\u00f1o moral\u201d causado tras el siniestro fatal.<\/p>\n<p>Los damnificados, todos padres, se dirig\u00edan hacia su trabajo en el frigor\u00edfico Fadel, de Pronunciamiento, cuando fueron embestidos por el ex titular del Instituto Portuario de Entre R\u00edos.<\/p>\n<p>#AgenciaNA<\/p>\n","protected":false},"excerpt":{"rendered":"<p>Buenos Aires, 9 marzo (NA) \u2013 El ex funcionario del PRO Juan Cruz Orrico fue<\/p>\n","protected":false},"author":0,"featured_media":14773,"comment_status":"","ping_status":"","sticky":false,"template":"","format":"standard","meta":{"footnotes":""},"categories":[11],"tags":[],"class_list":["post-14772","post","type-post","status-publish","format-standard","has-post-thumbnail","hentry","category-destacadas"],"yoast_head":"<!-- This site is optimized with the Yoast SEO plugin v27.4 - https:\/\/yoast.com\/product\/yoast-seo-wordpress\/ -->\n<title>Condenaron al ex funcionario del PRO por atropellar y matar a cuatro j\u00f3venes en Entre R\u00edos - Fm Gente<\/title>\n<meta name=\"robots\" content=\"index, follow, max-snippet:-1, max-image-preview:large, max-video-preview:-1\" \/>\n<link rel=\"canonical\" href=\"https:\/\/fmgente.com.ar\/web\/condenaron-al-ex-funcionario-del-pro-por-atropellar-y-matar-a-cuatro-jovenes-en-entre-rios\/\" \/>\n<meta property=\"og:locale\" content=\"es_ES\" \/>\n<meta property=\"og:type\" content=\"article\" \/>\n<meta property=\"og:title\" content=\"Condenaron al ex funcionario del PRO por atropellar y matar a cuatro j\u00f3venes en Entre R\u00edos - Fm Gente\" \/>\n<meta property=\"og:description\" content=\"Buenos Aires, 9 marzo (NA) \u2013 El ex funcionario del PRO Juan Cruz Orrico fue\" \/>\n<meta property=\"og:url\" content=\"https:\/\/fmgente.com.ar\/web\/condenaron-al-ex-funcionario-del-pro-por-atropellar-y-matar-a-cuatro-jovenes-en-entre-rios\/\" \/>\n<meta property=\"og:site_name\" content=\"Fm Gente\" \/>\n<meta property=\"article:published_time\" content=\"2026-03-09T17:06:56+00:00\" \/>\n<meta name=\"twitter:card\" content=\"summary_large_image\" \/>\n<meta name=\"twitter:label1\" content=\"Tiempo de lectura\" \/>\n\t<meta name=\"twitter:data1\" content=\"1 minuto\" \/>\n<script type=\"application\/ld+json\" class=\"yoast-schema-graph\">{\"@context\":\"https:\\\/\\\/schema.org\",\"@graph\":[{\"@type\":\"Article\",\"@id\":\"https:\\\/\\\/fmgente.com.ar\\\/web\\\/condenaron-al-ex-funcionario-del-pro-por-atropellar-y-matar-a-cuatro-jovenes-en-entre-rios\\\/#article\",\"isPartOf\":{\"@id\":\"https:\\\/\\\/fmgente.com.ar\\\/web\\\/condenaron-al-ex-funcionario-del-pro-por-atropellar-y-matar-a-cuatro-jovenes-en-entre-rios\\\/\"},\"author\":{\"name\":\"\",\"@id\":\"\"},\"headline\":\"Condenaron al ex funcionario del PRO por atropellar y matar a cuatro j\u00f3venes en Entre R\u00edos\",\"datePublished\":\"2026-03-09T17:06:56+00:00\",\"mainEntityOfPage\":{\"@id\":\"https:\\\/\\\/fmgente.com.ar\\\/web\\\/condenaron-al-ex-funcionario-del-pro-por-atropellar-y-matar-a-cuatro-jovenes-en-entre-rios\\\/\"},\"wordCount\":287,\"publisher\":{\"@id\":\"https:\\\/\\\/fmgente.com.ar\\\/web\\\/#organization\"},\"image\":{\"@id\":\"https:\\\/\\\/fmgente.com.ar\\\/web\\\/condenaron-al-ex-funcionario-del-pro-por-atropellar-y-matar-a-cuatro-jovenes-en-entre-rios\\\/#primaryimage\"},\"thumbnailUrl\":\"https:\\\/\\\/fmgente.com.ar\\\/web\\\/wp-content\\\/uploads\\\/2026\\\/03\\\/720-448.jpeg\",\"articleSection\":[\"DESTACADAS\"],\"inLanguage\":\"es\"},{\"@type\":\"WebPage\",\"@id\":\"https:\\\/\\\/fmgente.com.ar\\\/web\\\/condenaron-al-ex-funcionario-del-pro-por-atropellar-y-matar-a-cuatro-jovenes-en-entre-rios\\\/\",\"url\":\"https:\\\/\\\/fmgente.com.ar\\\/web\\\/condenaron-al-ex-funcionario-del-pro-por-atropellar-y-matar-a-cuatro-jovenes-en-entre-rios\\\/\",\"name\":\"Condenaron al ex funcionario del PRO por atropellar y matar a cuatro j\u00f3venes en Entre R\u00edos - Fm Gente\",\"isPartOf\":{\"@id\":\"https:\\\/\\\/fmgente.com.ar\\\/web\\\/#website\"},\"primaryImageOfPage\":{\"@id\":\"https:\\\/\\\/fmgente.com.ar\\\/web\\\/condenaron-al-ex-funcionario-del-pro-por-atropellar-y-matar-a-cuatro-jovenes-en-entre-rios\\\/#primaryimage\"},\"image\":{\"@id\":\"https:\\\/\\\/fmgente.com.ar\\\/web\\\/condenaron-al-ex-funcionario-del-pro-por-atropellar-y-matar-a-cuatro-jovenes-en-entre-rios\\\/#primaryimage\"},\"thumbnailUrl\":\"https:\\\/\\\/fmgente.com.ar\\\/web\\\/wp-content\\\/uploads\\\/2026\\\/03\\\/720-448.jpeg\",\"datePublished\":\"2026-03-09T17:06:56+00:00\",\"inLanguage\":\"es\",\"potentialAction\":[{\"@type\":\"ReadAction\",\"target\":[\"https:\\\/\\\/fmgente.com.ar\\\/web\\\/condenaron-al-ex-funcionario-del-pro-por-atropellar-y-matar-a-cuatro-jovenes-en-entre-rios\\\/\"]}]},{\"@type\":\"ImageObject\",\"inLanguage\":\"es\",\"@id\":\"https:\\\/\\\/fmgente.com.ar\\\/web\\\/condenaron-al-ex-funcionario-del-pro-por-atropellar-y-matar-a-cuatro-jovenes-en-entre-rios\\\/#primaryimage\",\"url\":\"https:\\\/\\\/fmgente.com.ar\\\/web\\\/wp-content\\\/uploads\\\/2026\\\/03\\\/720-448.jpeg\",\"contentUrl\":\"https:\\\/\\\/fmgente.com.ar\\\/web\\\/wp-content\\\/uploads\\\/2026\\\/03\\\/720-448.jpeg\",\"width\":1280,\"height\":720},{\"@type\":\"WebSite\",\"@id\":\"https:\\\/\\\/fmgente.com.ar\\\/web\\\/#website\",\"url\":\"https:\\\/\\\/fmgente.com.ar\\\/web\\\/\",\"name\":\"Fm Gente\",\"description\":\"- Jes\u00fas Mar\u00eda\",\"publisher\":{\"@id\":\"https:\\\/\\\/fmgente.com.ar\\\/web\\\/#organization\"},\"potentialAction\":[{\"@type\":\"SearchAction\",\"target\":{\"@type\":\"EntryPoint\",\"urlTemplate\":\"https:\\\/\\\/fmgente.com.ar\\\/web\\\/?s={search_term_string}\"},\"query-input\":{\"@type\":\"PropertyValueSpecification\",\"valueRequired\":true,\"valueName\":\"search_term_string\"}}],\"inLanguage\":\"es\"},{\"@type\":\"Organization\",\"@id\":\"https:\\\/\\\/fmgente.com.ar\\\/web\\\/#organization\",\"name\":\"Fm Gente\",\"url\":\"https:\\\/\\\/fmgente.com.ar\\\/web\\\/\",\"logo\":{\"@type\":\"ImageObject\",\"inLanguage\":\"es\",\"@id\":\"https:\\\/\\\/fmgente.com.ar\\\/web\\\/#\\\/schema\\\/logo\\\/image\\\/\",\"url\":\"https:\\\/\\\/fmgente.com.ar\\\/web\\\/wp-content\\\/uploads\\\/2023\\\/07\\\/cropped-cropped-logo-sombra2.png\",\"contentUrl\":\"https:\\\/\\\/fmgente.com.ar\\\/web\\\/wp-content\\\/uploads\\\/2023\\\/07\\\/cropped-cropped-logo-sombra2.png\",\"width\":1782,\"height\":1782,\"caption\":\"Fm Gente\"},\"image\":{\"@id\":\"https:\\\/\\\/fmgente.com.ar\\\/web\\\/#\\\/schema\\\/logo\\\/image\\\/\"}}]}<\/script>\n<!-- \/ Yoast SEO plugin. -->","yoast_head_json":{"title":"Condenaron al ex funcionario del PRO por atropellar y matar a cuatro j\u00f3venes en Entre R\u00edos - Fm Gente","robots":{"index":"index","follow":"follow","max-snippet":"max-snippet:-1","max-image-preview":"max-image-preview:large","max-video-preview":"max-video-preview:-1"},"canonical":"https:\/\/fmgente.com.ar\/web\/condenaron-al-ex-funcionario-del-pro-por-atropellar-y-matar-a-cuatro-jovenes-en-entre-rios\/","og_locale":"es_ES","og_type":"article","og_title":"Condenaron al ex funcionario del PRO por atropellar y matar a cuatro j\u00f3venes en Entre R\u00edos - Fm Gente","og_description":"Buenos Aires, 9 marzo (NA) \u2013 El ex funcionario del PRO Juan Cruz Orrico fue","og_url":"https:\/\/fmgente.com.ar\/web\/condenaron-al-ex-funcionario-del-pro-por-atropellar-y-matar-a-cuatro-jovenes-en-entre-rios\/","og_site_name":"Fm Gente","article_published_time":"2026-03-09T17:06:56+00:00","twitter_card":"summary_large_image","twitter_misc":{"Tiempo de lectura":"1 minuto"},"schema":{"@context":"https:\/\/schema.org","@graph":[{"@type":"Article","@id":"https:\/\/fmgente.com.ar\/web\/condenaron-al-ex-funcionario-del-pro-por-atropellar-y-matar-a-cuatro-jovenes-en-entre-rios\/#article","isPartOf":{"@id":"https:\/\/fmgente.com.ar\/web\/condenaron-al-ex-funcionario-del-pro-por-atropellar-y-matar-a-cuatro-jovenes-en-entre-rios\/"},"author":{"name":"","@id":""},"headline":"Condenaron al ex funcionario del PRO por atropellar y matar a cuatro j\u00f3venes en Entre R\u00edos","datePublished":"2026-03-09T17:06:56+00:00","mainEntityOfPage":{"@id":"https:\/\/fmgente.com.ar\/web\/condenaron-al-ex-funcionario-del-pro-por-atropellar-y-matar-a-cuatro-jovenes-en-entre-rios\/"},"wordCount":287,"publisher":{"@id":"https:\/\/fmgente.com.ar\/web\/#organization"},"image":{"@id":"https:\/\/fmgente.com.ar\/web\/condenaron-al-ex-funcionario-del-pro-por-atropellar-y-matar-a-cuatro-jovenes-en-entre-rios\/#primaryimage"},"thumbnailUrl":"https:\/\/fmgente.com.ar\/web\/wp-content\/uploads\/2026\/03\/720-448.jpeg","articleSection":["DESTACADAS"],"inLanguage":"es"},{"@type":"WebPage","@id":"https:\/\/fmgente.com.ar\/web\/condenaron-al-ex-funcionario-del-pro-por-atropellar-y-matar-a-cuatro-jovenes-en-entre-rios\/","url":"https:\/\/fmgente.com.ar\/web\/condenaron-al-ex-funcionario-del-pro-por-atropellar-y-matar-a-cuatro-jovenes-en-entre-rios\/","name":"Condenaron al ex funcionario del PRO por atropellar y matar a cuatro j\u00f3venes en Entre R\u00edos - Fm Gente","isPartOf":{"@id":"https:\/\/fmgente.com.ar\/web\/#website"},"primaryImageOfPage":{"@id":"https:\/\/fmgente.com.ar\/web\/condenaron-al-ex-funcionario-del-pro-por-atropellar-y-matar-a-cuatro-jovenes-en-entre-rios\/#primaryimage"},"image":{"@id":"https:\/\/fmgente.com.ar\/web\/condenaron-al-ex-funcionario-del-pro-por-atropellar-y-matar-a-cuatro-jovenes-en-entre-rios\/#primaryimage"},"thumbnailUrl":"https:\/\/fmgente.com.ar\/web\/wp-content\/uploads\/2026\/03\/720-448.jpeg","datePublished":"2026-03-09T17:06:56+00:00","inLanguage":"es","potentialAction":[{"@type":"ReadAction","target":["https:\/\/fmgente.com.ar\/web\/condenaron-al-ex-funcionario-del-pro-por-atropellar-y-matar-a-cuatro-jovenes-en-entre-rios\/"]}]},{"@type":"ImageObject","inLanguage":"es","@id":"https:\/\/fmgente.com.ar\/web\/condenaron-al-ex-funcionario-del-pro-por-atropellar-y-matar-a-cuatro-jovenes-en-entre-rios\/#primaryimage","url":"https:\/\/fmgente.com.ar\/web\/wp-content\/uploads\/2026\/03\/720-448.jpeg","contentUrl":"https:\/\/fmgente.com.ar\/web\/wp-content\/uploads\/2026\/03\/720-448.jpeg","width":1280,"height":720},{"@type":"WebSite","@id":"https:\/\/fmgente.com.ar\/web\/#website","url":"https:\/\/fmgente.com.ar\/web\/","name":"Fm Gente","description":"- Jes\u00fas Mar\u00eda","publisher":{"@id":"https:\/\/fmgente.com.ar\/web\/#organization"},"potentialAction":[{"@type":"SearchAction","target":{"@type":"EntryPoint","urlTemplate":"https:\/\/fmgente.com.ar\/web\/?s={search_term_string}"},"query-input":{"@type":"PropertyValueSpecification","valueRequired":true,"valueName":"search_term_string"}}],"inLanguage":"es"},{"@type":"Organization","@id":"https:\/\/fmgente.com.ar\/web\/#organization","name":"Fm Gente","url":"https:\/\/fmgente.com.ar\/web\/","logo":{"@type":"ImageObject","inLanguage":"es","@id":"https:\/\/fmgente.com.ar\/web\/#\/schema\/logo\/image\/","url":"https:\/\/fmgente.com.ar\/web\/wp-content\/uploads\/2023\/07\/cropped-cropped-logo-sombra2.png","contentUrl":"https:\/\/fmgente.com.ar\/web\/wp-content\/uploads\/2023\/07\/cropped-cropped-logo-sombra2.png","width":1782,"height":1782,"caption":"Fm Gente"},"image":{"@id":"https:\/\/fmgente.com.ar\/web\/#\/schema\/logo\/image\/"}}]}},"_links":{"self":[{"href":"https:\/\/fmgente.com.ar\/web\/wp-json\/wp\/v2\/posts\/14772","targetHints":{"allow":["GET"]}}],"collection":[{"href":"https:\/\/fmgente.com.ar\/web\/wp-json\/wp\/v2\/posts"}],"about":[{"href":"https:\/\/fmgente.com.ar\/web\/wp-json\/wp\/v2\/types\/post"}],"replies":[{"embeddable":true,"href":"https:\/\/fmgente.com.ar\/web\/wp-json\/wp\/v2\/comments?post=14772"}],"version-history":[{"count":0,"href":"https:\/\/fmgente.com.ar\/web\/wp-json\/wp\/v2\/posts\/14772\/revisions"}],"wp:featuredmedia":[{"embeddable":true,"href":"https:\/\/fmgente.com.ar\/web\/wp-json\/wp\/v2\/media\/14773"}],"wp:attachment":[{"href":"https:\/\/fmgente.com.ar\/web\/wp-json\/wp\/v2\/media?parent=14772"}],"wp:term":[{"taxonomy":"category","embeddable":true,"href":"https:\/\/fmgente.com.ar\/web\/wp-json\/wp\/v2\/categories?post=14772"},{"taxonomy":"post_tag","embeddable":true,"href":"https:\/\/fmgente.com.ar\/web\/wp-json\/wp\/v2\/tags?post=14772"}],"curies":[{"name":"wp","href":"https:\/\/api.w.org\/{rel}","templated":true}]}}