{"id":14770,"date":"2026-03-09T13:06:38","date_gmt":"2026-03-09T16:06:38","guid":{"rendered":"https:\/\/fmgente.com.ar\/web\/tramos-anegados-en-la-ruta-nacional-16-advierten-sobre-sectores-con-agua-en-la-calzada\/"},"modified":"2026-03-09T13:06:38","modified_gmt":"2026-03-09T16:06:38","slug":"tramos-anegados-en-la-ruta-nacional-16-advierten-sobre-sectores-con-agua-en-la-calzada","status":"publish","type":"post","link":"https:\/\/fmgente.com.ar\/web\/tramos-anegados-en-la-ruta-nacional-16-advierten-sobre-sectores-con-agua-en-la-calzada\/","title":{"rendered":"Tramos anegados en la ruta nacional 16: advierten sobre sectores con agua en la calzada"},"content":{"rendered":"<p>Conductores que circulan por la <strong>Ruta Nacional 16<\/strong> alertaron sobre la presencia de agua sobre la calzada en distintos puntos del tramo que conecta <strong>El Galp\u00f3n, El Tunal y Joaqu\u00edn V. Gonz\u00e1lez<\/strong>, por lo que recomiendan transitar con extrema precauci\u00f3n.<\/p>\n<p>Durante la ma\u00f1ana se reportaron <strong>al menos cuatro sectores anegados entre El Galp\u00f3n y El Tunal<\/strong>, donde el agua cruza la cinta asf\u00e1ltica y forma espejos que pueden resultar dif\u00edciles de detectar, especialmente para quienes no conocen el camino.<\/p>\n<p>A este panorama se suma la <strong>actividad de tormentas entre El Tunal y Joaqu\u00edn V. Gonz\u00e1lez<\/strong>, lo que podr\u00eda empeorar las condiciones de circulaci\u00f3n en las pr\u00f3ximas horas debido al incremento del agua en la ruta y en las banquinas.<\/p>\n<p><img decoding=\"async\" src=\"https:\/\/uscdn.eltribuno.com\/032026\/1773071433236\/ruta16.jpg\" \/><\/p>\n<p>Ante esta situaci\u00f3n, los conductores aconsejan <strong>reducir la velocidad, mantener distancia entre veh\u00edculos y evitar maniobras bruscas<\/strong>, sobre todo durante la noche o cuando la visibilidad es baja.<\/p>\n<p>Al respecto, el profesor Jorge El\u00edas, de <a href=\"https:\/\/www.facebook.com\/profile.php?id=100071995188651\">Palqui el lado salvaje de Salta<\/a> informa en detalle:  \u00abSe recomienda extremar la precauci\u00f3n al transitar por la RN 16 entre El Galp\u00f3n y El Tunal. (Km. 657 al 651 aprox.) Las intensas precipitaciones de las \u00faltimas horas dejaron sectores complicados, con agua, barro y condiciones muy peligrosas para circular. Conductores que pasaron por la zona hablan de una situaci\u00f3n ca\u00f3tica, por lo que se pide reducir la velocidad y evitar viajar si no es estrictamente necesario. Otro lugar cr\u00edtico es el ingreso a Coronel Olleros, el agua tambi\u00e9n cruza la cinta asf\u00e1ltica\u00bb, inform\u00f3.<\/p>\n","protected":false},"excerpt":{"rendered":"<p>Conductores que circulan por la Ruta Nacional 16 alertaron sobre la presencia de agua sobre<\/p>\n","protected":false},"author":0,"featured_media":14771,"comment_status":"","ping_status":"","sticky":false,"template":"","format":"standard","meta":{"footnotes":""},"categories":[11],"tags":[],"class_list":["post-14770","post","type-post","status-publish","format-standard","has-post-thumbnail","hentry","category-destacadas"],"yoast_head":"<!-- This site is optimized with the Yoast SEO plugin v27.4 - https:\/\/yoast.com\/product\/yoast-seo-wordpress\/ -->\n<title>Tramos anegados en la ruta nacional 16: advierten sobre sectores con agua en la calzada - Fm Gente<\/title>\n<meta name=\"robots\" content=\"index, follow, max-snippet:-1, max-image-preview:large, max-video-preview:-1\" \/>\n<link rel=\"canonical\" href=\"https:\/\/fmgente.com.ar\/web\/tramos-anegados-en-la-ruta-nacional-16-advierten-sobre-sectores-con-agua-en-la-calzada\/\" \/>\n<meta property=\"og:locale\" content=\"es_ES\" \/>\n<meta property=\"og:type\" content=\"article\" \/>\n<meta property=\"og:title\" content=\"Tramos anegados en la ruta nacional 16: advierten sobre sectores con agua en la calzada - Fm Gente\" \/>\n<meta property=\"og:description\" content=\"Conductores que circulan por la Ruta Nacional 16 alertaron sobre la presencia de agua sobre\" \/>\n<meta property=\"og:url\" content=\"https:\/\/fmgente.com.ar\/web\/tramos-anegados-en-la-ruta-nacional-16-advierten-sobre-sectores-con-agua-en-la-calzada\/\" \/>\n<meta property=\"og:site_name\" content=\"Fm Gente\" \/>\n<meta property=\"article:published_time\" content=\"2026-03-09T16:06:38+00:00\" \/>\n<meta property=\"og:image\" content=\"https:\/\/uscdn.eltribuno.com\/032026\/1773071433236\/ruta16.jpg\" \/>\n<meta name=\"twitter:card\" content=\"summary_large_image\" \/>\n<meta name=\"twitter:label1\" content=\"Tiempo de lectura\" \/>\n\t<meta name=\"twitter:data1\" content=\"1 minuto\" \/>\n<script type=\"application\/ld+json\" class=\"yoast-schema-graph\">{\"@context\":\"https:\\\/\\\/schema.org\",\"@graph\":[{\"@type\":\"Article\",\"@id\":\"https:\\\/\\\/fmgente.com.ar\\\/web\\\/tramos-anegados-en-la-ruta-nacional-16-advierten-sobre-sectores-con-agua-en-la-calzada\\\/#article\",\"isPartOf\":{\"@id\":\"https:\\\/\\\/fmgente.com.ar\\\/web\\\/tramos-anegados-en-la-ruta-nacional-16-advierten-sobre-sectores-con-agua-en-la-calzada\\\/\"},\"author\":{\"name\":\"\",\"@id\":\"\"},\"headline\":\"Tramos anegados en la ruta nacional 16: advierten sobre sectores con agua en la calzada\",\"datePublished\":\"2026-03-09T16:06:38+00:00\",\"mainEntityOfPage\":{\"@id\":\"https:\\\/\\\/fmgente.com.ar\\\/web\\\/tramos-anegados-en-la-ruta-nacional-16-advierten-sobre-sectores-con-agua-en-la-calzada\\\/\"},\"wordCount\":281,\"publisher\":{\"@id\":\"https:\\\/\\\/fmgente.com.ar\\\/web\\\/#organization\"},\"image\":{\"@id\":\"https:\\\/\\\/fmgente.com.ar\\\/web\\\/tramos-anegados-en-la-ruta-nacional-16-advierten-sobre-sectores-con-agua-en-la-calzada\\\/#primaryimage\"},\"thumbnailUrl\":\"https:\\\/\\\/fmgente.com.ar\\\/web\\\/wp-content\\\/uploads\\\/2026\\\/03\\\/ruta16.jpg\",\"articleSection\":[\"DESTACADAS\"],\"inLanguage\":\"es\"},{\"@type\":\"WebPage\",\"@id\":\"https:\\\/\\\/fmgente.com.ar\\\/web\\\/tramos-anegados-en-la-ruta-nacional-16-advierten-sobre-sectores-con-agua-en-la-calzada\\\/\",\"url\":\"https:\\\/\\\/fmgente.com.ar\\\/web\\\/tramos-anegados-en-la-ruta-nacional-16-advierten-sobre-sectores-con-agua-en-la-calzada\\\/\",\"name\":\"Tramos anegados en la ruta nacional 16: advierten sobre sectores con agua en la calzada - Fm Gente\",\"isPartOf\":{\"@id\":\"https:\\\/\\\/fmgente.com.ar\\\/web\\\/#website\"},\"primaryImageOfPage\":{\"@id\":\"https:\\\/\\\/fmgente.com.ar\\\/web\\\/tramos-anegados-en-la-ruta-nacional-16-advierten-sobre-sectores-con-agua-en-la-calzada\\\/#primaryimage\"},\"image\":{\"@id\":\"https:\\\/\\\/fmgente.com.ar\\\/web\\\/tramos-anegados-en-la-ruta-nacional-16-advierten-sobre-sectores-con-agua-en-la-calzada\\\/#primaryimage\"},\"thumbnailUrl\":\"https:\\\/\\\/fmgente.com.ar\\\/web\\\/wp-content\\\/uploads\\\/2026\\\/03\\\/ruta16.jpg\",\"datePublished\":\"2026-03-09T16:06:38+00:00\",\"inLanguage\":\"es\",\"potentialAction\":[{\"@type\":\"ReadAction\",\"target\":[\"https:\\\/\\\/fmgente.com.ar\\\/web\\\/tramos-anegados-en-la-ruta-nacional-16-advierten-sobre-sectores-con-agua-en-la-calzada\\\/\"]}]},{\"@type\":\"ImageObject\",\"inLanguage\":\"es\",\"@id\":\"https:\\\/\\\/fmgente.com.ar\\\/web\\\/tramos-anegados-en-la-ruta-nacional-16-advierten-sobre-sectores-con-agua-en-la-calzada\\\/#primaryimage\",\"url\":\"https:\\\/\\\/fmgente.com.ar\\\/web\\\/wp-content\\\/uploads\\\/2026\\\/03\\\/ruta16.jpg\",\"contentUrl\":\"https:\\\/\\\/fmgente.com.ar\\\/web\\\/wp-content\\\/uploads\\\/2026\\\/03\\\/ruta16.jpg\",\"width\":1600,\"height\":773},{\"@type\":\"WebSite\",\"@id\":\"https:\\\/\\\/fmgente.com.ar\\\/web\\\/#website\",\"url\":\"https:\\\/\\\/fmgente.com.ar\\\/web\\\/\",\"name\":\"Fm Gente\",\"description\":\"- Jes\u00fas Mar\u00eda\",\"publisher\":{\"@id\":\"https:\\\/\\\/fmgente.com.ar\\\/web\\\/#organization\"},\"potentialAction\":[{\"@type\":\"SearchAction\",\"target\":{\"@type\":\"EntryPoint\",\"urlTemplate\":\"https:\\\/\\\/fmgente.com.ar\\\/web\\\/?s={search_term_string}\"},\"query-input\":{\"@type\":\"PropertyValueSpecification\",\"valueRequired\":true,\"valueName\":\"search_term_string\"}}],\"inLanguage\":\"es\"},{\"@type\":\"Organization\",\"@id\":\"https:\\\/\\\/fmgente.com.ar\\\/web\\\/#organization\",\"name\":\"Fm Gente\",\"url\":\"https:\\\/\\\/fmgente.com.ar\\\/web\\\/\",\"logo\":{\"@type\":\"ImageObject\",\"inLanguage\":\"es\",\"@id\":\"https:\\\/\\\/fmgente.com.ar\\\/web\\\/#\\\/schema\\\/logo\\\/image\\\/\",\"url\":\"https:\\\/\\\/fmgente.com.ar\\\/web\\\/wp-content\\\/uploads\\\/2023\\\/07\\\/cropped-cropped-logo-sombra2.png\",\"contentUrl\":\"https:\\\/\\\/fmgente.com.ar\\\/web\\\/wp-content\\\/uploads\\\/2023\\\/07\\\/cropped-cropped-logo-sombra2.png\",\"width\":1782,\"height\":1782,\"caption\":\"Fm Gente\"},\"image\":{\"@id\":\"https:\\\/\\\/fmgente.com.ar\\\/web\\\/#\\\/schema\\\/logo\\\/image\\\/\"}}]}<\/script>\n<!-- \/ Yoast SEO plugin. -->","yoast_head_json":{"title":"Tramos anegados en la ruta nacional 16: advierten sobre sectores con agua en la calzada - Fm Gente","robots":{"index":"index","follow":"follow","max-snippet":"max-snippet:-1","max-image-preview":"max-image-preview:large","max-video-preview":"max-video-preview:-1"},"canonical":"https:\/\/fmgente.com.ar\/web\/tramos-anegados-en-la-ruta-nacional-16-advierten-sobre-sectores-con-agua-en-la-calzada\/","og_locale":"es_ES","og_type":"article","og_title":"Tramos anegados en la ruta nacional 16: advierten sobre sectores con agua en la calzada - Fm Gente","og_description":"Conductores que circulan por la Ruta Nacional 16 alertaron sobre la presencia de agua sobre","og_url":"https:\/\/fmgente.com.ar\/web\/tramos-anegados-en-la-ruta-nacional-16-advierten-sobre-sectores-con-agua-en-la-calzada\/","og_site_name":"Fm Gente","article_published_time":"2026-03-09T16:06:38+00:00","og_image":[{"url":"https:\/\/uscdn.eltribuno.com\/032026\/1773071433236\/ruta16.jpg","type":"","width":"","height":""}],"twitter_card":"summary_large_image","twitter_misc":{"Tiempo de lectura":"1 minuto"},"schema":{"@context":"https:\/\/schema.org","@graph":[{"@type":"Article","@id":"https:\/\/fmgente.com.ar\/web\/tramos-anegados-en-la-ruta-nacional-16-advierten-sobre-sectores-con-agua-en-la-calzada\/#article","isPartOf":{"@id":"https:\/\/fmgente.com.ar\/web\/tramos-anegados-en-la-ruta-nacional-16-advierten-sobre-sectores-con-agua-en-la-calzada\/"},"author":{"name":"","@id":""},"headline":"Tramos anegados en la ruta nacional 16: advierten sobre sectores con agua en la calzada","datePublished":"2026-03-09T16:06:38+00:00","mainEntityOfPage":{"@id":"https:\/\/fmgente.com.ar\/web\/tramos-anegados-en-la-ruta-nacional-16-advierten-sobre-sectores-con-agua-en-la-calzada\/"},"wordCount":281,"publisher":{"@id":"https:\/\/fmgente.com.ar\/web\/#organization"},"image":{"@id":"https:\/\/fmgente.com.ar\/web\/tramos-anegados-en-la-ruta-nacional-16-advierten-sobre-sectores-con-agua-en-la-calzada\/#primaryimage"},"thumbnailUrl":"https:\/\/fmgente.com.ar\/web\/wp-content\/uploads\/2026\/03\/ruta16.jpg","articleSection":["DESTACADAS"],"inLanguage":"es"},{"@type":"WebPage","@id":"https:\/\/fmgente.com.ar\/web\/tramos-anegados-en-la-ruta-nacional-16-advierten-sobre-sectores-con-agua-en-la-calzada\/","url":"https:\/\/fmgente.com.ar\/web\/tramos-anegados-en-la-ruta-nacional-16-advierten-sobre-sectores-con-agua-en-la-calzada\/","name":"Tramos anegados en la ruta nacional 16: advierten sobre sectores con agua en la calzada - Fm Gente","isPartOf":{"@id":"https:\/\/fmgente.com.ar\/web\/#website"},"primaryImageOfPage":{"@id":"https:\/\/fmgente.com.ar\/web\/tramos-anegados-en-la-ruta-nacional-16-advierten-sobre-sectores-con-agua-en-la-calzada\/#primaryimage"},"image":{"@id":"https:\/\/fmgente.com.ar\/web\/tramos-anegados-en-la-ruta-nacional-16-advierten-sobre-sectores-con-agua-en-la-calzada\/#primaryimage"},"thumbnailUrl":"https:\/\/fmgente.com.ar\/web\/wp-content\/uploads\/2026\/03\/ruta16.jpg","datePublished":"2026-03-09T16:06:38+00:00","inLanguage":"es","potentialAction":[{"@type":"ReadAction","target":["https:\/\/fmgente.com.ar\/web\/tramos-anegados-en-la-ruta-nacional-16-advierten-sobre-sectores-con-agua-en-la-calzada\/"]}]},{"@type":"ImageObject","inLanguage":"es","@id":"https:\/\/fmgente.com.ar\/web\/tramos-anegados-en-la-ruta-nacional-16-advierten-sobre-sectores-con-agua-en-la-calzada\/#primaryimage","url":"https:\/\/fmgente.com.ar\/web\/wp-content\/uploads\/2026\/03\/ruta16.jpg","contentUrl":"https:\/\/fmgente.com.ar\/web\/wp-content\/uploads\/2026\/03\/ruta16.jpg","width":1600,"height":773},{"@type":"WebSite","@id":"https:\/\/fmgente.com.ar\/web\/#website","url":"https:\/\/fmgente.com.ar\/web\/","name":"Fm Gente","description":"- Jes\u00fas Mar\u00eda","publisher":{"@id":"https:\/\/fmgente.com.ar\/web\/#organization"},"potentialAction":[{"@type":"SearchAction","target":{"@type":"EntryPoint","urlTemplate":"https:\/\/fmgente.com.ar\/web\/?s={search_term_string}"},"query-input":{"@type":"PropertyValueSpecification","valueRequired":true,"valueName":"search_term_string"}}],"inLanguage":"es"},{"@type":"Organization","@id":"https:\/\/fmgente.com.ar\/web\/#organization","name":"Fm Gente","url":"https:\/\/fmgente.com.ar\/web\/","logo":{"@type":"ImageObject","inLanguage":"es","@id":"https:\/\/fmgente.com.ar\/web\/#\/schema\/logo\/image\/","url":"https:\/\/fmgente.com.ar\/web\/wp-content\/uploads\/2023\/07\/cropped-cropped-logo-sombra2.png","contentUrl":"https:\/\/fmgente.com.ar\/web\/wp-content\/uploads\/2023\/07\/cropped-cropped-logo-sombra2.png","width":1782,"height":1782,"caption":"Fm Gente"},"image":{"@id":"https:\/\/fmgente.com.ar\/web\/#\/schema\/logo\/image\/"}}]}},"_links":{"self":[{"href":"https:\/\/fmgente.com.ar\/web\/wp-json\/wp\/v2\/posts\/14770","targetHints":{"allow":["GET"]}}],"collection":[{"href":"https:\/\/fmgente.com.ar\/web\/wp-json\/wp\/v2\/posts"}],"about":[{"href":"https:\/\/fmgente.com.ar\/web\/wp-json\/wp\/v2\/types\/post"}],"replies":[{"embeddable":true,"href":"https:\/\/fmgente.com.ar\/web\/wp-json\/wp\/v2\/comments?post=14770"}],"version-history":[{"count":0,"href":"https:\/\/fmgente.com.ar\/web\/wp-json\/wp\/v2\/posts\/14770\/revisions"}],"wp:featuredmedia":[{"embeddable":true,"href":"https:\/\/fmgente.com.ar\/web\/wp-json\/wp\/v2\/media\/14771"}],"wp:attachment":[{"href":"https:\/\/fmgente.com.ar\/web\/wp-json\/wp\/v2\/media?parent=14770"}],"wp:term":[{"taxonomy":"category","embeddable":true,"href":"https:\/\/fmgente.com.ar\/web\/wp-json\/wp\/v2\/categories?post=14770"},{"taxonomy":"post_tag","embeddable":true,"href":"https:\/\/fmgente.com.ar\/web\/wp-json\/wp\/v2\/tags?post=14770"}],"curies":[{"name":"wp","href":"https:\/\/api.w.org\/{rel}","templated":true}]}}