{"id":14768,"date":"2026-03-09T13:06:37","date_gmt":"2026-03-09T16:06:37","guid":{"rendered":"https:\/\/fmgente.com.ar\/web\/el-rio-bermejo-desbordo-descontrolado-sobre-rivadavia-banda-sur\/"},"modified":"2026-03-09T13:06:37","modified_gmt":"2026-03-09T16:06:37","slug":"el-rio-bermejo-desbordo-descontrolado-sobre-rivadavia-banda-sur","status":"publish","type":"post","link":"https:\/\/fmgente.com.ar\/web\/el-rio-bermejo-desbordo-descontrolado-sobre-rivadavia-banda-sur\/","title":{"rendered":"El r\u00edo Bermejo desbord\u00f3 descontrolado sobre Rivadavia Banda Sur"},"content":{"rendered":"<p>El pico de la crecida del r\u00edo Bermejo lleg\u00f3 esta madrugada al Chaco salte\u00f1o y afect\u00f3 a comunidades criollas y abor\u00edgenes de Rivadavia Banda Sur.<\/p>\n<p><strong>Puestos y parajes como San Felipe, Cha\u00f1aral, La Toma, El Cocal, La Esperanza, est\u00e1n afectados por el desborde del r\u00edo Bermejo que desde hace d\u00edas viene descontrolado por las intensas precipitaciones en la cuenca alta de Bolivia.<\/strong><\/p>\n<p>El que tambi\u00e9n crece es el r\u00edo Teuquito por lo que ya est\u00e1 inundado el paraje El Divisadero. En ese puesto est\u00e1 ubicada la escuela Fort\u00edn Argentino que tambi\u00e9n est\u00e1 afectado por el agua.<\/p>\n<p>Hasta ahora no se sabe bien el impacto que tuvo este desborde porque en la zona sigue lloviendo y eso hace m\u00e1s dif\u00edcil el acceso de las distintas dependencias estatales que est\u00e1n para asistir a los damnificados.<\/p>\n<p><img decoding=\"async\" src=\"https:\/\/uscdn.eltribuno.com\/032026\/1773067639280\/berme1.jpg\" \/><\/p>\n<p>Por la ma\u00f1ana salieron en lancha a buscar a<strong> Antonia Alzogaray, que tiene 80 a\u00f1os, que vive en el paraje El Carmencito<\/strong>, cerca de La Uni\u00f3n, y que ya fue rescatada en la anterior inundaci\u00f3n de 22 de enero \u00faltimo.<\/p>\n<p>En el paraje La Toma hay una imagen que se repite y lastima: son las escuelas que quedan bajo el agua.<\/p>\n<p><img decoding=\"async\" src=\"https:\/\/uscdn.eltribuno.com\/032026\/1773069242360\/berme5.jpg\" \/><\/p>\n<p>\u00abEn este momento el r\u00edo Bermejo est\u00e1 en un descenso moment\u00e1neo porque se esperan ascenso repentinos por las lluvias que se esperan en Bolivia. Este fin de semana lleg\u00f3 a 4.80 metros a la altura de La Quena (Embarcaci\u00f3n)\u00bb, dijo la directora de Asistencia Cr\u00edtica del Ministerio de Desarrollo Social, Gabriela Locuratolo en di\u00e1logo con Radio Salta.<\/p>\n<p>\u00abTen\u00edamos cerrado tambi\u00e9n el Paso de Chalanas en Aguas Blancas (ya se habilit\u00f3). Y bueno, esta crecida afect\u00f3 a parajes de Rivadavia Banda Sur, de La Uni\u00f3n, y algunos parajes de Pichanal\u00bb, inform\u00f3 la funcionaria.<\/p>\n<p><img decoding=\"async\" src=\"https:\/\/uscdn.eltribuno.com\/032026\/1773069265699\/berme3.jpg\" \/><\/p>\n<p>En cuanto a la posibilidad de evacuar a personas las funcionaria dijo que: <strong>\u00abel Centro de Operaciones est\u00e1 conformado desde que comienza la \u00e9poca estival y en estos momentos en la Uni\u00f3n est\u00e1 saliendo una lancha para ver a familias del paraje El Divisadero con posibilidades de evacuaci\u00f3n. Pero bueno, hay que llegar al lugar y evaluar porque a veces el agua ingresa y las familias quedan en un bordo. A veces no quieren retirarse de all\u00ed porque ya saben que el r\u00edo como sube, baja r\u00e1pido, entonces dicen quedarse. Pero bueno, s\u00ed que est\u00e1 trabajando en la posibilidad de evacuaci\u00f3n\u00bb, concluy\u00f3.<\/strong><\/p><\/p>\n","protected":false},"excerpt":{"rendered":"<p>El pico de la crecida del r\u00edo Bermejo lleg\u00f3 esta madrugada al Chaco salte\u00f1o y<\/p>\n","protected":false},"author":0,"featured_media":14769,"comment_status":"","ping_status":"","sticky":false,"template":"","format":"standard","meta":{"footnotes":""},"categories":[11],"tags":[],"class_list":["post-14768","post","type-post","status-publish","format-standard","has-post-thumbnail","hentry","category-destacadas"],"yoast_head":"<!-- This site is optimized with the Yoast SEO plugin v27.4 - https:\/\/yoast.com\/product\/yoast-seo-wordpress\/ -->\n<title>El r\u00edo Bermejo desbord\u00f3 descontrolado sobre Rivadavia Banda Sur - Fm Gente<\/title>\n<meta name=\"robots\" content=\"index, follow, max-snippet:-1, max-image-preview:large, max-video-preview:-1\" \/>\n<link rel=\"canonical\" href=\"https:\/\/fmgente.com.ar\/web\/el-rio-bermejo-desbordo-descontrolado-sobre-rivadavia-banda-sur\/\" \/>\n<meta property=\"og:locale\" content=\"es_ES\" \/>\n<meta property=\"og:type\" content=\"article\" \/>\n<meta property=\"og:title\" content=\"El r\u00edo Bermejo desbord\u00f3 descontrolado sobre Rivadavia Banda Sur - Fm Gente\" \/>\n<meta property=\"og:description\" content=\"El pico de la crecida del r\u00edo Bermejo lleg\u00f3 esta madrugada al Chaco salte\u00f1o y\" \/>\n<meta property=\"og:url\" content=\"https:\/\/fmgente.com.ar\/web\/el-rio-bermejo-desbordo-descontrolado-sobre-rivadavia-banda-sur\/\" \/>\n<meta property=\"og:site_name\" content=\"Fm Gente\" \/>\n<meta property=\"article:published_time\" content=\"2026-03-09T16:06:37+00:00\" \/>\n<meta property=\"og:image\" content=\"https:\/\/uscdn.eltribuno.com\/032026\/1773067639280\/berme1.jpg\" \/>\n<meta name=\"twitter:card\" content=\"summary_large_image\" \/>\n<meta name=\"twitter:label1\" content=\"Tiempo de lectura\" \/>\n\t<meta name=\"twitter:data1\" content=\"2 minutos\" \/>\n<script type=\"application\/ld+json\" class=\"yoast-schema-graph\">{\"@context\":\"https:\\\/\\\/schema.org\",\"@graph\":[{\"@type\":\"Article\",\"@id\":\"https:\\\/\\\/fmgente.com.ar\\\/web\\\/el-rio-bermejo-desbordo-descontrolado-sobre-rivadavia-banda-sur\\\/#article\",\"isPartOf\":{\"@id\":\"https:\\\/\\\/fmgente.com.ar\\\/web\\\/el-rio-bermejo-desbordo-descontrolado-sobre-rivadavia-banda-sur\\\/\"},\"author\":{\"name\":\"\",\"@id\":\"\"},\"headline\":\"El r\u00edo Bermejo desbord\u00f3 descontrolado sobre Rivadavia Banda Sur\",\"datePublished\":\"2026-03-09T16:06:37+00:00\",\"mainEntityOfPage\":{\"@id\":\"https:\\\/\\\/fmgente.com.ar\\\/web\\\/el-rio-bermejo-desbordo-descontrolado-sobre-rivadavia-banda-sur\\\/\"},\"wordCount\":426,\"publisher\":{\"@id\":\"https:\\\/\\\/fmgente.com.ar\\\/web\\\/#organization\"},\"image\":{\"@id\":\"https:\\\/\\\/fmgente.com.ar\\\/web\\\/el-rio-bermejo-desbordo-descontrolado-sobre-rivadavia-banda-sur\\\/#primaryimage\"},\"thumbnailUrl\":\"https:\\\/\\\/fmgente.com.ar\\\/web\\\/wp-content\\\/uploads\\\/2026\\\/03\\\/berme1.jpg\",\"articleSection\":[\"DESTACADAS\"],\"inLanguage\":\"es\"},{\"@type\":\"WebPage\",\"@id\":\"https:\\\/\\\/fmgente.com.ar\\\/web\\\/el-rio-bermejo-desbordo-descontrolado-sobre-rivadavia-banda-sur\\\/\",\"url\":\"https:\\\/\\\/fmgente.com.ar\\\/web\\\/el-rio-bermejo-desbordo-descontrolado-sobre-rivadavia-banda-sur\\\/\",\"name\":\"El r\u00edo Bermejo desbord\u00f3 descontrolado sobre Rivadavia Banda Sur - Fm Gente\",\"isPartOf\":{\"@id\":\"https:\\\/\\\/fmgente.com.ar\\\/web\\\/#website\"},\"primaryImageOfPage\":{\"@id\":\"https:\\\/\\\/fmgente.com.ar\\\/web\\\/el-rio-bermejo-desbordo-descontrolado-sobre-rivadavia-banda-sur\\\/#primaryimage\"},\"image\":{\"@id\":\"https:\\\/\\\/fmgente.com.ar\\\/web\\\/el-rio-bermejo-desbordo-descontrolado-sobre-rivadavia-banda-sur\\\/#primaryimage\"},\"thumbnailUrl\":\"https:\\\/\\\/fmgente.com.ar\\\/web\\\/wp-content\\\/uploads\\\/2026\\\/03\\\/berme1.jpg\",\"datePublished\":\"2026-03-09T16:06:37+00:00\",\"inLanguage\":\"es\",\"potentialAction\":[{\"@type\":\"ReadAction\",\"target\":[\"https:\\\/\\\/fmgente.com.ar\\\/web\\\/el-rio-bermejo-desbordo-descontrolado-sobre-rivadavia-banda-sur\\\/\"]}]},{\"@type\":\"ImageObject\",\"inLanguage\":\"es\",\"@id\":\"https:\\\/\\\/fmgente.com.ar\\\/web\\\/el-rio-bermejo-desbordo-descontrolado-sobre-rivadavia-banda-sur\\\/#primaryimage\",\"url\":\"https:\\\/\\\/fmgente.com.ar\\\/web\\\/wp-content\\\/uploads\\\/2026\\\/03\\\/berme1.jpg\",\"contentUrl\":\"https:\\\/\\\/fmgente.com.ar\\\/web\\\/wp-content\\\/uploads\\\/2026\\\/03\\\/berme1.jpg\",\"width\":720,\"height\":411},{\"@type\":\"WebSite\",\"@id\":\"https:\\\/\\\/fmgente.com.ar\\\/web\\\/#website\",\"url\":\"https:\\\/\\\/fmgente.com.ar\\\/web\\\/\",\"name\":\"Fm Gente\",\"description\":\"- Jes\u00fas Mar\u00eda\",\"publisher\":{\"@id\":\"https:\\\/\\\/fmgente.com.ar\\\/web\\\/#organization\"},\"potentialAction\":[{\"@type\":\"SearchAction\",\"target\":{\"@type\":\"EntryPoint\",\"urlTemplate\":\"https:\\\/\\\/fmgente.com.ar\\\/web\\\/?s={search_term_string}\"},\"query-input\":{\"@type\":\"PropertyValueSpecification\",\"valueRequired\":true,\"valueName\":\"search_term_string\"}}],\"inLanguage\":\"es\"},{\"@type\":\"Organization\",\"@id\":\"https:\\\/\\\/fmgente.com.ar\\\/web\\\/#organization\",\"name\":\"Fm Gente\",\"url\":\"https:\\\/\\\/fmgente.com.ar\\\/web\\\/\",\"logo\":{\"@type\":\"ImageObject\",\"inLanguage\":\"es\",\"@id\":\"https:\\\/\\\/fmgente.com.ar\\\/web\\\/#\\\/schema\\\/logo\\\/image\\\/\",\"url\":\"https:\\\/\\\/fmgente.com.ar\\\/web\\\/wp-content\\\/uploads\\\/2023\\\/07\\\/cropped-cropped-logo-sombra2.png\",\"contentUrl\":\"https:\\\/\\\/fmgente.com.ar\\\/web\\\/wp-content\\\/uploads\\\/2023\\\/07\\\/cropped-cropped-logo-sombra2.png\",\"width\":1782,\"height\":1782,\"caption\":\"Fm Gente\"},\"image\":{\"@id\":\"https:\\\/\\\/fmgente.com.ar\\\/web\\\/#\\\/schema\\\/logo\\\/image\\\/\"}}]}<\/script>\n<!-- \/ Yoast SEO plugin. -->","yoast_head_json":{"title":"El r\u00edo Bermejo desbord\u00f3 descontrolado sobre Rivadavia Banda Sur - Fm Gente","robots":{"index":"index","follow":"follow","max-snippet":"max-snippet:-1","max-image-preview":"max-image-preview:large","max-video-preview":"max-video-preview:-1"},"canonical":"https:\/\/fmgente.com.ar\/web\/el-rio-bermejo-desbordo-descontrolado-sobre-rivadavia-banda-sur\/","og_locale":"es_ES","og_type":"article","og_title":"El r\u00edo Bermejo desbord\u00f3 descontrolado sobre Rivadavia Banda Sur - Fm Gente","og_description":"El pico de la crecida del r\u00edo Bermejo lleg\u00f3 esta madrugada al Chaco salte\u00f1o y","og_url":"https:\/\/fmgente.com.ar\/web\/el-rio-bermejo-desbordo-descontrolado-sobre-rivadavia-banda-sur\/","og_site_name":"Fm Gente","article_published_time":"2026-03-09T16:06:37+00:00","og_image":[{"url":"https:\/\/uscdn.eltribuno.com\/032026\/1773067639280\/berme1.jpg","type":"","width":"","height":""}],"twitter_card":"summary_large_image","twitter_misc":{"Tiempo de lectura":"2 minutos"},"schema":{"@context":"https:\/\/schema.org","@graph":[{"@type":"Article","@id":"https:\/\/fmgente.com.ar\/web\/el-rio-bermejo-desbordo-descontrolado-sobre-rivadavia-banda-sur\/#article","isPartOf":{"@id":"https:\/\/fmgente.com.ar\/web\/el-rio-bermejo-desbordo-descontrolado-sobre-rivadavia-banda-sur\/"},"author":{"name":"","@id":""},"headline":"El r\u00edo Bermejo desbord\u00f3 descontrolado sobre Rivadavia Banda Sur","datePublished":"2026-03-09T16:06:37+00:00","mainEntityOfPage":{"@id":"https:\/\/fmgente.com.ar\/web\/el-rio-bermejo-desbordo-descontrolado-sobre-rivadavia-banda-sur\/"},"wordCount":426,"publisher":{"@id":"https:\/\/fmgente.com.ar\/web\/#organization"},"image":{"@id":"https:\/\/fmgente.com.ar\/web\/el-rio-bermejo-desbordo-descontrolado-sobre-rivadavia-banda-sur\/#primaryimage"},"thumbnailUrl":"https:\/\/fmgente.com.ar\/web\/wp-content\/uploads\/2026\/03\/berme1.jpg","articleSection":["DESTACADAS"],"inLanguage":"es"},{"@type":"WebPage","@id":"https:\/\/fmgente.com.ar\/web\/el-rio-bermejo-desbordo-descontrolado-sobre-rivadavia-banda-sur\/","url":"https:\/\/fmgente.com.ar\/web\/el-rio-bermejo-desbordo-descontrolado-sobre-rivadavia-banda-sur\/","name":"El r\u00edo Bermejo desbord\u00f3 descontrolado sobre Rivadavia Banda Sur - Fm Gente","isPartOf":{"@id":"https:\/\/fmgente.com.ar\/web\/#website"},"primaryImageOfPage":{"@id":"https:\/\/fmgente.com.ar\/web\/el-rio-bermejo-desbordo-descontrolado-sobre-rivadavia-banda-sur\/#primaryimage"},"image":{"@id":"https:\/\/fmgente.com.ar\/web\/el-rio-bermejo-desbordo-descontrolado-sobre-rivadavia-banda-sur\/#primaryimage"},"thumbnailUrl":"https:\/\/fmgente.com.ar\/web\/wp-content\/uploads\/2026\/03\/berme1.jpg","datePublished":"2026-03-09T16:06:37+00:00","inLanguage":"es","potentialAction":[{"@type":"ReadAction","target":["https:\/\/fmgente.com.ar\/web\/el-rio-bermejo-desbordo-descontrolado-sobre-rivadavia-banda-sur\/"]}]},{"@type":"ImageObject","inLanguage":"es","@id":"https:\/\/fmgente.com.ar\/web\/el-rio-bermejo-desbordo-descontrolado-sobre-rivadavia-banda-sur\/#primaryimage","url":"https:\/\/fmgente.com.ar\/web\/wp-content\/uploads\/2026\/03\/berme1.jpg","contentUrl":"https:\/\/fmgente.com.ar\/web\/wp-content\/uploads\/2026\/03\/berme1.jpg","width":720,"height":411},{"@type":"WebSite","@id":"https:\/\/fmgente.com.ar\/web\/#website","url":"https:\/\/fmgente.com.ar\/web\/","name":"Fm Gente","description":"- Jes\u00fas Mar\u00eda","publisher":{"@id":"https:\/\/fmgente.com.ar\/web\/#organization"},"potentialAction":[{"@type":"SearchAction","target":{"@type":"EntryPoint","urlTemplate":"https:\/\/fmgente.com.ar\/web\/?s={search_term_string}"},"query-input":{"@type":"PropertyValueSpecification","valueRequired":true,"valueName":"search_term_string"}}],"inLanguage":"es"},{"@type":"Organization","@id":"https:\/\/fmgente.com.ar\/web\/#organization","name":"Fm Gente","url":"https:\/\/fmgente.com.ar\/web\/","logo":{"@type":"ImageObject","inLanguage":"es","@id":"https:\/\/fmgente.com.ar\/web\/#\/schema\/logo\/image\/","url":"https:\/\/fmgente.com.ar\/web\/wp-content\/uploads\/2023\/07\/cropped-cropped-logo-sombra2.png","contentUrl":"https:\/\/fmgente.com.ar\/web\/wp-content\/uploads\/2023\/07\/cropped-cropped-logo-sombra2.png","width":1782,"height":1782,"caption":"Fm Gente"},"image":{"@id":"https:\/\/fmgente.com.ar\/web\/#\/schema\/logo\/image\/"}}]}},"_links":{"self":[{"href":"https:\/\/fmgente.com.ar\/web\/wp-json\/wp\/v2\/posts\/14768","targetHints":{"allow":["GET"]}}],"collection":[{"href":"https:\/\/fmgente.com.ar\/web\/wp-json\/wp\/v2\/posts"}],"about":[{"href":"https:\/\/fmgente.com.ar\/web\/wp-json\/wp\/v2\/types\/post"}],"replies":[{"embeddable":true,"href":"https:\/\/fmgente.com.ar\/web\/wp-json\/wp\/v2\/comments?post=14768"}],"version-history":[{"count":0,"href":"https:\/\/fmgente.com.ar\/web\/wp-json\/wp\/v2\/posts\/14768\/revisions"}],"wp:featuredmedia":[{"embeddable":true,"href":"https:\/\/fmgente.com.ar\/web\/wp-json\/wp\/v2\/media\/14769"}],"wp:attachment":[{"href":"https:\/\/fmgente.com.ar\/web\/wp-json\/wp\/v2\/media?parent=14768"}],"wp:term":[{"taxonomy":"category","embeddable":true,"href":"https:\/\/fmgente.com.ar\/web\/wp-json\/wp\/v2\/categories?post=14768"},{"taxonomy":"post_tag","embeddable":true,"href":"https:\/\/fmgente.com.ar\/web\/wp-json\/wp\/v2\/tags?post=14768"}],"curies":[{"name":"wp","href":"https:\/\/api.w.org\/{rel}","templated":true}]}}