{"id":14764,"date":"2026-03-09T13:06:33","date_gmt":"2026-03-09T16:06:33","guid":{"rendered":"https:\/\/fmgente.com.ar\/web\/las-obras-resistieron-el-embate-de-las-aguas-del-pilcomayo\/"},"modified":"2026-03-09T13:06:33","modified_gmt":"2026-03-09T16:06:33","slug":"las-obras-resistieron-el-embate-de-las-aguas-del-pilcomayo","status":"publish","type":"post","link":"https:\/\/fmgente.com.ar\/web\/las-obras-resistieron-el-embate-de-las-aguas-del-pilcomayo\/","title":{"rendered":"Las obras resistieron el embate de las aguas del Pilcomayo"},"content":{"rendered":"<p>Las aguas llegaron hasta el borde y las defensas resistieron el embate de la \u00faltima crecida del r\u00edo Pilcomayo. El pico se dio esta madrugada y las obras realizadas sobre la ruta provincial 54, a la altura de Misi\u00f3n KM II, en Misi\u00f3n La Paz, resultaron exitosas.<\/p>\n<p>El pico m\u00e1ximo de la crecida fue de 5,88 metros registrado en la madrugada y luego comenz\u00f3 el descenso sostenido destac\u00e1ndose que no hubo desbordes en ning\u00fan sector.<\/p>\n<p>En el marco de las acciones coordinadas desde el Comit\u00e9 de Emergencia Clim\u00e1tica, la Secretar\u00eda de Seguridad, mediante la Subsecretar\u00eda de Defensa Civil y la Polic\u00eda de la Provincia, llevaron adelante un monitoreo constante de la situaci\u00f3n del r\u00edo Pilcomayo en distintas zonas del municipio de Santa Victoria Este.<\/p>\n<p><img decoding=\"async\" src=\"https:\/\/uscdn.eltribuno.com\/032026\/1773070224656\/pilco2.jpg\" \/><\/p>\n<p>Durante toda la jornada se realizaron monitoreos en la zona de La Curva y en otros puntos observando que, como resultado de las obras para escurrimiento de agua realizadas en la zona con las alcantarillas, las mismas cumplieron con su funci\u00f3n de protecci\u00f3n para evitar el ingreso de agua en Misi\u00f3n La Paz.<\/p>\n<p>En la reuni\u00f3n de an\u00e1lisis realizada en la subcomisar\u00eda de Santa Victoria Este, el subjefe de Polic\u00eda, Walter Toledo, el secretario de Gobierno municipal<strong> <\/strong>Marcos Garc\u00eda, y el director de Log\u00edstica de la Subsecretar\u00eda de Defensa Civil, Cristian Oca\u00f1a junto a equipos t\u00e9cnicos y de bomberos evaluaron el comportamiento del caudal del r\u00edo contando con la informaci\u00f3n enviada desde la Secretar\u00eda de Recursos H\u00eddricos.<\/p>\n<p>Finalmente, durante las primeras horas de la ma\u00f1ana se registr\u00f3 un descenso alcanzando los 5,70 metros manteni\u00e9ndose las guardias preventivas.<\/p>\n<p><img decoding=\"async\" src=\"https:\/\/uscdn.eltribuno.com\/032026\/1773070254612\/pilco.jpg\" \/><\/p>\n","protected":false},"excerpt":{"rendered":"<p>Las aguas llegaron hasta el borde y las defensas resistieron el embate de la \u00faltima<\/p>\n","protected":false},"author":0,"featured_media":14765,"comment_status":"","ping_status":"","sticky":false,"template":"","format":"standard","meta":{"footnotes":""},"categories":[11],"tags":[],"class_list":["post-14764","post","type-post","status-publish","format-standard","has-post-thumbnail","hentry","category-destacadas"],"yoast_head":"<!-- This site is optimized with the Yoast SEO plugin v27.4 - https:\/\/yoast.com\/product\/yoast-seo-wordpress\/ -->\n<title>Las obras resistieron el embate de las aguas del Pilcomayo - Fm Gente<\/title>\n<meta name=\"robots\" content=\"index, follow, max-snippet:-1, max-image-preview:large, max-video-preview:-1\" \/>\n<link rel=\"canonical\" href=\"https:\/\/fmgente.com.ar\/web\/las-obras-resistieron-el-embate-de-las-aguas-del-pilcomayo\/\" \/>\n<meta property=\"og:locale\" content=\"es_ES\" \/>\n<meta property=\"og:type\" content=\"article\" \/>\n<meta property=\"og:title\" content=\"Las obras resistieron el embate de las aguas del Pilcomayo - Fm Gente\" \/>\n<meta property=\"og:description\" content=\"Las aguas llegaron hasta el borde y las defensas resistieron el embate de la \u00faltima\" \/>\n<meta property=\"og:url\" content=\"https:\/\/fmgente.com.ar\/web\/las-obras-resistieron-el-embate-de-las-aguas-del-pilcomayo\/\" \/>\n<meta property=\"og:site_name\" content=\"Fm Gente\" \/>\n<meta property=\"article:published_time\" content=\"2026-03-09T16:06:33+00:00\" \/>\n<meta property=\"og:image\" content=\"https:\/\/uscdn.eltribuno.com\/032026\/1773070224656\/pilco2.jpg\" \/>\n<meta name=\"twitter:card\" content=\"summary_large_image\" \/>\n<meta name=\"twitter:label1\" content=\"Tiempo de lectura\" \/>\n\t<meta name=\"twitter:data1\" content=\"1 minuto\" \/>\n<script type=\"application\/ld+json\" class=\"yoast-schema-graph\">{\"@context\":\"https:\\\/\\\/schema.org\",\"@graph\":[{\"@type\":\"Article\",\"@id\":\"https:\\\/\\\/fmgente.com.ar\\\/web\\\/las-obras-resistieron-el-embate-de-las-aguas-del-pilcomayo\\\/#article\",\"isPartOf\":{\"@id\":\"https:\\\/\\\/fmgente.com.ar\\\/web\\\/las-obras-resistieron-el-embate-de-las-aguas-del-pilcomayo\\\/\"},\"author\":{\"name\":\"\",\"@id\":\"\"},\"headline\":\"Las obras resistieron el embate de las aguas del Pilcomayo\",\"datePublished\":\"2026-03-09T16:06:33+00:00\",\"mainEntityOfPage\":{\"@id\":\"https:\\\/\\\/fmgente.com.ar\\\/web\\\/las-obras-resistieron-el-embate-de-las-aguas-del-pilcomayo\\\/\"},\"wordCount\":298,\"publisher\":{\"@id\":\"https:\\\/\\\/fmgente.com.ar\\\/web\\\/#organization\"},\"image\":{\"@id\":\"https:\\\/\\\/fmgente.com.ar\\\/web\\\/las-obras-resistieron-el-embate-de-las-aguas-del-pilcomayo\\\/#primaryimage\"},\"thumbnailUrl\":\"https:\\\/\\\/fmgente.com.ar\\\/web\\\/wp-content\\\/uploads\\\/2026\\\/03\\\/pilco2.jpg\",\"articleSection\":[\"DESTACADAS\"],\"inLanguage\":\"es\"},{\"@type\":\"WebPage\",\"@id\":\"https:\\\/\\\/fmgente.com.ar\\\/web\\\/las-obras-resistieron-el-embate-de-las-aguas-del-pilcomayo\\\/\",\"url\":\"https:\\\/\\\/fmgente.com.ar\\\/web\\\/las-obras-resistieron-el-embate-de-las-aguas-del-pilcomayo\\\/\",\"name\":\"Las obras resistieron el embate de las aguas del Pilcomayo - Fm Gente\",\"isPartOf\":{\"@id\":\"https:\\\/\\\/fmgente.com.ar\\\/web\\\/#website\"},\"primaryImageOfPage\":{\"@id\":\"https:\\\/\\\/fmgente.com.ar\\\/web\\\/las-obras-resistieron-el-embate-de-las-aguas-del-pilcomayo\\\/#primaryimage\"},\"image\":{\"@id\":\"https:\\\/\\\/fmgente.com.ar\\\/web\\\/las-obras-resistieron-el-embate-de-las-aguas-del-pilcomayo\\\/#primaryimage\"},\"thumbnailUrl\":\"https:\\\/\\\/fmgente.com.ar\\\/web\\\/wp-content\\\/uploads\\\/2026\\\/03\\\/pilco2.jpg\",\"datePublished\":\"2026-03-09T16:06:33+00:00\",\"inLanguage\":\"es\",\"potentialAction\":[{\"@type\":\"ReadAction\",\"target\":[\"https:\\\/\\\/fmgente.com.ar\\\/web\\\/las-obras-resistieron-el-embate-de-las-aguas-del-pilcomayo\\\/\"]}]},{\"@type\":\"ImageObject\",\"inLanguage\":\"es\",\"@id\":\"https:\\\/\\\/fmgente.com.ar\\\/web\\\/las-obras-resistieron-el-embate-de-las-aguas-del-pilcomayo\\\/#primaryimage\",\"url\":\"https:\\\/\\\/fmgente.com.ar\\\/web\\\/wp-content\\\/uploads\\\/2026\\\/03\\\/pilco2.jpg\",\"contentUrl\":\"https:\\\/\\\/fmgente.com.ar\\\/web\\\/wp-content\\\/uploads\\\/2026\\\/03\\\/pilco2.jpg\",\"width\":719,\"height\":1008},{\"@type\":\"WebSite\",\"@id\":\"https:\\\/\\\/fmgente.com.ar\\\/web\\\/#website\",\"url\":\"https:\\\/\\\/fmgente.com.ar\\\/web\\\/\",\"name\":\"Fm Gente\",\"description\":\"- Jes\u00fas Mar\u00eda\",\"publisher\":{\"@id\":\"https:\\\/\\\/fmgente.com.ar\\\/web\\\/#organization\"},\"potentialAction\":[{\"@type\":\"SearchAction\",\"target\":{\"@type\":\"EntryPoint\",\"urlTemplate\":\"https:\\\/\\\/fmgente.com.ar\\\/web\\\/?s={search_term_string}\"},\"query-input\":{\"@type\":\"PropertyValueSpecification\",\"valueRequired\":true,\"valueName\":\"search_term_string\"}}],\"inLanguage\":\"es\"},{\"@type\":\"Organization\",\"@id\":\"https:\\\/\\\/fmgente.com.ar\\\/web\\\/#organization\",\"name\":\"Fm Gente\",\"url\":\"https:\\\/\\\/fmgente.com.ar\\\/web\\\/\",\"logo\":{\"@type\":\"ImageObject\",\"inLanguage\":\"es\",\"@id\":\"https:\\\/\\\/fmgente.com.ar\\\/web\\\/#\\\/schema\\\/logo\\\/image\\\/\",\"url\":\"https:\\\/\\\/fmgente.com.ar\\\/web\\\/wp-content\\\/uploads\\\/2023\\\/07\\\/cropped-cropped-logo-sombra2.png\",\"contentUrl\":\"https:\\\/\\\/fmgente.com.ar\\\/web\\\/wp-content\\\/uploads\\\/2023\\\/07\\\/cropped-cropped-logo-sombra2.png\",\"width\":1782,\"height\":1782,\"caption\":\"Fm Gente\"},\"image\":{\"@id\":\"https:\\\/\\\/fmgente.com.ar\\\/web\\\/#\\\/schema\\\/logo\\\/image\\\/\"}}]}<\/script>\n<!-- \/ Yoast SEO plugin. -->","yoast_head_json":{"title":"Las obras resistieron el embate de las aguas del Pilcomayo - Fm Gente","robots":{"index":"index","follow":"follow","max-snippet":"max-snippet:-1","max-image-preview":"max-image-preview:large","max-video-preview":"max-video-preview:-1"},"canonical":"https:\/\/fmgente.com.ar\/web\/las-obras-resistieron-el-embate-de-las-aguas-del-pilcomayo\/","og_locale":"es_ES","og_type":"article","og_title":"Las obras resistieron el embate de las aguas del Pilcomayo - Fm Gente","og_description":"Las aguas llegaron hasta el borde y las defensas resistieron el embate de la \u00faltima","og_url":"https:\/\/fmgente.com.ar\/web\/las-obras-resistieron-el-embate-de-las-aguas-del-pilcomayo\/","og_site_name":"Fm Gente","article_published_time":"2026-03-09T16:06:33+00:00","og_image":[{"url":"https:\/\/uscdn.eltribuno.com\/032026\/1773070224656\/pilco2.jpg","type":"","width":"","height":""}],"twitter_card":"summary_large_image","twitter_misc":{"Tiempo de lectura":"1 minuto"},"schema":{"@context":"https:\/\/schema.org","@graph":[{"@type":"Article","@id":"https:\/\/fmgente.com.ar\/web\/las-obras-resistieron-el-embate-de-las-aguas-del-pilcomayo\/#article","isPartOf":{"@id":"https:\/\/fmgente.com.ar\/web\/las-obras-resistieron-el-embate-de-las-aguas-del-pilcomayo\/"},"author":{"name":"","@id":""},"headline":"Las obras resistieron el embate de las aguas del Pilcomayo","datePublished":"2026-03-09T16:06:33+00:00","mainEntityOfPage":{"@id":"https:\/\/fmgente.com.ar\/web\/las-obras-resistieron-el-embate-de-las-aguas-del-pilcomayo\/"},"wordCount":298,"publisher":{"@id":"https:\/\/fmgente.com.ar\/web\/#organization"},"image":{"@id":"https:\/\/fmgente.com.ar\/web\/las-obras-resistieron-el-embate-de-las-aguas-del-pilcomayo\/#primaryimage"},"thumbnailUrl":"https:\/\/fmgente.com.ar\/web\/wp-content\/uploads\/2026\/03\/pilco2.jpg","articleSection":["DESTACADAS"],"inLanguage":"es"},{"@type":"WebPage","@id":"https:\/\/fmgente.com.ar\/web\/las-obras-resistieron-el-embate-de-las-aguas-del-pilcomayo\/","url":"https:\/\/fmgente.com.ar\/web\/las-obras-resistieron-el-embate-de-las-aguas-del-pilcomayo\/","name":"Las obras resistieron el embate de las aguas del Pilcomayo - Fm Gente","isPartOf":{"@id":"https:\/\/fmgente.com.ar\/web\/#website"},"primaryImageOfPage":{"@id":"https:\/\/fmgente.com.ar\/web\/las-obras-resistieron-el-embate-de-las-aguas-del-pilcomayo\/#primaryimage"},"image":{"@id":"https:\/\/fmgente.com.ar\/web\/las-obras-resistieron-el-embate-de-las-aguas-del-pilcomayo\/#primaryimage"},"thumbnailUrl":"https:\/\/fmgente.com.ar\/web\/wp-content\/uploads\/2026\/03\/pilco2.jpg","datePublished":"2026-03-09T16:06:33+00:00","inLanguage":"es","potentialAction":[{"@type":"ReadAction","target":["https:\/\/fmgente.com.ar\/web\/las-obras-resistieron-el-embate-de-las-aguas-del-pilcomayo\/"]}]},{"@type":"ImageObject","inLanguage":"es","@id":"https:\/\/fmgente.com.ar\/web\/las-obras-resistieron-el-embate-de-las-aguas-del-pilcomayo\/#primaryimage","url":"https:\/\/fmgente.com.ar\/web\/wp-content\/uploads\/2026\/03\/pilco2.jpg","contentUrl":"https:\/\/fmgente.com.ar\/web\/wp-content\/uploads\/2026\/03\/pilco2.jpg","width":719,"height":1008},{"@type":"WebSite","@id":"https:\/\/fmgente.com.ar\/web\/#website","url":"https:\/\/fmgente.com.ar\/web\/","name":"Fm Gente","description":"- Jes\u00fas Mar\u00eda","publisher":{"@id":"https:\/\/fmgente.com.ar\/web\/#organization"},"potentialAction":[{"@type":"SearchAction","target":{"@type":"EntryPoint","urlTemplate":"https:\/\/fmgente.com.ar\/web\/?s={search_term_string}"},"query-input":{"@type":"PropertyValueSpecification","valueRequired":true,"valueName":"search_term_string"}}],"inLanguage":"es"},{"@type":"Organization","@id":"https:\/\/fmgente.com.ar\/web\/#organization","name":"Fm Gente","url":"https:\/\/fmgente.com.ar\/web\/","logo":{"@type":"ImageObject","inLanguage":"es","@id":"https:\/\/fmgente.com.ar\/web\/#\/schema\/logo\/image\/","url":"https:\/\/fmgente.com.ar\/web\/wp-content\/uploads\/2023\/07\/cropped-cropped-logo-sombra2.png","contentUrl":"https:\/\/fmgente.com.ar\/web\/wp-content\/uploads\/2023\/07\/cropped-cropped-logo-sombra2.png","width":1782,"height":1782,"caption":"Fm Gente"},"image":{"@id":"https:\/\/fmgente.com.ar\/web\/#\/schema\/logo\/image\/"}}]}},"_links":{"self":[{"href":"https:\/\/fmgente.com.ar\/web\/wp-json\/wp\/v2\/posts\/14764","targetHints":{"allow":["GET"]}}],"collection":[{"href":"https:\/\/fmgente.com.ar\/web\/wp-json\/wp\/v2\/posts"}],"about":[{"href":"https:\/\/fmgente.com.ar\/web\/wp-json\/wp\/v2\/types\/post"}],"replies":[{"embeddable":true,"href":"https:\/\/fmgente.com.ar\/web\/wp-json\/wp\/v2\/comments?post=14764"}],"version-history":[{"count":0,"href":"https:\/\/fmgente.com.ar\/web\/wp-json\/wp\/v2\/posts\/14764\/revisions"}],"wp:featuredmedia":[{"embeddable":true,"href":"https:\/\/fmgente.com.ar\/web\/wp-json\/wp\/v2\/media\/14765"}],"wp:attachment":[{"href":"https:\/\/fmgente.com.ar\/web\/wp-json\/wp\/v2\/media?parent=14764"}],"wp:term":[{"taxonomy":"category","embeddable":true,"href":"https:\/\/fmgente.com.ar\/web\/wp-json\/wp\/v2\/categories?post=14764"},{"taxonomy":"post_tag","embeddable":true,"href":"https:\/\/fmgente.com.ar\/web\/wp-json\/wp\/v2\/tags?post=14764"}],"curies":[{"name":"wp","href":"https:\/\/api.w.org\/{rel}","templated":true}]}}