{"id":14762,"date":"2026-03-09T13:06:31","date_gmt":"2026-03-09T16:06:31","guid":{"rendered":"https:\/\/fmgente.com.ar\/web\/oran-declaro-uno-de-los-acusados-de-decapitar-a-un-puestero-rural-en-pichanal\/"},"modified":"2026-03-09T13:06:31","modified_gmt":"2026-03-09T16:06:31","slug":"oran-declaro-uno-de-los-acusados-de-decapitar-a-un-puestero-rural-en-pichanal","status":"publish","type":"post","link":"https:\/\/fmgente.com.ar\/web\/oran-declaro-uno-de-los-acusados-de-decapitar-a-un-puestero-rural-en-pichanal\/","title":{"rendered":"Or\u00e1n: declar\u00f3 uno de los acusados de decapitar a un puestero rural en Pichanal"},"content":{"rendered":"<p>El viernes declar\u00f3 uno de los tres hombres imputados en un juicio por un<strong> homicidio ocurrido en Pichanal en 2022<\/strong>. El hombre aludi\u00f3 a versiones seg\u00fan las cuales el hecho pudo estar vinculado a la p\u00e9rdida de un cargamento de droga.<\/p>\n<p>El 1 de octubre fue encontrado el cuerpo sin vida de un hombre posteriormente identificado como Pablo Almaraz. El cuerpo fue hallado decapitado y la cabeza nunca fue encontrada.<\/p>\n<p><strong>En el juicio est\u00e1n imputados dos hermanos y un tercer hombre. Todos acusados como presuntos autores del delito de homicidio doblemente calificado con alevos\u00eda y por el concurso premeditado de dos o m\u00e1s personas, en perjuicio de Pablo Almaraz. <\/strong><\/p>\n<p>El viernes pasado los hermanos acusados optaron por no declarar, aunque uno de ellos aclar\u00f3 que trabajaba en el Frigor\u00edfico de la localidad, y all\u00ed estaba encargado de despostar la carne con m\u00e1quinas el\u00e9ctricas, mientras que el otro explic\u00f3 que en ese tiempo se desempe\u00f1aba como puestero rural con su padre, cuidando animales vacunos y caballos. <\/p>\n<p>Por su parte, el tercer acusado decidi\u00f3 declarar y brindar su versi\u00f3n del hecho ante el Tribunal, y lo primero que hizo al tomar la palabra fue declararse inocente. Cont\u00f3 que tiempo atr\u00e1s hab\u00eda sido polic\u00eda de la provincia, pero luego renunci\u00f3 para ser prestamista, y adem\u00e1s ten\u00eda caballos de carrera.  <\/p>\n<p><strong>En cuanto al hecho, expres\u00f3 que la tarde del 30 de septiembre hab\u00eda estado en el arriendo de su hermano ubicado en la zona del \u201cCedral\u201d de Or\u00e1n, porque deb\u00eda soldar un tr\u00e1iler para transportar los caballos y que estuvo all\u00ed hasta la madrugada, momento en que volvi\u00f3 a Hip\u00f3lito Yrigoyen en su camioneta. Agreg\u00f3 que, luego entre las 9 y 10 de la ma\u00f1ana se fue a Pichanal, directo al puesto rural de los hermanos acusados, que ambos son sus amigos y que eran quienes cuidaban a sus caballos. Esa ma\u00f1ana ten\u00eda que llevarles alimentos para sus animales. <\/strong><\/p>\n<p>Adem\u00e1s lo hab\u00edan llamado para que les hiciera flete trasladando carne de un animal que iban a carnear y despu\u00e9s vender\u00edan. Aclar\u00f3 que el carneador era un familiar de la v\u00edctima y que cuando estaban all\u00ed el hombre recibi\u00f3 un llamado y al cortar les cont\u00f3 que hab\u00edan encontrado muerto a Pablo. Fue el mismo familiar que agreg\u00f3 en ese momento que \u201cseguro lo hab\u00edan matado por una deuda que ten\u00eda\u201d.  A esto, el acusado a\u00f1adi\u00f3 que tambi\u00e9n conoc\u00eda a la v\u00edctima.<\/p>\n<p>Por \u00faltimo cont\u00f3 que en el pueblo se dec\u00eda que el hecho podr\u00eda estar relacionado con la p\u00e9rdida de una carga de drogas por la que culpaban a la v\u00edctima. <\/p>\n<p><strong>Luego de su declaraci\u00f3n comenz\u00f3 la ronda de testimoniales con la declaraci\u00f3n de un polic\u00eda que en ese momento trabajaba en la Comisaria de Pichanal. El hombre se refiri\u00f3 al lugar donde fue encontrado el cuerpo, en qu\u00e9 estado y posici\u00f3n se encontraba. <\/strong><\/p>\n<p>El juicio se reanudar\u00e1 hoy con nuevas testimoniales. Est\u00e1 a cargo de los jueces de la Sala I del Tribunal de Juicio de Or\u00e1n, Norma Rosana Palomo, Mario Maldonado y H\u00e9ctor Fabi\u00e1n Fayos. Interviene la fiscal penal del GAP, la fiscal del GAP Soledad Filtrin Cuezzo y en representaci\u00f3n de la querella Adri\u00e1n Sureda Dom\u00ednguez. Los acusados ser\u00e1n defendidos por Atilio D\u00edaz, David Leiva y Luis Rodr\u00edguez.<\/p>\n<p><strong>El 1 de octubre de 2022 tras una alerta al Servicio de Emergencia 911 de Pichanal, encontraron el cuerpo de un hombre decapitado a la vera de la ruta nacional 34, entre esa localidad y Colonia Santa Rosa. La v\u00edctima fue identificada como Pablo C\u00e9sar Almaraz, un hombre de 41 a\u00f1os que se desempe\u00f1aba como puestero rural.<\/strong> <\/p>\n","protected":false},"excerpt":{"rendered":"<p>El viernes declar\u00f3 uno de los tres hombres imputados en un juicio por un homicidio<\/p>\n","protected":false},"author":0,"featured_media":14763,"comment_status":"","ping_status":"","sticky":false,"template":"","format":"standard","meta":{"footnotes":""},"categories":[11],"tags":[],"class_list":["post-14762","post","type-post","status-publish","format-standard","has-post-thumbnail","hentry","category-destacadas"],"yoast_head":"<!-- This site is optimized with the Yoast SEO plugin v27.4 - https:\/\/yoast.com\/product\/yoast-seo-wordpress\/ -->\n<title>Or\u00e1n: declar\u00f3 uno de los acusados de decapitar a un puestero rural en Pichanal - Fm Gente<\/title>\n<meta name=\"robots\" content=\"index, follow, max-snippet:-1, max-image-preview:large, max-video-preview:-1\" \/>\n<link rel=\"canonical\" href=\"https:\/\/fmgente.com.ar\/web\/oran-declaro-uno-de-los-acusados-de-decapitar-a-un-puestero-rural-en-pichanal\/\" \/>\n<meta property=\"og:locale\" content=\"es_ES\" \/>\n<meta property=\"og:type\" content=\"article\" \/>\n<meta property=\"og:title\" content=\"Or\u00e1n: declar\u00f3 uno de los acusados de decapitar a un puestero rural en Pichanal - Fm Gente\" \/>\n<meta property=\"og:description\" content=\"El viernes declar\u00f3 uno de los tres hombres imputados en un juicio por un homicidio\" \/>\n<meta property=\"og:url\" content=\"https:\/\/fmgente.com.ar\/web\/oran-declaro-uno-de-los-acusados-de-decapitar-a-un-puestero-rural-en-pichanal\/\" \/>\n<meta property=\"og:site_name\" content=\"Fm Gente\" \/>\n<meta property=\"article:published_time\" content=\"2026-03-09T16:06:31+00:00\" \/>\n<meta name=\"twitter:card\" content=\"summary_large_image\" \/>\n<meta name=\"twitter:label1\" content=\"Tiempo de lectura\" \/>\n\t<meta name=\"twitter:data1\" content=\"3 minutos\" \/>\n<script type=\"application\/ld+json\" class=\"yoast-schema-graph\">{\"@context\":\"https:\\\/\\\/schema.org\",\"@graph\":[{\"@type\":\"Article\",\"@id\":\"https:\\\/\\\/fmgente.com.ar\\\/web\\\/oran-declaro-uno-de-los-acusados-de-decapitar-a-un-puestero-rural-en-pichanal\\\/#article\",\"isPartOf\":{\"@id\":\"https:\\\/\\\/fmgente.com.ar\\\/web\\\/oran-declaro-uno-de-los-acusados-de-decapitar-a-un-puestero-rural-en-pichanal\\\/\"},\"author\":{\"name\":\"\",\"@id\":\"\"},\"headline\":\"Or\u00e1n: declar\u00f3 uno de los acusados de decapitar a un puestero rural en Pichanal\",\"datePublished\":\"2026-03-09T16:06:31+00:00\",\"mainEntityOfPage\":{\"@id\":\"https:\\\/\\\/fmgente.com.ar\\\/web\\\/oran-declaro-uno-de-los-acusados-de-decapitar-a-un-puestero-rural-en-pichanal\\\/\"},\"wordCount\":655,\"publisher\":{\"@id\":\"https:\\\/\\\/fmgente.com.ar\\\/web\\\/#organization\"},\"image\":{\"@id\":\"https:\\\/\\\/fmgente.com.ar\\\/web\\\/oran-declaro-uno-de-los-acusados-de-decapitar-a-un-puestero-rural-en-pichanal\\\/#primaryimage\"},\"thumbnailUrl\":\"https:\\\/\\\/fmgente.com.ar\\\/web\\\/wp-content\\\/uploads\\\/2026\\\/03\\\/portadax-35.png\",\"articleSection\":[\"DESTACADAS\"],\"inLanguage\":\"es\"},{\"@type\":\"WebPage\",\"@id\":\"https:\\\/\\\/fmgente.com.ar\\\/web\\\/oran-declaro-uno-de-los-acusados-de-decapitar-a-un-puestero-rural-en-pichanal\\\/\",\"url\":\"https:\\\/\\\/fmgente.com.ar\\\/web\\\/oran-declaro-uno-de-los-acusados-de-decapitar-a-un-puestero-rural-en-pichanal\\\/\",\"name\":\"Or\u00e1n: declar\u00f3 uno de los acusados de decapitar a un puestero rural en Pichanal - Fm Gente\",\"isPartOf\":{\"@id\":\"https:\\\/\\\/fmgente.com.ar\\\/web\\\/#website\"},\"primaryImageOfPage\":{\"@id\":\"https:\\\/\\\/fmgente.com.ar\\\/web\\\/oran-declaro-uno-de-los-acusados-de-decapitar-a-un-puestero-rural-en-pichanal\\\/#primaryimage\"},\"image\":{\"@id\":\"https:\\\/\\\/fmgente.com.ar\\\/web\\\/oran-declaro-uno-de-los-acusados-de-decapitar-a-un-puestero-rural-en-pichanal\\\/#primaryimage\"},\"thumbnailUrl\":\"https:\\\/\\\/fmgente.com.ar\\\/web\\\/wp-content\\\/uploads\\\/2026\\\/03\\\/portadax-35.png\",\"datePublished\":\"2026-03-09T16:06:31+00:00\",\"inLanguage\":\"es\",\"potentialAction\":[{\"@type\":\"ReadAction\",\"target\":[\"https:\\\/\\\/fmgente.com.ar\\\/web\\\/oran-declaro-uno-de-los-acusados-de-decapitar-a-un-puestero-rural-en-pichanal\\\/\"]}]},{\"@type\":\"ImageObject\",\"inLanguage\":\"es\",\"@id\":\"https:\\\/\\\/fmgente.com.ar\\\/web\\\/oran-declaro-uno-de-los-acusados-de-decapitar-a-un-puestero-rural-en-pichanal\\\/#primaryimage\",\"url\":\"https:\\\/\\\/fmgente.com.ar\\\/web\\\/wp-content\\\/uploads\\\/2026\\\/03\\\/portadax-35.png\",\"contentUrl\":\"https:\\\/\\\/fmgente.com.ar\\\/web\\\/wp-content\\\/uploads\\\/2026\\\/03\\\/portadax-35.png\",\"width\":1366,\"height\":768},{\"@type\":\"WebSite\",\"@id\":\"https:\\\/\\\/fmgente.com.ar\\\/web\\\/#website\",\"url\":\"https:\\\/\\\/fmgente.com.ar\\\/web\\\/\",\"name\":\"Fm Gente\",\"description\":\"- Jes\u00fas Mar\u00eda\",\"publisher\":{\"@id\":\"https:\\\/\\\/fmgente.com.ar\\\/web\\\/#organization\"},\"potentialAction\":[{\"@type\":\"SearchAction\",\"target\":{\"@type\":\"EntryPoint\",\"urlTemplate\":\"https:\\\/\\\/fmgente.com.ar\\\/web\\\/?s={search_term_string}\"},\"query-input\":{\"@type\":\"PropertyValueSpecification\",\"valueRequired\":true,\"valueName\":\"search_term_string\"}}],\"inLanguage\":\"es\"},{\"@type\":\"Organization\",\"@id\":\"https:\\\/\\\/fmgente.com.ar\\\/web\\\/#organization\",\"name\":\"Fm Gente\",\"url\":\"https:\\\/\\\/fmgente.com.ar\\\/web\\\/\",\"logo\":{\"@type\":\"ImageObject\",\"inLanguage\":\"es\",\"@id\":\"https:\\\/\\\/fmgente.com.ar\\\/web\\\/#\\\/schema\\\/logo\\\/image\\\/\",\"url\":\"https:\\\/\\\/fmgente.com.ar\\\/web\\\/wp-content\\\/uploads\\\/2023\\\/07\\\/cropped-cropped-logo-sombra2.png\",\"contentUrl\":\"https:\\\/\\\/fmgente.com.ar\\\/web\\\/wp-content\\\/uploads\\\/2023\\\/07\\\/cropped-cropped-logo-sombra2.png\",\"width\":1782,\"height\":1782,\"caption\":\"Fm Gente\"},\"image\":{\"@id\":\"https:\\\/\\\/fmgente.com.ar\\\/web\\\/#\\\/schema\\\/logo\\\/image\\\/\"}}]}<\/script>\n<!-- \/ Yoast SEO plugin. -->","yoast_head_json":{"title":"Or\u00e1n: declar\u00f3 uno de los acusados de decapitar a un puestero rural en Pichanal - Fm Gente","robots":{"index":"index","follow":"follow","max-snippet":"max-snippet:-1","max-image-preview":"max-image-preview:large","max-video-preview":"max-video-preview:-1"},"canonical":"https:\/\/fmgente.com.ar\/web\/oran-declaro-uno-de-los-acusados-de-decapitar-a-un-puestero-rural-en-pichanal\/","og_locale":"es_ES","og_type":"article","og_title":"Or\u00e1n: declar\u00f3 uno de los acusados de decapitar a un puestero rural en Pichanal - Fm Gente","og_description":"El viernes declar\u00f3 uno de los tres hombres imputados en un juicio por un homicidio","og_url":"https:\/\/fmgente.com.ar\/web\/oran-declaro-uno-de-los-acusados-de-decapitar-a-un-puestero-rural-en-pichanal\/","og_site_name":"Fm Gente","article_published_time":"2026-03-09T16:06:31+00:00","twitter_card":"summary_large_image","twitter_misc":{"Tiempo de lectura":"3 minutos"},"schema":{"@context":"https:\/\/schema.org","@graph":[{"@type":"Article","@id":"https:\/\/fmgente.com.ar\/web\/oran-declaro-uno-de-los-acusados-de-decapitar-a-un-puestero-rural-en-pichanal\/#article","isPartOf":{"@id":"https:\/\/fmgente.com.ar\/web\/oran-declaro-uno-de-los-acusados-de-decapitar-a-un-puestero-rural-en-pichanal\/"},"author":{"name":"","@id":""},"headline":"Or\u00e1n: declar\u00f3 uno de los acusados de decapitar a un puestero rural en Pichanal","datePublished":"2026-03-09T16:06:31+00:00","mainEntityOfPage":{"@id":"https:\/\/fmgente.com.ar\/web\/oran-declaro-uno-de-los-acusados-de-decapitar-a-un-puestero-rural-en-pichanal\/"},"wordCount":655,"publisher":{"@id":"https:\/\/fmgente.com.ar\/web\/#organization"},"image":{"@id":"https:\/\/fmgente.com.ar\/web\/oran-declaro-uno-de-los-acusados-de-decapitar-a-un-puestero-rural-en-pichanal\/#primaryimage"},"thumbnailUrl":"https:\/\/fmgente.com.ar\/web\/wp-content\/uploads\/2026\/03\/portadax-35.png","articleSection":["DESTACADAS"],"inLanguage":"es"},{"@type":"WebPage","@id":"https:\/\/fmgente.com.ar\/web\/oran-declaro-uno-de-los-acusados-de-decapitar-a-un-puestero-rural-en-pichanal\/","url":"https:\/\/fmgente.com.ar\/web\/oran-declaro-uno-de-los-acusados-de-decapitar-a-un-puestero-rural-en-pichanal\/","name":"Or\u00e1n: declar\u00f3 uno de los acusados de decapitar a un puestero rural en Pichanal - Fm Gente","isPartOf":{"@id":"https:\/\/fmgente.com.ar\/web\/#website"},"primaryImageOfPage":{"@id":"https:\/\/fmgente.com.ar\/web\/oran-declaro-uno-de-los-acusados-de-decapitar-a-un-puestero-rural-en-pichanal\/#primaryimage"},"image":{"@id":"https:\/\/fmgente.com.ar\/web\/oran-declaro-uno-de-los-acusados-de-decapitar-a-un-puestero-rural-en-pichanal\/#primaryimage"},"thumbnailUrl":"https:\/\/fmgente.com.ar\/web\/wp-content\/uploads\/2026\/03\/portadax-35.png","datePublished":"2026-03-09T16:06:31+00:00","inLanguage":"es","potentialAction":[{"@type":"ReadAction","target":["https:\/\/fmgente.com.ar\/web\/oran-declaro-uno-de-los-acusados-de-decapitar-a-un-puestero-rural-en-pichanal\/"]}]},{"@type":"ImageObject","inLanguage":"es","@id":"https:\/\/fmgente.com.ar\/web\/oran-declaro-uno-de-los-acusados-de-decapitar-a-un-puestero-rural-en-pichanal\/#primaryimage","url":"https:\/\/fmgente.com.ar\/web\/wp-content\/uploads\/2026\/03\/portadax-35.png","contentUrl":"https:\/\/fmgente.com.ar\/web\/wp-content\/uploads\/2026\/03\/portadax-35.png","width":1366,"height":768},{"@type":"WebSite","@id":"https:\/\/fmgente.com.ar\/web\/#website","url":"https:\/\/fmgente.com.ar\/web\/","name":"Fm Gente","description":"- Jes\u00fas Mar\u00eda","publisher":{"@id":"https:\/\/fmgente.com.ar\/web\/#organization"},"potentialAction":[{"@type":"SearchAction","target":{"@type":"EntryPoint","urlTemplate":"https:\/\/fmgente.com.ar\/web\/?s={search_term_string}"},"query-input":{"@type":"PropertyValueSpecification","valueRequired":true,"valueName":"search_term_string"}}],"inLanguage":"es"},{"@type":"Organization","@id":"https:\/\/fmgente.com.ar\/web\/#organization","name":"Fm Gente","url":"https:\/\/fmgente.com.ar\/web\/","logo":{"@type":"ImageObject","inLanguage":"es","@id":"https:\/\/fmgente.com.ar\/web\/#\/schema\/logo\/image\/","url":"https:\/\/fmgente.com.ar\/web\/wp-content\/uploads\/2023\/07\/cropped-cropped-logo-sombra2.png","contentUrl":"https:\/\/fmgente.com.ar\/web\/wp-content\/uploads\/2023\/07\/cropped-cropped-logo-sombra2.png","width":1782,"height":1782,"caption":"Fm Gente"},"image":{"@id":"https:\/\/fmgente.com.ar\/web\/#\/schema\/logo\/image\/"}}]}},"_links":{"self":[{"href":"https:\/\/fmgente.com.ar\/web\/wp-json\/wp\/v2\/posts\/14762","targetHints":{"allow":["GET"]}}],"collection":[{"href":"https:\/\/fmgente.com.ar\/web\/wp-json\/wp\/v2\/posts"}],"about":[{"href":"https:\/\/fmgente.com.ar\/web\/wp-json\/wp\/v2\/types\/post"}],"replies":[{"embeddable":true,"href":"https:\/\/fmgente.com.ar\/web\/wp-json\/wp\/v2\/comments?post=14762"}],"version-history":[{"count":0,"href":"https:\/\/fmgente.com.ar\/web\/wp-json\/wp\/v2\/posts\/14762\/revisions"}],"wp:featuredmedia":[{"embeddable":true,"href":"https:\/\/fmgente.com.ar\/web\/wp-json\/wp\/v2\/media\/14763"}],"wp:attachment":[{"href":"https:\/\/fmgente.com.ar\/web\/wp-json\/wp\/v2\/media?parent=14762"}],"wp:term":[{"taxonomy":"category","embeddable":true,"href":"https:\/\/fmgente.com.ar\/web\/wp-json\/wp\/v2\/categories?post=14762"},{"taxonomy":"post_tag","embeddable":true,"href":"https:\/\/fmgente.com.ar\/web\/wp-json\/wp\/v2\/tags?post=14762"}],"curies":[{"name":"wp","href":"https:\/\/api.w.org\/{rel}","templated":true}]}}