{"id":14597,"date":"2026-03-07T23:05:16","date_gmt":"2026-03-08T02:05:16","guid":{"rendered":"https:\/\/fmgente.com.ar\/web\/protestaban-frente-al-penal-por-la-muerte-de-un-preso-y-se-terminaron-prendiendo-fuego\/"},"modified":"2026-03-07T23:05:16","modified_gmt":"2026-03-08T02:05:16","slug":"protestaban-frente-al-penal-por-la-muerte-de-un-preso-y-se-terminaron-prendiendo-fuego","status":"publish","type":"post","link":"https:\/\/fmgente.com.ar\/web\/protestaban-frente-al-penal-por-la-muerte-de-un-preso-y-se-terminaron-prendiendo-fuego\/","title":{"rendered":"Protestaban frente al penal por la muerte de un preso y se terminaron prendiendo fuego"},"content":{"rendered":"<p>Todo comenz\u00f3 con la muerte de Mart\u00edn Luciano Siegfried, un interno de 26 a\u00f1os que falleci\u00f3 en el Hospital San Mart\u00edn tras ser herido en una gresca dentro de la Unidad Penal N\u00ba1 de Paran\u00e1, lo que desat\u00f3 una jornada de extrema violencia y peligro en las puertas del establecimiento penitenciario.<\/p>\n<p>Un grupo de allegados al fallecido se concentr\u00f3 en las puertas del penal para exigir justicia, iniciando una quema de neum\u00e1ticos que r\u00e1pidamente se sali\u00f3 de control. <\/p>\n<p>Durante la protesta, la tensi\u00f3n alcanz\u00f3 su punto m\u00e1ximo cuando los manifestantes manipularon las gomas encendidas y, en un descuido, \u00abse terminaron prendiendo fuego ellos mismos\u00bb, seg\u00fan describieron testigos del incidente. <\/p>\n<p>Una de las mujeres presentes casi fue consumida por las llamas de forma accidental, logrando apartarse a tiempo sin sufrir lesiones de gravedad.<\/p>\n","protected":false},"excerpt":{"rendered":"<p>Todo comenz\u00f3 con la muerte de Mart\u00edn Luciano Siegfried, un interno de 26 a\u00f1os que<\/p>\n","protected":false},"author":0,"featured_media":14598,"comment_status":"","ping_status":"","sticky":false,"template":"","format":"standard","meta":{"footnotes":""},"categories":[11],"tags":[],"class_list":["post-14597","post","type-post","status-publish","format-standard","has-post-thumbnail","hentry","category-destacadas"],"yoast_head":"<!-- This site is optimized with the Yoast SEO plugin v27.4 - https:\/\/yoast.com\/product\/yoast-seo-wordpress\/ -->\n<title>Protestaban frente al penal por la muerte de un preso y se terminaron prendiendo fuego - Fm Gente<\/title>\n<meta name=\"robots\" content=\"index, follow, max-snippet:-1, max-image-preview:large, max-video-preview:-1\" \/>\n<link rel=\"canonical\" href=\"https:\/\/fmgente.com.ar\/web\/protestaban-frente-al-penal-por-la-muerte-de-un-preso-y-se-terminaron-prendiendo-fuego\/\" \/>\n<meta property=\"og:locale\" content=\"es_ES\" \/>\n<meta property=\"og:type\" content=\"article\" \/>\n<meta property=\"og:title\" content=\"Protestaban frente al penal por la muerte de un preso y se terminaron prendiendo fuego - Fm Gente\" \/>\n<meta property=\"og:description\" content=\"Todo comenz\u00f3 con la muerte de Mart\u00edn Luciano Siegfried, un interno de 26 a\u00f1os que\" \/>\n<meta property=\"og:url\" content=\"https:\/\/fmgente.com.ar\/web\/protestaban-frente-al-penal-por-la-muerte-de-un-preso-y-se-terminaron-prendiendo-fuego\/\" \/>\n<meta property=\"og:site_name\" content=\"Fm Gente\" \/>\n<meta property=\"article:published_time\" content=\"2026-03-08T02:05:16+00:00\" \/>\n<meta name=\"twitter:card\" content=\"summary_large_image\" \/>\n<meta name=\"twitter:label1\" content=\"Tiempo de lectura\" \/>\n\t<meta name=\"twitter:data1\" content=\"1 minuto\" \/>\n<script type=\"application\/ld+json\" class=\"yoast-schema-graph\">{\"@context\":\"https:\\\/\\\/schema.org\",\"@graph\":[{\"@type\":\"Article\",\"@id\":\"https:\\\/\\\/fmgente.com.ar\\\/web\\\/protestaban-frente-al-penal-por-la-muerte-de-un-preso-y-se-terminaron-prendiendo-fuego\\\/#article\",\"isPartOf\":{\"@id\":\"https:\\\/\\\/fmgente.com.ar\\\/web\\\/protestaban-frente-al-penal-por-la-muerte-de-un-preso-y-se-terminaron-prendiendo-fuego\\\/\"},\"author\":{\"name\":\"\",\"@id\":\"\"},\"headline\":\"Protestaban frente al penal por la muerte de un preso y se terminaron prendiendo fuego\",\"datePublished\":\"2026-03-08T02:05:16+00:00\",\"mainEntityOfPage\":{\"@id\":\"https:\\\/\\\/fmgente.com.ar\\\/web\\\/protestaban-frente-al-penal-por-la-muerte-de-un-preso-y-se-terminaron-prendiendo-fuego\\\/\"},\"wordCount\":154,\"publisher\":{\"@id\":\"https:\\\/\\\/fmgente.com.ar\\\/web\\\/#organization\"},\"image\":{\"@id\":\"https:\\\/\\\/fmgente.com.ar\\\/web\\\/protestaban-frente-al-penal-por-la-muerte-de-un-preso-y-se-terminaron-prendiendo-fuego\\\/#primaryimage\"},\"thumbnailUrl\":\"https:\\\/\\\/fmgente.com.ar\\\/web\\\/wp-content\\\/uploads\\\/2026\\\/03\\\/720-405.jpeg\",\"articleSection\":[\"DESTACADAS\"],\"inLanguage\":\"es\"},{\"@type\":\"WebPage\",\"@id\":\"https:\\\/\\\/fmgente.com.ar\\\/web\\\/protestaban-frente-al-penal-por-la-muerte-de-un-preso-y-se-terminaron-prendiendo-fuego\\\/\",\"url\":\"https:\\\/\\\/fmgente.com.ar\\\/web\\\/protestaban-frente-al-penal-por-la-muerte-de-un-preso-y-se-terminaron-prendiendo-fuego\\\/\",\"name\":\"Protestaban frente al penal por la muerte de un preso y se terminaron prendiendo fuego - Fm Gente\",\"isPartOf\":{\"@id\":\"https:\\\/\\\/fmgente.com.ar\\\/web\\\/#website\"},\"primaryImageOfPage\":{\"@id\":\"https:\\\/\\\/fmgente.com.ar\\\/web\\\/protestaban-frente-al-penal-por-la-muerte-de-un-preso-y-se-terminaron-prendiendo-fuego\\\/#primaryimage\"},\"image\":{\"@id\":\"https:\\\/\\\/fmgente.com.ar\\\/web\\\/protestaban-frente-al-penal-por-la-muerte-de-un-preso-y-se-terminaron-prendiendo-fuego\\\/#primaryimage\"},\"thumbnailUrl\":\"https:\\\/\\\/fmgente.com.ar\\\/web\\\/wp-content\\\/uploads\\\/2026\\\/03\\\/720-405.jpeg\",\"datePublished\":\"2026-03-08T02:05:16+00:00\",\"inLanguage\":\"es\",\"potentialAction\":[{\"@type\":\"ReadAction\",\"target\":[\"https:\\\/\\\/fmgente.com.ar\\\/web\\\/protestaban-frente-al-penal-por-la-muerte-de-un-preso-y-se-terminaron-prendiendo-fuego\\\/\"]}]},{\"@type\":\"ImageObject\",\"inLanguage\":\"es\",\"@id\":\"https:\\\/\\\/fmgente.com.ar\\\/web\\\/protestaban-frente-al-penal-por-la-muerte-de-un-preso-y-se-terminaron-prendiendo-fuego\\\/#primaryimage\",\"url\":\"https:\\\/\\\/fmgente.com.ar\\\/web\\\/wp-content\\\/uploads\\\/2026\\\/03\\\/720-405.jpeg\",\"contentUrl\":\"https:\\\/\\\/fmgente.com.ar\\\/web\\\/wp-content\\\/uploads\\\/2026\\\/03\\\/720-405.jpeg\",\"width\":1280,\"height\":720},{\"@type\":\"WebSite\",\"@id\":\"https:\\\/\\\/fmgente.com.ar\\\/web\\\/#website\",\"url\":\"https:\\\/\\\/fmgente.com.ar\\\/web\\\/\",\"name\":\"Fm Gente\",\"description\":\"- Jes\u00fas Mar\u00eda\",\"publisher\":{\"@id\":\"https:\\\/\\\/fmgente.com.ar\\\/web\\\/#organization\"},\"potentialAction\":[{\"@type\":\"SearchAction\",\"target\":{\"@type\":\"EntryPoint\",\"urlTemplate\":\"https:\\\/\\\/fmgente.com.ar\\\/web\\\/?s={search_term_string}\"},\"query-input\":{\"@type\":\"PropertyValueSpecification\",\"valueRequired\":true,\"valueName\":\"search_term_string\"}}],\"inLanguage\":\"es\"},{\"@type\":\"Organization\",\"@id\":\"https:\\\/\\\/fmgente.com.ar\\\/web\\\/#organization\",\"name\":\"Fm Gente\",\"url\":\"https:\\\/\\\/fmgente.com.ar\\\/web\\\/\",\"logo\":{\"@type\":\"ImageObject\",\"inLanguage\":\"es\",\"@id\":\"https:\\\/\\\/fmgente.com.ar\\\/web\\\/#\\\/schema\\\/logo\\\/image\\\/\",\"url\":\"https:\\\/\\\/fmgente.com.ar\\\/web\\\/wp-content\\\/uploads\\\/2023\\\/07\\\/cropped-cropped-logo-sombra2.png\",\"contentUrl\":\"https:\\\/\\\/fmgente.com.ar\\\/web\\\/wp-content\\\/uploads\\\/2023\\\/07\\\/cropped-cropped-logo-sombra2.png\",\"width\":1782,\"height\":1782,\"caption\":\"Fm Gente\"},\"image\":{\"@id\":\"https:\\\/\\\/fmgente.com.ar\\\/web\\\/#\\\/schema\\\/logo\\\/image\\\/\"}}]}<\/script>\n<!-- \/ Yoast SEO plugin. -->","yoast_head_json":{"title":"Protestaban frente al penal por la muerte de un preso y se terminaron prendiendo fuego - Fm Gente","robots":{"index":"index","follow":"follow","max-snippet":"max-snippet:-1","max-image-preview":"max-image-preview:large","max-video-preview":"max-video-preview:-1"},"canonical":"https:\/\/fmgente.com.ar\/web\/protestaban-frente-al-penal-por-la-muerte-de-un-preso-y-se-terminaron-prendiendo-fuego\/","og_locale":"es_ES","og_type":"article","og_title":"Protestaban frente al penal por la muerte de un preso y se terminaron prendiendo fuego - Fm Gente","og_description":"Todo comenz\u00f3 con la muerte de Mart\u00edn Luciano Siegfried, un interno de 26 a\u00f1os que","og_url":"https:\/\/fmgente.com.ar\/web\/protestaban-frente-al-penal-por-la-muerte-de-un-preso-y-se-terminaron-prendiendo-fuego\/","og_site_name":"Fm Gente","article_published_time":"2026-03-08T02:05:16+00:00","twitter_card":"summary_large_image","twitter_misc":{"Tiempo de lectura":"1 minuto"},"schema":{"@context":"https:\/\/schema.org","@graph":[{"@type":"Article","@id":"https:\/\/fmgente.com.ar\/web\/protestaban-frente-al-penal-por-la-muerte-de-un-preso-y-se-terminaron-prendiendo-fuego\/#article","isPartOf":{"@id":"https:\/\/fmgente.com.ar\/web\/protestaban-frente-al-penal-por-la-muerte-de-un-preso-y-se-terminaron-prendiendo-fuego\/"},"author":{"name":"","@id":""},"headline":"Protestaban frente al penal por la muerte de un preso y se terminaron prendiendo fuego","datePublished":"2026-03-08T02:05:16+00:00","mainEntityOfPage":{"@id":"https:\/\/fmgente.com.ar\/web\/protestaban-frente-al-penal-por-la-muerte-de-un-preso-y-se-terminaron-prendiendo-fuego\/"},"wordCount":154,"publisher":{"@id":"https:\/\/fmgente.com.ar\/web\/#organization"},"image":{"@id":"https:\/\/fmgente.com.ar\/web\/protestaban-frente-al-penal-por-la-muerte-de-un-preso-y-se-terminaron-prendiendo-fuego\/#primaryimage"},"thumbnailUrl":"https:\/\/fmgente.com.ar\/web\/wp-content\/uploads\/2026\/03\/720-405.jpeg","articleSection":["DESTACADAS"],"inLanguage":"es"},{"@type":"WebPage","@id":"https:\/\/fmgente.com.ar\/web\/protestaban-frente-al-penal-por-la-muerte-de-un-preso-y-se-terminaron-prendiendo-fuego\/","url":"https:\/\/fmgente.com.ar\/web\/protestaban-frente-al-penal-por-la-muerte-de-un-preso-y-se-terminaron-prendiendo-fuego\/","name":"Protestaban frente al penal por la muerte de un preso y se terminaron prendiendo fuego - Fm Gente","isPartOf":{"@id":"https:\/\/fmgente.com.ar\/web\/#website"},"primaryImageOfPage":{"@id":"https:\/\/fmgente.com.ar\/web\/protestaban-frente-al-penal-por-la-muerte-de-un-preso-y-se-terminaron-prendiendo-fuego\/#primaryimage"},"image":{"@id":"https:\/\/fmgente.com.ar\/web\/protestaban-frente-al-penal-por-la-muerte-de-un-preso-y-se-terminaron-prendiendo-fuego\/#primaryimage"},"thumbnailUrl":"https:\/\/fmgente.com.ar\/web\/wp-content\/uploads\/2026\/03\/720-405.jpeg","datePublished":"2026-03-08T02:05:16+00:00","inLanguage":"es","potentialAction":[{"@type":"ReadAction","target":["https:\/\/fmgente.com.ar\/web\/protestaban-frente-al-penal-por-la-muerte-de-un-preso-y-se-terminaron-prendiendo-fuego\/"]}]},{"@type":"ImageObject","inLanguage":"es","@id":"https:\/\/fmgente.com.ar\/web\/protestaban-frente-al-penal-por-la-muerte-de-un-preso-y-se-terminaron-prendiendo-fuego\/#primaryimage","url":"https:\/\/fmgente.com.ar\/web\/wp-content\/uploads\/2026\/03\/720-405.jpeg","contentUrl":"https:\/\/fmgente.com.ar\/web\/wp-content\/uploads\/2026\/03\/720-405.jpeg","width":1280,"height":720},{"@type":"WebSite","@id":"https:\/\/fmgente.com.ar\/web\/#website","url":"https:\/\/fmgente.com.ar\/web\/","name":"Fm Gente","description":"- Jes\u00fas Mar\u00eda","publisher":{"@id":"https:\/\/fmgente.com.ar\/web\/#organization"},"potentialAction":[{"@type":"SearchAction","target":{"@type":"EntryPoint","urlTemplate":"https:\/\/fmgente.com.ar\/web\/?s={search_term_string}"},"query-input":{"@type":"PropertyValueSpecification","valueRequired":true,"valueName":"search_term_string"}}],"inLanguage":"es"},{"@type":"Organization","@id":"https:\/\/fmgente.com.ar\/web\/#organization","name":"Fm Gente","url":"https:\/\/fmgente.com.ar\/web\/","logo":{"@type":"ImageObject","inLanguage":"es","@id":"https:\/\/fmgente.com.ar\/web\/#\/schema\/logo\/image\/","url":"https:\/\/fmgente.com.ar\/web\/wp-content\/uploads\/2023\/07\/cropped-cropped-logo-sombra2.png","contentUrl":"https:\/\/fmgente.com.ar\/web\/wp-content\/uploads\/2023\/07\/cropped-cropped-logo-sombra2.png","width":1782,"height":1782,"caption":"Fm Gente"},"image":{"@id":"https:\/\/fmgente.com.ar\/web\/#\/schema\/logo\/image\/"}}]}},"_links":{"self":[{"href":"https:\/\/fmgente.com.ar\/web\/wp-json\/wp\/v2\/posts\/14597","targetHints":{"allow":["GET"]}}],"collection":[{"href":"https:\/\/fmgente.com.ar\/web\/wp-json\/wp\/v2\/posts"}],"about":[{"href":"https:\/\/fmgente.com.ar\/web\/wp-json\/wp\/v2\/types\/post"}],"replies":[{"embeddable":true,"href":"https:\/\/fmgente.com.ar\/web\/wp-json\/wp\/v2\/comments?post=14597"}],"version-history":[{"count":0,"href":"https:\/\/fmgente.com.ar\/web\/wp-json\/wp\/v2\/posts\/14597\/revisions"}],"wp:featuredmedia":[{"embeddable":true,"href":"https:\/\/fmgente.com.ar\/web\/wp-json\/wp\/v2\/media\/14598"}],"wp:attachment":[{"href":"https:\/\/fmgente.com.ar\/web\/wp-json\/wp\/v2\/media?parent=14597"}],"wp:term":[{"taxonomy":"category","embeddable":true,"href":"https:\/\/fmgente.com.ar\/web\/wp-json\/wp\/v2\/categories?post=14597"},{"taxonomy":"post_tag","embeddable":true,"href":"https:\/\/fmgente.com.ar\/web\/wp-json\/wp\/v2\/tags?post=14597"}],"curies":[{"name":"wp","href":"https:\/\/api.w.org\/{rel}","templated":true}]}}