{"id":14595,"date":"2026-03-07T23:05:16","date_gmt":"2026-03-08T02:05:16","guid":{"rendered":"https:\/\/fmgente.com.ar\/web\/karen-reichardt-hablo-de-la-batalla-cultural-y-las-redes-no-salen-de-su-asombro\/"},"modified":"2026-03-07T23:05:16","modified_gmt":"2026-03-08T02:05:16","slug":"karen-reichardt-hablo-de-la-batalla-cultural-y-las-redes-no-salen-de-su-asombro","status":"publish","type":"post","link":"https:\/\/fmgente.com.ar\/web\/karen-reichardt-hablo-de-la-batalla-cultural-y-las-redes-no-salen-de-su-asombro\/","title":{"rendered":"Karen Reichardt habl\u00f3 de \u201cla batalla cultural\u201d y las redes no salen de su asombro"},"content":{"rendered":"<p>Cada vez que abre la boca o hace un posteo Karen Reichardt es v\u00edctima de reacciones y cargadas aunque en realidad no es culpa suya sino de quien pens\u00f3 que ten\u00eda la capacidad de ocupar el cargo de diputada.<\/p>\n<p>Ahora habl\u00f3 del a\u00f1o que se viene, asegur\u00f3 que se re\u00fane con j\u00f3venes libertarios para hablar de \u201cla batalla cultural\u201d que, por lo que ella misma explic\u00f3, no es otra cosa que la vieja y querida militancia.<\/p>\n<p>Para cerrar asegur\u00f3 que el tema \u201cno es esperar del Estado un cargo p\u00fablico\u201d que, parad\u00f3jicamente, es justamente su caso.<\/p>\n","protected":false},"excerpt":{"rendered":"<p>Cada vez que abre la boca o hace un posteo Karen Reichardt es v\u00edctima de<\/p>\n","protected":false},"author":0,"featured_media":14596,"comment_status":"","ping_status":"","sticky":false,"template":"","format":"standard","meta":{"footnotes":""},"categories":[11],"tags":[],"class_list":["post-14595","post","type-post","status-publish","format-standard","has-post-thumbnail","hentry","category-destacadas"],"yoast_head":"<!-- This site is optimized with the Yoast SEO plugin v27.4 - https:\/\/yoast.com\/product\/yoast-seo-wordpress\/ -->\n<title>Karen Reichardt habl\u00f3 de \u201cla batalla cultural\u201d y las redes no salen de su asombro - Fm Gente<\/title>\n<meta name=\"robots\" content=\"index, follow, max-snippet:-1, max-image-preview:large, max-video-preview:-1\" \/>\n<link rel=\"canonical\" href=\"https:\/\/fmgente.com.ar\/web\/karen-reichardt-hablo-de-la-batalla-cultural-y-las-redes-no-salen-de-su-asombro\/\" \/>\n<meta property=\"og:locale\" content=\"es_ES\" \/>\n<meta property=\"og:type\" content=\"article\" \/>\n<meta property=\"og:title\" content=\"Karen Reichardt habl\u00f3 de \u201cla batalla cultural\u201d y las redes no salen de su asombro - Fm Gente\" \/>\n<meta property=\"og:description\" content=\"Cada vez que abre la boca o hace un posteo Karen Reichardt es v\u00edctima de\" \/>\n<meta property=\"og:url\" content=\"https:\/\/fmgente.com.ar\/web\/karen-reichardt-hablo-de-la-batalla-cultural-y-las-redes-no-salen-de-su-asombro\/\" \/>\n<meta property=\"og:site_name\" content=\"Fm Gente\" \/>\n<meta property=\"article:published_time\" content=\"2026-03-08T02:05:16+00:00\" \/>\n<meta name=\"twitter:card\" content=\"summary_large_image\" \/>\n<meta name=\"twitter:label1\" content=\"Tiempo de lectura\" \/>\n\t<meta name=\"twitter:data1\" content=\"1 minuto\" \/>\n<script type=\"application\/ld+json\" class=\"yoast-schema-graph\">{\"@context\":\"https:\\\/\\\/schema.org\",\"@graph\":[{\"@type\":\"Article\",\"@id\":\"https:\\\/\\\/fmgente.com.ar\\\/web\\\/karen-reichardt-hablo-de-la-batalla-cultural-y-las-redes-no-salen-de-su-asombro\\\/#article\",\"isPartOf\":{\"@id\":\"https:\\\/\\\/fmgente.com.ar\\\/web\\\/karen-reichardt-hablo-de-la-batalla-cultural-y-las-redes-no-salen-de-su-asombro\\\/\"},\"author\":{\"name\":\"\",\"@id\":\"\"},\"headline\":\"Karen Reichardt habl\u00f3 de \u201cla batalla cultural\u201d y las redes no salen de su asombro\",\"datePublished\":\"2026-03-08T02:05:16+00:00\",\"mainEntityOfPage\":{\"@id\":\"https:\\\/\\\/fmgente.com.ar\\\/web\\\/karen-reichardt-hablo-de-la-batalla-cultural-y-las-redes-no-salen-de-su-asombro\\\/\"},\"wordCount\":118,\"publisher\":{\"@id\":\"https:\\\/\\\/fmgente.com.ar\\\/web\\\/#organization\"},\"image\":{\"@id\":\"https:\\\/\\\/fmgente.com.ar\\\/web\\\/karen-reichardt-hablo-de-la-batalla-cultural-y-las-redes-no-salen-de-su-asombro\\\/#primaryimage\"},\"thumbnailUrl\":\"https:\\\/\\\/fmgente.com.ar\\\/web\\\/wp-content\\\/uploads\\\/2026\\\/03\\\/720-404.jpeg\",\"articleSection\":[\"DESTACADAS\"],\"inLanguage\":\"es\"},{\"@type\":\"WebPage\",\"@id\":\"https:\\\/\\\/fmgente.com.ar\\\/web\\\/karen-reichardt-hablo-de-la-batalla-cultural-y-las-redes-no-salen-de-su-asombro\\\/\",\"url\":\"https:\\\/\\\/fmgente.com.ar\\\/web\\\/karen-reichardt-hablo-de-la-batalla-cultural-y-las-redes-no-salen-de-su-asombro\\\/\",\"name\":\"Karen Reichardt habl\u00f3 de \u201cla batalla cultural\u201d y las redes no salen de su asombro - Fm Gente\",\"isPartOf\":{\"@id\":\"https:\\\/\\\/fmgente.com.ar\\\/web\\\/#website\"},\"primaryImageOfPage\":{\"@id\":\"https:\\\/\\\/fmgente.com.ar\\\/web\\\/karen-reichardt-hablo-de-la-batalla-cultural-y-las-redes-no-salen-de-su-asombro\\\/#primaryimage\"},\"image\":{\"@id\":\"https:\\\/\\\/fmgente.com.ar\\\/web\\\/karen-reichardt-hablo-de-la-batalla-cultural-y-las-redes-no-salen-de-su-asombro\\\/#primaryimage\"},\"thumbnailUrl\":\"https:\\\/\\\/fmgente.com.ar\\\/web\\\/wp-content\\\/uploads\\\/2026\\\/03\\\/720-404.jpeg\",\"datePublished\":\"2026-03-08T02:05:16+00:00\",\"inLanguage\":\"es\",\"potentialAction\":[{\"@type\":\"ReadAction\",\"target\":[\"https:\\\/\\\/fmgente.com.ar\\\/web\\\/karen-reichardt-hablo-de-la-batalla-cultural-y-las-redes-no-salen-de-su-asombro\\\/\"]}]},{\"@type\":\"ImageObject\",\"inLanguage\":\"es\",\"@id\":\"https:\\\/\\\/fmgente.com.ar\\\/web\\\/karen-reichardt-hablo-de-la-batalla-cultural-y-las-redes-no-salen-de-su-asombro\\\/#primaryimage\",\"url\":\"https:\\\/\\\/fmgente.com.ar\\\/web\\\/wp-content\\\/uploads\\\/2026\\\/03\\\/720-404.jpeg\",\"contentUrl\":\"https:\\\/\\\/fmgente.com.ar\\\/web\\\/wp-content\\\/uploads\\\/2026\\\/03\\\/720-404.jpeg\",\"width\":969,\"height\":720},{\"@type\":\"WebSite\",\"@id\":\"https:\\\/\\\/fmgente.com.ar\\\/web\\\/#website\",\"url\":\"https:\\\/\\\/fmgente.com.ar\\\/web\\\/\",\"name\":\"Fm Gente\",\"description\":\"- Jes\u00fas Mar\u00eda\",\"publisher\":{\"@id\":\"https:\\\/\\\/fmgente.com.ar\\\/web\\\/#organization\"},\"potentialAction\":[{\"@type\":\"SearchAction\",\"target\":{\"@type\":\"EntryPoint\",\"urlTemplate\":\"https:\\\/\\\/fmgente.com.ar\\\/web\\\/?s={search_term_string}\"},\"query-input\":{\"@type\":\"PropertyValueSpecification\",\"valueRequired\":true,\"valueName\":\"search_term_string\"}}],\"inLanguage\":\"es\"},{\"@type\":\"Organization\",\"@id\":\"https:\\\/\\\/fmgente.com.ar\\\/web\\\/#organization\",\"name\":\"Fm Gente\",\"url\":\"https:\\\/\\\/fmgente.com.ar\\\/web\\\/\",\"logo\":{\"@type\":\"ImageObject\",\"inLanguage\":\"es\",\"@id\":\"https:\\\/\\\/fmgente.com.ar\\\/web\\\/#\\\/schema\\\/logo\\\/image\\\/\",\"url\":\"https:\\\/\\\/fmgente.com.ar\\\/web\\\/wp-content\\\/uploads\\\/2023\\\/07\\\/cropped-cropped-logo-sombra2.png\",\"contentUrl\":\"https:\\\/\\\/fmgente.com.ar\\\/web\\\/wp-content\\\/uploads\\\/2023\\\/07\\\/cropped-cropped-logo-sombra2.png\",\"width\":1782,\"height\":1782,\"caption\":\"Fm Gente\"},\"image\":{\"@id\":\"https:\\\/\\\/fmgente.com.ar\\\/web\\\/#\\\/schema\\\/logo\\\/image\\\/\"}}]}<\/script>\n<!-- \/ Yoast SEO plugin. -->","yoast_head_json":{"title":"Karen Reichardt habl\u00f3 de \u201cla batalla cultural\u201d y las redes no salen de su asombro - Fm Gente","robots":{"index":"index","follow":"follow","max-snippet":"max-snippet:-1","max-image-preview":"max-image-preview:large","max-video-preview":"max-video-preview:-1"},"canonical":"https:\/\/fmgente.com.ar\/web\/karen-reichardt-hablo-de-la-batalla-cultural-y-las-redes-no-salen-de-su-asombro\/","og_locale":"es_ES","og_type":"article","og_title":"Karen Reichardt habl\u00f3 de \u201cla batalla cultural\u201d y las redes no salen de su asombro - Fm Gente","og_description":"Cada vez que abre la boca o hace un posteo Karen Reichardt es v\u00edctima de","og_url":"https:\/\/fmgente.com.ar\/web\/karen-reichardt-hablo-de-la-batalla-cultural-y-las-redes-no-salen-de-su-asombro\/","og_site_name":"Fm Gente","article_published_time":"2026-03-08T02:05:16+00:00","twitter_card":"summary_large_image","twitter_misc":{"Tiempo de lectura":"1 minuto"},"schema":{"@context":"https:\/\/schema.org","@graph":[{"@type":"Article","@id":"https:\/\/fmgente.com.ar\/web\/karen-reichardt-hablo-de-la-batalla-cultural-y-las-redes-no-salen-de-su-asombro\/#article","isPartOf":{"@id":"https:\/\/fmgente.com.ar\/web\/karen-reichardt-hablo-de-la-batalla-cultural-y-las-redes-no-salen-de-su-asombro\/"},"author":{"name":"","@id":""},"headline":"Karen Reichardt habl\u00f3 de \u201cla batalla cultural\u201d y las redes no salen de su asombro","datePublished":"2026-03-08T02:05:16+00:00","mainEntityOfPage":{"@id":"https:\/\/fmgente.com.ar\/web\/karen-reichardt-hablo-de-la-batalla-cultural-y-las-redes-no-salen-de-su-asombro\/"},"wordCount":118,"publisher":{"@id":"https:\/\/fmgente.com.ar\/web\/#organization"},"image":{"@id":"https:\/\/fmgente.com.ar\/web\/karen-reichardt-hablo-de-la-batalla-cultural-y-las-redes-no-salen-de-su-asombro\/#primaryimage"},"thumbnailUrl":"https:\/\/fmgente.com.ar\/web\/wp-content\/uploads\/2026\/03\/720-404.jpeg","articleSection":["DESTACADAS"],"inLanguage":"es"},{"@type":"WebPage","@id":"https:\/\/fmgente.com.ar\/web\/karen-reichardt-hablo-de-la-batalla-cultural-y-las-redes-no-salen-de-su-asombro\/","url":"https:\/\/fmgente.com.ar\/web\/karen-reichardt-hablo-de-la-batalla-cultural-y-las-redes-no-salen-de-su-asombro\/","name":"Karen Reichardt habl\u00f3 de \u201cla batalla cultural\u201d y las redes no salen de su asombro - Fm Gente","isPartOf":{"@id":"https:\/\/fmgente.com.ar\/web\/#website"},"primaryImageOfPage":{"@id":"https:\/\/fmgente.com.ar\/web\/karen-reichardt-hablo-de-la-batalla-cultural-y-las-redes-no-salen-de-su-asombro\/#primaryimage"},"image":{"@id":"https:\/\/fmgente.com.ar\/web\/karen-reichardt-hablo-de-la-batalla-cultural-y-las-redes-no-salen-de-su-asombro\/#primaryimage"},"thumbnailUrl":"https:\/\/fmgente.com.ar\/web\/wp-content\/uploads\/2026\/03\/720-404.jpeg","datePublished":"2026-03-08T02:05:16+00:00","inLanguage":"es","potentialAction":[{"@type":"ReadAction","target":["https:\/\/fmgente.com.ar\/web\/karen-reichardt-hablo-de-la-batalla-cultural-y-las-redes-no-salen-de-su-asombro\/"]}]},{"@type":"ImageObject","inLanguage":"es","@id":"https:\/\/fmgente.com.ar\/web\/karen-reichardt-hablo-de-la-batalla-cultural-y-las-redes-no-salen-de-su-asombro\/#primaryimage","url":"https:\/\/fmgente.com.ar\/web\/wp-content\/uploads\/2026\/03\/720-404.jpeg","contentUrl":"https:\/\/fmgente.com.ar\/web\/wp-content\/uploads\/2026\/03\/720-404.jpeg","width":969,"height":720},{"@type":"WebSite","@id":"https:\/\/fmgente.com.ar\/web\/#website","url":"https:\/\/fmgente.com.ar\/web\/","name":"Fm Gente","description":"- Jes\u00fas Mar\u00eda","publisher":{"@id":"https:\/\/fmgente.com.ar\/web\/#organization"},"potentialAction":[{"@type":"SearchAction","target":{"@type":"EntryPoint","urlTemplate":"https:\/\/fmgente.com.ar\/web\/?s={search_term_string}"},"query-input":{"@type":"PropertyValueSpecification","valueRequired":true,"valueName":"search_term_string"}}],"inLanguage":"es"},{"@type":"Organization","@id":"https:\/\/fmgente.com.ar\/web\/#organization","name":"Fm Gente","url":"https:\/\/fmgente.com.ar\/web\/","logo":{"@type":"ImageObject","inLanguage":"es","@id":"https:\/\/fmgente.com.ar\/web\/#\/schema\/logo\/image\/","url":"https:\/\/fmgente.com.ar\/web\/wp-content\/uploads\/2023\/07\/cropped-cropped-logo-sombra2.png","contentUrl":"https:\/\/fmgente.com.ar\/web\/wp-content\/uploads\/2023\/07\/cropped-cropped-logo-sombra2.png","width":1782,"height":1782,"caption":"Fm Gente"},"image":{"@id":"https:\/\/fmgente.com.ar\/web\/#\/schema\/logo\/image\/"}}]}},"_links":{"self":[{"href":"https:\/\/fmgente.com.ar\/web\/wp-json\/wp\/v2\/posts\/14595","targetHints":{"allow":["GET"]}}],"collection":[{"href":"https:\/\/fmgente.com.ar\/web\/wp-json\/wp\/v2\/posts"}],"about":[{"href":"https:\/\/fmgente.com.ar\/web\/wp-json\/wp\/v2\/types\/post"}],"replies":[{"embeddable":true,"href":"https:\/\/fmgente.com.ar\/web\/wp-json\/wp\/v2\/comments?post=14595"}],"version-history":[{"count":0,"href":"https:\/\/fmgente.com.ar\/web\/wp-json\/wp\/v2\/posts\/14595\/revisions"}],"wp:featuredmedia":[{"embeddable":true,"href":"https:\/\/fmgente.com.ar\/web\/wp-json\/wp\/v2\/media\/14596"}],"wp:attachment":[{"href":"https:\/\/fmgente.com.ar\/web\/wp-json\/wp\/v2\/media?parent=14595"}],"wp:term":[{"taxonomy":"category","embeddable":true,"href":"https:\/\/fmgente.com.ar\/web\/wp-json\/wp\/v2\/categories?post=14595"},{"taxonomy":"post_tag","embeddable":true,"href":"https:\/\/fmgente.com.ar\/web\/wp-json\/wp\/v2\/tags?post=14595"}],"curies":[{"name":"wp","href":"https:\/\/api.w.org\/{rel}","templated":true}]}}