{"id":14593,"date":"2026-03-07T23:05:11","date_gmt":"2026-03-08T02:05:11","guid":{"rendered":"https:\/\/fmgente.com.ar\/web\/fpa-desbarato-una-organizacion-narco-que-operaba-en-corral-de-bustos-seis-detenidos\/"},"modified":"2026-03-07T23:05:11","modified_gmt":"2026-03-08T02:05:11","slug":"fpa-desbarato-una-organizacion-narco-que-operaba-en-corral-de-bustos-seis-detenidos","status":"publish","type":"post","link":"https:\/\/fmgente.com.ar\/web\/fpa-desbarato-una-organizacion-narco-que-operaba-en-corral-de-bustos-seis-detenidos\/","title":{"rendered":"FPA DESBARAT\u00d3 UNA ORGANIZACI\u00d3N NARCO QUE OPERABA EN CORRAL DE BUSTOS. SEIS DETENIDOS"},"content":{"rendered":"<p>Luego de intensas tareas de investigaciones durante diez meses, personal de la Fuerza Policial Antinarcotr\u00e1fico desarroll\u00f3 un operativo que permiti\u00f3 allanar siete domicilios y cerrar cuatro puntos de venta en la ciudad de Corral de Bustos.<\/p>\n<p>Las \u00f3rdenes de irrupci\u00f3n tuvieron lugar en las calles Corrientes al 900, Col\u00f3n s\/n, Catamarca al 800 y Defensa s\/n de la ciudad mencionada. En los domicilios se detuvieron a seis personas mayores de edad (tres hombres y tres mujeres) que pertenec\u00edan a una organizaci\u00f3n narco familiar dedicada a la comercializaci\u00f3n de estupefacientes. Todos contaban con antecedentes previos por venta de estupefacientes.<\/p>\n<p>Durante el registro de los domicilios allanados se logr\u00f3 incautar un arma de fuego .cal .32, dos veh\u00edculos que utilizaban para realizar delivery de drogas en diversos puntos de la ciudad y elementos relacionados a la causa.<\/p>\n<p>Cabe destacar que tres de los puntos de venta se encontraban a metros de un colegio y un jard\u00edn de infantes.<\/p>\n<p>Para concluir, la Fiscal\u00eda del Fuero de Lucha contra el Narcotr\u00e1fico con asiento en la ciudad de Marcos Ju\u00e1rez orden\u00f3 la remisi\u00f3n de lo secuestrado y el traslado de los aprehendidos a sede judicial, quedando imputados por Comercializaci\u00f3n de Estupefacientes Agravada en concordancia a la Ley Nacional de Estupefacientes N\u00b0 23.737.<\/p>\n<p>&nbsp;<\/p>\n<p><img loading=\"lazy\" decoding=\"async\" class=\"alignleft wp-image-55576\" src=\"https:\/\/www.mpfcordoba.gob.ar\/wp-content\/uploads\/2026\/03\/WhatsApp-Image-2026-03-07-at-12.01.49-1.jpeg\" alt=\"\" width=\"540\" height=\"720\" \/> <img loading=\"lazy\" decoding=\"async\" class=\"alignleft wp-image-55577\" src=\"https:\/\/www.mpfcordoba.gob.ar\/wp-content\/uploads\/2026\/03\/WhatsApp-Image-2026-03-07-at-12.01.49.jpeg\" alt=\"\" width=\"540\" height=\"720\" \/><\/p>\n","protected":false},"excerpt":{"rendered":"<p>Luego de intensas tareas de investigaciones durante diez meses, personal de la Fuerza Policial Antinarcotr\u00e1fico<\/p>\n","protected":false},"author":0,"featured_media":14594,"comment_status":"","ping_status":"","sticky":false,"template":"","format":"standard","meta":{"footnotes":""},"categories":[1794],"tags":[],"class_list":["post-14593","post","type-post","status-publish","format-standard","has-post-thumbnail","hentry","category-policiales"],"yoast_head":"<!-- This site is optimized with the Yoast SEO plugin v27.4 - https:\/\/yoast.com\/product\/yoast-seo-wordpress\/ -->\n<title>FPA DESBARAT\u00d3 UNA ORGANIZACI\u00d3N NARCO QUE OPERABA EN CORRAL DE BUSTOS. SEIS DETENIDOS - Fm Gente<\/title>\n<meta name=\"robots\" content=\"index, follow, max-snippet:-1, max-image-preview:large, max-video-preview:-1\" \/>\n<link rel=\"canonical\" href=\"https:\/\/fmgente.com.ar\/web\/fpa-desbarato-una-organizacion-narco-que-operaba-en-corral-de-bustos-seis-detenidos\/\" \/>\n<meta property=\"og:locale\" content=\"es_ES\" \/>\n<meta property=\"og:type\" content=\"article\" \/>\n<meta property=\"og:title\" content=\"FPA DESBARAT\u00d3 UNA ORGANIZACI\u00d3N NARCO QUE OPERABA EN CORRAL DE BUSTOS. SEIS DETENIDOS - Fm Gente\" \/>\n<meta property=\"og:description\" content=\"Luego de intensas tareas de investigaciones durante diez meses, personal de la Fuerza Policial Antinarcotr\u00e1fico\" \/>\n<meta property=\"og:url\" content=\"https:\/\/fmgente.com.ar\/web\/fpa-desbarato-una-organizacion-narco-que-operaba-en-corral-de-bustos-seis-detenidos\/\" \/>\n<meta property=\"og:site_name\" content=\"Fm Gente\" \/>\n<meta property=\"article:published_time\" content=\"2026-03-08T02:05:11+00:00\" \/>\n<meta name=\"twitter:card\" content=\"summary_large_image\" \/>\n<meta name=\"twitter:label1\" content=\"Tiempo de lectura\" \/>\n\t<meta name=\"twitter:data1\" content=\"1 minuto\" \/>\n<script type=\"application\/ld+json\" class=\"yoast-schema-graph\">{\"@context\":\"https:\\\/\\\/schema.org\",\"@graph\":[{\"@type\":\"Article\",\"@id\":\"https:\\\/\\\/fmgente.com.ar\\\/web\\\/fpa-desbarato-una-organizacion-narco-que-operaba-en-corral-de-bustos-seis-detenidos\\\/#article\",\"isPartOf\":{\"@id\":\"https:\\\/\\\/fmgente.com.ar\\\/web\\\/fpa-desbarato-una-organizacion-narco-que-operaba-en-corral-de-bustos-seis-detenidos\\\/\"},\"author\":{\"name\":\"\",\"@id\":\"\"},\"headline\":\"FPA DESBARAT\u00d3 UNA ORGANIZACI\u00d3N NARCO QUE OPERABA EN CORRAL DE BUSTOS. SEIS DETENIDOS\",\"datePublished\":\"2026-03-08T02:05:11+00:00\",\"mainEntityOfPage\":{\"@id\":\"https:\\\/\\\/fmgente.com.ar\\\/web\\\/fpa-desbarato-una-organizacion-narco-que-operaba-en-corral-de-bustos-seis-detenidos\\\/\"},\"wordCount\":233,\"publisher\":{\"@id\":\"https:\\\/\\\/fmgente.com.ar\\\/web\\\/#organization\"},\"image\":{\"@id\":\"https:\\\/\\\/fmgente.com.ar\\\/web\\\/fpa-desbarato-una-organizacion-narco-que-operaba-en-corral-de-bustos-seis-detenidos\\\/#primaryimage\"},\"thumbnailUrl\":\"https:\\\/\\\/fmgente.com.ar\\\/web\\\/wp-content\\\/uploads\\\/2026\\\/03\\\/WhatsApp-Image-2026-03-07-at-12.01.49-1.jpeg\",\"articleSection\":[\"POLICIALES\"],\"inLanguage\":\"es\"},{\"@type\":\"WebPage\",\"@id\":\"https:\\\/\\\/fmgente.com.ar\\\/web\\\/fpa-desbarato-una-organizacion-narco-que-operaba-en-corral-de-bustos-seis-detenidos\\\/\",\"url\":\"https:\\\/\\\/fmgente.com.ar\\\/web\\\/fpa-desbarato-una-organizacion-narco-que-operaba-en-corral-de-bustos-seis-detenidos\\\/\",\"name\":\"FPA DESBARAT\u00d3 UNA ORGANIZACI\u00d3N NARCO QUE OPERABA EN CORRAL DE BUSTOS. SEIS DETENIDOS - Fm Gente\",\"isPartOf\":{\"@id\":\"https:\\\/\\\/fmgente.com.ar\\\/web\\\/#website\"},\"primaryImageOfPage\":{\"@id\":\"https:\\\/\\\/fmgente.com.ar\\\/web\\\/fpa-desbarato-una-organizacion-narco-que-operaba-en-corral-de-bustos-seis-detenidos\\\/#primaryimage\"},\"image\":{\"@id\":\"https:\\\/\\\/fmgente.com.ar\\\/web\\\/fpa-desbarato-una-organizacion-narco-que-operaba-en-corral-de-bustos-seis-detenidos\\\/#primaryimage\"},\"thumbnailUrl\":\"https:\\\/\\\/fmgente.com.ar\\\/web\\\/wp-content\\\/uploads\\\/2026\\\/03\\\/WhatsApp-Image-2026-03-07-at-12.01.49-1.jpeg\",\"datePublished\":\"2026-03-08T02:05:11+00:00\",\"inLanguage\":\"es\",\"potentialAction\":[{\"@type\":\"ReadAction\",\"target\":[\"https:\\\/\\\/fmgente.com.ar\\\/web\\\/fpa-desbarato-una-organizacion-narco-que-operaba-en-corral-de-bustos-seis-detenidos\\\/\"]}]},{\"@type\":\"ImageObject\",\"inLanguage\":\"es\",\"@id\":\"https:\\\/\\\/fmgente.com.ar\\\/web\\\/fpa-desbarato-una-organizacion-narco-que-operaba-en-corral-de-bustos-seis-detenidos\\\/#primaryimage\",\"url\":\"https:\\\/\\\/fmgente.com.ar\\\/web\\\/wp-content\\\/uploads\\\/2026\\\/03\\\/WhatsApp-Image-2026-03-07-at-12.01.49-1.jpeg\",\"contentUrl\":\"https:\\\/\\\/fmgente.com.ar\\\/web\\\/wp-content\\\/uploads\\\/2026\\\/03\\\/WhatsApp-Image-2026-03-07-at-12.01.49-1.jpeg\",\"width\":1200,\"height\":1600},{\"@type\":\"WebSite\",\"@id\":\"https:\\\/\\\/fmgente.com.ar\\\/web\\\/#website\",\"url\":\"https:\\\/\\\/fmgente.com.ar\\\/web\\\/\",\"name\":\"Fm Gente\",\"description\":\"- Jes\u00fas Mar\u00eda\",\"publisher\":{\"@id\":\"https:\\\/\\\/fmgente.com.ar\\\/web\\\/#organization\"},\"potentialAction\":[{\"@type\":\"SearchAction\",\"target\":{\"@type\":\"EntryPoint\",\"urlTemplate\":\"https:\\\/\\\/fmgente.com.ar\\\/web\\\/?s={search_term_string}\"},\"query-input\":{\"@type\":\"PropertyValueSpecification\",\"valueRequired\":true,\"valueName\":\"search_term_string\"}}],\"inLanguage\":\"es\"},{\"@type\":\"Organization\",\"@id\":\"https:\\\/\\\/fmgente.com.ar\\\/web\\\/#organization\",\"name\":\"Fm Gente\",\"url\":\"https:\\\/\\\/fmgente.com.ar\\\/web\\\/\",\"logo\":{\"@type\":\"ImageObject\",\"inLanguage\":\"es\",\"@id\":\"https:\\\/\\\/fmgente.com.ar\\\/web\\\/#\\\/schema\\\/logo\\\/image\\\/\",\"url\":\"https:\\\/\\\/fmgente.com.ar\\\/web\\\/wp-content\\\/uploads\\\/2023\\\/07\\\/cropped-cropped-logo-sombra2.png\",\"contentUrl\":\"https:\\\/\\\/fmgente.com.ar\\\/web\\\/wp-content\\\/uploads\\\/2023\\\/07\\\/cropped-cropped-logo-sombra2.png\",\"width\":1782,\"height\":1782,\"caption\":\"Fm Gente\"},\"image\":{\"@id\":\"https:\\\/\\\/fmgente.com.ar\\\/web\\\/#\\\/schema\\\/logo\\\/image\\\/\"}}]}<\/script>\n<!-- \/ Yoast SEO plugin. -->","yoast_head_json":{"title":"FPA DESBARAT\u00d3 UNA ORGANIZACI\u00d3N NARCO QUE OPERABA EN CORRAL DE BUSTOS. SEIS DETENIDOS - Fm Gente","robots":{"index":"index","follow":"follow","max-snippet":"max-snippet:-1","max-image-preview":"max-image-preview:large","max-video-preview":"max-video-preview:-1"},"canonical":"https:\/\/fmgente.com.ar\/web\/fpa-desbarato-una-organizacion-narco-que-operaba-en-corral-de-bustos-seis-detenidos\/","og_locale":"es_ES","og_type":"article","og_title":"FPA DESBARAT\u00d3 UNA ORGANIZACI\u00d3N NARCO QUE OPERABA EN CORRAL DE BUSTOS. SEIS DETENIDOS - Fm Gente","og_description":"Luego de intensas tareas de investigaciones durante diez meses, personal de la Fuerza Policial Antinarcotr\u00e1fico","og_url":"https:\/\/fmgente.com.ar\/web\/fpa-desbarato-una-organizacion-narco-que-operaba-en-corral-de-bustos-seis-detenidos\/","og_site_name":"Fm Gente","article_published_time":"2026-03-08T02:05:11+00:00","twitter_card":"summary_large_image","twitter_misc":{"Tiempo de lectura":"1 minuto"},"schema":{"@context":"https:\/\/schema.org","@graph":[{"@type":"Article","@id":"https:\/\/fmgente.com.ar\/web\/fpa-desbarato-una-organizacion-narco-que-operaba-en-corral-de-bustos-seis-detenidos\/#article","isPartOf":{"@id":"https:\/\/fmgente.com.ar\/web\/fpa-desbarato-una-organizacion-narco-que-operaba-en-corral-de-bustos-seis-detenidos\/"},"author":{"name":"","@id":""},"headline":"FPA DESBARAT\u00d3 UNA ORGANIZACI\u00d3N NARCO QUE OPERABA EN CORRAL DE BUSTOS. SEIS DETENIDOS","datePublished":"2026-03-08T02:05:11+00:00","mainEntityOfPage":{"@id":"https:\/\/fmgente.com.ar\/web\/fpa-desbarato-una-organizacion-narco-que-operaba-en-corral-de-bustos-seis-detenidos\/"},"wordCount":233,"publisher":{"@id":"https:\/\/fmgente.com.ar\/web\/#organization"},"image":{"@id":"https:\/\/fmgente.com.ar\/web\/fpa-desbarato-una-organizacion-narco-que-operaba-en-corral-de-bustos-seis-detenidos\/#primaryimage"},"thumbnailUrl":"https:\/\/fmgente.com.ar\/web\/wp-content\/uploads\/2026\/03\/WhatsApp-Image-2026-03-07-at-12.01.49-1.jpeg","articleSection":["POLICIALES"],"inLanguage":"es"},{"@type":"WebPage","@id":"https:\/\/fmgente.com.ar\/web\/fpa-desbarato-una-organizacion-narco-que-operaba-en-corral-de-bustos-seis-detenidos\/","url":"https:\/\/fmgente.com.ar\/web\/fpa-desbarato-una-organizacion-narco-que-operaba-en-corral-de-bustos-seis-detenidos\/","name":"FPA DESBARAT\u00d3 UNA ORGANIZACI\u00d3N NARCO QUE OPERABA EN CORRAL DE BUSTOS. SEIS DETENIDOS - Fm Gente","isPartOf":{"@id":"https:\/\/fmgente.com.ar\/web\/#website"},"primaryImageOfPage":{"@id":"https:\/\/fmgente.com.ar\/web\/fpa-desbarato-una-organizacion-narco-que-operaba-en-corral-de-bustos-seis-detenidos\/#primaryimage"},"image":{"@id":"https:\/\/fmgente.com.ar\/web\/fpa-desbarato-una-organizacion-narco-que-operaba-en-corral-de-bustos-seis-detenidos\/#primaryimage"},"thumbnailUrl":"https:\/\/fmgente.com.ar\/web\/wp-content\/uploads\/2026\/03\/WhatsApp-Image-2026-03-07-at-12.01.49-1.jpeg","datePublished":"2026-03-08T02:05:11+00:00","inLanguage":"es","potentialAction":[{"@type":"ReadAction","target":["https:\/\/fmgente.com.ar\/web\/fpa-desbarato-una-organizacion-narco-que-operaba-en-corral-de-bustos-seis-detenidos\/"]}]},{"@type":"ImageObject","inLanguage":"es","@id":"https:\/\/fmgente.com.ar\/web\/fpa-desbarato-una-organizacion-narco-que-operaba-en-corral-de-bustos-seis-detenidos\/#primaryimage","url":"https:\/\/fmgente.com.ar\/web\/wp-content\/uploads\/2026\/03\/WhatsApp-Image-2026-03-07-at-12.01.49-1.jpeg","contentUrl":"https:\/\/fmgente.com.ar\/web\/wp-content\/uploads\/2026\/03\/WhatsApp-Image-2026-03-07-at-12.01.49-1.jpeg","width":1200,"height":1600},{"@type":"WebSite","@id":"https:\/\/fmgente.com.ar\/web\/#website","url":"https:\/\/fmgente.com.ar\/web\/","name":"Fm Gente","description":"- Jes\u00fas Mar\u00eda","publisher":{"@id":"https:\/\/fmgente.com.ar\/web\/#organization"},"potentialAction":[{"@type":"SearchAction","target":{"@type":"EntryPoint","urlTemplate":"https:\/\/fmgente.com.ar\/web\/?s={search_term_string}"},"query-input":{"@type":"PropertyValueSpecification","valueRequired":true,"valueName":"search_term_string"}}],"inLanguage":"es"},{"@type":"Organization","@id":"https:\/\/fmgente.com.ar\/web\/#organization","name":"Fm Gente","url":"https:\/\/fmgente.com.ar\/web\/","logo":{"@type":"ImageObject","inLanguage":"es","@id":"https:\/\/fmgente.com.ar\/web\/#\/schema\/logo\/image\/","url":"https:\/\/fmgente.com.ar\/web\/wp-content\/uploads\/2023\/07\/cropped-cropped-logo-sombra2.png","contentUrl":"https:\/\/fmgente.com.ar\/web\/wp-content\/uploads\/2023\/07\/cropped-cropped-logo-sombra2.png","width":1782,"height":1782,"caption":"Fm Gente"},"image":{"@id":"https:\/\/fmgente.com.ar\/web\/#\/schema\/logo\/image\/"}}]}},"_links":{"self":[{"href":"https:\/\/fmgente.com.ar\/web\/wp-json\/wp\/v2\/posts\/14593","targetHints":{"allow":["GET"]}}],"collection":[{"href":"https:\/\/fmgente.com.ar\/web\/wp-json\/wp\/v2\/posts"}],"about":[{"href":"https:\/\/fmgente.com.ar\/web\/wp-json\/wp\/v2\/types\/post"}],"replies":[{"embeddable":true,"href":"https:\/\/fmgente.com.ar\/web\/wp-json\/wp\/v2\/comments?post=14593"}],"version-history":[{"count":0,"href":"https:\/\/fmgente.com.ar\/web\/wp-json\/wp\/v2\/posts\/14593\/revisions"}],"wp:featuredmedia":[{"embeddable":true,"href":"https:\/\/fmgente.com.ar\/web\/wp-json\/wp\/v2\/media\/14594"}],"wp:attachment":[{"href":"https:\/\/fmgente.com.ar\/web\/wp-json\/wp\/v2\/media?parent=14593"}],"wp:term":[{"taxonomy":"category","embeddable":true,"href":"https:\/\/fmgente.com.ar\/web\/wp-json\/wp\/v2\/categories?post=14593"},{"taxonomy":"post_tag","embeddable":true,"href":"https:\/\/fmgente.com.ar\/web\/wp-json\/wp\/v2\/tags?post=14593"}],"curies":[{"name":"wp","href":"https:\/\/api.w.org\/{rel}","templated":true}]}}