{"id":14591,"date":"2026-03-07T23:05:09","date_gmt":"2026-03-08T02:05:09","guid":{"rendered":"https:\/\/fmgente.com.ar\/web\/barcelona-gano-en-san-mames-y-se-afirma-en-lo-mas-alto\/"},"modified":"2026-03-07T23:05:09","modified_gmt":"2026-03-08T02:05:09","slug":"barcelona-gano-en-san-mames-y-se-afirma-en-lo-mas-alto","status":"publish","type":"post","link":"https:\/\/fmgente.com.ar\/web\/barcelona-gano-en-san-mames-y-se-afirma-en-lo-mas-alto\/","title":{"rendered":"Barcelona gan\u00f3 en San Mam\u00e9s y se afirma en lo m\u00e1s alto"},"content":{"rendered":"<p>Buenos Aires, 7 marzo (NA) \u2013 Barcelona mantuvo el liderazgo y la distancia de cuatro puntos sobre Real Madrid, al vencer al Athletic de Bilbao por 1-0, como visitante, en un partido v\u00e1lido por la vig\u00e9simo s\u00e9ptima fecha de LaLiga de Espa\u00f1a, disputada parcialmente esta tarde.<\/p>\n<p>En tanto, y en los otros cotejos jugados este s\u00e1babdo, Atl\u00e9tico Madrid super\u00f3 a Real Sociedad por 3 a 2, mientras que Osasuna igual\u00f3 con Mallorca 2 a 2 y Levante empat\u00f3 frente a Girona 1-1<\/p>\n<p>En el estadio San Mam\u00e9s, tambi\u00e9n conocido como la catedral, Barcelona dio otra muestra de car\u00e1cter al imponerse con lo justo a un intenso Athletic de Bilbao por 1-0, gracias a un golazo de Lamine Yamal en la segunda parte. Y con esta victoria el conjunto catal\u00e1n conserv\u00f3 los cuatro de ventaja sobre Real Madrid, su eterno rival, en la fase definitoria del certamen.<\/p>\n<p>Barcelona ven\u00eda de quedar eliminado de la Copa del Rey, a manos del Atl\u00e9tico Madrid, pero tiene por delante otros dos grandes objetivos: LaLiga y la Champions League.<\/p>\n<p>Precisamente, Atl\u00e9tico Madrid protagoniz\u00f3 otro encuentro de alto voltaje al imponerse ag\u00f3nicamente a Real Sociedad por 3-2 y escal\u00f3 hasta el tercer puesto, aunque ya sin chances de pelear por el t\u00edtulo.<\/p>\n<p>El equipo madrile\u00f1o estuvo dos veces en ventaja, con los goles del noruego Alexander Sorloth y el argentino Nicol\u00e1s Gonz\u00e1lez, pero su oponente se repuso y lleg\u00f3 a la igualdad gracias a los tantos de Carlos Soler y Mikel Oyarz\u00e1bal. Sin embargo, cerca del final apareci\u00f3 otra vez Gonz\u00e1lez para lograr un gran triunfo.<\/p>\n<p>Por su parte, Mart\u00edn Demichelis tuvo este s\u00e1bado un estreno frustrante como director t\u00e9cnico del Mallorca, que igual\u00f3 2-2 ante Osasuna, luego de haber sacado una ventaja de dos goles en condici\u00f3n de visitante. El conjunto bermell\u00f3n dej\u00f3 pasar una oportunidad importante en la pelea por la permanencia y sum\u00f3 apenas un punto en una jornada clave de La Liga.<\/p>\n<p>El equipo del exentrenador de River parec\u00eda encaminarse a una victoria valiosa gracias al doblete de Vedat Muriqi, que hab\u00eda puesto en ventaja al Mallorca. Sin embargo, el local reaccion\u00f3 en el tramo final y alcanz\u00f3 la igualdad en un cierre inesperado.<\/p>\n<p>Con este resultado, y seg\u00fan supo la Agencia Noticias Argentinas, el Mallorca no logr\u00f3 salir de la zona roja y contin\u00faa comprometido en la lucha por mantener la categor\u00eda, en un contexto en el que cada punto empieza a pesar cada vez m\u00e1s a medida que se acerca el cierre de la temporada.<\/p>\n<p>La jornada de s\u00e1bado en el f\u00fatbol de Espa\u00f1a tuvo tambi\u00e9n empate 1-1 del Levante con el Girona en el estadio Ciudat de Valencia. El defensor argentino Mat\u00edas Moreno fue titular en los locales que empezaron ganando con el gol de Carlos Esp\u00ed mientras que sus compatriotas, el arquero Paulo Gazzaniga y el delantero Claudio Echeverri, hicieron lo propio en los rojiblancos que lo igualaron con el tanto de Joel Roca.<\/p>\n<p>La fecha continuar\u00e1 este domingo con los encuentros Villarreal-Elche; Getafe-Betis; Sevilla-Rayo Vallecano y Valencia-Alav\u00e9s, mientras que el lunes jugar\u00e1n Espanyol-Oviedo.<\/p>\n<p>#AgenciaNA<\/p>\n","protected":false},"excerpt":{"rendered":"<p>Buenos Aires, 7 marzo (NA) \u2013 Barcelona mantuvo el liderazgo y la distancia de cuatro<\/p>\n","protected":false},"author":0,"featured_media":14592,"comment_status":"","ping_status":"","sticky":false,"template":"","format":"standard","meta":{"footnotes":""},"categories":[11],"tags":[],"class_list":["post-14591","post","type-post","status-publish","format-standard","has-post-thumbnail","hentry","category-destacadas"],"yoast_head":"<!-- This site is optimized with the Yoast SEO plugin v27.4 - https:\/\/yoast.com\/product\/yoast-seo-wordpress\/ -->\n<title>Barcelona gan\u00f3 en San Mam\u00e9s y se afirma en lo m\u00e1s alto - Fm Gente<\/title>\n<meta name=\"robots\" content=\"index, follow, max-snippet:-1, max-image-preview:large, max-video-preview:-1\" \/>\n<link rel=\"canonical\" href=\"https:\/\/fmgente.com.ar\/web\/barcelona-gano-en-san-mames-y-se-afirma-en-lo-mas-alto\/\" \/>\n<meta property=\"og:locale\" content=\"es_ES\" \/>\n<meta property=\"og:type\" content=\"article\" \/>\n<meta property=\"og:title\" content=\"Barcelona gan\u00f3 en San Mam\u00e9s y se afirma en lo m\u00e1s alto - Fm Gente\" \/>\n<meta property=\"og:description\" content=\"Buenos Aires, 7 marzo (NA) \u2013 Barcelona mantuvo el liderazgo y la distancia de cuatro\" \/>\n<meta property=\"og:url\" content=\"https:\/\/fmgente.com.ar\/web\/barcelona-gano-en-san-mames-y-se-afirma-en-lo-mas-alto\/\" \/>\n<meta property=\"og:site_name\" content=\"Fm Gente\" \/>\n<meta property=\"article:published_time\" content=\"2026-03-08T02:05:09+00:00\" \/>\n<meta name=\"twitter:card\" content=\"summary_large_image\" \/>\n<meta name=\"twitter:label1\" content=\"Tiempo de lectura\" \/>\n\t<meta name=\"twitter:data1\" content=\"3 minutos\" \/>\n<script type=\"application\/ld+json\" class=\"yoast-schema-graph\">{\"@context\":\"https:\\\/\\\/schema.org\",\"@graph\":[{\"@type\":\"Article\",\"@id\":\"https:\\\/\\\/fmgente.com.ar\\\/web\\\/barcelona-gano-en-san-mames-y-se-afirma-en-lo-mas-alto\\\/#article\",\"isPartOf\":{\"@id\":\"https:\\\/\\\/fmgente.com.ar\\\/web\\\/barcelona-gano-en-san-mames-y-se-afirma-en-lo-mas-alto\\\/\"},\"author\":{\"name\":\"\",\"@id\":\"\"},\"headline\":\"Barcelona gan\u00f3 en San Mam\u00e9s y se afirma en lo m\u00e1s alto\",\"datePublished\":\"2026-03-08T02:05:09+00:00\",\"mainEntityOfPage\":{\"@id\":\"https:\\\/\\\/fmgente.com.ar\\\/web\\\/barcelona-gano-en-san-mames-y-se-afirma-en-lo-mas-alto\\\/\"},\"wordCount\":553,\"publisher\":{\"@id\":\"https:\\\/\\\/fmgente.com.ar\\\/web\\\/#organization\"},\"image\":{\"@id\":\"https:\\\/\\\/fmgente.com.ar\\\/web\\\/barcelona-gano-en-san-mames-y-se-afirma-en-lo-mas-alto\\\/#primaryimage\"},\"thumbnailUrl\":\"https:\\\/\\\/fmgente.com.ar\\\/web\\\/wp-content\\\/uploads\\\/2026\\\/03\\\/720-403.jpeg\",\"articleSection\":[\"DESTACADAS\"],\"inLanguage\":\"es\"},{\"@type\":\"WebPage\",\"@id\":\"https:\\\/\\\/fmgente.com.ar\\\/web\\\/barcelona-gano-en-san-mames-y-se-afirma-en-lo-mas-alto\\\/\",\"url\":\"https:\\\/\\\/fmgente.com.ar\\\/web\\\/barcelona-gano-en-san-mames-y-se-afirma-en-lo-mas-alto\\\/\",\"name\":\"Barcelona gan\u00f3 en San Mam\u00e9s y se afirma en lo m\u00e1s alto - Fm Gente\",\"isPartOf\":{\"@id\":\"https:\\\/\\\/fmgente.com.ar\\\/web\\\/#website\"},\"primaryImageOfPage\":{\"@id\":\"https:\\\/\\\/fmgente.com.ar\\\/web\\\/barcelona-gano-en-san-mames-y-se-afirma-en-lo-mas-alto\\\/#primaryimage\"},\"image\":{\"@id\":\"https:\\\/\\\/fmgente.com.ar\\\/web\\\/barcelona-gano-en-san-mames-y-se-afirma-en-lo-mas-alto\\\/#primaryimage\"},\"thumbnailUrl\":\"https:\\\/\\\/fmgente.com.ar\\\/web\\\/wp-content\\\/uploads\\\/2026\\\/03\\\/720-403.jpeg\",\"datePublished\":\"2026-03-08T02:05:09+00:00\",\"inLanguage\":\"es\",\"potentialAction\":[{\"@type\":\"ReadAction\",\"target\":[\"https:\\\/\\\/fmgente.com.ar\\\/web\\\/barcelona-gano-en-san-mames-y-se-afirma-en-lo-mas-alto\\\/\"]}]},{\"@type\":\"ImageObject\",\"inLanguage\":\"es\",\"@id\":\"https:\\\/\\\/fmgente.com.ar\\\/web\\\/barcelona-gano-en-san-mames-y-se-afirma-en-lo-mas-alto\\\/#primaryimage\",\"url\":\"https:\\\/\\\/fmgente.com.ar\\\/web\\\/wp-content\\\/uploads\\\/2026\\\/03\\\/720-403.jpeg\",\"contentUrl\":\"https:\\\/\\\/fmgente.com.ar\\\/web\\\/wp-content\\\/uploads\\\/2026\\\/03\\\/720-403.jpeg\",\"width\":1280,\"height\":691},{\"@type\":\"WebSite\",\"@id\":\"https:\\\/\\\/fmgente.com.ar\\\/web\\\/#website\",\"url\":\"https:\\\/\\\/fmgente.com.ar\\\/web\\\/\",\"name\":\"Fm Gente\",\"description\":\"- Jes\u00fas Mar\u00eda\",\"publisher\":{\"@id\":\"https:\\\/\\\/fmgente.com.ar\\\/web\\\/#organization\"},\"potentialAction\":[{\"@type\":\"SearchAction\",\"target\":{\"@type\":\"EntryPoint\",\"urlTemplate\":\"https:\\\/\\\/fmgente.com.ar\\\/web\\\/?s={search_term_string}\"},\"query-input\":{\"@type\":\"PropertyValueSpecification\",\"valueRequired\":true,\"valueName\":\"search_term_string\"}}],\"inLanguage\":\"es\"},{\"@type\":\"Organization\",\"@id\":\"https:\\\/\\\/fmgente.com.ar\\\/web\\\/#organization\",\"name\":\"Fm Gente\",\"url\":\"https:\\\/\\\/fmgente.com.ar\\\/web\\\/\",\"logo\":{\"@type\":\"ImageObject\",\"inLanguage\":\"es\",\"@id\":\"https:\\\/\\\/fmgente.com.ar\\\/web\\\/#\\\/schema\\\/logo\\\/image\\\/\",\"url\":\"https:\\\/\\\/fmgente.com.ar\\\/web\\\/wp-content\\\/uploads\\\/2023\\\/07\\\/cropped-cropped-logo-sombra2.png\",\"contentUrl\":\"https:\\\/\\\/fmgente.com.ar\\\/web\\\/wp-content\\\/uploads\\\/2023\\\/07\\\/cropped-cropped-logo-sombra2.png\",\"width\":1782,\"height\":1782,\"caption\":\"Fm Gente\"},\"image\":{\"@id\":\"https:\\\/\\\/fmgente.com.ar\\\/web\\\/#\\\/schema\\\/logo\\\/image\\\/\"}}]}<\/script>\n<!-- \/ Yoast SEO plugin. -->","yoast_head_json":{"title":"Barcelona gan\u00f3 en San Mam\u00e9s y se afirma en lo m\u00e1s alto - Fm Gente","robots":{"index":"index","follow":"follow","max-snippet":"max-snippet:-1","max-image-preview":"max-image-preview:large","max-video-preview":"max-video-preview:-1"},"canonical":"https:\/\/fmgente.com.ar\/web\/barcelona-gano-en-san-mames-y-se-afirma-en-lo-mas-alto\/","og_locale":"es_ES","og_type":"article","og_title":"Barcelona gan\u00f3 en San Mam\u00e9s y se afirma en lo m\u00e1s alto - Fm Gente","og_description":"Buenos Aires, 7 marzo (NA) \u2013 Barcelona mantuvo el liderazgo y la distancia de cuatro","og_url":"https:\/\/fmgente.com.ar\/web\/barcelona-gano-en-san-mames-y-se-afirma-en-lo-mas-alto\/","og_site_name":"Fm Gente","article_published_time":"2026-03-08T02:05:09+00:00","twitter_card":"summary_large_image","twitter_misc":{"Tiempo de lectura":"3 minutos"},"schema":{"@context":"https:\/\/schema.org","@graph":[{"@type":"Article","@id":"https:\/\/fmgente.com.ar\/web\/barcelona-gano-en-san-mames-y-se-afirma-en-lo-mas-alto\/#article","isPartOf":{"@id":"https:\/\/fmgente.com.ar\/web\/barcelona-gano-en-san-mames-y-se-afirma-en-lo-mas-alto\/"},"author":{"name":"","@id":""},"headline":"Barcelona gan\u00f3 en San Mam\u00e9s y se afirma en lo m\u00e1s alto","datePublished":"2026-03-08T02:05:09+00:00","mainEntityOfPage":{"@id":"https:\/\/fmgente.com.ar\/web\/barcelona-gano-en-san-mames-y-se-afirma-en-lo-mas-alto\/"},"wordCount":553,"publisher":{"@id":"https:\/\/fmgente.com.ar\/web\/#organization"},"image":{"@id":"https:\/\/fmgente.com.ar\/web\/barcelona-gano-en-san-mames-y-se-afirma-en-lo-mas-alto\/#primaryimage"},"thumbnailUrl":"https:\/\/fmgente.com.ar\/web\/wp-content\/uploads\/2026\/03\/720-403.jpeg","articleSection":["DESTACADAS"],"inLanguage":"es"},{"@type":"WebPage","@id":"https:\/\/fmgente.com.ar\/web\/barcelona-gano-en-san-mames-y-se-afirma-en-lo-mas-alto\/","url":"https:\/\/fmgente.com.ar\/web\/barcelona-gano-en-san-mames-y-se-afirma-en-lo-mas-alto\/","name":"Barcelona gan\u00f3 en San Mam\u00e9s y se afirma en lo m\u00e1s alto - Fm Gente","isPartOf":{"@id":"https:\/\/fmgente.com.ar\/web\/#website"},"primaryImageOfPage":{"@id":"https:\/\/fmgente.com.ar\/web\/barcelona-gano-en-san-mames-y-se-afirma-en-lo-mas-alto\/#primaryimage"},"image":{"@id":"https:\/\/fmgente.com.ar\/web\/barcelona-gano-en-san-mames-y-se-afirma-en-lo-mas-alto\/#primaryimage"},"thumbnailUrl":"https:\/\/fmgente.com.ar\/web\/wp-content\/uploads\/2026\/03\/720-403.jpeg","datePublished":"2026-03-08T02:05:09+00:00","inLanguage":"es","potentialAction":[{"@type":"ReadAction","target":["https:\/\/fmgente.com.ar\/web\/barcelona-gano-en-san-mames-y-se-afirma-en-lo-mas-alto\/"]}]},{"@type":"ImageObject","inLanguage":"es","@id":"https:\/\/fmgente.com.ar\/web\/barcelona-gano-en-san-mames-y-se-afirma-en-lo-mas-alto\/#primaryimage","url":"https:\/\/fmgente.com.ar\/web\/wp-content\/uploads\/2026\/03\/720-403.jpeg","contentUrl":"https:\/\/fmgente.com.ar\/web\/wp-content\/uploads\/2026\/03\/720-403.jpeg","width":1280,"height":691},{"@type":"WebSite","@id":"https:\/\/fmgente.com.ar\/web\/#website","url":"https:\/\/fmgente.com.ar\/web\/","name":"Fm Gente","description":"- Jes\u00fas Mar\u00eda","publisher":{"@id":"https:\/\/fmgente.com.ar\/web\/#organization"},"potentialAction":[{"@type":"SearchAction","target":{"@type":"EntryPoint","urlTemplate":"https:\/\/fmgente.com.ar\/web\/?s={search_term_string}"},"query-input":{"@type":"PropertyValueSpecification","valueRequired":true,"valueName":"search_term_string"}}],"inLanguage":"es"},{"@type":"Organization","@id":"https:\/\/fmgente.com.ar\/web\/#organization","name":"Fm Gente","url":"https:\/\/fmgente.com.ar\/web\/","logo":{"@type":"ImageObject","inLanguage":"es","@id":"https:\/\/fmgente.com.ar\/web\/#\/schema\/logo\/image\/","url":"https:\/\/fmgente.com.ar\/web\/wp-content\/uploads\/2023\/07\/cropped-cropped-logo-sombra2.png","contentUrl":"https:\/\/fmgente.com.ar\/web\/wp-content\/uploads\/2023\/07\/cropped-cropped-logo-sombra2.png","width":1782,"height":1782,"caption":"Fm Gente"},"image":{"@id":"https:\/\/fmgente.com.ar\/web\/#\/schema\/logo\/image\/"}}]}},"_links":{"self":[{"href":"https:\/\/fmgente.com.ar\/web\/wp-json\/wp\/v2\/posts\/14591","targetHints":{"allow":["GET"]}}],"collection":[{"href":"https:\/\/fmgente.com.ar\/web\/wp-json\/wp\/v2\/posts"}],"about":[{"href":"https:\/\/fmgente.com.ar\/web\/wp-json\/wp\/v2\/types\/post"}],"replies":[{"embeddable":true,"href":"https:\/\/fmgente.com.ar\/web\/wp-json\/wp\/v2\/comments?post=14591"}],"version-history":[{"count":0,"href":"https:\/\/fmgente.com.ar\/web\/wp-json\/wp\/v2\/posts\/14591\/revisions"}],"wp:featuredmedia":[{"embeddable":true,"href":"https:\/\/fmgente.com.ar\/web\/wp-json\/wp\/v2\/media\/14592"}],"wp:attachment":[{"href":"https:\/\/fmgente.com.ar\/web\/wp-json\/wp\/v2\/media?parent=14591"}],"wp:term":[{"taxonomy":"category","embeddable":true,"href":"https:\/\/fmgente.com.ar\/web\/wp-json\/wp\/v2\/categories?post=14591"},{"taxonomy":"post_tag","embeddable":true,"href":"https:\/\/fmgente.com.ar\/web\/wp-json\/wp\/v2\/tags?post=14591"}],"curies":[{"name":"wp","href":"https:\/\/api.w.org\/{rel}","templated":true}]}}