{"id":14589,"date":"2026-03-07T23:05:09","date_gmt":"2026-03-08T02:05:09","guid":{"rendered":"https:\/\/fmgente.com.ar\/web\/chayanne-esta-preparado-para-brillar-en-su-cuarto-show-en-el-movistar-arena\/"},"modified":"2026-03-07T23:05:09","modified_gmt":"2026-03-08T02:05:09","slug":"chayanne-esta-preparado-para-brillar-en-su-cuarto-show-en-el-movistar-arena","status":"publish","type":"post","link":"https:\/\/fmgente.com.ar\/web\/chayanne-esta-preparado-para-brillar-en-su-cuarto-show-en-el-movistar-arena\/","title":{"rendered":"Chayanne est\u00e1 preparado para brillar en su cuarto show en el Movistar Arena"},"content":{"rendered":"<p>Buenos Aires, 5 marzo (NA) \u2013  El fen\u00f3meno de Chayanne en Argentina no se detiene y el cantante puertorrique\u00f1o volver\u00e1 a subirse al escenario del Movistar Arena para ofrecer su cuarto show en la ciudad, en una noche marcada por la euforia del p\u00fablico y una puesta en escena que har\u00e1 vibrar a miles de fans.<\/p>\n<p>Seg\u00fan supo la Agencia Noticias Argentinas, en su \u00faltimo show, el 4 de marzo, desde temprano los alrededores del estadio se llenaron de seguidores que llegaron para ver al artista, uno de los \u00edconos m\u00e1s queridos del pop latino.<\/p>\n<p>Una vez dentro del recinto, la expectativa se transform\u00f3 en una ovaci\u00f3n cuando el cantante apareci\u00f3 en escena para dar inicio a un espect\u00e1culo que combin\u00f3 coreograf\u00edas, romanticismo y la energ\u00eda que lo caracteriza.<\/p>\n<p>A lo largo del recital, Chayanne recorri\u00f3 algunos de los temas m\u00e1s emblem\u00e1ticos como \u201cTorero\u201d, \u201cUn siglo sin ti\u201d y muchos m\u00e1s de su carrera, generando momentos de emoci\u00f3n entre el p\u00fablico, que no dej\u00f3 de cantar y bailar durante toda la noche.<\/p>\n<p>El artista demostr\u00f3 una vez m\u00e1s su conexi\u00f3n especial con el p\u00fablico argentino, y, entre canci\u00f3n y canci\u00f3n, el clima en el estadio se volvi\u00f3 cada vez m\u00e1s intenso, con miles de voces acompa\u00f1ando cada uno de los cl\u00e1sicos del cantante.<\/p>\n<p>El cuarto Movistar Arena confirma el fuerte v\u00ednculo que el int\u00e9rprete mantiene con sus seguidores en el pa\u00eds, quienes agotaron entradas y transformaron cada funci\u00f3n en una verdadera fiesta.<\/p>\n<p>Con d\u00e9cadas de trayectoria y una carrera consolidada en toda Am\u00e9rica Latina, Chayanne sigue convocando multitudes y reafirma en cada presentaci\u00f3n por qu\u00e9 es uno de los artistas m\u00e1s queridos del pop latino. #AgenciaNA<\/p>\n","protected":false},"excerpt":{"rendered":"<p>Buenos Aires, 5 marzo (NA) \u2013 El fen\u00f3meno de Chayanne en Argentina no se detiene<\/p>\n","protected":false},"author":0,"featured_media":14590,"comment_status":"","ping_status":"","sticky":false,"template":"","format":"standard","meta":{"footnotes":""},"categories":[11],"tags":[],"class_list":["post-14589","post","type-post","status-publish","format-standard","has-post-thumbnail","hentry","category-destacadas"],"yoast_head":"<!-- This site is optimized with the Yoast SEO plugin v27.4 - https:\/\/yoast.com\/product\/yoast-seo-wordpress\/ -->\n<title>Chayanne est\u00e1 preparado para brillar en su cuarto show en el Movistar Arena - Fm Gente<\/title>\n<meta name=\"robots\" content=\"index, follow, max-snippet:-1, max-image-preview:large, max-video-preview:-1\" \/>\n<link rel=\"canonical\" href=\"https:\/\/fmgente.com.ar\/web\/chayanne-esta-preparado-para-brillar-en-su-cuarto-show-en-el-movistar-arena\/\" \/>\n<meta property=\"og:locale\" content=\"es_ES\" \/>\n<meta property=\"og:type\" content=\"article\" \/>\n<meta property=\"og:title\" content=\"Chayanne est\u00e1 preparado para brillar en su cuarto show en el Movistar Arena - Fm Gente\" \/>\n<meta property=\"og:description\" content=\"Buenos Aires, 5 marzo (NA) \u2013 El fen\u00f3meno de Chayanne en Argentina no se detiene\" \/>\n<meta property=\"og:url\" content=\"https:\/\/fmgente.com.ar\/web\/chayanne-esta-preparado-para-brillar-en-su-cuarto-show-en-el-movistar-arena\/\" \/>\n<meta property=\"og:site_name\" content=\"Fm Gente\" \/>\n<meta property=\"article:published_time\" content=\"2026-03-08T02:05:09+00:00\" \/>\n<meta name=\"twitter:card\" content=\"summary_large_image\" \/>\n<meta name=\"twitter:label1\" content=\"Tiempo de lectura\" \/>\n\t<meta name=\"twitter:data1\" content=\"2 minutos\" \/>\n<script type=\"application\/ld+json\" class=\"yoast-schema-graph\">{\"@context\":\"https:\\\/\\\/schema.org\",\"@graph\":[{\"@type\":\"Article\",\"@id\":\"https:\\\/\\\/fmgente.com.ar\\\/web\\\/chayanne-esta-preparado-para-brillar-en-su-cuarto-show-en-el-movistar-arena\\\/#article\",\"isPartOf\":{\"@id\":\"https:\\\/\\\/fmgente.com.ar\\\/web\\\/chayanne-esta-preparado-para-brillar-en-su-cuarto-show-en-el-movistar-arena\\\/\"},\"author\":{\"name\":\"\",\"@id\":\"\"},\"headline\":\"Chayanne est\u00e1 preparado para brillar en su cuarto show en el Movistar Arena\",\"datePublished\":\"2026-03-08T02:05:09+00:00\",\"mainEntityOfPage\":{\"@id\":\"https:\\\/\\\/fmgente.com.ar\\\/web\\\/chayanne-esta-preparado-para-brillar-en-su-cuarto-show-en-el-movistar-arena\\\/\"},\"wordCount\":316,\"publisher\":{\"@id\":\"https:\\\/\\\/fmgente.com.ar\\\/web\\\/#organization\"},\"image\":{\"@id\":\"https:\\\/\\\/fmgente.com.ar\\\/web\\\/chayanne-esta-preparado-para-brillar-en-su-cuarto-show-en-el-movistar-arena\\\/#primaryimage\"},\"thumbnailUrl\":\"https:\\\/\\\/fmgente.com.ar\\\/web\\\/wp-content\\\/uploads\\\/2026\\\/03\\\/720-402.jpeg\",\"articleSection\":[\"DESTACADAS\"],\"inLanguage\":\"es\"},{\"@type\":\"WebPage\",\"@id\":\"https:\\\/\\\/fmgente.com.ar\\\/web\\\/chayanne-esta-preparado-para-brillar-en-su-cuarto-show-en-el-movistar-arena\\\/\",\"url\":\"https:\\\/\\\/fmgente.com.ar\\\/web\\\/chayanne-esta-preparado-para-brillar-en-su-cuarto-show-en-el-movistar-arena\\\/\",\"name\":\"Chayanne est\u00e1 preparado para brillar en su cuarto show en el Movistar Arena - Fm Gente\",\"isPartOf\":{\"@id\":\"https:\\\/\\\/fmgente.com.ar\\\/web\\\/#website\"},\"primaryImageOfPage\":{\"@id\":\"https:\\\/\\\/fmgente.com.ar\\\/web\\\/chayanne-esta-preparado-para-brillar-en-su-cuarto-show-en-el-movistar-arena\\\/#primaryimage\"},\"image\":{\"@id\":\"https:\\\/\\\/fmgente.com.ar\\\/web\\\/chayanne-esta-preparado-para-brillar-en-su-cuarto-show-en-el-movistar-arena\\\/#primaryimage\"},\"thumbnailUrl\":\"https:\\\/\\\/fmgente.com.ar\\\/web\\\/wp-content\\\/uploads\\\/2026\\\/03\\\/720-402.jpeg\",\"datePublished\":\"2026-03-08T02:05:09+00:00\",\"inLanguage\":\"es\",\"potentialAction\":[{\"@type\":\"ReadAction\",\"target\":[\"https:\\\/\\\/fmgente.com.ar\\\/web\\\/chayanne-esta-preparado-para-brillar-en-su-cuarto-show-en-el-movistar-arena\\\/\"]}]},{\"@type\":\"ImageObject\",\"inLanguage\":\"es\",\"@id\":\"https:\\\/\\\/fmgente.com.ar\\\/web\\\/chayanne-esta-preparado-para-brillar-en-su-cuarto-show-en-el-movistar-arena\\\/#primaryimage\",\"url\":\"https:\\\/\\\/fmgente.com.ar\\\/web\\\/wp-content\\\/uploads\\\/2026\\\/03\\\/720-402.jpeg\",\"contentUrl\":\"https:\\\/\\\/fmgente.com.ar\\\/web\\\/wp-content\\\/uploads\\\/2026\\\/03\\\/720-402.jpeg\",\"width\":1080,\"height\":720},{\"@type\":\"WebSite\",\"@id\":\"https:\\\/\\\/fmgente.com.ar\\\/web\\\/#website\",\"url\":\"https:\\\/\\\/fmgente.com.ar\\\/web\\\/\",\"name\":\"Fm Gente\",\"description\":\"- Jes\u00fas Mar\u00eda\",\"publisher\":{\"@id\":\"https:\\\/\\\/fmgente.com.ar\\\/web\\\/#organization\"},\"potentialAction\":[{\"@type\":\"SearchAction\",\"target\":{\"@type\":\"EntryPoint\",\"urlTemplate\":\"https:\\\/\\\/fmgente.com.ar\\\/web\\\/?s={search_term_string}\"},\"query-input\":{\"@type\":\"PropertyValueSpecification\",\"valueRequired\":true,\"valueName\":\"search_term_string\"}}],\"inLanguage\":\"es\"},{\"@type\":\"Organization\",\"@id\":\"https:\\\/\\\/fmgente.com.ar\\\/web\\\/#organization\",\"name\":\"Fm Gente\",\"url\":\"https:\\\/\\\/fmgente.com.ar\\\/web\\\/\",\"logo\":{\"@type\":\"ImageObject\",\"inLanguage\":\"es\",\"@id\":\"https:\\\/\\\/fmgente.com.ar\\\/web\\\/#\\\/schema\\\/logo\\\/image\\\/\",\"url\":\"https:\\\/\\\/fmgente.com.ar\\\/web\\\/wp-content\\\/uploads\\\/2023\\\/07\\\/cropped-cropped-logo-sombra2.png\",\"contentUrl\":\"https:\\\/\\\/fmgente.com.ar\\\/web\\\/wp-content\\\/uploads\\\/2023\\\/07\\\/cropped-cropped-logo-sombra2.png\",\"width\":1782,\"height\":1782,\"caption\":\"Fm Gente\"},\"image\":{\"@id\":\"https:\\\/\\\/fmgente.com.ar\\\/web\\\/#\\\/schema\\\/logo\\\/image\\\/\"}}]}<\/script>\n<!-- \/ Yoast SEO plugin. -->","yoast_head_json":{"title":"Chayanne est\u00e1 preparado para brillar en su cuarto show en el Movistar Arena - Fm Gente","robots":{"index":"index","follow":"follow","max-snippet":"max-snippet:-1","max-image-preview":"max-image-preview:large","max-video-preview":"max-video-preview:-1"},"canonical":"https:\/\/fmgente.com.ar\/web\/chayanne-esta-preparado-para-brillar-en-su-cuarto-show-en-el-movistar-arena\/","og_locale":"es_ES","og_type":"article","og_title":"Chayanne est\u00e1 preparado para brillar en su cuarto show en el Movistar Arena - Fm Gente","og_description":"Buenos Aires, 5 marzo (NA) \u2013 El fen\u00f3meno de Chayanne en Argentina no se detiene","og_url":"https:\/\/fmgente.com.ar\/web\/chayanne-esta-preparado-para-brillar-en-su-cuarto-show-en-el-movistar-arena\/","og_site_name":"Fm Gente","article_published_time":"2026-03-08T02:05:09+00:00","twitter_card":"summary_large_image","twitter_misc":{"Tiempo de lectura":"2 minutos"},"schema":{"@context":"https:\/\/schema.org","@graph":[{"@type":"Article","@id":"https:\/\/fmgente.com.ar\/web\/chayanne-esta-preparado-para-brillar-en-su-cuarto-show-en-el-movistar-arena\/#article","isPartOf":{"@id":"https:\/\/fmgente.com.ar\/web\/chayanne-esta-preparado-para-brillar-en-su-cuarto-show-en-el-movistar-arena\/"},"author":{"name":"","@id":""},"headline":"Chayanne est\u00e1 preparado para brillar en su cuarto show en el Movistar Arena","datePublished":"2026-03-08T02:05:09+00:00","mainEntityOfPage":{"@id":"https:\/\/fmgente.com.ar\/web\/chayanne-esta-preparado-para-brillar-en-su-cuarto-show-en-el-movistar-arena\/"},"wordCount":316,"publisher":{"@id":"https:\/\/fmgente.com.ar\/web\/#organization"},"image":{"@id":"https:\/\/fmgente.com.ar\/web\/chayanne-esta-preparado-para-brillar-en-su-cuarto-show-en-el-movistar-arena\/#primaryimage"},"thumbnailUrl":"https:\/\/fmgente.com.ar\/web\/wp-content\/uploads\/2026\/03\/720-402.jpeg","articleSection":["DESTACADAS"],"inLanguage":"es"},{"@type":"WebPage","@id":"https:\/\/fmgente.com.ar\/web\/chayanne-esta-preparado-para-brillar-en-su-cuarto-show-en-el-movistar-arena\/","url":"https:\/\/fmgente.com.ar\/web\/chayanne-esta-preparado-para-brillar-en-su-cuarto-show-en-el-movistar-arena\/","name":"Chayanne est\u00e1 preparado para brillar en su cuarto show en el Movistar Arena - Fm Gente","isPartOf":{"@id":"https:\/\/fmgente.com.ar\/web\/#website"},"primaryImageOfPage":{"@id":"https:\/\/fmgente.com.ar\/web\/chayanne-esta-preparado-para-brillar-en-su-cuarto-show-en-el-movistar-arena\/#primaryimage"},"image":{"@id":"https:\/\/fmgente.com.ar\/web\/chayanne-esta-preparado-para-brillar-en-su-cuarto-show-en-el-movistar-arena\/#primaryimage"},"thumbnailUrl":"https:\/\/fmgente.com.ar\/web\/wp-content\/uploads\/2026\/03\/720-402.jpeg","datePublished":"2026-03-08T02:05:09+00:00","inLanguage":"es","potentialAction":[{"@type":"ReadAction","target":["https:\/\/fmgente.com.ar\/web\/chayanne-esta-preparado-para-brillar-en-su-cuarto-show-en-el-movistar-arena\/"]}]},{"@type":"ImageObject","inLanguage":"es","@id":"https:\/\/fmgente.com.ar\/web\/chayanne-esta-preparado-para-brillar-en-su-cuarto-show-en-el-movistar-arena\/#primaryimage","url":"https:\/\/fmgente.com.ar\/web\/wp-content\/uploads\/2026\/03\/720-402.jpeg","contentUrl":"https:\/\/fmgente.com.ar\/web\/wp-content\/uploads\/2026\/03\/720-402.jpeg","width":1080,"height":720},{"@type":"WebSite","@id":"https:\/\/fmgente.com.ar\/web\/#website","url":"https:\/\/fmgente.com.ar\/web\/","name":"Fm Gente","description":"- Jes\u00fas Mar\u00eda","publisher":{"@id":"https:\/\/fmgente.com.ar\/web\/#organization"},"potentialAction":[{"@type":"SearchAction","target":{"@type":"EntryPoint","urlTemplate":"https:\/\/fmgente.com.ar\/web\/?s={search_term_string}"},"query-input":{"@type":"PropertyValueSpecification","valueRequired":true,"valueName":"search_term_string"}}],"inLanguage":"es"},{"@type":"Organization","@id":"https:\/\/fmgente.com.ar\/web\/#organization","name":"Fm Gente","url":"https:\/\/fmgente.com.ar\/web\/","logo":{"@type":"ImageObject","inLanguage":"es","@id":"https:\/\/fmgente.com.ar\/web\/#\/schema\/logo\/image\/","url":"https:\/\/fmgente.com.ar\/web\/wp-content\/uploads\/2023\/07\/cropped-cropped-logo-sombra2.png","contentUrl":"https:\/\/fmgente.com.ar\/web\/wp-content\/uploads\/2023\/07\/cropped-cropped-logo-sombra2.png","width":1782,"height":1782,"caption":"Fm Gente"},"image":{"@id":"https:\/\/fmgente.com.ar\/web\/#\/schema\/logo\/image\/"}}]}},"_links":{"self":[{"href":"https:\/\/fmgente.com.ar\/web\/wp-json\/wp\/v2\/posts\/14589","targetHints":{"allow":["GET"]}}],"collection":[{"href":"https:\/\/fmgente.com.ar\/web\/wp-json\/wp\/v2\/posts"}],"about":[{"href":"https:\/\/fmgente.com.ar\/web\/wp-json\/wp\/v2\/types\/post"}],"replies":[{"embeddable":true,"href":"https:\/\/fmgente.com.ar\/web\/wp-json\/wp\/v2\/comments?post=14589"}],"version-history":[{"count":0,"href":"https:\/\/fmgente.com.ar\/web\/wp-json\/wp\/v2\/posts\/14589\/revisions"}],"wp:featuredmedia":[{"embeddable":true,"href":"https:\/\/fmgente.com.ar\/web\/wp-json\/wp\/v2\/media\/14590"}],"wp:attachment":[{"href":"https:\/\/fmgente.com.ar\/web\/wp-json\/wp\/v2\/media?parent=14589"}],"wp:term":[{"taxonomy":"category","embeddable":true,"href":"https:\/\/fmgente.com.ar\/web\/wp-json\/wp\/v2\/categories?post=14589"},{"taxonomy":"post_tag","embeddable":true,"href":"https:\/\/fmgente.com.ar\/web\/wp-json\/wp\/v2\/tags?post=14589"}],"curies":[{"name":"wp","href":"https:\/\/api.w.org\/{rel}","templated":true}]}}