{"id":14585,"date":"2026-03-07T23:05:07","date_gmt":"2026-03-08T02:05:07","guid":{"rendered":"https:\/\/fmgente.com.ar\/web\/javier-milei-ya-esta-en-nueva-york-para-el-argentina-week\/"},"modified":"2026-03-07T23:05:07","modified_gmt":"2026-03-08T02:05:07","slug":"javier-milei-ya-esta-en-nueva-york-para-el-argentina-week","status":"publish","type":"post","link":"https:\/\/fmgente.com.ar\/web\/javier-milei-ya-esta-en-nueva-york-para-el-argentina-week\/","title":{"rendered":"Javier Milei ya est\u00e1 en Nueva York para el \u201cArgentina Week\u201d"},"content":{"rendered":"<p>Buenos Aires, 7 marzo (NA)- Tras consolidar su posici\u00f3n como aliado estrat\u00e9gico de la Casa Blanca en la cumbre \u00abEscudo de las Am\u00e9ricas\u00bb en Miami, el presidente de la Naci\u00f3n, Javier Milei, arrib\u00f3 este s\u00e1bado por la noche a la ciudad de Nueva York.<\/p>\n<p>El mandatario, quien aterriz\u00f3 en el Aeropuerto Internacional John F. Kennedy a las 19:18 (hora local), hab\u00eda partido a las 16,46 (hora de Miami) desde el Miami International Airport y ahora se dispone a encabezar la \u00abArgentina Week\u00bb, como parte de una ambiciosa gira de captaci\u00f3n de inversiones que representa su decimoquinto viaje a los Estados Unidos desde el inicio de su gesti\u00f3n.<\/p>\n<p>La comitiva presidencial, integrada inicialmente por la secretaria general de la Presidencia, Karina Milei, el canciller Pablo Quirno y el jefe de Gabinete, Manuel Adorni, se ver\u00e1 reforzada en las pr\u00f3ximas horas por el n\u00facleo duro del equipo econ\u00f3mico, seg\u00fan pudo saber la Agencia Noticias Argentinas.<\/p>\n<p>Se sumar\u00e1n al despliegue el ministro de Econom\u00eda, Luis Caputo; el presidente del Banco Central, Santiago Bausili; el viceministro de Econom\u00eda, Jos\u00e9 Luis Daza; el ministro de Desregulaci\u00f3n y Transformaci\u00f3n del Estado, Federico Sturzenegger; y el ministro de Salud, Mario Lugones, adem\u00e1s de una nutrida delegaci\u00f3n de gobernadores provinciales.<\/p>\n<p>El arribo a la \u00abGran Manzana\u00bb ocurre pocas horas despu\u00e9s de que Milei participara, junto a otros once l\u00edderes regionales, en el lanzamiento de una nueva coalici\u00f3n militar continental contra el narcotr\u00e1fico y el terrorismo.<\/p>\n<p>Bajo la proclama de Donald Trump, la iniciativa denominada \u00abEscudo de las Am\u00e9ricas\u00bb busca desarticular el control territorial de los carteles mediante el uso de fuerza letal y la coordinaci\u00f3n financiera. En este marco, el mandatario argentino mantuvo intercambios de alto nivel con figuras clave de la administraci\u00f3n republicana, incluyendo al secretario de Estado, Marco Rubio, y al secretario del Tesoro, Scott Bessent.<\/p>\n<p>Este \u00faltimo elogi\u00f3 p\u00fablicamente el liderazgo de Milei y el \u00e9xito del programa de \u00abPaz a trav\u00e9s del fortalecimiento econ\u00f3mico\u00bb, destacando la acumulaci\u00f3n de reservas y la reducci\u00f3n del riesgo pa\u00eds, factores que sirven como carta de presentaci\u00f3n ante la comunidad financiera neoyorquina.<\/p>\n<p>AGENDA EN NUEVA YORK: ESPIRITUALIDAD Y FINANZAS<\/p>\n<p>La actividad oficial en Nueva York comenzar\u00e1 con una impronta personal y espiritual para el Presidente. Este domingo por la ma\u00f1ana, Milei tiene previsto visitar el Ohel en Queens, el santuario que resguarda la tumba del rabino Menachem Mendel Schneerson, l\u00edder del movimiento Jabad Lubavitch, a quien el mandatario considera su gu\u00eda espiritual en momentos de inflexi\u00f3n pol\u00edtica.<\/p>\n<p>A partir del lunes, la agenda se tornar\u00e1 estrictamente ejecutiva. Manuel Adorni realizar\u00e1 una presentaci\u00f3n en el consulado argentino, seguida de una disertaci\u00f3n del Presidente en la Universidad Yeshiva. Por la noche, Milei ser\u00e1 agasajado en la gala anual J100 de The Algemeiner, en reconocimiento a su influencia en la vida jud\u00eda.<\/p>\n<p>El martes se registrar\u00e1 el evento central de la gira. Milei mantendr\u00e1 una reuni\u00f3n privada con el CEO de J.P. Morgan, Jamie Dimon, para luego inaugurar formalmente la \u00abArgentina Week\u00bb con un discurso en la sede del mencionado banco. El evento, organizado con el apoyo de la embajada a cargo de Alec Oxenford, el Bank of America y el fondo Kaszek, busca conectar a CEOs y banqueros con las oportunidades de negocio en el nuevo contexto macroecon\u00f3mico argentino.<\/p>\n<p>PR\u00d3XIMA ESCALA: LA ASUNCI\u00d3N DE KAST EN CHILE<\/p>\n<p>La estad\u00eda en Nueva York ser\u00e1 de car\u00e1cter breve. El martes al mediod\u00eda, tras concluir sus compromisos financieros, Javier Milei partir\u00e1 rumbo a Santiago de Chile. All\u00ed asistir\u00e1 el mi\u00e9rcoles a la ceremonia de asunci\u00f3n presidencial de Jos\u00e9 Antonio Kast, cerrando as\u00ed una gira de seis d\u00edas que habr\u00e1 combinado alta diplomacia militar, diplomacia financiera e hitos de sinton\u00eda ideol\u00f3gica regional. #AgenciaNA.<\/p>\n","protected":false},"excerpt":{"rendered":"<p>Buenos Aires, 7 marzo (NA)- Tras consolidar su posici\u00f3n como aliado estrat\u00e9gico de la Casa<\/p>\n","protected":false},"author":0,"featured_media":14586,"comment_status":"","ping_status":"","sticky":false,"template":"","format":"standard","meta":{"footnotes":""},"categories":[11],"tags":[],"class_list":["post-14585","post","type-post","status-publish","format-standard","has-post-thumbnail","hentry","category-destacadas"],"yoast_head":"<!-- This site is optimized with the Yoast SEO plugin v27.4 - https:\/\/yoast.com\/product\/yoast-seo-wordpress\/ -->\n<title>Javier Milei ya est\u00e1 en Nueva York para el \u201cArgentina Week\u201d - Fm Gente<\/title>\n<meta name=\"robots\" content=\"index, follow, max-snippet:-1, max-image-preview:large, max-video-preview:-1\" \/>\n<link rel=\"canonical\" href=\"https:\/\/fmgente.com.ar\/web\/javier-milei-ya-esta-en-nueva-york-para-el-argentina-week\/\" \/>\n<meta property=\"og:locale\" content=\"es_ES\" \/>\n<meta property=\"og:type\" content=\"article\" \/>\n<meta property=\"og:title\" content=\"Javier Milei ya est\u00e1 en Nueva York para el \u201cArgentina Week\u201d - Fm Gente\" \/>\n<meta property=\"og:description\" content=\"Buenos Aires, 7 marzo (NA)- Tras consolidar su posici\u00f3n como aliado estrat\u00e9gico de la Casa\" \/>\n<meta property=\"og:url\" content=\"https:\/\/fmgente.com.ar\/web\/javier-milei-ya-esta-en-nueva-york-para-el-argentina-week\/\" \/>\n<meta property=\"og:site_name\" content=\"Fm Gente\" \/>\n<meta property=\"article:published_time\" content=\"2026-03-08T02:05:07+00:00\" \/>\n<meta name=\"twitter:card\" content=\"summary_large_image\" \/>\n<meta name=\"twitter:label1\" content=\"Tiempo de lectura\" \/>\n\t<meta name=\"twitter:data1\" content=\"3 minutos\" \/>\n<script type=\"application\/ld+json\" class=\"yoast-schema-graph\">{\"@context\":\"https:\\\/\\\/schema.org\",\"@graph\":[{\"@type\":\"Article\",\"@id\":\"https:\\\/\\\/fmgente.com.ar\\\/web\\\/javier-milei-ya-esta-en-nueva-york-para-el-argentina-week\\\/#article\",\"isPartOf\":{\"@id\":\"https:\\\/\\\/fmgente.com.ar\\\/web\\\/javier-milei-ya-esta-en-nueva-york-para-el-argentina-week\\\/\"},\"author\":{\"name\":\"\",\"@id\":\"\"},\"headline\":\"Javier Milei ya est\u00e1 en Nueva York para el \u201cArgentina Week\u201d\",\"datePublished\":\"2026-03-08T02:05:07+00:00\",\"mainEntityOfPage\":{\"@id\":\"https:\\\/\\\/fmgente.com.ar\\\/web\\\/javier-milei-ya-esta-en-nueva-york-para-el-argentina-week\\\/\"},\"wordCount\":671,\"publisher\":{\"@id\":\"https:\\\/\\\/fmgente.com.ar\\\/web\\\/#organization\"},\"image\":{\"@id\":\"https:\\\/\\\/fmgente.com.ar\\\/web\\\/javier-milei-ya-esta-en-nueva-york-para-el-argentina-week\\\/#primaryimage\"},\"thumbnailUrl\":\"https:\\\/\\\/fmgente.com.ar\\\/web\\\/wp-content\\\/uploads\\\/2026\\\/03\\\/720-400.jpeg\",\"articleSection\":[\"DESTACADAS\"],\"inLanguage\":\"es\"},{\"@type\":\"WebPage\",\"@id\":\"https:\\\/\\\/fmgente.com.ar\\\/web\\\/javier-milei-ya-esta-en-nueva-york-para-el-argentina-week\\\/\",\"url\":\"https:\\\/\\\/fmgente.com.ar\\\/web\\\/javier-milei-ya-esta-en-nueva-york-para-el-argentina-week\\\/\",\"name\":\"Javier Milei ya est\u00e1 en Nueva York para el \u201cArgentina Week\u201d - Fm Gente\",\"isPartOf\":{\"@id\":\"https:\\\/\\\/fmgente.com.ar\\\/web\\\/#website\"},\"primaryImageOfPage\":{\"@id\":\"https:\\\/\\\/fmgente.com.ar\\\/web\\\/javier-milei-ya-esta-en-nueva-york-para-el-argentina-week\\\/#primaryimage\"},\"image\":{\"@id\":\"https:\\\/\\\/fmgente.com.ar\\\/web\\\/javier-milei-ya-esta-en-nueva-york-para-el-argentina-week\\\/#primaryimage\"},\"thumbnailUrl\":\"https:\\\/\\\/fmgente.com.ar\\\/web\\\/wp-content\\\/uploads\\\/2026\\\/03\\\/720-400.jpeg\",\"datePublished\":\"2026-03-08T02:05:07+00:00\",\"inLanguage\":\"es\",\"potentialAction\":[{\"@type\":\"ReadAction\",\"target\":[\"https:\\\/\\\/fmgente.com.ar\\\/web\\\/javier-milei-ya-esta-en-nueva-york-para-el-argentina-week\\\/\"]}]},{\"@type\":\"ImageObject\",\"inLanguage\":\"es\",\"@id\":\"https:\\\/\\\/fmgente.com.ar\\\/web\\\/javier-milei-ya-esta-en-nueva-york-para-el-argentina-week\\\/#primaryimage\",\"url\":\"https:\\\/\\\/fmgente.com.ar\\\/web\\\/wp-content\\\/uploads\\\/2026\\\/03\\\/720-400.jpeg\",\"contentUrl\":\"https:\\\/\\\/fmgente.com.ar\\\/web\\\/wp-content\\\/uploads\\\/2026\\\/03\\\/720-400.jpeg\",\"width\":717,\"height\":720},{\"@type\":\"WebSite\",\"@id\":\"https:\\\/\\\/fmgente.com.ar\\\/web\\\/#website\",\"url\":\"https:\\\/\\\/fmgente.com.ar\\\/web\\\/\",\"name\":\"Fm Gente\",\"description\":\"- Jes\u00fas Mar\u00eda\",\"publisher\":{\"@id\":\"https:\\\/\\\/fmgente.com.ar\\\/web\\\/#organization\"},\"potentialAction\":[{\"@type\":\"SearchAction\",\"target\":{\"@type\":\"EntryPoint\",\"urlTemplate\":\"https:\\\/\\\/fmgente.com.ar\\\/web\\\/?s={search_term_string}\"},\"query-input\":{\"@type\":\"PropertyValueSpecification\",\"valueRequired\":true,\"valueName\":\"search_term_string\"}}],\"inLanguage\":\"es\"},{\"@type\":\"Organization\",\"@id\":\"https:\\\/\\\/fmgente.com.ar\\\/web\\\/#organization\",\"name\":\"Fm Gente\",\"url\":\"https:\\\/\\\/fmgente.com.ar\\\/web\\\/\",\"logo\":{\"@type\":\"ImageObject\",\"inLanguage\":\"es\",\"@id\":\"https:\\\/\\\/fmgente.com.ar\\\/web\\\/#\\\/schema\\\/logo\\\/image\\\/\",\"url\":\"https:\\\/\\\/fmgente.com.ar\\\/web\\\/wp-content\\\/uploads\\\/2023\\\/07\\\/cropped-cropped-logo-sombra2.png\",\"contentUrl\":\"https:\\\/\\\/fmgente.com.ar\\\/web\\\/wp-content\\\/uploads\\\/2023\\\/07\\\/cropped-cropped-logo-sombra2.png\",\"width\":1782,\"height\":1782,\"caption\":\"Fm Gente\"},\"image\":{\"@id\":\"https:\\\/\\\/fmgente.com.ar\\\/web\\\/#\\\/schema\\\/logo\\\/image\\\/\"}}]}<\/script>\n<!-- \/ Yoast SEO plugin. -->","yoast_head_json":{"title":"Javier Milei ya est\u00e1 en Nueva York para el \u201cArgentina Week\u201d - Fm Gente","robots":{"index":"index","follow":"follow","max-snippet":"max-snippet:-1","max-image-preview":"max-image-preview:large","max-video-preview":"max-video-preview:-1"},"canonical":"https:\/\/fmgente.com.ar\/web\/javier-milei-ya-esta-en-nueva-york-para-el-argentina-week\/","og_locale":"es_ES","og_type":"article","og_title":"Javier Milei ya est\u00e1 en Nueva York para el \u201cArgentina Week\u201d - Fm Gente","og_description":"Buenos Aires, 7 marzo (NA)- Tras consolidar su posici\u00f3n como aliado estrat\u00e9gico de la Casa","og_url":"https:\/\/fmgente.com.ar\/web\/javier-milei-ya-esta-en-nueva-york-para-el-argentina-week\/","og_site_name":"Fm Gente","article_published_time":"2026-03-08T02:05:07+00:00","twitter_card":"summary_large_image","twitter_misc":{"Tiempo de lectura":"3 minutos"},"schema":{"@context":"https:\/\/schema.org","@graph":[{"@type":"Article","@id":"https:\/\/fmgente.com.ar\/web\/javier-milei-ya-esta-en-nueva-york-para-el-argentina-week\/#article","isPartOf":{"@id":"https:\/\/fmgente.com.ar\/web\/javier-milei-ya-esta-en-nueva-york-para-el-argentina-week\/"},"author":{"name":"","@id":""},"headline":"Javier Milei ya est\u00e1 en Nueva York para el \u201cArgentina Week\u201d","datePublished":"2026-03-08T02:05:07+00:00","mainEntityOfPage":{"@id":"https:\/\/fmgente.com.ar\/web\/javier-milei-ya-esta-en-nueva-york-para-el-argentina-week\/"},"wordCount":671,"publisher":{"@id":"https:\/\/fmgente.com.ar\/web\/#organization"},"image":{"@id":"https:\/\/fmgente.com.ar\/web\/javier-milei-ya-esta-en-nueva-york-para-el-argentina-week\/#primaryimage"},"thumbnailUrl":"https:\/\/fmgente.com.ar\/web\/wp-content\/uploads\/2026\/03\/720-400.jpeg","articleSection":["DESTACADAS"],"inLanguage":"es"},{"@type":"WebPage","@id":"https:\/\/fmgente.com.ar\/web\/javier-milei-ya-esta-en-nueva-york-para-el-argentina-week\/","url":"https:\/\/fmgente.com.ar\/web\/javier-milei-ya-esta-en-nueva-york-para-el-argentina-week\/","name":"Javier Milei ya est\u00e1 en Nueva York para el \u201cArgentina Week\u201d - Fm Gente","isPartOf":{"@id":"https:\/\/fmgente.com.ar\/web\/#website"},"primaryImageOfPage":{"@id":"https:\/\/fmgente.com.ar\/web\/javier-milei-ya-esta-en-nueva-york-para-el-argentina-week\/#primaryimage"},"image":{"@id":"https:\/\/fmgente.com.ar\/web\/javier-milei-ya-esta-en-nueva-york-para-el-argentina-week\/#primaryimage"},"thumbnailUrl":"https:\/\/fmgente.com.ar\/web\/wp-content\/uploads\/2026\/03\/720-400.jpeg","datePublished":"2026-03-08T02:05:07+00:00","inLanguage":"es","potentialAction":[{"@type":"ReadAction","target":["https:\/\/fmgente.com.ar\/web\/javier-milei-ya-esta-en-nueva-york-para-el-argentina-week\/"]}]},{"@type":"ImageObject","inLanguage":"es","@id":"https:\/\/fmgente.com.ar\/web\/javier-milei-ya-esta-en-nueva-york-para-el-argentina-week\/#primaryimage","url":"https:\/\/fmgente.com.ar\/web\/wp-content\/uploads\/2026\/03\/720-400.jpeg","contentUrl":"https:\/\/fmgente.com.ar\/web\/wp-content\/uploads\/2026\/03\/720-400.jpeg","width":717,"height":720},{"@type":"WebSite","@id":"https:\/\/fmgente.com.ar\/web\/#website","url":"https:\/\/fmgente.com.ar\/web\/","name":"Fm Gente","description":"- Jes\u00fas Mar\u00eda","publisher":{"@id":"https:\/\/fmgente.com.ar\/web\/#organization"},"potentialAction":[{"@type":"SearchAction","target":{"@type":"EntryPoint","urlTemplate":"https:\/\/fmgente.com.ar\/web\/?s={search_term_string}"},"query-input":{"@type":"PropertyValueSpecification","valueRequired":true,"valueName":"search_term_string"}}],"inLanguage":"es"},{"@type":"Organization","@id":"https:\/\/fmgente.com.ar\/web\/#organization","name":"Fm Gente","url":"https:\/\/fmgente.com.ar\/web\/","logo":{"@type":"ImageObject","inLanguage":"es","@id":"https:\/\/fmgente.com.ar\/web\/#\/schema\/logo\/image\/","url":"https:\/\/fmgente.com.ar\/web\/wp-content\/uploads\/2023\/07\/cropped-cropped-logo-sombra2.png","contentUrl":"https:\/\/fmgente.com.ar\/web\/wp-content\/uploads\/2023\/07\/cropped-cropped-logo-sombra2.png","width":1782,"height":1782,"caption":"Fm Gente"},"image":{"@id":"https:\/\/fmgente.com.ar\/web\/#\/schema\/logo\/image\/"}}]}},"_links":{"self":[{"href":"https:\/\/fmgente.com.ar\/web\/wp-json\/wp\/v2\/posts\/14585","targetHints":{"allow":["GET"]}}],"collection":[{"href":"https:\/\/fmgente.com.ar\/web\/wp-json\/wp\/v2\/posts"}],"about":[{"href":"https:\/\/fmgente.com.ar\/web\/wp-json\/wp\/v2\/types\/post"}],"replies":[{"embeddable":true,"href":"https:\/\/fmgente.com.ar\/web\/wp-json\/wp\/v2\/comments?post=14585"}],"version-history":[{"count":0,"href":"https:\/\/fmgente.com.ar\/web\/wp-json\/wp\/v2\/posts\/14585\/revisions"}],"wp:featuredmedia":[{"embeddable":true,"href":"https:\/\/fmgente.com.ar\/web\/wp-json\/wp\/v2\/media\/14586"}],"wp:attachment":[{"href":"https:\/\/fmgente.com.ar\/web\/wp-json\/wp\/v2\/media?parent=14585"}],"wp:term":[{"taxonomy":"category","embeddable":true,"href":"https:\/\/fmgente.com.ar\/web\/wp-json\/wp\/v2\/categories?post=14585"},{"taxonomy":"post_tag","embeddable":true,"href":"https:\/\/fmgente.com.ar\/web\/wp-json\/wp\/v2\/tags?post=14585"}],"curies":[{"name":"wp","href":"https:\/\/api.w.org\/{rel}","templated":true}]}}