{"id":14583,"date":"2026-03-07T23:05:06","date_gmt":"2026-03-08T02:05:06","guid":{"rendered":"https:\/\/fmgente.com.ar\/web\/formula-2-varrone-largo-19-lidero-en-melbourne-y-firmo-una-remontada-que-ilusiona-en-su-debut\/"},"modified":"2026-03-07T23:05:06","modified_gmt":"2026-03-08T02:05:06","slug":"formula-2-varrone-largo-19-lidero-en-melbourne-y-firmo-una-remontada-que-ilusiona-en-su-debut","status":"publish","type":"post","link":"https:\/\/fmgente.com.ar\/web\/formula-2-varrone-largo-19-lidero-en-melbourne-y-firmo-una-remontada-que-ilusiona-en-su-debut\/","title":{"rendered":"F\u00f3rmula 2: Varrone larg\u00f3 19\u00b0, lider\u00f3 en Melbourne y firm\u00f3 una remontada que ilusiona en su debut"},"content":{"rendered":"<p>Buenos Aires, 7 marzo (NA) \u2013 Nicol\u00e1s Varrone tuvo este s\u00e1bado una actuaci\u00f3n destacada en la carrera principal de la F\u00f3rmula 2 en Melbourne, donde larg\u00f3 desde la 19\u00aa posici\u00f3n y logr\u00f3 meterse de lleno en la pelea tras una remontada que lo llev\u00f3 incluso a liderar la competencia. <\/p>\n<p>El argentino cruz\u00f3 la meta en el und\u00e9cimo puesto, pero una penalizaci\u00f3n de cinco segundos lo releg\u00f3 finalmente al 17\u00b0, en el marco de su estreno en la categor\u00eda antesala de la F\u00f3rmula 1.<\/p>\n<p>Por su parte, el b\u00falgaro Nikola Tsolov gan\u00f3 la carrera, disputada en el Albert Park, seguido por el brasile\u00f1o Rafael Camara y por el holand\u00e9s Laurens Von Hoepen, quienes completaron el podio.<\/p>\n<p>El piloto de Van Amersfoort Racing hab\u00eda quedado condicionado desde la clasificaci\u00f3n, en la que registr\u00f3 un tiempo de 1:30.522 y finaliz\u00f3 19\u00b0. Ese resultado lo oblig\u00f3 a partir desde el fondo tanto en la sprint como en la carrera larga del fin de semana australiano.<\/p>\n<p>Lejos de resignarse, Varrone apost\u00f3 a una estrategia inversa, con neum\u00e1ticos blandos en el arranque para luego montar los superblandos en el tramo final. La elecci\u00f3n funcion\u00f3: hizo una muy buena largada, gan\u00f3 varias posiciones en la primera vuelta y, favorecido tambi\u00e9n por las detenciones de quienes hab\u00edan partido con otro compuesto, se adue\u00f1\u00f3 de la punta de la carrera y lleg\u00f3 a liderar durante una buena cantidad de vueltas.<\/p>\n<p>La carrera cambi\u00f3 con la aparici\u00f3n del auto de seguridad, que oblig\u00f3 a revisar los planes. Varrone pas\u00f3 por boxes, donde adem\u00e1s sufri\u00f3 un inconveniente en la detenci\u00f3n, aunque logr\u00f3 regresar a pista todav\u00eda en la primera colocaci\u00f3n. En el relanzamiento resisti\u00f3 lo que pudo, pero Nikola Tsolov, con mejor temperatura en los neum\u00e1ticos, termin\u00f3 arrebat\u00e1ndole el liderazgo.<\/p>\n<p>A partir de all\u00ed, el bonaerense empez\u00f3 a padecer el deterioro de las cubiertas y fue cediendo terreno frente a rivales con mejor ritmo en el cierre. A eso se sum\u00f3 una sanci\u00f3n de cinco segundos por exceder la velocidad permitida en boxes, castigo que termin\u00f3 de empujarlo hacia atr\u00e1s en el clasificador definitivo. De todos modos, el 17\u00b0 puesto final no reflej\u00f3 del todo la magnitud de una producci\u00f3n que lo tuvo como protagonista en varios pasajes de la prueba.<\/p>\n<p>La actuaci\u00f3n cobr\u00f3 todav\u00eda m\u00e1s valor por el contexto. En la sprint disputada horas antes, Varrone hab\u00eda terminado 21\u00b0 despu\u00e9s de sufrir un trompo en la primera vuelta, en una carrera que lo dej\u00f3 sin margen para progresar. Por eso, la reacci\u00f3n en la competencia principal dej\u00f3 una imagen mucho m\u00e1s cercana al potencial que hab\u00eda mostrado en la preparaci\u00f3n previa y en sus primeros contactos con el auto de F\u00f3rmula 2.<\/p>\n<p>M\u00e1s all\u00e1 del resultado final, el debut de Varrone en Melbourne entreg\u00f3 una certeza alentadora: aun con un auto que todav\u00eda est\u00e1 conociendo y despu\u00e9s de un viernes complicado, el argentino tuvo ritmo, audacia estrat\u00e9gica y capacidad para pelear adelante. La pr\u00f3xima cita del campeonato ser\u00e1 en Bahr\u00e9in, del 10 al 12 de abril, donde buscar\u00e1 transformar estas buenas sensaciones en sus primeros puntos de la temporada.<\/p>\n<p>#AgenciaNA<\/p>\n","protected":false},"excerpt":{"rendered":"<p>Buenos Aires, 7 marzo (NA) \u2013 Nicol\u00e1s Varrone tuvo este s\u00e1bado una actuaci\u00f3n destacada en<\/p>\n","protected":false},"author":0,"featured_media":14584,"comment_status":"","ping_status":"","sticky":false,"template":"","format":"standard","meta":{"footnotes":""},"categories":[11],"tags":[],"class_list":["post-14583","post","type-post","status-publish","format-standard","has-post-thumbnail","hentry","category-destacadas"],"yoast_head":"<!-- This site is optimized with the Yoast SEO plugin v27.4 - https:\/\/yoast.com\/product\/yoast-seo-wordpress\/ -->\n<title>F\u00f3rmula 2: Varrone larg\u00f3 19\u00b0, lider\u00f3 en Melbourne y firm\u00f3 una remontada que ilusiona en su debut - Fm Gente<\/title>\n<meta name=\"robots\" content=\"index, follow, max-snippet:-1, max-image-preview:large, max-video-preview:-1\" \/>\n<link rel=\"canonical\" href=\"https:\/\/fmgente.com.ar\/web\/formula-2-varrone-largo-19-lidero-en-melbourne-y-firmo-una-remontada-que-ilusiona-en-su-debut\/\" \/>\n<meta property=\"og:locale\" content=\"es_ES\" \/>\n<meta property=\"og:type\" content=\"article\" \/>\n<meta property=\"og:title\" content=\"F\u00f3rmula 2: Varrone larg\u00f3 19\u00b0, lider\u00f3 en Melbourne y firm\u00f3 una remontada que ilusiona en su debut - Fm Gente\" \/>\n<meta property=\"og:description\" content=\"Buenos Aires, 7 marzo (NA) \u2013 Nicol\u00e1s Varrone tuvo este s\u00e1bado una actuaci\u00f3n destacada en\" \/>\n<meta property=\"og:url\" content=\"https:\/\/fmgente.com.ar\/web\/formula-2-varrone-largo-19-lidero-en-melbourne-y-firmo-una-remontada-que-ilusiona-en-su-debut\/\" \/>\n<meta property=\"og:site_name\" content=\"Fm Gente\" \/>\n<meta property=\"article:published_time\" content=\"2026-03-08T02:05:06+00:00\" \/>\n<meta name=\"twitter:card\" content=\"summary_large_image\" \/>\n<meta name=\"twitter:label1\" content=\"Tiempo de lectura\" \/>\n\t<meta name=\"twitter:data1\" content=\"3 minutos\" \/>\n<script type=\"application\/ld+json\" class=\"yoast-schema-graph\">{\"@context\":\"https:\\\/\\\/schema.org\",\"@graph\":[{\"@type\":\"Article\",\"@id\":\"https:\\\/\\\/fmgente.com.ar\\\/web\\\/formula-2-varrone-largo-19-lidero-en-melbourne-y-firmo-una-remontada-que-ilusiona-en-su-debut\\\/#article\",\"isPartOf\":{\"@id\":\"https:\\\/\\\/fmgente.com.ar\\\/web\\\/formula-2-varrone-largo-19-lidero-en-melbourne-y-firmo-una-remontada-que-ilusiona-en-su-debut\\\/\"},\"author\":{\"name\":\"\",\"@id\":\"\"},\"headline\":\"F\u00f3rmula 2: Varrone larg\u00f3 19\u00b0, lider\u00f3 en Melbourne y firm\u00f3 una remontada que ilusiona en su debut\",\"datePublished\":\"2026-03-08T02:05:06+00:00\",\"mainEntityOfPage\":{\"@id\":\"https:\\\/\\\/fmgente.com.ar\\\/web\\\/formula-2-varrone-largo-19-lidero-en-melbourne-y-firmo-una-remontada-que-ilusiona-en-su-debut\\\/\"},\"wordCount\":557,\"publisher\":{\"@id\":\"https:\\\/\\\/fmgente.com.ar\\\/web\\\/#organization\"},\"image\":{\"@id\":\"https:\\\/\\\/fmgente.com.ar\\\/web\\\/formula-2-varrone-largo-19-lidero-en-melbourne-y-firmo-una-remontada-que-ilusiona-en-su-debut\\\/#primaryimage\"},\"thumbnailUrl\":\"https:\\\/\\\/fmgente.com.ar\\\/web\\\/wp-content\\\/uploads\\\/2026\\\/03\\\/720-399.jpeg\",\"articleSection\":[\"DESTACADAS\"],\"inLanguage\":\"es\"},{\"@type\":\"WebPage\",\"@id\":\"https:\\\/\\\/fmgente.com.ar\\\/web\\\/formula-2-varrone-largo-19-lidero-en-melbourne-y-firmo-una-remontada-que-ilusiona-en-su-debut\\\/\",\"url\":\"https:\\\/\\\/fmgente.com.ar\\\/web\\\/formula-2-varrone-largo-19-lidero-en-melbourne-y-firmo-una-remontada-que-ilusiona-en-su-debut\\\/\",\"name\":\"F\u00f3rmula 2: Varrone larg\u00f3 19\u00b0, lider\u00f3 en Melbourne y firm\u00f3 una remontada que ilusiona en su debut - Fm Gente\",\"isPartOf\":{\"@id\":\"https:\\\/\\\/fmgente.com.ar\\\/web\\\/#website\"},\"primaryImageOfPage\":{\"@id\":\"https:\\\/\\\/fmgente.com.ar\\\/web\\\/formula-2-varrone-largo-19-lidero-en-melbourne-y-firmo-una-remontada-que-ilusiona-en-su-debut\\\/#primaryimage\"},\"image\":{\"@id\":\"https:\\\/\\\/fmgente.com.ar\\\/web\\\/formula-2-varrone-largo-19-lidero-en-melbourne-y-firmo-una-remontada-que-ilusiona-en-su-debut\\\/#primaryimage\"},\"thumbnailUrl\":\"https:\\\/\\\/fmgente.com.ar\\\/web\\\/wp-content\\\/uploads\\\/2026\\\/03\\\/720-399.jpeg\",\"datePublished\":\"2026-03-08T02:05:06+00:00\",\"inLanguage\":\"es\",\"potentialAction\":[{\"@type\":\"ReadAction\",\"target\":[\"https:\\\/\\\/fmgente.com.ar\\\/web\\\/formula-2-varrone-largo-19-lidero-en-melbourne-y-firmo-una-remontada-que-ilusiona-en-su-debut\\\/\"]}]},{\"@type\":\"ImageObject\",\"inLanguage\":\"es\",\"@id\":\"https:\\\/\\\/fmgente.com.ar\\\/web\\\/formula-2-varrone-largo-19-lidero-en-melbourne-y-firmo-una-remontada-que-ilusiona-en-su-debut\\\/#primaryimage\",\"url\":\"https:\\\/\\\/fmgente.com.ar\\\/web\\\/wp-content\\\/uploads\\\/2026\\\/03\\\/720-399.jpeg\",\"contentUrl\":\"https:\\\/\\\/fmgente.com.ar\\\/web\\\/wp-content\\\/uploads\\\/2026\\\/03\\\/720-399.jpeg\",\"width\":1280,\"height\":708},{\"@type\":\"WebSite\",\"@id\":\"https:\\\/\\\/fmgente.com.ar\\\/web\\\/#website\",\"url\":\"https:\\\/\\\/fmgente.com.ar\\\/web\\\/\",\"name\":\"Fm Gente\",\"description\":\"- Jes\u00fas Mar\u00eda\",\"publisher\":{\"@id\":\"https:\\\/\\\/fmgente.com.ar\\\/web\\\/#organization\"},\"potentialAction\":[{\"@type\":\"SearchAction\",\"target\":{\"@type\":\"EntryPoint\",\"urlTemplate\":\"https:\\\/\\\/fmgente.com.ar\\\/web\\\/?s={search_term_string}\"},\"query-input\":{\"@type\":\"PropertyValueSpecification\",\"valueRequired\":true,\"valueName\":\"search_term_string\"}}],\"inLanguage\":\"es\"},{\"@type\":\"Organization\",\"@id\":\"https:\\\/\\\/fmgente.com.ar\\\/web\\\/#organization\",\"name\":\"Fm Gente\",\"url\":\"https:\\\/\\\/fmgente.com.ar\\\/web\\\/\",\"logo\":{\"@type\":\"ImageObject\",\"inLanguage\":\"es\",\"@id\":\"https:\\\/\\\/fmgente.com.ar\\\/web\\\/#\\\/schema\\\/logo\\\/image\\\/\",\"url\":\"https:\\\/\\\/fmgente.com.ar\\\/web\\\/wp-content\\\/uploads\\\/2023\\\/07\\\/cropped-cropped-logo-sombra2.png\",\"contentUrl\":\"https:\\\/\\\/fmgente.com.ar\\\/web\\\/wp-content\\\/uploads\\\/2023\\\/07\\\/cropped-cropped-logo-sombra2.png\",\"width\":1782,\"height\":1782,\"caption\":\"Fm Gente\"},\"image\":{\"@id\":\"https:\\\/\\\/fmgente.com.ar\\\/web\\\/#\\\/schema\\\/logo\\\/image\\\/\"}}]}<\/script>\n<!-- \/ Yoast SEO plugin. -->","yoast_head_json":{"title":"F\u00f3rmula 2: Varrone larg\u00f3 19\u00b0, lider\u00f3 en Melbourne y firm\u00f3 una remontada que ilusiona en su debut - Fm Gente","robots":{"index":"index","follow":"follow","max-snippet":"max-snippet:-1","max-image-preview":"max-image-preview:large","max-video-preview":"max-video-preview:-1"},"canonical":"https:\/\/fmgente.com.ar\/web\/formula-2-varrone-largo-19-lidero-en-melbourne-y-firmo-una-remontada-que-ilusiona-en-su-debut\/","og_locale":"es_ES","og_type":"article","og_title":"F\u00f3rmula 2: Varrone larg\u00f3 19\u00b0, lider\u00f3 en Melbourne y firm\u00f3 una remontada que ilusiona en su debut - Fm Gente","og_description":"Buenos Aires, 7 marzo (NA) \u2013 Nicol\u00e1s Varrone tuvo este s\u00e1bado una actuaci\u00f3n destacada en","og_url":"https:\/\/fmgente.com.ar\/web\/formula-2-varrone-largo-19-lidero-en-melbourne-y-firmo-una-remontada-que-ilusiona-en-su-debut\/","og_site_name":"Fm Gente","article_published_time":"2026-03-08T02:05:06+00:00","twitter_card":"summary_large_image","twitter_misc":{"Tiempo de lectura":"3 minutos"},"schema":{"@context":"https:\/\/schema.org","@graph":[{"@type":"Article","@id":"https:\/\/fmgente.com.ar\/web\/formula-2-varrone-largo-19-lidero-en-melbourne-y-firmo-una-remontada-que-ilusiona-en-su-debut\/#article","isPartOf":{"@id":"https:\/\/fmgente.com.ar\/web\/formula-2-varrone-largo-19-lidero-en-melbourne-y-firmo-una-remontada-que-ilusiona-en-su-debut\/"},"author":{"name":"","@id":""},"headline":"F\u00f3rmula 2: Varrone larg\u00f3 19\u00b0, lider\u00f3 en Melbourne y firm\u00f3 una remontada que ilusiona en su debut","datePublished":"2026-03-08T02:05:06+00:00","mainEntityOfPage":{"@id":"https:\/\/fmgente.com.ar\/web\/formula-2-varrone-largo-19-lidero-en-melbourne-y-firmo-una-remontada-que-ilusiona-en-su-debut\/"},"wordCount":557,"publisher":{"@id":"https:\/\/fmgente.com.ar\/web\/#organization"},"image":{"@id":"https:\/\/fmgente.com.ar\/web\/formula-2-varrone-largo-19-lidero-en-melbourne-y-firmo-una-remontada-que-ilusiona-en-su-debut\/#primaryimage"},"thumbnailUrl":"https:\/\/fmgente.com.ar\/web\/wp-content\/uploads\/2026\/03\/720-399.jpeg","articleSection":["DESTACADAS"],"inLanguage":"es"},{"@type":"WebPage","@id":"https:\/\/fmgente.com.ar\/web\/formula-2-varrone-largo-19-lidero-en-melbourne-y-firmo-una-remontada-que-ilusiona-en-su-debut\/","url":"https:\/\/fmgente.com.ar\/web\/formula-2-varrone-largo-19-lidero-en-melbourne-y-firmo-una-remontada-que-ilusiona-en-su-debut\/","name":"F\u00f3rmula 2: Varrone larg\u00f3 19\u00b0, lider\u00f3 en Melbourne y firm\u00f3 una remontada que ilusiona en su debut - Fm Gente","isPartOf":{"@id":"https:\/\/fmgente.com.ar\/web\/#website"},"primaryImageOfPage":{"@id":"https:\/\/fmgente.com.ar\/web\/formula-2-varrone-largo-19-lidero-en-melbourne-y-firmo-una-remontada-que-ilusiona-en-su-debut\/#primaryimage"},"image":{"@id":"https:\/\/fmgente.com.ar\/web\/formula-2-varrone-largo-19-lidero-en-melbourne-y-firmo-una-remontada-que-ilusiona-en-su-debut\/#primaryimage"},"thumbnailUrl":"https:\/\/fmgente.com.ar\/web\/wp-content\/uploads\/2026\/03\/720-399.jpeg","datePublished":"2026-03-08T02:05:06+00:00","inLanguage":"es","potentialAction":[{"@type":"ReadAction","target":["https:\/\/fmgente.com.ar\/web\/formula-2-varrone-largo-19-lidero-en-melbourne-y-firmo-una-remontada-que-ilusiona-en-su-debut\/"]}]},{"@type":"ImageObject","inLanguage":"es","@id":"https:\/\/fmgente.com.ar\/web\/formula-2-varrone-largo-19-lidero-en-melbourne-y-firmo-una-remontada-que-ilusiona-en-su-debut\/#primaryimage","url":"https:\/\/fmgente.com.ar\/web\/wp-content\/uploads\/2026\/03\/720-399.jpeg","contentUrl":"https:\/\/fmgente.com.ar\/web\/wp-content\/uploads\/2026\/03\/720-399.jpeg","width":1280,"height":708},{"@type":"WebSite","@id":"https:\/\/fmgente.com.ar\/web\/#website","url":"https:\/\/fmgente.com.ar\/web\/","name":"Fm Gente","description":"- Jes\u00fas Mar\u00eda","publisher":{"@id":"https:\/\/fmgente.com.ar\/web\/#organization"},"potentialAction":[{"@type":"SearchAction","target":{"@type":"EntryPoint","urlTemplate":"https:\/\/fmgente.com.ar\/web\/?s={search_term_string}"},"query-input":{"@type":"PropertyValueSpecification","valueRequired":true,"valueName":"search_term_string"}}],"inLanguage":"es"},{"@type":"Organization","@id":"https:\/\/fmgente.com.ar\/web\/#organization","name":"Fm Gente","url":"https:\/\/fmgente.com.ar\/web\/","logo":{"@type":"ImageObject","inLanguage":"es","@id":"https:\/\/fmgente.com.ar\/web\/#\/schema\/logo\/image\/","url":"https:\/\/fmgente.com.ar\/web\/wp-content\/uploads\/2023\/07\/cropped-cropped-logo-sombra2.png","contentUrl":"https:\/\/fmgente.com.ar\/web\/wp-content\/uploads\/2023\/07\/cropped-cropped-logo-sombra2.png","width":1782,"height":1782,"caption":"Fm Gente"},"image":{"@id":"https:\/\/fmgente.com.ar\/web\/#\/schema\/logo\/image\/"}}]}},"_links":{"self":[{"href":"https:\/\/fmgente.com.ar\/web\/wp-json\/wp\/v2\/posts\/14583","targetHints":{"allow":["GET"]}}],"collection":[{"href":"https:\/\/fmgente.com.ar\/web\/wp-json\/wp\/v2\/posts"}],"about":[{"href":"https:\/\/fmgente.com.ar\/web\/wp-json\/wp\/v2\/types\/post"}],"replies":[{"embeddable":true,"href":"https:\/\/fmgente.com.ar\/web\/wp-json\/wp\/v2\/comments?post=14583"}],"version-history":[{"count":0,"href":"https:\/\/fmgente.com.ar\/web\/wp-json\/wp\/v2\/posts\/14583\/revisions"}],"wp:featuredmedia":[{"embeddable":true,"href":"https:\/\/fmgente.com.ar\/web\/wp-json\/wp\/v2\/media\/14584"}],"wp:attachment":[{"href":"https:\/\/fmgente.com.ar\/web\/wp-json\/wp\/v2\/media?parent=14583"}],"wp:term":[{"taxonomy":"category","embeddable":true,"href":"https:\/\/fmgente.com.ar\/web\/wp-json\/wp\/v2\/categories?post=14583"},{"taxonomy":"post_tag","embeddable":true,"href":"https:\/\/fmgente.com.ar\/web\/wp-json\/wp\/v2\/tags?post=14583"}],"curies":[{"name":"wp","href":"https:\/\/api.w.org\/{rel}","templated":true}]}}