{"id":14578,"date":"2026-03-07T12:06:27","date_gmt":"2026-03-07T15:06:27","guid":{"rendered":"https:\/\/fmgente.com.ar\/web\/kudelka-descoloco-a-todos-por-su-inesperada-respuesta-sobre-la-foto-de-messi-con-trump\/"},"modified":"2026-03-07T12:06:27","modified_gmt":"2026-03-07T15:06:27","slug":"kudelka-descoloco-a-todos-por-su-inesperada-respuesta-sobre-la-foto-de-messi-con-trump","status":"publish","type":"post","link":"https:\/\/fmgente.com.ar\/web\/kudelka-descoloco-a-todos-por-su-inesperada-respuesta-sobre-la-foto-de-messi-con-trump\/","title":{"rendered":"Kudelka descoloc\u00f3 a todos por su inesperada respuesta sobre la foto de Messi con Trump"},"content":{"rendered":"<p>La visita de Lionel Messi y todo el plantel de Inter Miami \u2014que asistieron como vigentes campeones de la MLS\u2014 a la Casa Blanca gener\u00f3 mucha pol\u00e9mica, sobre todo por la foto que el astro argentino se sac\u00f3 junto a Donald Trump, presidente de Estados Unidos.<\/p>\n<p>La imagen dio la vuelta al mundo, pero quien aparentemente no estaba al tanto del episodio era Frank Kudelka. El DT de Newell\u2019s brind\u00f3 una conferencia de prensa y se mostr\u00f3 sorprendido por la consulta de un periodista.<\/p>\n<p>Cuando le preguntaron por la foto, su gesto de sorpresa lo dijo todo. \u201cNo sab\u00eda que Messi se hab\u00eda sacado una foto con (Donald) Trump. Cada uno hace lo que quiere y decide. No tengo juicio de valor\u201d, sentenci\u00f3.<\/p>\n","protected":false},"excerpt":{"rendered":"<p>La visita de Lionel Messi y todo el plantel de Inter Miami \u2014que asistieron como<\/p>\n","protected":false},"author":0,"featured_media":14579,"comment_status":"","ping_status":"","sticky":false,"template":"","format":"standard","meta":{"footnotes":""},"categories":[11],"tags":[],"class_list":["post-14578","post","type-post","status-publish","format-standard","has-post-thumbnail","hentry","category-destacadas"],"yoast_head":"<!-- This site is optimized with the Yoast SEO plugin v27.4 - https:\/\/yoast.com\/product\/yoast-seo-wordpress\/ -->\n<title>Kudelka descoloc\u00f3 a todos por su inesperada respuesta sobre la foto de Messi con Trump - Fm Gente<\/title>\n<meta name=\"robots\" content=\"index, follow, max-snippet:-1, max-image-preview:large, max-video-preview:-1\" \/>\n<link rel=\"canonical\" href=\"https:\/\/fmgente.com.ar\/web\/kudelka-descoloco-a-todos-por-su-inesperada-respuesta-sobre-la-foto-de-messi-con-trump\/\" \/>\n<meta property=\"og:locale\" content=\"es_ES\" \/>\n<meta property=\"og:type\" content=\"article\" \/>\n<meta property=\"og:title\" content=\"Kudelka descoloc\u00f3 a todos por su inesperada respuesta sobre la foto de Messi con Trump - Fm Gente\" \/>\n<meta property=\"og:description\" content=\"La visita de Lionel Messi y todo el plantel de Inter Miami \u2014que asistieron como\" \/>\n<meta property=\"og:url\" content=\"https:\/\/fmgente.com.ar\/web\/kudelka-descoloco-a-todos-por-su-inesperada-respuesta-sobre-la-foto-de-messi-con-trump\/\" \/>\n<meta property=\"og:site_name\" content=\"Fm Gente\" \/>\n<meta property=\"article:published_time\" content=\"2026-03-07T15:06:27+00:00\" \/>\n<meta name=\"twitter:card\" content=\"summary_large_image\" \/>\n<meta name=\"twitter:label1\" content=\"Tiempo de lectura\" \/>\n\t<meta name=\"twitter:data1\" content=\"1 minuto\" \/>\n<script type=\"application\/ld+json\" class=\"yoast-schema-graph\">{\"@context\":\"https:\\\/\\\/schema.org\",\"@graph\":[{\"@type\":\"Article\",\"@id\":\"https:\\\/\\\/fmgente.com.ar\\\/web\\\/kudelka-descoloco-a-todos-por-su-inesperada-respuesta-sobre-la-foto-de-messi-con-trump\\\/#article\",\"isPartOf\":{\"@id\":\"https:\\\/\\\/fmgente.com.ar\\\/web\\\/kudelka-descoloco-a-todos-por-su-inesperada-respuesta-sobre-la-foto-de-messi-con-trump\\\/\"},\"author\":{\"name\":\"\",\"@id\":\"\"},\"headline\":\"Kudelka descoloc\u00f3 a todos por su inesperada respuesta sobre la foto de Messi con Trump\",\"datePublished\":\"2026-03-07T15:06:27+00:00\",\"mainEntityOfPage\":{\"@id\":\"https:\\\/\\\/fmgente.com.ar\\\/web\\\/kudelka-descoloco-a-todos-por-su-inesperada-respuesta-sobre-la-foto-de-messi-con-trump\\\/\"},\"wordCount\":142,\"publisher\":{\"@id\":\"https:\\\/\\\/fmgente.com.ar\\\/web\\\/#organization\"},\"image\":{\"@id\":\"https:\\\/\\\/fmgente.com.ar\\\/web\\\/kudelka-descoloco-a-todos-por-su-inesperada-respuesta-sobre-la-foto-de-messi-con-trump\\\/#primaryimage\"},\"thumbnailUrl\":\"https:\\\/\\\/fmgente.com.ar\\\/web\\\/wp-content\\\/uploads\\\/2026\\\/03\\\/720-397.jpeg\",\"articleSection\":[\"DESTACADAS\"],\"inLanguage\":\"es\"},{\"@type\":\"WebPage\",\"@id\":\"https:\\\/\\\/fmgente.com.ar\\\/web\\\/kudelka-descoloco-a-todos-por-su-inesperada-respuesta-sobre-la-foto-de-messi-con-trump\\\/\",\"url\":\"https:\\\/\\\/fmgente.com.ar\\\/web\\\/kudelka-descoloco-a-todos-por-su-inesperada-respuesta-sobre-la-foto-de-messi-con-trump\\\/\",\"name\":\"Kudelka descoloc\u00f3 a todos por su inesperada respuesta sobre la foto de Messi con Trump - Fm Gente\",\"isPartOf\":{\"@id\":\"https:\\\/\\\/fmgente.com.ar\\\/web\\\/#website\"},\"primaryImageOfPage\":{\"@id\":\"https:\\\/\\\/fmgente.com.ar\\\/web\\\/kudelka-descoloco-a-todos-por-su-inesperada-respuesta-sobre-la-foto-de-messi-con-trump\\\/#primaryimage\"},\"image\":{\"@id\":\"https:\\\/\\\/fmgente.com.ar\\\/web\\\/kudelka-descoloco-a-todos-por-su-inesperada-respuesta-sobre-la-foto-de-messi-con-trump\\\/#primaryimage\"},\"thumbnailUrl\":\"https:\\\/\\\/fmgente.com.ar\\\/web\\\/wp-content\\\/uploads\\\/2026\\\/03\\\/720-397.jpeg\",\"datePublished\":\"2026-03-07T15:06:27+00:00\",\"inLanguage\":\"es\",\"potentialAction\":[{\"@type\":\"ReadAction\",\"target\":[\"https:\\\/\\\/fmgente.com.ar\\\/web\\\/kudelka-descoloco-a-todos-por-su-inesperada-respuesta-sobre-la-foto-de-messi-con-trump\\\/\"]}]},{\"@type\":\"ImageObject\",\"inLanguage\":\"es\",\"@id\":\"https:\\\/\\\/fmgente.com.ar\\\/web\\\/kudelka-descoloco-a-todos-por-su-inesperada-respuesta-sobre-la-foto-de-messi-con-trump\\\/#primaryimage\",\"url\":\"https:\\\/\\\/fmgente.com.ar\\\/web\\\/wp-content\\\/uploads\\\/2026\\\/03\\\/720-397.jpeg\",\"contentUrl\":\"https:\\\/\\\/fmgente.com.ar\\\/web\\\/wp-content\\\/uploads\\\/2026\\\/03\\\/720-397.jpeg\",\"width\":1280,\"height\":720},{\"@type\":\"WebSite\",\"@id\":\"https:\\\/\\\/fmgente.com.ar\\\/web\\\/#website\",\"url\":\"https:\\\/\\\/fmgente.com.ar\\\/web\\\/\",\"name\":\"Fm Gente\",\"description\":\"- Jes\u00fas Mar\u00eda\",\"publisher\":{\"@id\":\"https:\\\/\\\/fmgente.com.ar\\\/web\\\/#organization\"},\"potentialAction\":[{\"@type\":\"SearchAction\",\"target\":{\"@type\":\"EntryPoint\",\"urlTemplate\":\"https:\\\/\\\/fmgente.com.ar\\\/web\\\/?s={search_term_string}\"},\"query-input\":{\"@type\":\"PropertyValueSpecification\",\"valueRequired\":true,\"valueName\":\"search_term_string\"}}],\"inLanguage\":\"es\"},{\"@type\":\"Organization\",\"@id\":\"https:\\\/\\\/fmgente.com.ar\\\/web\\\/#organization\",\"name\":\"Fm Gente\",\"url\":\"https:\\\/\\\/fmgente.com.ar\\\/web\\\/\",\"logo\":{\"@type\":\"ImageObject\",\"inLanguage\":\"es\",\"@id\":\"https:\\\/\\\/fmgente.com.ar\\\/web\\\/#\\\/schema\\\/logo\\\/image\\\/\",\"url\":\"https:\\\/\\\/fmgente.com.ar\\\/web\\\/wp-content\\\/uploads\\\/2023\\\/07\\\/cropped-cropped-logo-sombra2.png\",\"contentUrl\":\"https:\\\/\\\/fmgente.com.ar\\\/web\\\/wp-content\\\/uploads\\\/2023\\\/07\\\/cropped-cropped-logo-sombra2.png\",\"width\":1782,\"height\":1782,\"caption\":\"Fm Gente\"},\"image\":{\"@id\":\"https:\\\/\\\/fmgente.com.ar\\\/web\\\/#\\\/schema\\\/logo\\\/image\\\/\"}}]}<\/script>\n<!-- \/ Yoast SEO plugin. -->","yoast_head_json":{"title":"Kudelka descoloc\u00f3 a todos por su inesperada respuesta sobre la foto de Messi con Trump - Fm Gente","robots":{"index":"index","follow":"follow","max-snippet":"max-snippet:-1","max-image-preview":"max-image-preview:large","max-video-preview":"max-video-preview:-1"},"canonical":"https:\/\/fmgente.com.ar\/web\/kudelka-descoloco-a-todos-por-su-inesperada-respuesta-sobre-la-foto-de-messi-con-trump\/","og_locale":"es_ES","og_type":"article","og_title":"Kudelka descoloc\u00f3 a todos por su inesperada respuesta sobre la foto de Messi con Trump - Fm Gente","og_description":"La visita de Lionel Messi y todo el plantel de Inter Miami \u2014que asistieron como","og_url":"https:\/\/fmgente.com.ar\/web\/kudelka-descoloco-a-todos-por-su-inesperada-respuesta-sobre-la-foto-de-messi-con-trump\/","og_site_name":"Fm Gente","article_published_time":"2026-03-07T15:06:27+00:00","twitter_card":"summary_large_image","twitter_misc":{"Tiempo de lectura":"1 minuto"},"schema":{"@context":"https:\/\/schema.org","@graph":[{"@type":"Article","@id":"https:\/\/fmgente.com.ar\/web\/kudelka-descoloco-a-todos-por-su-inesperada-respuesta-sobre-la-foto-de-messi-con-trump\/#article","isPartOf":{"@id":"https:\/\/fmgente.com.ar\/web\/kudelka-descoloco-a-todos-por-su-inesperada-respuesta-sobre-la-foto-de-messi-con-trump\/"},"author":{"name":"","@id":""},"headline":"Kudelka descoloc\u00f3 a todos por su inesperada respuesta sobre la foto de Messi con Trump","datePublished":"2026-03-07T15:06:27+00:00","mainEntityOfPage":{"@id":"https:\/\/fmgente.com.ar\/web\/kudelka-descoloco-a-todos-por-su-inesperada-respuesta-sobre-la-foto-de-messi-con-trump\/"},"wordCount":142,"publisher":{"@id":"https:\/\/fmgente.com.ar\/web\/#organization"},"image":{"@id":"https:\/\/fmgente.com.ar\/web\/kudelka-descoloco-a-todos-por-su-inesperada-respuesta-sobre-la-foto-de-messi-con-trump\/#primaryimage"},"thumbnailUrl":"https:\/\/fmgente.com.ar\/web\/wp-content\/uploads\/2026\/03\/720-397.jpeg","articleSection":["DESTACADAS"],"inLanguage":"es"},{"@type":"WebPage","@id":"https:\/\/fmgente.com.ar\/web\/kudelka-descoloco-a-todos-por-su-inesperada-respuesta-sobre-la-foto-de-messi-con-trump\/","url":"https:\/\/fmgente.com.ar\/web\/kudelka-descoloco-a-todos-por-su-inesperada-respuesta-sobre-la-foto-de-messi-con-trump\/","name":"Kudelka descoloc\u00f3 a todos por su inesperada respuesta sobre la foto de Messi con Trump - Fm Gente","isPartOf":{"@id":"https:\/\/fmgente.com.ar\/web\/#website"},"primaryImageOfPage":{"@id":"https:\/\/fmgente.com.ar\/web\/kudelka-descoloco-a-todos-por-su-inesperada-respuesta-sobre-la-foto-de-messi-con-trump\/#primaryimage"},"image":{"@id":"https:\/\/fmgente.com.ar\/web\/kudelka-descoloco-a-todos-por-su-inesperada-respuesta-sobre-la-foto-de-messi-con-trump\/#primaryimage"},"thumbnailUrl":"https:\/\/fmgente.com.ar\/web\/wp-content\/uploads\/2026\/03\/720-397.jpeg","datePublished":"2026-03-07T15:06:27+00:00","inLanguage":"es","potentialAction":[{"@type":"ReadAction","target":["https:\/\/fmgente.com.ar\/web\/kudelka-descoloco-a-todos-por-su-inesperada-respuesta-sobre-la-foto-de-messi-con-trump\/"]}]},{"@type":"ImageObject","inLanguage":"es","@id":"https:\/\/fmgente.com.ar\/web\/kudelka-descoloco-a-todos-por-su-inesperada-respuesta-sobre-la-foto-de-messi-con-trump\/#primaryimage","url":"https:\/\/fmgente.com.ar\/web\/wp-content\/uploads\/2026\/03\/720-397.jpeg","contentUrl":"https:\/\/fmgente.com.ar\/web\/wp-content\/uploads\/2026\/03\/720-397.jpeg","width":1280,"height":720},{"@type":"WebSite","@id":"https:\/\/fmgente.com.ar\/web\/#website","url":"https:\/\/fmgente.com.ar\/web\/","name":"Fm Gente","description":"- Jes\u00fas Mar\u00eda","publisher":{"@id":"https:\/\/fmgente.com.ar\/web\/#organization"},"potentialAction":[{"@type":"SearchAction","target":{"@type":"EntryPoint","urlTemplate":"https:\/\/fmgente.com.ar\/web\/?s={search_term_string}"},"query-input":{"@type":"PropertyValueSpecification","valueRequired":true,"valueName":"search_term_string"}}],"inLanguage":"es"},{"@type":"Organization","@id":"https:\/\/fmgente.com.ar\/web\/#organization","name":"Fm Gente","url":"https:\/\/fmgente.com.ar\/web\/","logo":{"@type":"ImageObject","inLanguage":"es","@id":"https:\/\/fmgente.com.ar\/web\/#\/schema\/logo\/image\/","url":"https:\/\/fmgente.com.ar\/web\/wp-content\/uploads\/2023\/07\/cropped-cropped-logo-sombra2.png","contentUrl":"https:\/\/fmgente.com.ar\/web\/wp-content\/uploads\/2023\/07\/cropped-cropped-logo-sombra2.png","width":1782,"height":1782,"caption":"Fm Gente"},"image":{"@id":"https:\/\/fmgente.com.ar\/web\/#\/schema\/logo\/image\/"}}]}},"_links":{"self":[{"href":"https:\/\/fmgente.com.ar\/web\/wp-json\/wp\/v2\/posts\/14578","targetHints":{"allow":["GET"]}}],"collection":[{"href":"https:\/\/fmgente.com.ar\/web\/wp-json\/wp\/v2\/posts"}],"about":[{"href":"https:\/\/fmgente.com.ar\/web\/wp-json\/wp\/v2\/types\/post"}],"replies":[{"embeddable":true,"href":"https:\/\/fmgente.com.ar\/web\/wp-json\/wp\/v2\/comments?post=14578"}],"version-history":[{"count":0,"href":"https:\/\/fmgente.com.ar\/web\/wp-json\/wp\/v2\/posts\/14578\/revisions"}],"wp:featuredmedia":[{"embeddable":true,"href":"https:\/\/fmgente.com.ar\/web\/wp-json\/wp\/v2\/media\/14579"}],"wp:attachment":[{"href":"https:\/\/fmgente.com.ar\/web\/wp-json\/wp\/v2\/media?parent=14578"}],"wp:term":[{"taxonomy":"category","embeddable":true,"href":"https:\/\/fmgente.com.ar\/web\/wp-json\/wp\/v2\/categories?post=14578"},{"taxonomy":"post_tag","embeddable":true,"href":"https:\/\/fmgente.com.ar\/web\/wp-json\/wp\/v2\/tags?post=14578"}],"curies":[{"name":"wp","href":"https:\/\/api.w.org\/{rel}","templated":true}]}}