{"id":14574,"date":"2026-03-07T11:08:01","date_gmt":"2026-03-07T14:08:01","guid":{"rendered":"https:\/\/fmgente.com.ar\/web\/que-se-sabe-hasta-ahora-de-la-eliminacion-de-la-vtv-y-que-podria-pasar\/"},"modified":"2026-03-07T11:08:01","modified_gmt":"2026-03-07T14:08:01","slug":"que-se-sabe-hasta-ahora-de-la-eliminacion-de-la-vtv-y-que-podria-pasar","status":"publish","type":"post","link":"https:\/\/fmgente.com.ar\/web\/que-se-sabe-hasta-ahora-de-la-eliminacion-de-la-vtv-y-que-podria-pasar\/","title":{"rendered":"Qu\u00e9 se sabe hasta ahora de la eliminaci\u00f3n de la VTV y qu\u00e9 podr\u00eda pasar"},"content":{"rendered":"<p>En marzo de 2026, el debate sobre la obligatoriedad de la Verificaci\u00f3n T\u00e9cnica Vehicular (VTV) ha alcanzado un punto cr\u00edtico en la agenda legislativa argentina. Tras diversos proyectos presentados para modificar o, directamente, derogar el sistema actual, crece la incertidumbre entre los conductores sobre la vigencia del tr\u00e1mite.<\/p>\n<p>Para muchos usuarios, el tr\u00e1mite se ha convertido en una \u201cformalidad burocr\u00e1tica\u201d que no se traduce en calles m\u00e1s seguras, mientras que para los especialistas en seguridad, quitar el control estatal podr\u00eda convertir el parque automotor en un riesgo latente.<\/p>\n<p>C\u00d3MO AVANZA LA INICIATIVA DE ELIMINAR LA VTV<\/p>\n<p>El diputado Andr\u00e9s De Leo, representante de la Coalici\u00f3n C\u00edvica ARI, ha presentado un proyecto de ley con el objetivo de suprimir la obligatoriedad de la Verificaci\u00f3n T\u00e9cnica Vehicular en la Provincia de Buenos Aires.<\/p>\n<p>El legislador fundamenta su propuesta bajo la premisa de que \u00abla VTV no salva vidas\u00bb, argumentando que las estad\u00edsticas demuestran que la mayor\u00eda de los siniestros viales son consecuencia de negligencias humanas o del deficiente estado de las rutas, y no de desperfectos mec\u00e1nicos. En este sentido, De Leo califica el tr\u00e1mite como una carga econ\u00f3mica injustificada para los ciudadanos bonaerenses.<\/p>\n<p>A pesar de que la iniciativa se encuentra en pleno debate parlamentario, es fundamental aclarar que la normativa actual sigue vigente. Quienes circulen sin la oblea reglamentaria se exponen a multas severas que, en 2026, oscilan entre los $542.100 y los $1.807.000, dependiendo de la gravedad y la reincidencia.<\/p>\n<p>Hasta que la Legislatura no sancione la nueva ley, los controles en rutas y accesos continuar\u00e1n operando con normalidad.<\/p>\n","protected":false},"excerpt":{"rendered":"<p>En marzo de 2026, el debate sobre la obligatoriedad de la Verificaci\u00f3n T\u00e9cnica Vehicular (VTV)<\/p>\n","protected":false},"author":0,"featured_media":14575,"comment_status":"","ping_status":"","sticky":false,"template":"","format":"standard","meta":{"footnotes":""},"categories":[11],"tags":[],"class_list":["post-14574","post","type-post","status-publish","format-standard","has-post-thumbnail","hentry","category-destacadas"],"yoast_head":"<!-- This site is optimized with the Yoast SEO plugin v27.4 - https:\/\/yoast.com\/product\/yoast-seo-wordpress\/ -->\n<title>Qu\u00e9 se sabe hasta ahora de la eliminaci\u00f3n de la VTV y qu\u00e9 podr\u00eda pasar - Fm Gente<\/title>\n<meta name=\"robots\" content=\"index, follow, max-snippet:-1, max-image-preview:large, max-video-preview:-1\" \/>\n<link rel=\"canonical\" href=\"https:\/\/fmgente.com.ar\/web\/que-se-sabe-hasta-ahora-de-la-eliminacion-de-la-vtv-y-que-podria-pasar\/\" \/>\n<meta property=\"og:locale\" content=\"es_ES\" \/>\n<meta property=\"og:type\" content=\"article\" \/>\n<meta property=\"og:title\" content=\"Qu\u00e9 se sabe hasta ahora de la eliminaci\u00f3n de la VTV y qu\u00e9 podr\u00eda pasar - Fm Gente\" \/>\n<meta property=\"og:description\" content=\"En marzo de 2026, el debate sobre la obligatoriedad de la Verificaci\u00f3n T\u00e9cnica Vehicular (VTV)\" \/>\n<meta property=\"og:url\" content=\"https:\/\/fmgente.com.ar\/web\/que-se-sabe-hasta-ahora-de-la-eliminacion-de-la-vtv-y-que-podria-pasar\/\" \/>\n<meta property=\"og:site_name\" content=\"Fm Gente\" \/>\n<meta property=\"article:published_time\" content=\"2026-03-07T14:08:01+00:00\" \/>\n<meta name=\"twitter:card\" content=\"summary_large_image\" \/>\n<meta name=\"twitter:label1\" content=\"Tiempo de lectura\" \/>\n\t<meta name=\"twitter:data1\" content=\"1 minuto\" \/>\n<script type=\"application\/ld+json\" class=\"yoast-schema-graph\">{\"@context\":\"https:\\\/\\\/schema.org\",\"@graph\":[{\"@type\":\"Article\",\"@id\":\"https:\\\/\\\/fmgente.com.ar\\\/web\\\/que-se-sabe-hasta-ahora-de-la-eliminacion-de-la-vtv-y-que-podria-pasar\\\/#article\",\"isPartOf\":{\"@id\":\"https:\\\/\\\/fmgente.com.ar\\\/web\\\/que-se-sabe-hasta-ahora-de-la-eliminacion-de-la-vtv-y-que-podria-pasar\\\/\"},\"author\":{\"name\":\"\",\"@id\":\"\"},\"headline\":\"Qu\u00e9 se sabe hasta ahora de la eliminaci\u00f3n de la VTV y qu\u00e9 podr\u00eda pasar\",\"datePublished\":\"2026-03-07T14:08:01+00:00\",\"mainEntityOfPage\":{\"@id\":\"https:\\\/\\\/fmgente.com.ar\\\/web\\\/que-se-sabe-hasta-ahora-de-la-eliminacion-de-la-vtv-y-que-podria-pasar\\\/\"},\"wordCount\":293,\"publisher\":{\"@id\":\"https:\\\/\\\/fmgente.com.ar\\\/web\\\/#organization\"},\"image\":{\"@id\":\"https:\\\/\\\/fmgente.com.ar\\\/web\\\/que-se-sabe-hasta-ahora-de-la-eliminacion-de-la-vtv-y-que-podria-pasar\\\/#primaryimage\"},\"thumbnailUrl\":\"https:\\\/\\\/fmgente.com.ar\\\/web\\\/wp-content\\\/uploads\\\/2026\\\/03\\\/720-395.jpeg\",\"articleSection\":[\"DESTACADAS\"],\"inLanguage\":\"es\"},{\"@type\":\"WebPage\",\"@id\":\"https:\\\/\\\/fmgente.com.ar\\\/web\\\/que-se-sabe-hasta-ahora-de-la-eliminacion-de-la-vtv-y-que-podria-pasar\\\/\",\"url\":\"https:\\\/\\\/fmgente.com.ar\\\/web\\\/que-se-sabe-hasta-ahora-de-la-eliminacion-de-la-vtv-y-que-podria-pasar\\\/\",\"name\":\"Qu\u00e9 se sabe hasta ahora de la eliminaci\u00f3n de la VTV y qu\u00e9 podr\u00eda pasar - Fm Gente\",\"isPartOf\":{\"@id\":\"https:\\\/\\\/fmgente.com.ar\\\/web\\\/#website\"},\"primaryImageOfPage\":{\"@id\":\"https:\\\/\\\/fmgente.com.ar\\\/web\\\/que-se-sabe-hasta-ahora-de-la-eliminacion-de-la-vtv-y-que-podria-pasar\\\/#primaryimage\"},\"image\":{\"@id\":\"https:\\\/\\\/fmgente.com.ar\\\/web\\\/que-se-sabe-hasta-ahora-de-la-eliminacion-de-la-vtv-y-que-podria-pasar\\\/#primaryimage\"},\"thumbnailUrl\":\"https:\\\/\\\/fmgente.com.ar\\\/web\\\/wp-content\\\/uploads\\\/2026\\\/03\\\/720-395.jpeg\",\"datePublished\":\"2026-03-07T14:08:01+00:00\",\"inLanguage\":\"es\",\"potentialAction\":[{\"@type\":\"ReadAction\",\"target\":[\"https:\\\/\\\/fmgente.com.ar\\\/web\\\/que-se-sabe-hasta-ahora-de-la-eliminacion-de-la-vtv-y-que-podria-pasar\\\/\"]}]},{\"@type\":\"ImageObject\",\"inLanguage\":\"es\",\"@id\":\"https:\\\/\\\/fmgente.com.ar\\\/web\\\/que-se-sabe-hasta-ahora-de-la-eliminacion-de-la-vtv-y-que-podria-pasar\\\/#primaryimage\",\"url\":\"https:\\\/\\\/fmgente.com.ar\\\/web\\\/wp-content\\\/uploads\\\/2026\\\/03\\\/720-395.jpeg\",\"contentUrl\":\"https:\\\/\\\/fmgente.com.ar\\\/web\\\/wp-content\\\/uploads\\\/2026\\\/03\\\/720-395.jpeg\",\"width\":1202,\"height\":720},{\"@type\":\"WebSite\",\"@id\":\"https:\\\/\\\/fmgente.com.ar\\\/web\\\/#website\",\"url\":\"https:\\\/\\\/fmgente.com.ar\\\/web\\\/\",\"name\":\"Fm Gente\",\"description\":\"- Jes\u00fas Mar\u00eda\",\"publisher\":{\"@id\":\"https:\\\/\\\/fmgente.com.ar\\\/web\\\/#organization\"},\"potentialAction\":[{\"@type\":\"SearchAction\",\"target\":{\"@type\":\"EntryPoint\",\"urlTemplate\":\"https:\\\/\\\/fmgente.com.ar\\\/web\\\/?s={search_term_string}\"},\"query-input\":{\"@type\":\"PropertyValueSpecification\",\"valueRequired\":true,\"valueName\":\"search_term_string\"}}],\"inLanguage\":\"es\"},{\"@type\":\"Organization\",\"@id\":\"https:\\\/\\\/fmgente.com.ar\\\/web\\\/#organization\",\"name\":\"Fm Gente\",\"url\":\"https:\\\/\\\/fmgente.com.ar\\\/web\\\/\",\"logo\":{\"@type\":\"ImageObject\",\"inLanguage\":\"es\",\"@id\":\"https:\\\/\\\/fmgente.com.ar\\\/web\\\/#\\\/schema\\\/logo\\\/image\\\/\",\"url\":\"https:\\\/\\\/fmgente.com.ar\\\/web\\\/wp-content\\\/uploads\\\/2023\\\/07\\\/cropped-cropped-logo-sombra2.png\",\"contentUrl\":\"https:\\\/\\\/fmgente.com.ar\\\/web\\\/wp-content\\\/uploads\\\/2023\\\/07\\\/cropped-cropped-logo-sombra2.png\",\"width\":1782,\"height\":1782,\"caption\":\"Fm Gente\"},\"image\":{\"@id\":\"https:\\\/\\\/fmgente.com.ar\\\/web\\\/#\\\/schema\\\/logo\\\/image\\\/\"}}]}<\/script>\n<!-- \/ Yoast SEO plugin. -->","yoast_head_json":{"title":"Qu\u00e9 se sabe hasta ahora de la eliminaci\u00f3n de la VTV y qu\u00e9 podr\u00eda pasar - Fm Gente","robots":{"index":"index","follow":"follow","max-snippet":"max-snippet:-1","max-image-preview":"max-image-preview:large","max-video-preview":"max-video-preview:-1"},"canonical":"https:\/\/fmgente.com.ar\/web\/que-se-sabe-hasta-ahora-de-la-eliminacion-de-la-vtv-y-que-podria-pasar\/","og_locale":"es_ES","og_type":"article","og_title":"Qu\u00e9 se sabe hasta ahora de la eliminaci\u00f3n de la VTV y qu\u00e9 podr\u00eda pasar - Fm Gente","og_description":"En marzo de 2026, el debate sobre la obligatoriedad de la Verificaci\u00f3n T\u00e9cnica Vehicular (VTV)","og_url":"https:\/\/fmgente.com.ar\/web\/que-se-sabe-hasta-ahora-de-la-eliminacion-de-la-vtv-y-que-podria-pasar\/","og_site_name":"Fm Gente","article_published_time":"2026-03-07T14:08:01+00:00","twitter_card":"summary_large_image","twitter_misc":{"Tiempo de lectura":"1 minuto"},"schema":{"@context":"https:\/\/schema.org","@graph":[{"@type":"Article","@id":"https:\/\/fmgente.com.ar\/web\/que-se-sabe-hasta-ahora-de-la-eliminacion-de-la-vtv-y-que-podria-pasar\/#article","isPartOf":{"@id":"https:\/\/fmgente.com.ar\/web\/que-se-sabe-hasta-ahora-de-la-eliminacion-de-la-vtv-y-que-podria-pasar\/"},"author":{"name":"","@id":""},"headline":"Qu\u00e9 se sabe hasta ahora de la eliminaci\u00f3n de la VTV y qu\u00e9 podr\u00eda pasar","datePublished":"2026-03-07T14:08:01+00:00","mainEntityOfPage":{"@id":"https:\/\/fmgente.com.ar\/web\/que-se-sabe-hasta-ahora-de-la-eliminacion-de-la-vtv-y-que-podria-pasar\/"},"wordCount":293,"publisher":{"@id":"https:\/\/fmgente.com.ar\/web\/#organization"},"image":{"@id":"https:\/\/fmgente.com.ar\/web\/que-se-sabe-hasta-ahora-de-la-eliminacion-de-la-vtv-y-que-podria-pasar\/#primaryimage"},"thumbnailUrl":"https:\/\/fmgente.com.ar\/web\/wp-content\/uploads\/2026\/03\/720-395.jpeg","articleSection":["DESTACADAS"],"inLanguage":"es"},{"@type":"WebPage","@id":"https:\/\/fmgente.com.ar\/web\/que-se-sabe-hasta-ahora-de-la-eliminacion-de-la-vtv-y-que-podria-pasar\/","url":"https:\/\/fmgente.com.ar\/web\/que-se-sabe-hasta-ahora-de-la-eliminacion-de-la-vtv-y-que-podria-pasar\/","name":"Qu\u00e9 se sabe hasta ahora de la eliminaci\u00f3n de la VTV y qu\u00e9 podr\u00eda pasar - Fm Gente","isPartOf":{"@id":"https:\/\/fmgente.com.ar\/web\/#website"},"primaryImageOfPage":{"@id":"https:\/\/fmgente.com.ar\/web\/que-se-sabe-hasta-ahora-de-la-eliminacion-de-la-vtv-y-que-podria-pasar\/#primaryimage"},"image":{"@id":"https:\/\/fmgente.com.ar\/web\/que-se-sabe-hasta-ahora-de-la-eliminacion-de-la-vtv-y-que-podria-pasar\/#primaryimage"},"thumbnailUrl":"https:\/\/fmgente.com.ar\/web\/wp-content\/uploads\/2026\/03\/720-395.jpeg","datePublished":"2026-03-07T14:08:01+00:00","inLanguage":"es","potentialAction":[{"@type":"ReadAction","target":["https:\/\/fmgente.com.ar\/web\/que-se-sabe-hasta-ahora-de-la-eliminacion-de-la-vtv-y-que-podria-pasar\/"]}]},{"@type":"ImageObject","inLanguage":"es","@id":"https:\/\/fmgente.com.ar\/web\/que-se-sabe-hasta-ahora-de-la-eliminacion-de-la-vtv-y-que-podria-pasar\/#primaryimage","url":"https:\/\/fmgente.com.ar\/web\/wp-content\/uploads\/2026\/03\/720-395.jpeg","contentUrl":"https:\/\/fmgente.com.ar\/web\/wp-content\/uploads\/2026\/03\/720-395.jpeg","width":1202,"height":720},{"@type":"WebSite","@id":"https:\/\/fmgente.com.ar\/web\/#website","url":"https:\/\/fmgente.com.ar\/web\/","name":"Fm Gente","description":"- Jes\u00fas Mar\u00eda","publisher":{"@id":"https:\/\/fmgente.com.ar\/web\/#organization"},"potentialAction":[{"@type":"SearchAction","target":{"@type":"EntryPoint","urlTemplate":"https:\/\/fmgente.com.ar\/web\/?s={search_term_string}"},"query-input":{"@type":"PropertyValueSpecification","valueRequired":true,"valueName":"search_term_string"}}],"inLanguage":"es"},{"@type":"Organization","@id":"https:\/\/fmgente.com.ar\/web\/#organization","name":"Fm Gente","url":"https:\/\/fmgente.com.ar\/web\/","logo":{"@type":"ImageObject","inLanguage":"es","@id":"https:\/\/fmgente.com.ar\/web\/#\/schema\/logo\/image\/","url":"https:\/\/fmgente.com.ar\/web\/wp-content\/uploads\/2023\/07\/cropped-cropped-logo-sombra2.png","contentUrl":"https:\/\/fmgente.com.ar\/web\/wp-content\/uploads\/2023\/07\/cropped-cropped-logo-sombra2.png","width":1782,"height":1782,"caption":"Fm Gente"},"image":{"@id":"https:\/\/fmgente.com.ar\/web\/#\/schema\/logo\/image\/"}}]}},"_links":{"self":[{"href":"https:\/\/fmgente.com.ar\/web\/wp-json\/wp\/v2\/posts\/14574","targetHints":{"allow":["GET"]}}],"collection":[{"href":"https:\/\/fmgente.com.ar\/web\/wp-json\/wp\/v2\/posts"}],"about":[{"href":"https:\/\/fmgente.com.ar\/web\/wp-json\/wp\/v2\/types\/post"}],"replies":[{"embeddable":true,"href":"https:\/\/fmgente.com.ar\/web\/wp-json\/wp\/v2\/comments?post=14574"}],"version-history":[{"count":0,"href":"https:\/\/fmgente.com.ar\/web\/wp-json\/wp\/v2\/posts\/14574\/revisions"}],"wp:featuredmedia":[{"embeddable":true,"href":"https:\/\/fmgente.com.ar\/web\/wp-json\/wp\/v2\/media\/14575"}],"wp:attachment":[{"href":"https:\/\/fmgente.com.ar\/web\/wp-json\/wp\/v2\/media?parent=14574"}],"wp:term":[{"taxonomy":"category","embeddable":true,"href":"https:\/\/fmgente.com.ar\/web\/wp-json\/wp\/v2\/categories?post=14574"},{"taxonomy":"post_tag","embeddable":true,"href":"https:\/\/fmgente.com.ar\/web\/wp-json\/wp\/v2\/tags?post=14574"}],"curies":[{"name":"wp","href":"https:\/\/api.w.org\/{rel}","templated":true}]}}