{"id":14572,"date":"2026-03-07T11:08:01","date_gmt":"2026-03-07T14:08:01","guid":{"rendered":"https:\/\/fmgente.com.ar\/web\/beneficiarios-claves-que-grupo-de-anses-cobra-casi-440-000-en-marzo-2026\/"},"modified":"2026-03-07T11:08:01","modified_gmt":"2026-03-07T14:08:01","slug":"beneficiarios-claves-que-grupo-de-anses-cobra-casi-440-000-en-marzo-2026","status":"publish","type":"post","link":"https:\/\/fmgente.com.ar\/web\/beneficiarios-claves-que-grupo-de-anses-cobra-casi-440-000-en-marzo-2026\/","title":{"rendered":"Beneficiarios claves: qu\u00e9 grupo de ANSES cobra casi $440.000 en marzo 2026"},"content":{"rendered":"<p>La Administraci\u00f3n Nacional de la Seguridad Social (ANSES) ya confirm\u00f3 c\u00f3mo se liquidar\u00e1n los haberes previsionales correspondientes a marzo. Durante este mes, quienes perciben la jubilaci\u00f3n m\u00ednima cobrar\u00e1n un total de $439.600,88.<\/p>\n<p>Ese monto surge de la aplicaci\u00f3n del incremento por movilidad del 2,88% sobre los haberes previsionales, al que se suma el refuerzo extraordinario de $70.000. Este bono adicional se mantiene sin modificaciones desde 2024 y contin\u00faa integrando los ingresos mensuales de jubilados y pensionados que cobran el haber m\u00e1s bajo.<\/p>\n<p>QU\u00c9 TITULARES DE ANSES RECIBEN AL MENOS $440.000 EN MARZO 2026<\/p>\n<p>El refuerzo tambi\u00e9n se extiende a otros beneficiarios del sistema previsional administrado por el organismo estatal, como quienes perciben la Pensi\u00f3n Universal para el Adulto Mayor (PUAM), las pensiones no contributivas y las madres con siete hijos o m\u00e1s. <\/p>\n<p>En todos estos casos, quienes se encuentran en el nivel m\u00ednimo del sistema reciben el bono completo. En cambio, para haberes que superan ese piso, el adicional se liquida de manera proporcional, aunque en la pr\u00e1ctica la mayor\u00eda de quienes cobran por encima de la m\u00ednima no acceden al refuerzo.<\/p>\n<p>Tras aplicarse el aumento del 2,88% correspondiente a la f\u00f3rmula de movilidad, los montos base de las prestaciones quedaron establecidos de la siguiente manera:<\/p>\n<p> * Jubilaci\u00f3n m\u00ednima: $369.600,88<br \/>\n * Jubilaci\u00f3n m\u00e1xima: $2.487.063,95<br \/>\n * Pensi\u00f3n Universal para el Adulto Mayor (PUAM): $295.680,70<br \/>\n * Pensiones No Contributivas (PNC): $258.649,34<br \/>\n * Pensi\u00f3n para madres de siete hijos: $369.600,88<br \/>\n * Prestaci\u00f3n B\u00e1sica Universal (PBU): $169.075,53<\/p>\n<p>Al sumar el bono extraordinario de $70.000 para quienes perciben los haberes m\u00e1s bajos, los ingresos finales que se abonar\u00e1n durante marzo quedan conformados de la siguiente manera:<\/p>\n<p> * Jubilaci\u00f3n m\u00ednima con bono: $439.600,88<br \/>\n * PUAM con bono: $365.680,70<br \/>\n * PNC por invalidez o vejez con bono: $328.649,34<br \/>\n * Pensi\u00f3n para madres de siete hijos con bono: $439.600,88.<\/p>\n<p>EN QU\u00c9 FECHA COBRAN JUBILADOS Y PENSIONADOS DE ANSES EN MARZO 2026<\/p>\n<p>Las fechas de pago son las siguientes:<\/p>\n<p>JUBILACIONES Y PENSIONES QUE NO SUPERAN EL HABER M\u00cdNIMO<\/p>\n<p> * DNI 0: lunes 9 de marzo<br \/>\n * DNI 1: martes 10 de marzo<br \/>\n * DNI 2: mi\u00e9rcoles 11 de marzo<br \/>\n * DNI 3: jueves 12 de marzo<br \/>\n * DNI 4: viernes 13 de marzo<br \/>\n * DNI 5: lunes 16 de marzo<br \/>\n * DNI 6: martes 17 de marzo<br \/>\n * DNI 7: mi\u00e9rcoles 18 de marzo<br \/>\n * DNI 8: jueves 19 de marzo<br \/>\n * DNI 9: viernes 20 de marzo<\/p>\n<p>JUBILACIONES Y PENSIONES QUE SUPERAN EL HABER M\u00cdNIMO<\/p>\n<p> * DNI 0 y 1: mi\u00e9rcoles 25 de marzo (corrido por feriado)<br \/>\n * DNI 2 y 3: mi\u00e9rcoles 25 de marzo<br \/>\n * DNI 4 y 5: jueves 26 de marzo<br \/>\n * DNI 6 y 7: viernes 27 de marzo<br \/>\n * DNI 8 y 9: lunes 30 de marzo<\/p>\n<p>PENSIONES NO CONTRIBUTIVAS (PNC)<\/p>\n<p> * DNI 0 y 1: lunes 9 de marzo<br \/>\n * DNI 2 y 3: martes 10 de marzo<br \/>\n * DNI 4 y 5: mi\u00e9rcoles 11 de marzo<br \/>\n * DNI 6 y 7: jueves 12 de marzo<br \/>\n * DNI 8 y 9: viernes 13 de marzo<\/p>\n","protected":false},"excerpt":{"rendered":"<p>La Administraci\u00f3n Nacional de la Seguridad Social (ANSES) ya confirm\u00f3 c\u00f3mo se liquidar\u00e1n los haberes<\/p>\n","protected":false},"author":0,"featured_media":14573,"comment_status":"","ping_status":"","sticky":false,"template":"","format":"standard","meta":{"footnotes":""},"categories":[11],"tags":[],"class_list":["post-14572","post","type-post","status-publish","format-standard","has-post-thumbnail","hentry","category-destacadas"],"yoast_head":"<!-- This site is optimized with the Yoast SEO plugin v27.4 - https:\/\/yoast.com\/product\/yoast-seo-wordpress\/ -->\n<title>Beneficiarios claves: qu\u00e9 grupo de ANSES cobra casi $440.000 en marzo 2026 - Fm Gente<\/title>\n<meta name=\"robots\" content=\"index, follow, max-snippet:-1, max-image-preview:large, max-video-preview:-1\" \/>\n<link rel=\"canonical\" href=\"https:\/\/fmgente.com.ar\/web\/beneficiarios-claves-que-grupo-de-anses-cobra-casi-440-000-en-marzo-2026\/\" \/>\n<meta property=\"og:locale\" content=\"es_ES\" \/>\n<meta property=\"og:type\" content=\"article\" \/>\n<meta property=\"og:title\" content=\"Beneficiarios claves: qu\u00e9 grupo de ANSES cobra casi $440.000 en marzo 2026 - Fm Gente\" \/>\n<meta property=\"og:description\" content=\"La Administraci\u00f3n Nacional de la Seguridad Social (ANSES) ya confirm\u00f3 c\u00f3mo se liquidar\u00e1n los haberes\" \/>\n<meta property=\"og:url\" content=\"https:\/\/fmgente.com.ar\/web\/beneficiarios-claves-que-grupo-de-anses-cobra-casi-440-000-en-marzo-2026\/\" \/>\n<meta property=\"og:site_name\" content=\"Fm Gente\" \/>\n<meta property=\"article:published_time\" content=\"2026-03-07T14:08:01+00:00\" \/>\n<meta name=\"twitter:card\" content=\"summary_large_image\" \/>\n<meta name=\"twitter:label1\" content=\"Tiempo de lectura\" \/>\n\t<meta name=\"twitter:data1\" content=\"2 minutos\" \/>\n<script type=\"application\/ld+json\" class=\"yoast-schema-graph\">{\"@context\":\"https:\\\/\\\/schema.org\",\"@graph\":[{\"@type\":\"Article\",\"@id\":\"https:\\\/\\\/fmgente.com.ar\\\/web\\\/beneficiarios-claves-que-grupo-de-anses-cobra-casi-440-000-en-marzo-2026\\\/#article\",\"isPartOf\":{\"@id\":\"https:\\\/\\\/fmgente.com.ar\\\/web\\\/beneficiarios-claves-que-grupo-de-anses-cobra-casi-440-000-en-marzo-2026\\\/\"},\"author\":{\"name\":\"\",\"@id\":\"\"},\"headline\":\"Beneficiarios claves: qu\u00e9 grupo de ANSES cobra casi $440.000 en marzo 2026\",\"datePublished\":\"2026-03-07T14:08:01+00:00\",\"mainEntityOfPage\":{\"@id\":\"https:\\\/\\\/fmgente.com.ar\\\/web\\\/beneficiarios-claves-que-grupo-de-anses-cobra-casi-440-000-en-marzo-2026\\\/\"},\"wordCount\":452,\"publisher\":{\"@id\":\"https:\\\/\\\/fmgente.com.ar\\\/web\\\/#organization\"},\"image\":{\"@id\":\"https:\\\/\\\/fmgente.com.ar\\\/web\\\/beneficiarios-claves-que-grupo-de-anses-cobra-casi-440-000-en-marzo-2026\\\/#primaryimage\"},\"thumbnailUrl\":\"https:\\\/\\\/fmgente.com.ar\\\/web\\\/wp-content\\\/uploads\\\/2026\\\/03\\\/720-394.jpeg\",\"articleSection\":[\"DESTACADAS\"],\"inLanguage\":\"es\"},{\"@type\":\"WebPage\",\"@id\":\"https:\\\/\\\/fmgente.com.ar\\\/web\\\/beneficiarios-claves-que-grupo-de-anses-cobra-casi-440-000-en-marzo-2026\\\/\",\"url\":\"https:\\\/\\\/fmgente.com.ar\\\/web\\\/beneficiarios-claves-que-grupo-de-anses-cobra-casi-440-000-en-marzo-2026\\\/\",\"name\":\"Beneficiarios claves: qu\u00e9 grupo de ANSES cobra casi $440.000 en marzo 2026 - Fm Gente\",\"isPartOf\":{\"@id\":\"https:\\\/\\\/fmgente.com.ar\\\/web\\\/#website\"},\"primaryImageOfPage\":{\"@id\":\"https:\\\/\\\/fmgente.com.ar\\\/web\\\/beneficiarios-claves-que-grupo-de-anses-cobra-casi-440-000-en-marzo-2026\\\/#primaryimage\"},\"image\":{\"@id\":\"https:\\\/\\\/fmgente.com.ar\\\/web\\\/beneficiarios-claves-que-grupo-de-anses-cobra-casi-440-000-en-marzo-2026\\\/#primaryimage\"},\"thumbnailUrl\":\"https:\\\/\\\/fmgente.com.ar\\\/web\\\/wp-content\\\/uploads\\\/2026\\\/03\\\/720-394.jpeg\",\"datePublished\":\"2026-03-07T14:08:01+00:00\",\"inLanguage\":\"es\",\"potentialAction\":[{\"@type\":\"ReadAction\",\"target\":[\"https:\\\/\\\/fmgente.com.ar\\\/web\\\/beneficiarios-claves-que-grupo-de-anses-cobra-casi-440-000-en-marzo-2026\\\/\"]}]},{\"@type\":\"ImageObject\",\"inLanguage\":\"es\",\"@id\":\"https:\\\/\\\/fmgente.com.ar\\\/web\\\/beneficiarios-claves-que-grupo-de-anses-cobra-casi-440-000-en-marzo-2026\\\/#primaryimage\",\"url\":\"https:\\\/\\\/fmgente.com.ar\\\/web\\\/wp-content\\\/uploads\\\/2026\\\/03\\\/720-394.jpeg\",\"contentUrl\":\"https:\\\/\\\/fmgente.com.ar\\\/web\\\/wp-content\\\/uploads\\\/2026\\\/03\\\/720-394.jpeg\",\"width\":1280,\"height\":720},{\"@type\":\"WebSite\",\"@id\":\"https:\\\/\\\/fmgente.com.ar\\\/web\\\/#website\",\"url\":\"https:\\\/\\\/fmgente.com.ar\\\/web\\\/\",\"name\":\"Fm Gente\",\"description\":\"- Jes\u00fas Mar\u00eda\",\"publisher\":{\"@id\":\"https:\\\/\\\/fmgente.com.ar\\\/web\\\/#organization\"},\"potentialAction\":[{\"@type\":\"SearchAction\",\"target\":{\"@type\":\"EntryPoint\",\"urlTemplate\":\"https:\\\/\\\/fmgente.com.ar\\\/web\\\/?s={search_term_string}\"},\"query-input\":{\"@type\":\"PropertyValueSpecification\",\"valueRequired\":true,\"valueName\":\"search_term_string\"}}],\"inLanguage\":\"es\"},{\"@type\":\"Organization\",\"@id\":\"https:\\\/\\\/fmgente.com.ar\\\/web\\\/#organization\",\"name\":\"Fm Gente\",\"url\":\"https:\\\/\\\/fmgente.com.ar\\\/web\\\/\",\"logo\":{\"@type\":\"ImageObject\",\"inLanguage\":\"es\",\"@id\":\"https:\\\/\\\/fmgente.com.ar\\\/web\\\/#\\\/schema\\\/logo\\\/image\\\/\",\"url\":\"https:\\\/\\\/fmgente.com.ar\\\/web\\\/wp-content\\\/uploads\\\/2023\\\/07\\\/cropped-cropped-logo-sombra2.png\",\"contentUrl\":\"https:\\\/\\\/fmgente.com.ar\\\/web\\\/wp-content\\\/uploads\\\/2023\\\/07\\\/cropped-cropped-logo-sombra2.png\",\"width\":1782,\"height\":1782,\"caption\":\"Fm Gente\"},\"image\":{\"@id\":\"https:\\\/\\\/fmgente.com.ar\\\/web\\\/#\\\/schema\\\/logo\\\/image\\\/\"}}]}<\/script>\n<!-- \/ Yoast SEO plugin. -->","yoast_head_json":{"title":"Beneficiarios claves: qu\u00e9 grupo de ANSES cobra casi $440.000 en marzo 2026 - Fm Gente","robots":{"index":"index","follow":"follow","max-snippet":"max-snippet:-1","max-image-preview":"max-image-preview:large","max-video-preview":"max-video-preview:-1"},"canonical":"https:\/\/fmgente.com.ar\/web\/beneficiarios-claves-que-grupo-de-anses-cobra-casi-440-000-en-marzo-2026\/","og_locale":"es_ES","og_type":"article","og_title":"Beneficiarios claves: qu\u00e9 grupo de ANSES cobra casi $440.000 en marzo 2026 - Fm Gente","og_description":"La Administraci\u00f3n Nacional de la Seguridad Social (ANSES) ya confirm\u00f3 c\u00f3mo se liquidar\u00e1n los haberes","og_url":"https:\/\/fmgente.com.ar\/web\/beneficiarios-claves-que-grupo-de-anses-cobra-casi-440-000-en-marzo-2026\/","og_site_name":"Fm Gente","article_published_time":"2026-03-07T14:08:01+00:00","twitter_card":"summary_large_image","twitter_misc":{"Tiempo de lectura":"2 minutos"},"schema":{"@context":"https:\/\/schema.org","@graph":[{"@type":"Article","@id":"https:\/\/fmgente.com.ar\/web\/beneficiarios-claves-que-grupo-de-anses-cobra-casi-440-000-en-marzo-2026\/#article","isPartOf":{"@id":"https:\/\/fmgente.com.ar\/web\/beneficiarios-claves-que-grupo-de-anses-cobra-casi-440-000-en-marzo-2026\/"},"author":{"name":"","@id":""},"headline":"Beneficiarios claves: qu\u00e9 grupo de ANSES cobra casi $440.000 en marzo 2026","datePublished":"2026-03-07T14:08:01+00:00","mainEntityOfPage":{"@id":"https:\/\/fmgente.com.ar\/web\/beneficiarios-claves-que-grupo-de-anses-cobra-casi-440-000-en-marzo-2026\/"},"wordCount":452,"publisher":{"@id":"https:\/\/fmgente.com.ar\/web\/#organization"},"image":{"@id":"https:\/\/fmgente.com.ar\/web\/beneficiarios-claves-que-grupo-de-anses-cobra-casi-440-000-en-marzo-2026\/#primaryimage"},"thumbnailUrl":"https:\/\/fmgente.com.ar\/web\/wp-content\/uploads\/2026\/03\/720-394.jpeg","articleSection":["DESTACADAS"],"inLanguage":"es"},{"@type":"WebPage","@id":"https:\/\/fmgente.com.ar\/web\/beneficiarios-claves-que-grupo-de-anses-cobra-casi-440-000-en-marzo-2026\/","url":"https:\/\/fmgente.com.ar\/web\/beneficiarios-claves-que-grupo-de-anses-cobra-casi-440-000-en-marzo-2026\/","name":"Beneficiarios claves: qu\u00e9 grupo de ANSES cobra casi $440.000 en marzo 2026 - Fm Gente","isPartOf":{"@id":"https:\/\/fmgente.com.ar\/web\/#website"},"primaryImageOfPage":{"@id":"https:\/\/fmgente.com.ar\/web\/beneficiarios-claves-que-grupo-de-anses-cobra-casi-440-000-en-marzo-2026\/#primaryimage"},"image":{"@id":"https:\/\/fmgente.com.ar\/web\/beneficiarios-claves-que-grupo-de-anses-cobra-casi-440-000-en-marzo-2026\/#primaryimage"},"thumbnailUrl":"https:\/\/fmgente.com.ar\/web\/wp-content\/uploads\/2026\/03\/720-394.jpeg","datePublished":"2026-03-07T14:08:01+00:00","inLanguage":"es","potentialAction":[{"@type":"ReadAction","target":["https:\/\/fmgente.com.ar\/web\/beneficiarios-claves-que-grupo-de-anses-cobra-casi-440-000-en-marzo-2026\/"]}]},{"@type":"ImageObject","inLanguage":"es","@id":"https:\/\/fmgente.com.ar\/web\/beneficiarios-claves-que-grupo-de-anses-cobra-casi-440-000-en-marzo-2026\/#primaryimage","url":"https:\/\/fmgente.com.ar\/web\/wp-content\/uploads\/2026\/03\/720-394.jpeg","contentUrl":"https:\/\/fmgente.com.ar\/web\/wp-content\/uploads\/2026\/03\/720-394.jpeg","width":1280,"height":720},{"@type":"WebSite","@id":"https:\/\/fmgente.com.ar\/web\/#website","url":"https:\/\/fmgente.com.ar\/web\/","name":"Fm Gente","description":"- Jes\u00fas Mar\u00eda","publisher":{"@id":"https:\/\/fmgente.com.ar\/web\/#organization"},"potentialAction":[{"@type":"SearchAction","target":{"@type":"EntryPoint","urlTemplate":"https:\/\/fmgente.com.ar\/web\/?s={search_term_string}"},"query-input":{"@type":"PropertyValueSpecification","valueRequired":true,"valueName":"search_term_string"}}],"inLanguage":"es"},{"@type":"Organization","@id":"https:\/\/fmgente.com.ar\/web\/#organization","name":"Fm Gente","url":"https:\/\/fmgente.com.ar\/web\/","logo":{"@type":"ImageObject","inLanguage":"es","@id":"https:\/\/fmgente.com.ar\/web\/#\/schema\/logo\/image\/","url":"https:\/\/fmgente.com.ar\/web\/wp-content\/uploads\/2023\/07\/cropped-cropped-logo-sombra2.png","contentUrl":"https:\/\/fmgente.com.ar\/web\/wp-content\/uploads\/2023\/07\/cropped-cropped-logo-sombra2.png","width":1782,"height":1782,"caption":"Fm Gente"},"image":{"@id":"https:\/\/fmgente.com.ar\/web\/#\/schema\/logo\/image\/"}}]}},"_links":{"self":[{"href":"https:\/\/fmgente.com.ar\/web\/wp-json\/wp\/v2\/posts\/14572","targetHints":{"allow":["GET"]}}],"collection":[{"href":"https:\/\/fmgente.com.ar\/web\/wp-json\/wp\/v2\/posts"}],"about":[{"href":"https:\/\/fmgente.com.ar\/web\/wp-json\/wp\/v2\/types\/post"}],"replies":[{"embeddable":true,"href":"https:\/\/fmgente.com.ar\/web\/wp-json\/wp\/v2\/comments?post=14572"}],"version-history":[{"count":0,"href":"https:\/\/fmgente.com.ar\/web\/wp-json\/wp\/v2\/posts\/14572\/revisions"}],"wp:featuredmedia":[{"embeddable":true,"href":"https:\/\/fmgente.com.ar\/web\/wp-json\/wp\/v2\/media\/14573"}],"wp:attachment":[{"href":"https:\/\/fmgente.com.ar\/web\/wp-json\/wp\/v2\/media?parent=14572"}],"wp:term":[{"taxonomy":"category","embeddable":true,"href":"https:\/\/fmgente.com.ar\/web\/wp-json\/wp\/v2\/categories?post=14572"},{"taxonomy":"post_tag","embeddable":true,"href":"https:\/\/fmgente.com.ar\/web\/wp-json\/wp\/v2\/tags?post=14572"}],"curies":[{"name":"wp","href":"https:\/\/api.w.org\/{rel}","templated":true}]}}