{"id":14564,"date":"2026-03-07T10:08:30","date_gmt":"2026-03-07T13:08:30","guid":{"rendered":"https:\/\/fmgente.com.ar\/web\/el-ano-nuevo-chino-tambien-se-vivio-en-ucasal\/"},"modified":"2026-03-07T10:08:30","modified_gmt":"2026-03-07T13:08:30","slug":"el-ano-nuevo-chino-tambien-se-vivio-en-ucasal","status":"publish","type":"post","link":"https:\/\/fmgente.com.ar\/web\/el-ano-nuevo-chino-tambien-se-vivio-en-ucasal\/","title":{"rendered":"El A\u00f1o Nuevo Chino tambi\u00e9n se vivi\u00f3 en UCASAL"},"content":{"rendered":"<p>Arranc\u00f3 el a\u00f1o del Caballo de Fuego para China. En 2026, la cultura asi\u00e1tica celebra el a\u00f1o 4724. En medio de este hito, la Universidad Cat\u00f3lica de Salta (UCASAL), junto al Centro Chino CLEC y otros involucrados, organiz\u00f3 una propuesta intercultural que sum\u00f3 a m\u00faltiples sectores.<\/p>\n<p>El A\u00f1o Nuevo Chino pis\u00f3 fuerte en Salta, donde se llev\u00f3 adelante una movida que dur\u00f3 desde el 24 hasta el 27 de febrero; el evento tuvo lugar en la Ex Pal\u00fadica y en la Usina Cultural. <\/p>\n<p>La iniciativa fue organizada en conjunto con la Municipalidad de Salta, el Gobierno de la provincia, la Embajada de la Rep\u00fablica Popular China en la Rep\u00fablica Argentina y la Octava Edici\u00f3n de la Ruta China.<\/p>\n<p>En representaci\u00f3n de UCASAL, participaron de la jornada de cierre (realizada el viernes 27) el Mg. Lic. Estanislao Villanueva, vicerrector de Extensi\u00f3n e Integraci\u00f3n Universitaria; el Ing. Mario Ochoa, secretario de Planeamiento Estrat\u00e9gico; la Mg. Lic. Constanza Diedrich, vicerrectora de Posgrado y Formaci\u00f3n Continua y la Mg. Valeria Vorano, secretaria de Asuntos Internacionales. <\/p>\n<p>Durante cuatro jornadas abiertas, la comunidad salte\u00f1a pudo disfrutar de actividades art\u00edsticas y culturales como exposiciones, m\u00fasica, shows en vivo, un taller de caligraf\u00eda, la tradicional Danza del Drag\u00f3n y otras actividades, en un espacio pensado para el encuentro y el intercambio.<\/p>\n<p>En este marco, el Centro Chino CLEC de UCASAL llev\u00f3 adelante tres propuestas centrales. La primera consisti\u00f3 en la creaci\u00f3n del car\u00e1cter Fu, s\u00edmbolo tradicional que se utiliza durante el A\u00f1o Nuevo Chino para atraer la abundancia y la buena fortuna. Luego, se desarroll\u00f3 una charla introductoria sobre esta festividad, abordando sus leyendas, historias, costumbres y los mitos que la rodean. Finalmente, se desarroll\u00f3 un taller de plegado de papel tradicional chino, donde los participantes elaboraron el car\u00e1cter Ch\u016bn (\u201cprimavera\u201d), lo que despert\u00f3 gran inter\u00e9s y curiosidad en el p\u00fablico.<\/p>\n<p>La Lic. Claudia Soza, responsable del Centro Chino CLEC \u2013 UCASAL, destac\u00f3 la relevancia de esta participaci\u00f3n:  \u201cPara nosotros es muy importante formar parte de este evento porque como Centro Chino tenemos el objetivo de difundir el idioma y promover la cultura\u201d. En ese sentido, subray\u00f3 que el trabajo del centro se desarrolla de manera articulada con distintos organismos e instituciones, fortaleciendo la cooperaci\u00f3n cultural en la provincia.<\/p>\n<p>Asimismo, se\u00f1al\u00f3 que el crecimiento de la comunidad china en Salta, especialmente vinculado al sector minero, ha generado un mayor inter\u00e9s por su cultura. \u201cMuchas veces ciertos prejuicios surgen del desconocimiento. Por eso, promover la cultura y aclarar dudas es un rol fundamental para nosotros\u201d, afirm\u00f3, remarcando el valor educativo de estas iniciativas.<\/p>\n<p>Por su parte, Jin Li, profesora del Centro Chino CLEC, resalt\u00f3 la calidez del p\u00fablico salte\u00f1o y su inter\u00e9s por conocer m\u00e1s sobre esta festividad: \u201cEncontr\u00e9 a la gente muy amable y muy interesada en nuestra cultura. Esta es la festividad m\u00e1s importante de China y es una muy buena oportunidad para acercarla a la comunidad\u201d.<\/p>\n<p>Con su participaci\u00f3n, UCASAL reafirm\u00f3 su compromiso con la internacionalizaci\u00f3n, el respeto por la diversidad cultural y la construcci\u00f3n de puentes comunitarios. A trav\u00e9s del trabajo sostenido del Centro Chino CLEC, la instituci\u00f3n contin\u00faa generando espacios de formaci\u00f3n y encuentro que enriquecen la experiencia acad\u00e9mica y fortalecen su v\u00ednculo con la sociedad, promoviendo valores de di\u00e1logo, integraci\u00f3n y apertura al mundo.<\/p>\n<\/p>\n<p><b>Conoc\u00e9 m\u00e1s:<\/b><\/p>\n<\/p>\n<p><b><a href=\"https:\/\/prensa.ucasal.edu.ar\/anio-nuevo-chino-trib\">https:\/\/prensa.ucasal.edu.ar\/anio-nuevo-chino-trib<\/a><\/b><\/p>\n<p> <\/p>\n","protected":false},"excerpt":{"rendered":"<p>Arranc\u00f3 el a\u00f1o del Caballo de Fuego para China. En 2026, la cultura asi\u00e1tica celebra<\/p>\n","protected":false},"author":0,"featured_media":14565,"comment_status":"","ping_status":"","sticky":false,"template":"","format":"standard","meta":{"footnotes":""},"categories":[11],"tags":[],"class_list":["post-14564","post","type-post","status-publish","format-standard","has-post-thumbnail","hentry","category-destacadas"],"yoast_head":"<!-- This site is optimized with the Yoast SEO plugin v27.4 - https:\/\/yoast.com\/product\/yoast-seo-wordpress\/ -->\n<title>El A\u00f1o Nuevo Chino tambi\u00e9n se vivi\u00f3 en UCASAL - Fm Gente<\/title>\n<meta name=\"robots\" content=\"index, follow, max-snippet:-1, max-image-preview:large, max-video-preview:-1\" \/>\n<link rel=\"canonical\" href=\"https:\/\/fmgente.com.ar\/web\/el-ano-nuevo-chino-tambien-se-vivio-en-ucasal\/\" \/>\n<meta property=\"og:locale\" content=\"es_ES\" \/>\n<meta property=\"og:type\" content=\"article\" \/>\n<meta property=\"og:title\" content=\"El A\u00f1o Nuevo Chino tambi\u00e9n se vivi\u00f3 en UCASAL - Fm Gente\" \/>\n<meta property=\"og:description\" content=\"Arranc\u00f3 el a\u00f1o del Caballo de Fuego para China. En 2026, la cultura asi\u00e1tica celebra\" \/>\n<meta property=\"og:url\" content=\"https:\/\/fmgente.com.ar\/web\/el-ano-nuevo-chino-tambien-se-vivio-en-ucasal\/\" \/>\n<meta property=\"og:site_name\" content=\"Fm Gente\" \/>\n<meta property=\"article:published_time\" content=\"2026-03-07T13:08:30+00:00\" \/>\n<meta name=\"twitter:card\" content=\"summary_large_image\" \/>\n<meta name=\"twitter:label1\" content=\"Tiempo de lectura\" \/>\n\t<meta name=\"twitter:data1\" content=\"3 minutos\" \/>\n<script type=\"application\/ld+json\" class=\"yoast-schema-graph\">{\"@context\":\"https:\\\/\\\/schema.org\",\"@graph\":[{\"@type\":\"Article\",\"@id\":\"https:\\\/\\\/fmgente.com.ar\\\/web\\\/el-ano-nuevo-chino-tambien-se-vivio-en-ucasal\\\/#article\",\"isPartOf\":{\"@id\":\"https:\\\/\\\/fmgente.com.ar\\\/web\\\/el-ano-nuevo-chino-tambien-se-vivio-en-ucasal\\\/\"},\"author\":{\"name\":\"\",\"@id\":\"\"},\"headline\":\"El A\u00f1o Nuevo Chino tambi\u00e9n se vivi\u00f3 en UCASAL\",\"datePublished\":\"2026-03-07T13:08:30+00:00\",\"mainEntityOfPage\":{\"@id\":\"https:\\\/\\\/fmgente.com.ar\\\/web\\\/el-ano-nuevo-chino-tambien-se-vivio-en-ucasal\\\/\"},\"wordCount\":603,\"publisher\":{\"@id\":\"https:\\\/\\\/fmgente.com.ar\\\/web\\\/#organization\"},\"image\":{\"@id\":\"https:\\\/\\\/fmgente.com.ar\\\/web\\\/el-ano-nuevo-chino-tambien-se-vivio-en-ucasal\\\/#primaryimage\"},\"thumbnailUrl\":\"https:\\\/\\\/fmgente.com.ar\\\/web\\\/wp-content\\\/uploads\\\/2026\\\/03\\\/portadax-23.png\",\"articleSection\":[\"DESTACADAS\"],\"inLanguage\":\"es\"},{\"@type\":\"WebPage\",\"@id\":\"https:\\\/\\\/fmgente.com.ar\\\/web\\\/el-ano-nuevo-chino-tambien-se-vivio-en-ucasal\\\/\",\"url\":\"https:\\\/\\\/fmgente.com.ar\\\/web\\\/el-ano-nuevo-chino-tambien-se-vivio-en-ucasal\\\/\",\"name\":\"El A\u00f1o Nuevo Chino tambi\u00e9n se vivi\u00f3 en UCASAL - Fm Gente\",\"isPartOf\":{\"@id\":\"https:\\\/\\\/fmgente.com.ar\\\/web\\\/#website\"},\"primaryImageOfPage\":{\"@id\":\"https:\\\/\\\/fmgente.com.ar\\\/web\\\/el-ano-nuevo-chino-tambien-se-vivio-en-ucasal\\\/#primaryimage\"},\"image\":{\"@id\":\"https:\\\/\\\/fmgente.com.ar\\\/web\\\/el-ano-nuevo-chino-tambien-se-vivio-en-ucasal\\\/#primaryimage\"},\"thumbnailUrl\":\"https:\\\/\\\/fmgente.com.ar\\\/web\\\/wp-content\\\/uploads\\\/2026\\\/03\\\/portadax-23.png\",\"datePublished\":\"2026-03-07T13:08:30+00:00\",\"inLanguage\":\"es\",\"potentialAction\":[{\"@type\":\"ReadAction\",\"target\":[\"https:\\\/\\\/fmgente.com.ar\\\/web\\\/el-ano-nuevo-chino-tambien-se-vivio-en-ucasal\\\/\"]}]},{\"@type\":\"ImageObject\",\"inLanguage\":\"es\",\"@id\":\"https:\\\/\\\/fmgente.com.ar\\\/web\\\/el-ano-nuevo-chino-tambien-se-vivio-en-ucasal\\\/#primaryimage\",\"url\":\"https:\\\/\\\/fmgente.com.ar\\\/web\\\/wp-content\\\/uploads\\\/2026\\\/03\\\/portadax-23.png\",\"contentUrl\":\"https:\\\/\\\/fmgente.com.ar\\\/web\\\/wp-content\\\/uploads\\\/2026\\\/03\\\/portadax-23.png\",\"width\":1366,\"height\":768},{\"@type\":\"WebSite\",\"@id\":\"https:\\\/\\\/fmgente.com.ar\\\/web\\\/#website\",\"url\":\"https:\\\/\\\/fmgente.com.ar\\\/web\\\/\",\"name\":\"Fm Gente\",\"description\":\"- Jes\u00fas Mar\u00eda\",\"publisher\":{\"@id\":\"https:\\\/\\\/fmgente.com.ar\\\/web\\\/#organization\"},\"potentialAction\":[{\"@type\":\"SearchAction\",\"target\":{\"@type\":\"EntryPoint\",\"urlTemplate\":\"https:\\\/\\\/fmgente.com.ar\\\/web\\\/?s={search_term_string}\"},\"query-input\":{\"@type\":\"PropertyValueSpecification\",\"valueRequired\":true,\"valueName\":\"search_term_string\"}}],\"inLanguage\":\"es\"},{\"@type\":\"Organization\",\"@id\":\"https:\\\/\\\/fmgente.com.ar\\\/web\\\/#organization\",\"name\":\"Fm Gente\",\"url\":\"https:\\\/\\\/fmgente.com.ar\\\/web\\\/\",\"logo\":{\"@type\":\"ImageObject\",\"inLanguage\":\"es\",\"@id\":\"https:\\\/\\\/fmgente.com.ar\\\/web\\\/#\\\/schema\\\/logo\\\/image\\\/\",\"url\":\"https:\\\/\\\/fmgente.com.ar\\\/web\\\/wp-content\\\/uploads\\\/2023\\\/07\\\/cropped-cropped-logo-sombra2.png\",\"contentUrl\":\"https:\\\/\\\/fmgente.com.ar\\\/web\\\/wp-content\\\/uploads\\\/2023\\\/07\\\/cropped-cropped-logo-sombra2.png\",\"width\":1782,\"height\":1782,\"caption\":\"Fm Gente\"},\"image\":{\"@id\":\"https:\\\/\\\/fmgente.com.ar\\\/web\\\/#\\\/schema\\\/logo\\\/image\\\/\"}}]}<\/script>\n<!-- \/ Yoast SEO plugin. -->","yoast_head_json":{"title":"El A\u00f1o Nuevo Chino tambi\u00e9n se vivi\u00f3 en UCASAL - Fm Gente","robots":{"index":"index","follow":"follow","max-snippet":"max-snippet:-1","max-image-preview":"max-image-preview:large","max-video-preview":"max-video-preview:-1"},"canonical":"https:\/\/fmgente.com.ar\/web\/el-ano-nuevo-chino-tambien-se-vivio-en-ucasal\/","og_locale":"es_ES","og_type":"article","og_title":"El A\u00f1o Nuevo Chino tambi\u00e9n se vivi\u00f3 en UCASAL - Fm Gente","og_description":"Arranc\u00f3 el a\u00f1o del Caballo de Fuego para China. En 2026, la cultura asi\u00e1tica celebra","og_url":"https:\/\/fmgente.com.ar\/web\/el-ano-nuevo-chino-tambien-se-vivio-en-ucasal\/","og_site_name":"Fm Gente","article_published_time":"2026-03-07T13:08:30+00:00","twitter_card":"summary_large_image","twitter_misc":{"Tiempo de lectura":"3 minutos"},"schema":{"@context":"https:\/\/schema.org","@graph":[{"@type":"Article","@id":"https:\/\/fmgente.com.ar\/web\/el-ano-nuevo-chino-tambien-se-vivio-en-ucasal\/#article","isPartOf":{"@id":"https:\/\/fmgente.com.ar\/web\/el-ano-nuevo-chino-tambien-se-vivio-en-ucasal\/"},"author":{"name":"","@id":""},"headline":"El A\u00f1o Nuevo Chino tambi\u00e9n se vivi\u00f3 en UCASAL","datePublished":"2026-03-07T13:08:30+00:00","mainEntityOfPage":{"@id":"https:\/\/fmgente.com.ar\/web\/el-ano-nuevo-chino-tambien-se-vivio-en-ucasal\/"},"wordCount":603,"publisher":{"@id":"https:\/\/fmgente.com.ar\/web\/#organization"},"image":{"@id":"https:\/\/fmgente.com.ar\/web\/el-ano-nuevo-chino-tambien-se-vivio-en-ucasal\/#primaryimage"},"thumbnailUrl":"https:\/\/fmgente.com.ar\/web\/wp-content\/uploads\/2026\/03\/portadax-23.png","articleSection":["DESTACADAS"],"inLanguage":"es"},{"@type":"WebPage","@id":"https:\/\/fmgente.com.ar\/web\/el-ano-nuevo-chino-tambien-se-vivio-en-ucasal\/","url":"https:\/\/fmgente.com.ar\/web\/el-ano-nuevo-chino-tambien-se-vivio-en-ucasal\/","name":"El A\u00f1o Nuevo Chino tambi\u00e9n se vivi\u00f3 en UCASAL - Fm Gente","isPartOf":{"@id":"https:\/\/fmgente.com.ar\/web\/#website"},"primaryImageOfPage":{"@id":"https:\/\/fmgente.com.ar\/web\/el-ano-nuevo-chino-tambien-se-vivio-en-ucasal\/#primaryimage"},"image":{"@id":"https:\/\/fmgente.com.ar\/web\/el-ano-nuevo-chino-tambien-se-vivio-en-ucasal\/#primaryimage"},"thumbnailUrl":"https:\/\/fmgente.com.ar\/web\/wp-content\/uploads\/2026\/03\/portadax-23.png","datePublished":"2026-03-07T13:08:30+00:00","inLanguage":"es","potentialAction":[{"@type":"ReadAction","target":["https:\/\/fmgente.com.ar\/web\/el-ano-nuevo-chino-tambien-se-vivio-en-ucasal\/"]}]},{"@type":"ImageObject","inLanguage":"es","@id":"https:\/\/fmgente.com.ar\/web\/el-ano-nuevo-chino-tambien-se-vivio-en-ucasal\/#primaryimage","url":"https:\/\/fmgente.com.ar\/web\/wp-content\/uploads\/2026\/03\/portadax-23.png","contentUrl":"https:\/\/fmgente.com.ar\/web\/wp-content\/uploads\/2026\/03\/portadax-23.png","width":1366,"height":768},{"@type":"WebSite","@id":"https:\/\/fmgente.com.ar\/web\/#website","url":"https:\/\/fmgente.com.ar\/web\/","name":"Fm Gente","description":"- Jes\u00fas Mar\u00eda","publisher":{"@id":"https:\/\/fmgente.com.ar\/web\/#organization"},"potentialAction":[{"@type":"SearchAction","target":{"@type":"EntryPoint","urlTemplate":"https:\/\/fmgente.com.ar\/web\/?s={search_term_string}"},"query-input":{"@type":"PropertyValueSpecification","valueRequired":true,"valueName":"search_term_string"}}],"inLanguage":"es"},{"@type":"Organization","@id":"https:\/\/fmgente.com.ar\/web\/#organization","name":"Fm Gente","url":"https:\/\/fmgente.com.ar\/web\/","logo":{"@type":"ImageObject","inLanguage":"es","@id":"https:\/\/fmgente.com.ar\/web\/#\/schema\/logo\/image\/","url":"https:\/\/fmgente.com.ar\/web\/wp-content\/uploads\/2023\/07\/cropped-cropped-logo-sombra2.png","contentUrl":"https:\/\/fmgente.com.ar\/web\/wp-content\/uploads\/2023\/07\/cropped-cropped-logo-sombra2.png","width":1782,"height":1782,"caption":"Fm Gente"},"image":{"@id":"https:\/\/fmgente.com.ar\/web\/#\/schema\/logo\/image\/"}}]}},"_links":{"self":[{"href":"https:\/\/fmgente.com.ar\/web\/wp-json\/wp\/v2\/posts\/14564","targetHints":{"allow":["GET"]}}],"collection":[{"href":"https:\/\/fmgente.com.ar\/web\/wp-json\/wp\/v2\/posts"}],"about":[{"href":"https:\/\/fmgente.com.ar\/web\/wp-json\/wp\/v2\/types\/post"}],"replies":[{"embeddable":true,"href":"https:\/\/fmgente.com.ar\/web\/wp-json\/wp\/v2\/comments?post=14564"}],"version-history":[{"count":0,"href":"https:\/\/fmgente.com.ar\/web\/wp-json\/wp\/v2\/posts\/14564\/revisions"}],"wp:featuredmedia":[{"embeddable":true,"href":"https:\/\/fmgente.com.ar\/web\/wp-json\/wp\/v2\/media\/14565"}],"wp:attachment":[{"href":"https:\/\/fmgente.com.ar\/web\/wp-json\/wp\/v2\/media?parent=14564"}],"wp:term":[{"taxonomy":"category","embeddable":true,"href":"https:\/\/fmgente.com.ar\/web\/wp-json\/wp\/v2\/categories?post=14564"},{"taxonomy":"post_tag","embeddable":true,"href":"https:\/\/fmgente.com.ar\/web\/wp-json\/wp\/v2\/tags?post=14564"}],"curies":[{"name":"wp","href":"https:\/\/api.w.org\/{rel}","templated":true}]}}