{"id":14562,"date":"2026-03-07T10:08:27","date_gmt":"2026-03-07T13:08:27","guid":{"rendered":"https:\/\/fmgente.com.ar\/web\/ucasal-celebro-el-civu-fest-en-la-previa-al-inicio-de-las-clases\/"},"modified":"2026-03-07T10:08:27","modified_gmt":"2026-03-07T13:08:27","slug":"ucasal-celebro-el-civu-fest-en-la-previa-al-inicio-de-las-clases","status":"publish","type":"post","link":"https:\/\/fmgente.com.ar\/web\/ucasal-celebro-el-civu-fest-en-la-previa-al-inicio-de-las-clases\/","title":{"rendered":"UCASAL celebr\u00f3 el CIVU Fest en la previa al inicio de las clases"},"content":{"rendered":"<\/p>\n<p>Las clases apenas comenzaron en todo el pa\u00eds y, en la previa al inicio del ciclo lectivo 2026, la Universidad Cat\u00f3lica de Salta (UCASAL) realiz\u00f3 el tradicional CIVU Fest, una propuesta pensada para los chicos que reci\u00e9n comienzan su vida facultativa.<\/p>\n<p>La cancha de b\u00e1squet del campus se transform\u00f3 en un espacio de encuentro y celebraci\u00f3n para los ingresantes que comienzan su camino en UCASAL. Organizado por la Direcci\u00f3n de Gesti\u00f3n y Calidad Educativa, el evento marc\u00f3 la cuarta edici\u00f3n y tuvo lugar el viernes 27 de febrero.<\/p>\n<p>Durante la jornada, los estudiantes disfrutaron de un candy bar con pochoclos y algod\u00f3n de az\u00facar, adem\u00e1s de una cabina de fotos que les permiti\u00f3 registrar y compartir los mejores momentos del encuentro. Entre risas, selfies y nuevos v\u00ednculos, el clima festivo fue protagonista.<\/p>\n<p>Tambi\u00e9n se desarrollaron distintos juegos y actividades recreativas en los que los ingresantes participaron por premios y sorpresas. Entre los sorteos m\u00e1s destacados estuvo una beca para estudiar idiomas en el CIU (Centro de Idiomas Ucasal), junto con vasos, mates, botellas y productos institucionales que acompa\u00f1ar\u00e1n a los alumnos en esta nueva etapa.<\/p>\n<p>El CIVU Fest incluy\u00f3, adem\u00e1s, stands informativos para que los estudiantes pudieran conocer propuestas de la universidad m\u00e1s all\u00e1 del \u00e1mbito acad\u00e9mico. Por su parte, las \u00e1reas de Internacionalizaci\u00f3n, Pastoral y Vida Universitaria participaron activamente, brindaron informaci\u00f3n y respondieron consultas sobre programas, actividades y oportunidades para enriquecer la experiencia universitaria.<\/p>\n<p>El objetivo de esta iniciativa fue promover la integraci\u00f3n entre estudiantes de distintas carreras, fortalecer el sentido de pertenencia y consolidar a UCASAL como un espacio de encuentro, formaci\u00f3n y experiencia integral. A\u00f1o tras a\u00f1o, la convocatoria crece y reafirma la importancia de generar instancias que acompa\u00f1en a los ingresantes m\u00e1s all\u00e1 de lo acad\u00e9mico.<\/p>\n<p><b>As\u00ed se vivi\u00f3 el evento:<\/b><\/p>\n<p><b><a href=\"https:\/\/prensa.ucasal.edu.ar\/civu-fest-2026-trib\">https:\/\/prensa.ucasal.edu.ar\/civu-fest-2026-trib<\/a><\/b><\/p>\n","protected":false},"excerpt":{"rendered":"<p>Las clases apenas comenzaron en todo el pa\u00eds y, en la previa al inicio del<\/p>\n","protected":false},"author":0,"featured_media":14563,"comment_status":"","ping_status":"","sticky":false,"template":"","format":"standard","meta":{"footnotes":""},"categories":[11],"tags":[],"class_list":["post-14562","post","type-post","status-publish","format-standard","has-post-thumbnail","hentry","category-destacadas"],"yoast_head":"<!-- This site is optimized with the Yoast SEO plugin v27.4 - https:\/\/yoast.com\/product\/yoast-seo-wordpress\/ -->\n<title>UCASAL celebr\u00f3 el CIVU Fest en la previa al inicio de las clases - Fm Gente<\/title>\n<meta name=\"robots\" content=\"index, follow, max-snippet:-1, max-image-preview:large, max-video-preview:-1\" \/>\n<link rel=\"canonical\" href=\"https:\/\/fmgente.com.ar\/web\/ucasal-celebro-el-civu-fest-en-la-previa-al-inicio-de-las-clases\/\" \/>\n<meta property=\"og:locale\" content=\"es_ES\" \/>\n<meta property=\"og:type\" content=\"article\" \/>\n<meta property=\"og:title\" content=\"UCASAL celebr\u00f3 el CIVU Fest en la previa al inicio de las clases - Fm Gente\" \/>\n<meta property=\"og:description\" content=\"Las clases apenas comenzaron en todo el pa\u00eds y, en la previa al inicio del\" \/>\n<meta property=\"og:url\" content=\"https:\/\/fmgente.com.ar\/web\/ucasal-celebro-el-civu-fest-en-la-previa-al-inicio-de-las-clases\/\" \/>\n<meta property=\"og:site_name\" content=\"Fm Gente\" \/>\n<meta property=\"article:published_time\" content=\"2026-03-07T13:08:27+00:00\" \/>\n<meta name=\"twitter:card\" content=\"summary_large_image\" \/>\n<meta name=\"twitter:label1\" content=\"Tiempo de lectura\" \/>\n\t<meta name=\"twitter:data1\" content=\"2 minutos\" \/>\n<script type=\"application\/ld+json\" class=\"yoast-schema-graph\">{\"@context\":\"https:\\\/\\\/schema.org\",\"@graph\":[{\"@type\":\"Article\",\"@id\":\"https:\\\/\\\/fmgente.com.ar\\\/web\\\/ucasal-celebro-el-civu-fest-en-la-previa-al-inicio-de-las-clases\\\/#article\",\"isPartOf\":{\"@id\":\"https:\\\/\\\/fmgente.com.ar\\\/web\\\/ucasal-celebro-el-civu-fest-en-la-previa-al-inicio-de-las-clases\\\/\"},\"author\":{\"name\":\"\",\"@id\":\"\"},\"headline\":\"UCASAL celebr\u00f3 el CIVU Fest en la previa al inicio de las clases\",\"datePublished\":\"2026-03-07T13:08:27+00:00\",\"mainEntityOfPage\":{\"@id\":\"https:\\\/\\\/fmgente.com.ar\\\/web\\\/ucasal-celebro-el-civu-fest-en-la-previa-al-inicio-de-las-clases\\\/\"},\"wordCount\":341,\"publisher\":{\"@id\":\"https:\\\/\\\/fmgente.com.ar\\\/web\\\/#organization\"},\"image\":{\"@id\":\"https:\\\/\\\/fmgente.com.ar\\\/web\\\/ucasal-celebro-el-civu-fest-en-la-previa-al-inicio-de-las-clases\\\/#primaryimage\"},\"thumbnailUrl\":\"https:\\\/\\\/fmgente.com.ar\\\/web\\\/wp-content\\\/uploads\\\/2026\\\/03\\\/portadax-22.png\",\"articleSection\":[\"DESTACADAS\"],\"inLanguage\":\"es\"},{\"@type\":\"WebPage\",\"@id\":\"https:\\\/\\\/fmgente.com.ar\\\/web\\\/ucasal-celebro-el-civu-fest-en-la-previa-al-inicio-de-las-clases\\\/\",\"url\":\"https:\\\/\\\/fmgente.com.ar\\\/web\\\/ucasal-celebro-el-civu-fest-en-la-previa-al-inicio-de-las-clases\\\/\",\"name\":\"UCASAL celebr\u00f3 el CIVU Fest en la previa al inicio de las clases - Fm Gente\",\"isPartOf\":{\"@id\":\"https:\\\/\\\/fmgente.com.ar\\\/web\\\/#website\"},\"primaryImageOfPage\":{\"@id\":\"https:\\\/\\\/fmgente.com.ar\\\/web\\\/ucasal-celebro-el-civu-fest-en-la-previa-al-inicio-de-las-clases\\\/#primaryimage\"},\"image\":{\"@id\":\"https:\\\/\\\/fmgente.com.ar\\\/web\\\/ucasal-celebro-el-civu-fest-en-la-previa-al-inicio-de-las-clases\\\/#primaryimage\"},\"thumbnailUrl\":\"https:\\\/\\\/fmgente.com.ar\\\/web\\\/wp-content\\\/uploads\\\/2026\\\/03\\\/portadax-22.png\",\"datePublished\":\"2026-03-07T13:08:27+00:00\",\"inLanguage\":\"es\",\"potentialAction\":[{\"@type\":\"ReadAction\",\"target\":[\"https:\\\/\\\/fmgente.com.ar\\\/web\\\/ucasal-celebro-el-civu-fest-en-la-previa-al-inicio-de-las-clases\\\/\"]}]},{\"@type\":\"ImageObject\",\"inLanguage\":\"es\",\"@id\":\"https:\\\/\\\/fmgente.com.ar\\\/web\\\/ucasal-celebro-el-civu-fest-en-la-previa-al-inicio-de-las-clases\\\/#primaryimage\",\"url\":\"https:\\\/\\\/fmgente.com.ar\\\/web\\\/wp-content\\\/uploads\\\/2026\\\/03\\\/portadax-22.png\",\"contentUrl\":\"https:\\\/\\\/fmgente.com.ar\\\/web\\\/wp-content\\\/uploads\\\/2026\\\/03\\\/portadax-22.png\",\"width\":1366,\"height\":768},{\"@type\":\"WebSite\",\"@id\":\"https:\\\/\\\/fmgente.com.ar\\\/web\\\/#website\",\"url\":\"https:\\\/\\\/fmgente.com.ar\\\/web\\\/\",\"name\":\"Fm Gente\",\"description\":\"- Jes\u00fas Mar\u00eda\",\"publisher\":{\"@id\":\"https:\\\/\\\/fmgente.com.ar\\\/web\\\/#organization\"},\"potentialAction\":[{\"@type\":\"SearchAction\",\"target\":{\"@type\":\"EntryPoint\",\"urlTemplate\":\"https:\\\/\\\/fmgente.com.ar\\\/web\\\/?s={search_term_string}\"},\"query-input\":{\"@type\":\"PropertyValueSpecification\",\"valueRequired\":true,\"valueName\":\"search_term_string\"}}],\"inLanguage\":\"es\"},{\"@type\":\"Organization\",\"@id\":\"https:\\\/\\\/fmgente.com.ar\\\/web\\\/#organization\",\"name\":\"Fm Gente\",\"url\":\"https:\\\/\\\/fmgente.com.ar\\\/web\\\/\",\"logo\":{\"@type\":\"ImageObject\",\"inLanguage\":\"es\",\"@id\":\"https:\\\/\\\/fmgente.com.ar\\\/web\\\/#\\\/schema\\\/logo\\\/image\\\/\",\"url\":\"https:\\\/\\\/fmgente.com.ar\\\/web\\\/wp-content\\\/uploads\\\/2023\\\/07\\\/cropped-cropped-logo-sombra2.png\",\"contentUrl\":\"https:\\\/\\\/fmgente.com.ar\\\/web\\\/wp-content\\\/uploads\\\/2023\\\/07\\\/cropped-cropped-logo-sombra2.png\",\"width\":1782,\"height\":1782,\"caption\":\"Fm Gente\"},\"image\":{\"@id\":\"https:\\\/\\\/fmgente.com.ar\\\/web\\\/#\\\/schema\\\/logo\\\/image\\\/\"}}]}<\/script>\n<!-- \/ Yoast SEO plugin. -->","yoast_head_json":{"title":"UCASAL celebr\u00f3 el CIVU Fest en la previa al inicio de las clases - Fm Gente","robots":{"index":"index","follow":"follow","max-snippet":"max-snippet:-1","max-image-preview":"max-image-preview:large","max-video-preview":"max-video-preview:-1"},"canonical":"https:\/\/fmgente.com.ar\/web\/ucasal-celebro-el-civu-fest-en-la-previa-al-inicio-de-las-clases\/","og_locale":"es_ES","og_type":"article","og_title":"UCASAL celebr\u00f3 el CIVU Fest en la previa al inicio de las clases - Fm Gente","og_description":"Las clases apenas comenzaron en todo el pa\u00eds y, en la previa al inicio del","og_url":"https:\/\/fmgente.com.ar\/web\/ucasal-celebro-el-civu-fest-en-la-previa-al-inicio-de-las-clases\/","og_site_name":"Fm Gente","article_published_time":"2026-03-07T13:08:27+00:00","twitter_card":"summary_large_image","twitter_misc":{"Tiempo de lectura":"2 minutos"},"schema":{"@context":"https:\/\/schema.org","@graph":[{"@type":"Article","@id":"https:\/\/fmgente.com.ar\/web\/ucasal-celebro-el-civu-fest-en-la-previa-al-inicio-de-las-clases\/#article","isPartOf":{"@id":"https:\/\/fmgente.com.ar\/web\/ucasal-celebro-el-civu-fest-en-la-previa-al-inicio-de-las-clases\/"},"author":{"name":"","@id":""},"headline":"UCASAL celebr\u00f3 el CIVU Fest en la previa al inicio de las clases","datePublished":"2026-03-07T13:08:27+00:00","mainEntityOfPage":{"@id":"https:\/\/fmgente.com.ar\/web\/ucasal-celebro-el-civu-fest-en-la-previa-al-inicio-de-las-clases\/"},"wordCount":341,"publisher":{"@id":"https:\/\/fmgente.com.ar\/web\/#organization"},"image":{"@id":"https:\/\/fmgente.com.ar\/web\/ucasal-celebro-el-civu-fest-en-la-previa-al-inicio-de-las-clases\/#primaryimage"},"thumbnailUrl":"https:\/\/fmgente.com.ar\/web\/wp-content\/uploads\/2026\/03\/portadax-22.png","articleSection":["DESTACADAS"],"inLanguage":"es"},{"@type":"WebPage","@id":"https:\/\/fmgente.com.ar\/web\/ucasal-celebro-el-civu-fest-en-la-previa-al-inicio-de-las-clases\/","url":"https:\/\/fmgente.com.ar\/web\/ucasal-celebro-el-civu-fest-en-la-previa-al-inicio-de-las-clases\/","name":"UCASAL celebr\u00f3 el CIVU Fest en la previa al inicio de las clases - Fm Gente","isPartOf":{"@id":"https:\/\/fmgente.com.ar\/web\/#website"},"primaryImageOfPage":{"@id":"https:\/\/fmgente.com.ar\/web\/ucasal-celebro-el-civu-fest-en-la-previa-al-inicio-de-las-clases\/#primaryimage"},"image":{"@id":"https:\/\/fmgente.com.ar\/web\/ucasal-celebro-el-civu-fest-en-la-previa-al-inicio-de-las-clases\/#primaryimage"},"thumbnailUrl":"https:\/\/fmgente.com.ar\/web\/wp-content\/uploads\/2026\/03\/portadax-22.png","datePublished":"2026-03-07T13:08:27+00:00","inLanguage":"es","potentialAction":[{"@type":"ReadAction","target":["https:\/\/fmgente.com.ar\/web\/ucasal-celebro-el-civu-fest-en-la-previa-al-inicio-de-las-clases\/"]}]},{"@type":"ImageObject","inLanguage":"es","@id":"https:\/\/fmgente.com.ar\/web\/ucasal-celebro-el-civu-fest-en-la-previa-al-inicio-de-las-clases\/#primaryimage","url":"https:\/\/fmgente.com.ar\/web\/wp-content\/uploads\/2026\/03\/portadax-22.png","contentUrl":"https:\/\/fmgente.com.ar\/web\/wp-content\/uploads\/2026\/03\/portadax-22.png","width":1366,"height":768},{"@type":"WebSite","@id":"https:\/\/fmgente.com.ar\/web\/#website","url":"https:\/\/fmgente.com.ar\/web\/","name":"Fm Gente","description":"- Jes\u00fas Mar\u00eda","publisher":{"@id":"https:\/\/fmgente.com.ar\/web\/#organization"},"potentialAction":[{"@type":"SearchAction","target":{"@type":"EntryPoint","urlTemplate":"https:\/\/fmgente.com.ar\/web\/?s={search_term_string}"},"query-input":{"@type":"PropertyValueSpecification","valueRequired":true,"valueName":"search_term_string"}}],"inLanguage":"es"},{"@type":"Organization","@id":"https:\/\/fmgente.com.ar\/web\/#organization","name":"Fm Gente","url":"https:\/\/fmgente.com.ar\/web\/","logo":{"@type":"ImageObject","inLanguage":"es","@id":"https:\/\/fmgente.com.ar\/web\/#\/schema\/logo\/image\/","url":"https:\/\/fmgente.com.ar\/web\/wp-content\/uploads\/2023\/07\/cropped-cropped-logo-sombra2.png","contentUrl":"https:\/\/fmgente.com.ar\/web\/wp-content\/uploads\/2023\/07\/cropped-cropped-logo-sombra2.png","width":1782,"height":1782,"caption":"Fm Gente"},"image":{"@id":"https:\/\/fmgente.com.ar\/web\/#\/schema\/logo\/image\/"}}]}},"_links":{"self":[{"href":"https:\/\/fmgente.com.ar\/web\/wp-json\/wp\/v2\/posts\/14562","targetHints":{"allow":["GET"]}}],"collection":[{"href":"https:\/\/fmgente.com.ar\/web\/wp-json\/wp\/v2\/posts"}],"about":[{"href":"https:\/\/fmgente.com.ar\/web\/wp-json\/wp\/v2\/types\/post"}],"replies":[{"embeddable":true,"href":"https:\/\/fmgente.com.ar\/web\/wp-json\/wp\/v2\/comments?post=14562"}],"version-history":[{"count":0,"href":"https:\/\/fmgente.com.ar\/web\/wp-json\/wp\/v2\/posts\/14562\/revisions"}],"wp:featuredmedia":[{"embeddable":true,"href":"https:\/\/fmgente.com.ar\/web\/wp-json\/wp\/v2\/media\/14563"}],"wp:attachment":[{"href":"https:\/\/fmgente.com.ar\/web\/wp-json\/wp\/v2\/media?parent=14562"}],"wp:term":[{"taxonomy":"category","embeddable":true,"href":"https:\/\/fmgente.com.ar\/web\/wp-json\/wp\/v2\/categories?post=14562"},{"taxonomy":"post_tag","embeddable":true,"href":"https:\/\/fmgente.com.ar\/web\/wp-json\/wp\/v2\/tags?post=14562"}],"curies":[{"name":"wp","href":"https:\/\/api.w.org\/{rel}","templated":true}]}}