{"id":14560,"date":"2026-03-07T10:08:23","date_gmt":"2026-03-07T13:08:23","guid":{"rendered":"https:\/\/fmgente.com.ar\/web\/tension-mundial-trump-amenaza-a-iran-con-una-destruccion-total\/"},"modified":"2026-03-07T10:08:23","modified_gmt":"2026-03-07T13:08:23","slug":"tension-mundial-trump-amenaza-a-iran-con-una-destruccion-total","status":"publish","type":"post","link":"https:\/\/fmgente.com.ar\/web\/tension-mundial-trump-amenaza-a-iran-con-una-destruccion-total\/","title":{"rendered":"Tensi\u00f3n mundial. Trump amenaza a Ir\u00e1n con una destrucci\u00f3n total"},"content":{"rendered":"<p>El presidente de Estados Unidos, <strong>Donald Trump, sacudi\u00f3 el tablero internacional este s\u00e1bado al afirmar que Ir\u00e1n ser\u00e1 \u00abatacado con mucha dureza\u00bb durante la presente jornada<\/strong>, elevando la ret\u00f3rica b\u00e9lica a niveles cr\u00edticos. <\/p>\n<p>A trav\u00e9s de una publicaci\u00f3n en su red social Truth Social, el mandatario asegur\u00f3 que su administraci\u00f3n est\u00e1 considerando seriamente ampliar el alcance de las operaciones militares, incluyendo la posibilidad de la <strong>\u00abdestrucci\u00f3n total de zonas y la muerte segura de grupos de personas que no se hab\u00edan considerado como objetivo hasta el momento\u00bb<\/strong>. <\/p>\n<p>Sin proporcionar detalles t\u00e9cnicos ni log\u00edsticos sobre el despliegue, Trump justific\u00f3 esta dr\u00e1stica postura bas\u00e1ndose en lo que denomin\u00f3 como el <strong>\u00abmal comportamiento de Ir\u00e1n\u00bb<\/strong>, sugiriendo un cambio de paradigma en la selecci\u00f3n de blancos estrat\u00e9gicos.<\/p>\n<p>En su mensaje, seg\u00fan pudo saber la <a href=\"https:\/\/es.wikipedia.org\/wiki\/Noticias_Argentinas\" target=\"_blank\"><strong>Agencia Noticias Argentinas<\/strong><\/a><strong>, <\/strong>el jefe de Estado norteamericano tambi\u00e9n hizo referencia a la situaci\u00f3n regional de Teher\u00e1n, se\u00f1alando que <strong>el gobierno iran\u00ed se habr\u00eda disculpado con sus pa\u00edses vecinos por los recientes ataques lanzados por sus fuerzas<\/strong>. <\/p>\n<p>Para Trump, este gesto de diplomacia o repliegue por parte de las autoridades persas no representa otra cosa que una <strong>\u00abrendici\u00f3n\u00bb<\/strong> ante la presi\u00f3n externa. __IP__<\/p>\n<p><strong>La advertencia de una ofensiva inminente para este s\u00e1bado pone en alerta m\u00e1xima a las canciller\u00edas del mundo, mientras se espera una respuesta oficial del r\u00e9gimen iran\u00ed ante la amenaza de un ataque <\/strong>que, seg\u00fan las palabras del propio presidente, no tendr\u00e1 precedentes en su agresividad.<\/p><\/p>\n","protected":false},"excerpt":{"rendered":"<p>El presidente de Estados Unidos, Donald Trump, sacudi\u00f3 el tablero internacional este s\u00e1bado al afirmar<\/p>\n","protected":false},"author":0,"featured_media":14561,"comment_status":"","ping_status":"","sticky":false,"template":"","format":"standard","meta":{"footnotes":""},"categories":[11],"tags":[],"class_list":["post-14560","post","type-post","status-publish","format-standard","has-post-thumbnail","hentry","category-destacadas"],"yoast_head":"<!-- This site is optimized with the Yoast SEO plugin v27.4 - https:\/\/yoast.com\/product\/yoast-seo-wordpress\/ -->\n<title>Tensi\u00f3n mundial. Trump amenaza a Ir\u00e1n con una destrucci\u00f3n total - Fm Gente<\/title>\n<meta name=\"robots\" content=\"index, follow, max-snippet:-1, max-image-preview:large, max-video-preview:-1\" \/>\n<link rel=\"canonical\" href=\"https:\/\/fmgente.com.ar\/web\/tension-mundial-trump-amenaza-a-iran-con-una-destruccion-total\/\" \/>\n<meta property=\"og:locale\" content=\"es_ES\" \/>\n<meta property=\"og:type\" content=\"article\" \/>\n<meta property=\"og:title\" content=\"Tensi\u00f3n mundial. Trump amenaza a Ir\u00e1n con una destrucci\u00f3n total - Fm Gente\" \/>\n<meta property=\"og:description\" content=\"El presidente de Estados Unidos, Donald Trump, sacudi\u00f3 el tablero internacional este s\u00e1bado al afirmar\" \/>\n<meta property=\"og:url\" content=\"https:\/\/fmgente.com.ar\/web\/tension-mundial-trump-amenaza-a-iran-con-una-destruccion-total\/\" \/>\n<meta property=\"og:site_name\" content=\"Fm Gente\" \/>\n<meta property=\"article:published_time\" content=\"2026-03-07T13:08:23+00:00\" \/>\n<meta name=\"twitter:card\" content=\"summary_large_image\" \/>\n<meta name=\"twitter:label1\" content=\"Tiempo de lectura\" \/>\n\t<meta name=\"twitter:data1\" content=\"1 minuto\" \/>\n<script type=\"application\/ld+json\" class=\"yoast-schema-graph\">{\"@context\":\"https:\\\/\\\/schema.org\",\"@graph\":[{\"@type\":\"Article\",\"@id\":\"https:\\\/\\\/fmgente.com.ar\\\/web\\\/tension-mundial-trump-amenaza-a-iran-con-una-destruccion-total\\\/#article\",\"isPartOf\":{\"@id\":\"https:\\\/\\\/fmgente.com.ar\\\/web\\\/tension-mundial-trump-amenaza-a-iran-con-una-destruccion-total\\\/\"},\"author\":{\"name\":\"\",\"@id\":\"\"},\"headline\":\"Tensi\u00f3n mundial. Trump amenaza a Ir\u00e1n con una destrucci\u00f3n total\",\"datePublished\":\"2026-03-07T13:08:23+00:00\",\"mainEntityOfPage\":{\"@id\":\"https:\\\/\\\/fmgente.com.ar\\\/web\\\/tension-mundial-trump-amenaza-a-iran-con-una-destruccion-total\\\/\"},\"wordCount\":283,\"publisher\":{\"@id\":\"https:\\\/\\\/fmgente.com.ar\\\/web\\\/#organization\"},\"image\":{\"@id\":\"https:\\\/\\\/fmgente.com.ar\\\/web\\\/tension-mundial-trump-amenaza-a-iran-con-una-destruccion-total\\\/#primaryimage\"},\"thumbnailUrl\":\"https:\\\/\\\/fmgente.com.ar\\\/web\\\/wp-content\\\/uploads\\\/2026\\\/03\\\/portadax-21.png\",\"articleSection\":[\"DESTACADAS\"],\"inLanguage\":\"es\"},{\"@type\":\"WebPage\",\"@id\":\"https:\\\/\\\/fmgente.com.ar\\\/web\\\/tension-mundial-trump-amenaza-a-iran-con-una-destruccion-total\\\/\",\"url\":\"https:\\\/\\\/fmgente.com.ar\\\/web\\\/tension-mundial-trump-amenaza-a-iran-con-una-destruccion-total\\\/\",\"name\":\"Tensi\u00f3n mundial. Trump amenaza a Ir\u00e1n con una destrucci\u00f3n total - Fm Gente\",\"isPartOf\":{\"@id\":\"https:\\\/\\\/fmgente.com.ar\\\/web\\\/#website\"},\"primaryImageOfPage\":{\"@id\":\"https:\\\/\\\/fmgente.com.ar\\\/web\\\/tension-mundial-trump-amenaza-a-iran-con-una-destruccion-total\\\/#primaryimage\"},\"image\":{\"@id\":\"https:\\\/\\\/fmgente.com.ar\\\/web\\\/tension-mundial-trump-amenaza-a-iran-con-una-destruccion-total\\\/#primaryimage\"},\"thumbnailUrl\":\"https:\\\/\\\/fmgente.com.ar\\\/web\\\/wp-content\\\/uploads\\\/2026\\\/03\\\/portadax-21.png\",\"datePublished\":\"2026-03-07T13:08:23+00:00\",\"inLanguage\":\"es\",\"potentialAction\":[{\"@type\":\"ReadAction\",\"target\":[\"https:\\\/\\\/fmgente.com.ar\\\/web\\\/tension-mundial-trump-amenaza-a-iran-con-una-destruccion-total\\\/\"]}]},{\"@type\":\"ImageObject\",\"inLanguage\":\"es\",\"@id\":\"https:\\\/\\\/fmgente.com.ar\\\/web\\\/tension-mundial-trump-amenaza-a-iran-con-una-destruccion-total\\\/#primaryimage\",\"url\":\"https:\\\/\\\/fmgente.com.ar\\\/web\\\/wp-content\\\/uploads\\\/2026\\\/03\\\/portadax-21.png\",\"contentUrl\":\"https:\\\/\\\/fmgente.com.ar\\\/web\\\/wp-content\\\/uploads\\\/2026\\\/03\\\/portadax-21.png\",\"width\":1366,\"height\":768},{\"@type\":\"WebSite\",\"@id\":\"https:\\\/\\\/fmgente.com.ar\\\/web\\\/#website\",\"url\":\"https:\\\/\\\/fmgente.com.ar\\\/web\\\/\",\"name\":\"Fm Gente\",\"description\":\"- Jes\u00fas Mar\u00eda\",\"publisher\":{\"@id\":\"https:\\\/\\\/fmgente.com.ar\\\/web\\\/#organization\"},\"potentialAction\":[{\"@type\":\"SearchAction\",\"target\":{\"@type\":\"EntryPoint\",\"urlTemplate\":\"https:\\\/\\\/fmgente.com.ar\\\/web\\\/?s={search_term_string}\"},\"query-input\":{\"@type\":\"PropertyValueSpecification\",\"valueRequired\":true,\"valueName\":\"search_term_string\"}}],\"inLanguage\":\"es\"},{\"@type\":\"Organization\",\"@id\":\"https:\\\/\\\/fmgente.com.ar\\\/web\\\/#organization\",\"name\":\"Fm Gente\",\"url\":\"https:\\\/\\\/fmgente.com.ar\\\/web\\\/\",\"logo\":{\"@type\":\"ImageObject\",\"inLanguage\":\"es\",\"@id\":\"https:\\\/\\\/fmgente.com.ar\\\/web\\\/#\\\/schema\\\/logo\\\/image\\\/\",\"url\":\"https:\\\/\\\/fmgente.com.ar\\\/web\\\/wp-content\\\/uploads\\\/2023\\\/07\\\/cropped-cropped-logo-sombra2.png\",\"contentUrl\":\"https:\\\/\\\/fmgente.com.ar\\\/web\\\/wp-content\\\/uploads\\\/2023\\\/07\\\/cropped-cropped-logo-sombra2.png\",\"width\":1782,\"height\":1782,\"caption\":\"Fm Gente\"},\"image\":{\"@id\":\"https:\\\/\\\/fmgente.com.ar\\\/web\\\/#\\\/schema\\\/logo\\\/image\\\/\"}}]}<\/script>\n<!-- \/ Yoast SEO plugin. -->","yoast_head_json":{"title":"Tensi\u00f3n mundial. Trump amenaza a Ir\u00e1n con una destrucci\u00f3n total - Fm Gente","robots":{"index":"index","follow":"follow","max-snippet":"max-snippet:-1","max-image-preview":"max-image-preview:large","max-video-preview":"max-video-preview:-1"},"canonical":"https:\/\/fmgente.com.ar\/web\/tension-mundial-trump-amenaza-a-iran-con-una-destruccion-total\/","og_locale":"es_ES","og_type":"article","og_title":"Tensi\u00f3n mundial. Trump amenaza a Ir\u00e1n con una destrucci\u00f3n total - Fm Gente","og_description":"El presidente de Estados Unidos, Donald Trump, sacudi\u00f3 el tablero internacional este s\u00e1bado al afirmar","og_url":"https:\/\/fmgente.com.ar\/web\/tension-mundial-trump-amenaza-a-iran-con-una-destruccion-total\/","og_site_name":"Fm Gente","article_published_time":"2026-03-07T13:08:23+00:00","twitter_card":"summary_large_image","twitter_misc":{"Tiempo de lectura":"1 minuto"},"schema":{"@context":"https:\/\/schema.org","@graph":[{"@type":"Article","@id":"https:\/\/fmgente.com.ar\/web\/tension-mundial-trump-amenaza-a-iran-con-una-destruccion-total\/#article","isPartOf":{"@id":"https:\/\/fmgente.com.ar\/web\/tension-mundial-trump-amenaza-a-iran-con-una-destruccion-total\/"},"author":{"name":"","@id":""},"headline":"Tensi\u00f3n mundial. Trump amenaza a Ir\u00e1n con una destrucci\u00f3n total","datePublished":"2026-03-07T13:08:23+00:00","mainEntityOfPage":{"@id":"https:\/\/fmgente.com.ar\/web\/tension-mundial-trump-amenaza-a-iran-con-una-destruccion-total\/"},"wordCount":283,"publisher":{"@id":"https:\/\/fmgente.com.ar\/web\/#organization"},"image":{"@id":"https:\/\/fmgente.com.ar\/web\/tension-mundial-trump-amenaza-a-iran-con-una-destruccion-total\/#primaryimage"},"thumbnailUrl":"https:\/\/fmgente.com.ar\/web\/wp-content\/uploads\/2026\/03\/portadax-21.png","articleSection":["DESTACADAS"],"inLanguage":"es"},{"@type":"WebPage","@id":"https:\/\/fmgente.com.ar\/web\/tension-mundial-trump-amenaza-a-iran-con-una-destruccion-total\/","url":"https:\/\/fmgente.com.ar\/web\/tension-mundial-trump-amenaza-a-iran-con-una-destruccion-total\/","name":"Tensi\u00f3n mundial. Trump amenaza a Ir\u00e1n con una destrucci\u00f3n total - Fm Gente","isPartOf":{"@id":"https:\/\/fmgente.com.ar\/web\/#website"},"primaryImageOfPage":{"@id":"https:\/\/fmgente.com.ar\/web\/tension-mundial-trump-amenaza-a-iran-con-una-destruccion-total\/#primaryimage"},"image":{"@id":"https:\/\/fmgente.com.ar\/web\/tension-mundial-trump-amenaza-a-iran-con-una-destruccion-total\/#primaryimage"},"thumbnailUrl":"https:\/\/fmgente.com.ar\/web\/wp-content\/uploads\/2026\/03\/portadax-21.png","datePublished":"2026-03-07T13:08:23+00:00","inLanguage":"es","potentialAction":[{"@type":"ReadAction","target":["https:\/\/fmgente.com.ar\/web\/tension-mundial-trump-amenaza-a-iran-con-una-destruccion-total\/"]}]},{"@type":"ImageObject","inLanguage":"es","@id":"https:\/\/fmgente.com.ar\/web\/tension-mundial-trump-amenaza-a-iran-con-una-destruccion-total\/#primaryimage","url":"https:\/\/fmgente.com.ar\/web\/wp-content\/uploads\/2026\/03\/portadax-21.png","contentUrl":"https:\/\/fmgente.com.ar\/web\/wp-content\/uploads\/2026\/03\/portadax-21.png","width":1366,"height":768},{"@type":"WebSite","@id":"https:\/\/fmgente.com.ar\/web\/#website","url":"https:\/\/fmgente.com.ar\/web\/","name":"Fm Gente","description":"- Jes\u00fas Mar\u00eda","publisher":{"@id":"https:\/\/fmgente.com.ar\/web\/#organization"},"potentialAction":[{"@type":"SearchAction","target":{"@type":"EntryPoint","urlTemplate":"https:\/\/fmgente.com.ar\/web\/?s={search_term_string}"},"query-input":{"@type":"PropertyValueSpecification","valueRequired":true,"valueName":"search_term_string"}}],"inLanguage":"es"},{"@type":"Organization","@id":"https:\/\/fmgente.com.ar\/web\/#organization","name":"Fm Gente","url":"https:\/\/fmgente.com.ar\/web\/","logo":{"@type":"ImageObject","inLanguage":"es","@id":"https:\/\/fmgente.com.ar\/web\/#\/schema\/logo\/image\/","url":"https:\/\/fmgente.com.ar\/web\/wp-content\/uploads\/2023\/07\/cropped-cropped-logo-sombra2.png","contentUrl":"https:\/\/fmgente.com.ar\/web\/wp-content\/uploads\/2023\/07\/cropped-cropped-logo-sombra2.png","width":1782,"height":1782,"caption":"Fm Gente"},"image":{"@id":"https:\/\/fmgente.com.ar\/web\/#\/schema\/logo\/image\/"}}]}},"_links":{"self":[{"href":"https:\/\/fmgente.com.ar\/web\/wp-json\/wp\/v2\/posts\/14560","targetHints":{"allow":["GET"]}}],"collection":[{"href":"https:\/\/fmgente.com.ar\/web\/wp-json\/wp\/v2\/posts"}],"about":[{"href":"https:\/\/fmgente.com.ar\/web\/wp-json\/wp\/v2\/types\/post"}],"replies":[{"embeddable":true,"href":"https:\/\/fmgente.com.ar\/web\/wp-json\/wp\/v2\/comments?post=14560"}],"version-history":[{"count":0,"href":"https:\/\/fmgente.com.ar\/web\/wp-json\/wp\/v2\/posts\/14560\/revisions"}],"wp:featuredmedia":[{"embeddable":true,"href":"https:\/\/fmgente.com.ar\/web\/wp-json\/wp\/v2\/media\/14561"}],"wp:attachment":[{"href":"https:\/\/fmgente.com.ar\/web\/wp-json\/wp\/v2\/media?parent=14560"}],"wp:term":[{"taxonomy":"category","embeddable":true,"href":"https:\/\/fmgente.com.ar\/web\/wp-json\/wp\/v2\/categories?post=14560"},{"taxonomy":"post_tag","embeddable":true,"href":"https:\/\/fmgente.com.ar\/web\/wp-json\/wp\/v2\/tags?post=14560"}],"curies":[{"name":"wp","href":"https:\/\/api.w.org\/{rel}","templated":true}]}}