{"id":14558,"date":"2026-03-07T10:08:20","date_gmt":"2026-03-07T13:08:20","guid":{"rendered":"https:\/\/fmgente.com.ar\/web\/el-vaticano-asombrado-por-la-escasa-difusion-del-ataque-a-una-escuela-en-iran\/"},"modified":"2026-03-07T10:08:20","modified_gmt":"2026-03-07T13:08:20","slug":"el-vaticano-asombrado-por-la-escasa-difusion-del-ataque-a-una-escuela-en-iran","status":"publish","type":"post","link":"https:\/\/fmgente.com.ar\/web\/el-vaticano-asombrado-por-la-escasa-difusion-del-ataque-a-una-escuela-en-iran\/","title":{"rendered":"El Vaticano, asombrado por la escasa difusi\u00f3n del ataque a una escuela en Ir\u00e1n"},"content":{"rendered":"<p><i><strong>\u201cHan pasado seis d\u00edas desde el ataque de Estados Unidos e Israel a Ir\u00e1n y es doloroso constatar que la noticia de la muerte de al menos 150 ni\u00f1as<\/strong><\/i><i><strong>, alumnas de la escuela primaria Shajareh Tayyebeh de Minab, en el sur de Ir\u00e1n, v\u00edctimas de la ofensiva el primer d\u00eda, haya recibido tan poca atenci\u00f3n\u201d, <\/strong><\/i>comienza un art\u00edculo editorial de Vatican News.<\/p>\n<p>Ese art\u00edculo, firmado por Guglielmo Gallone, sigue diciendo que <i><strong>\u201ctras ser difundida inicialmente solo por las autoridades iran\u00edes, la noticia fue analizada y retomada tambi\u00e9n por fuentes internacionales de prestigio como The Guardian, Washington Post, Le Monde y NBC News\u00bb.<\/strong><\/i><\/p>\n<p><i><strong>\u201cEn particular, el diario brit\u00e1nico The Guardian analiz\u00f3 la din\u00e1mica de lo ocurrido cruzando v\u00eddeos verificados, im\u00e1genes geolocalizadas y fotograf\u00edas satelitales, en un intento por reconstruir uno de los episodios m\u00e1s graves en t\u00e9rminos de v\u00edctimas civiles desde el inicio de la ofensiva\u201d, <\/strong><\/i>contin\u00faa.<\/p>\n<p>Luego  record\u00f3 cu\u00e1ndo se produjo el hecho y apunt\u00f3 que <strong>en Ir\u00e1n, la semana escolar va de s\u00e1bado a jueves.<\/strong><\/p>\n<p><i><strong>\u201cAlrededor de las 10 de la ma\u00f1ana, cuando la primera oleada de bombardeos estadounidenses e israel\u00edes alcanz\u00f3 varios objetivos en el pa\u00eds, los estudiantes estaban normalmente en clase. Entre las 10:00 y las 10:45, un misil impact\u00f3 directamente en el edificio de la escuela Shajareh Tayyebeh, demoliendo la estructura de hormig\u00f3n armado y arrasando las aulas donde se encontraban ni\u00f1as de entre siete y doce a\u00f1os\u201d<\/strong><\/i>, subraya el art\u00edculo.<\/p>\n<h3>Mochilas cubiertas de polvo y sangre<\/h3>\n<p>M\u00e1s adelante describe el cuadro de la desolaci\u00f3n que dej\u00f3 el ataque y se detiene en las<i><strong> \u201cmochilas cubiertas de polvo y sangre\u201d.<\/strong><\/i><\/p>\n<p>El art\u00edculo se detiene en los entretelones de <strong>familiares yendo a buscar a sus hijos y el horror con que se encontraron al llegar a la escuela.<\/strong><\/p>\n<p><i><strong>\u201cSeg\u00fan las verificaciones realizadas por The Guardian, el edificio escolar se encontraba en las inmediaciones de un complejo de los Guardianes de la Revoluci\u00f3n (IRGC), que incluye instalaciones de apoyo como una cl\u00ednica y otros edificios administrativos\u201d,<\/strong><\/i> se\u00f1ala.<\/p>\n<p>Aclara que <i><strong>\u201cno hay indicios de que la escuela se utilizara con fines militares\u201d.<\/strong><\/i><\/p>\n<p><i><strong>\u201cMientras tanto, mientras se celebraba el funeral colectivo de las v\u00edctimas en la ciudad costera de Minab, ninguna de las partes implicadas reivindic\u00f3 directamente la autor\u00eda del ataque\u201d,<\/strong><\/i> anota el art\u00edculo.<\/p>\n<p>El comentario cita despu\u00e9s que <i><strong>\u201clas escuelas, los hospitales y los barrios residenciales suelen encontrarse en las inmediaciones de infraestructuras estrat\u00e9gicas, lo que convierte la geograf\u00eda urbana en un campo de batalla indistinto\u201d.<\/strong><\/i><\/p>\n<p><i><strong>\u201cEsto es lo que ocurri\u00f3 en Gaza: en los 23 meses de guerra que causaron la muerte de m\u00e1s de 50 000 ni\u00f1os (datos de Unicef), en abril de 2025 un ataque a\u00e9reo israel\u00ed alcanz\u00f3 la escuela Yaffa de la ciudad de Gaza, donde se hab\u00edan refugiado familias desplazadas\u201d,<\/strong><\/i> recuerda Vatican News.<\/p>\n<p>Luego enumera otros casos, tambi\u00e9n de<strong> Gaza<\/strong>, en tanto que cita casos de Ucrania, en guerra con Rusia as\u00ed como de Sud\u00e1n, pa\u00eds envuelto en conflictos internos.<\/p>\n<h3><strong> \u00bfQu\u00e9 tienen que ver los ni\u00f1os con la guerra?<\/strong><\/h3>\n<p><strong>\u201c\u00bfPor qu\u00e9? \u00bfQu\u00e9 tienen que ver los ni\u00f1os con la guerra? Si es cierto que a menudo los terroristas o el enemigo eligen cobardemente escuelas u hospitales como refugio, \u00bfes posible que no exista una l\u00f3gica moral y humana para evitar bombardear esos lugares?\u201d, <\/strong>pregunta Vatican News.<\/p>\n<p>Tambi\u00e9n recuerda palabras del cardenal secretario de Estado, Pietro Parolin cuando expres\u00f3: <i><strong>\u201cNo hay muertos de serie A y de serie B, ni personas que tengan m\u00e1s derecho a vivir que otras solo por haber nacido en un continente u otro o en un pa\u00eds determinado\u201d.<\/strong><\/i><\/p>\n<p><i><strong>\u201cPalabras que se suman a las pronunciadas por el papa Le\u00f3n XIV desde el inicio de su pontificado y bien representadas en su discurso a los participantes en la asamblea plenaria de la reuni\u00f3n de obras de ayuda a las Iglesias orientales (Roaco), en el que dijo que `esto es indigno del ser humano, es vergonzoso para la humanidad y para los responsables de las naciones`\u201d,<\/strong><\/i> agrega.<\/p>\n<p>Aquel comentario <strong>papal<\/strong> finaliza afirmando que <i>\u201cla gente es cada vez m\u00e1s consciente de la cantidad de dinero que va a parar a los bolsillos de los mercaderes de la muerte y con el que se podr\u00edan construir hospitales y escuelas; \u00a1y en cambio se destruyen los que ya est\u00e1n construidos!\u201d.<\/i>__IP__<\/p>\n<p><i><strong>\u201cNi\u00f1os, familias, comunidades enteras pagan el precio m\u00e1s alto por decisiones tomadas en otros lugares. Quiz\u00e1s esta sea la paradoja m\u00e1s evidente de las guerras contempor\u00e1neas\u201d,<\/strong><\/i> concluye la nota.<\/p>\n","protected":false},"excerpt":{"rendered":"<p>\u201cHan pasado seis d\u00edas desde el ataque de Estados Unidos e Israel a Ir\u00e1n y<\/p>\n","protected":false},"author":0,"featured_media":14559,"comment_status":"","ping_status":"","sticky":false,"template":"","format":"standard","meta":{"footnotes":""},"categories":[11],"tags":[],"class_list":["post-14558","post","type-post","status-publish","format-standard","has-post-thumbnail","hentry","category-destacadas"],"yoast_head":"<!-- This site is optimized with the Yoast SEO plugin v27.4 - https:\/\/yoast.com\/product\/yoast-seo-wordpress\/ -->\n<title>El Vaticano, asombrado por la escasa difusi\u00f3n del ataque a una escuela en Ir\u00e1n - Fm Gente<\/title>\n<meta name=\"robots\" content=\"index, follow, max-snippet:-1, max-image-preview:large, max-video-preview:-1\" \/>\n<link rel=\"canonical\" href=\"https:\/\/fmgente.com.ar\/web\/el-vaticano-asombrado-por-la-escasa-difusion-del-ataque-a-una-escuela-en-iran\/\" \/>\n<meta property=\"og:locale\" content=\"es_ES\" \/>\n<meta property=\"og:type\" content=\"article\" \/>\n<meta property=\"og:title\" content=\"El Vaticano, asombrado por la escasa difusi\u00f3n del ataque a una escuela en Ir\u00e1n - Fm Gente\" \/>\n<meta property=\"og:description\" content=\"\u201cHan pasado seis d\u00edas desde el ataque de Estados Unidos e Israel a Ir\u00e1n y\" \/>\n<meta property=\"og:url\" content=\"https:\/\/fmgente.com.ar\/web\/el-vaticano-asombrado-por-la-escasa-difusion-del-ataque-a-una-escuela-en-iran\/\" \/>\n<meta property=\"og:site_name\" content=\"Fm Gente\" \/>\n<meta property=\"article:published_time\" content=\"2026-03-07T13:08:20+00:00\" \/>\n<meta name=\"twitter:card\" content=\"summary_large_image\" \/>\n<meta name=\"twitter:label1\" content=\"Tiempo de lectura\" \/>\n\t<meta name=\"twitter:data1\" content=\"4 minutos\" \/>\n<script type=\"application\/ld+json\" class=\"yoast-schema-graph\">{\"@context\":\"https:\\\/\\\/schema.org\",\"@graph\":[{\"@type\":\"Article\",\"@id\":\"https:\\\/\\\/fmgente.com.ar\\\/web\\\/el-vaticano-asombrado-por-la-escasa-difusion-del-ataque-a-una-escuela-en-iran\\\/#article\",\"isPartOf\":{\"@id\":\"https:\\\/\\\/fmgente.com.ar\\\/web\\\/el-vaticano-asombrado-por-la-escasa-difusion-del-ataque-a-una-escuela-en-iran\\\/\"},\"author\":{\"name\":\"\",\"@id\":\"\"},\"headline\":\"El Vaticano, asombrado por la escasa difusi\u00f3n del ataque a una escuela en Ir\u00e1n\",\"datePublished\":\"2026-03-07T13:08:20+00:00\",\"mainEntityOfPage\":{\"@id\":\"https:\\\/\\\/fmgente.com.ar\\\/web\\\/el-vaticano-asombrado-por-la-escasa-difusion-del-ataque-a-una-escuela-en-iran\\\/\"},\"wordCount\":810,\"publisher\":{\"@id\":\"https:\\\/\\\/fmgente.com.ar\\\/web\\\/#organization\"},\"image\":{\"@id\":\"https:\\\/\\\/fmgente.com.ar\\\/web\\\/el-vaticano-asombrado-por-la-escasa-difusion-del-ataque-a-una-escuela-en-iran\\\/#primaryimage\"},\"thumbnailUrl\":\"https:\\\/\\\/fmgente.com.ar\\\/web\\\/wp-content\\\/uploads\\\/2026\\\/03\\\/portadax-20.png\",\"articleSection\":[\"DESTACADAS\"],\"inLanguage\":\"es\"},{\"@type\":\"WebPage\",\"@id\":\"https:\\\/\\\/fmgente.com.ar\\\/web\\\/el-vaticano-asombrado-por-la-escasa-difusion-del-ataque-a-una-escuela-en-iran\\\/\",\"url\":\"https:\\\/\\\/fmgente.com.ar\\\/web\\\/el-vaticano-asombrado-por-la-escasa-difusion-del-ataque-a-una-escuela-en-iran\\\/\",\"name\":\"El Vaticano, asombrado por la escasa difusi\u00f3n del ataque a una escuela en Ir\u00e1n - Fm Gente\",\"isPartOf\":{\"@id\":\"https:\\\/\\\/fmgente.com.ar\\\/web\\\/#website\"},\"primaryImageOfPage\":{\"@id\":\"https:\\\/\\\/fmgente.com.ar\\\/web\\\/el-vaticano-asombrado-por-la-escasa-difusion-del-ataque-a-una-escuela-en-iran\\\/#primaryimage\"},\"image\":{\"@id\":\"https:\\\/\\\/fmgente.com.ar\\\/web\\\/el-vaticano-asombrado-por-la-escasa-difusion-del-ataque-a-una-escuela-en-iran\\\/#primaryimage\"},\"thumbnailUrl\":\"https:\\\/\\\/fmgente.com.ar\\\/web\\\/wp-content\\\/uploads\\\/2026\\\/03\\\/portadax-20.png\",\"datePublished\":\"2026-03-07T13:08:20+00:00\",\"inLanguage\":\"es\",\"potentialAction\":[{\"@type\":\"ReadAction\",\"target\":[\"https:\\\/\\\/fmgente.com.ar\\\/web\\\/el-vaticano-asombrado-por-la-escasa-difusion-del-ataque-a-una-escuela-en-iran\\\/\"]}]},{\"@type\":\"ImageObject\",\"inLanguage\":\"es\",\"@id\":\"https:\\\/\\\/fmgente.com.ar\\\/web\\\/el-vaticano-asombrado-por-la-escasa-difusion-del-ataque-a-una-escuela-en-iran\\\/#primaryimage\",\"url\":\"https:\\\/\\\/fmgente.com.ar\\\/web\\\/wp-content\\\/uploads\\\/2026\\\/03\\\/portadax-20.png\",\"contentUrl\":\"https:\\\/\\\/fmgente.com.ar\\\/web\\\/wp-content\\\/uploads\\\/2026\\\/03\\\/portadax-20.png\",\"width\":1366,\"height\":768},{\"@type\":\"WebSite\",\"@id\":\"https:\\\/\\\/fmgente.com.ar\\\/web\\\/#website\",\"url\":\"https:\\\/\\\/fmgente.com.ar\\\/web\\\/\",\"name\":\"Fm Gente\",\"description\":\"- Jes\u00fas Mar\u00eda\",\"publisher\":{\"@id\":\"https:\\\/\\\/fmgente.com.ar\\\/web\\\/#organization\"},\"potentialAction\":[{\"@type\":\"SearchAction\",\"target\":{\"@type\":\"EntryPoint\",\"urlTemplate\":\"https:\\\/\\\/fmgente.com.ar\\\/web\\\/?s={search_term_string}\"},\"query-input\":{\"@type\":\"PropertyValueSpecification\",\"valueRequired\":true,\"valueName\":\"search_term_string\"}}],\"inLanguage\":\"es\"},{\"@type\":\"Organization\",\"@id\":\"https:\\\/\\\/fmgente.com.ar\\\/web\\\/#organization\",\"name\":\"Fm Gente\",\"url\":\"https:\\\/\\\/fmgente.com.ar\\\/web\\\/\",\"logo\":{\"@type\":\"ImageObject\",\"inLanguage\":\"es\",\"@id\":\"https:\\\/\\\/fmgente.com.ar\\\/web\\\/#\\\/schema\\\/logo\\\/image\\\/\",\"url\":\"https:\\\/\\\/fmgente.com.ar\\\/web\\\/wp-content\\\/uploads\\\/2023\\\/07\\\/cropped-cropped-logo-sombra2.png\",\"contentUrl\":\"https:\\\/\\\/fmgente.com.ar\\\/web\\\/wp-content\\\/uploads\\\/2023\\\/07\\\/cropped-cropped-logo-sombra2.png\",\"width\":1782,\"height\":1782,\"caption\":\"Fm Gente\"},\"image\":{\"@id\":\"https:\\\/\\\/fmgente.com.ar\\\/web\\\/#\\\/schema\\\/logo\\\/image\\\/\"}}]}<\/script>\n<!-- \/ Yoast SEO plugin. -->","yoast_head_json":{"title":"El Vaticano, asombrado por la escasa difusi\u00f3n del ataque a una escuela en Ir\u00e1n - Fm Gente","robots":{"index":"index","follow":"follow","max-snippet":"max-snippet:-1","max-image-preview":"max-image-preview:large","max-video-preview":"max-video-preview:-1"},"canonical":"https:\/\/fmgente.com.ar\/web\/el-vaticano-asombrado-por-la-escasa-difusion-del-ataque-a-una-escuela-en-iran\/","og_locale":"es_ES","og_type":"article","og_title":"El Vaticano, asombrado por la escasa difusi\u00f3n del ataque a una escuela en Ir\u00e1n - Fm Gente","og_description":"\u201cHan pasado seis d\u00edas desde el ataque de Estados Unidos e Israel a Ir\u00e1n y","og_url":"https:\/\/fmgente.com.ar\/web\/el-vaticano-asombrado-por-la-escasa-difusion-del-ataque-a-una-escuela-en-iran\/","og_site_name":"Fm Gente","article_published_time":"2026-03-07T13:08:20+00:00","twitter_card":"summary_large_image","twitter_misc":{"Tiempo de lectura":"4 minutos"},"schema":{"@context":"https:\/\/schema.org","@graph":[{"@type":"Article","@id":"https:\/\/fmgente.com.ar\/web\/el-vaticano-asombrado-por-la-escasa-difusion-del-ataque-a-una-escuela-en-iran\/#article","isPartOf":{"@id":"https:\/\/fmgente.com.ar\/web\/el-vaticano-asombrado-por-la-escasa-difusion-del-ataque-a-una-escuela-en-iran\/"},"author":{"name":"","@id":""},"headline":"El Vaticano, asombrado por la escasa difusi\u00f3n del ataque a una escuela en Ir\u00e1n","datePublished":"2026-03-07T13:08:20+00:00","mainEntityOfPage":{"@id":"https:\/\/fmgente.com.ar\/web\/el-vaticano-asombrado-por-la-escasa-difusion-del-ataque-a-una-escuela-en-iran\/"},"wordCount":810,"publisher":{"@id":"https:\/\/fmgente.com.ar\/web\/#organization"},"image":{"@id":"https:\/\/fmgente.com.ar\/web\/el-vaticano-asombrado-por-la-escasa-difusion-del-ataque-a-una-escuela-en-iran\/#primaryimage"},"thumbnailUrl":"https:\/\/fmgente.com.ar\/web\/wp-content\/uploads\/2026\/03\/portadax-20.png","articleSection":["DESTACADAS"],"inLanguage":"es"},{"@type":"WebPage","@id":"https:\/\/fmgente.com.ar\/web\/el-vaticano-asombrado-por-la-escasa-difusion-del-ataque-a-una-escuela-en-iran\/","url":"https:\/\/fmgente.com.ar\/web\/el-vaticano-asombrado-por-la-escasa-difusion-del-ataque-a-una-escuela-en-iran\/","name":"El Vaticano, asombrado por la escasa difusi\u00f3n del ataque a una escuela en Ir\u00e1n - Fm Gente","isPartOf":{"@id":"https:\/\/fmgente.com.ar\/web\/#website"},"primaryImageOfPage":{"@id":"https:\/\/fmgente.com.ar\/web\/el-vaticano-asombrado-por-la-escasa-difusion-del-ataque-a-una-escuela-en-iran\/#primaryimage"},"image":{"@id":"https:\/\/fmgente.com.ar\/web\/el-vaticano-asombrado-por-la-escasa-difusion-del-ataque-a-una-escuela-en-iran\/#primaryimage"},"thumbnailUrl":"https:\/\/fmgente.com.ar\/web\/wp-content\/uploads\/2026\/03\/portadax-20.png","datePublished":"2026-03-07T13:08:20+00:00","inLanguage":"es","potentialAction":[{"@type":"ReadAction","target":["https:\/\/fmgente.com.ar\/web\/el-vaticano-asombrado-por-la-escasa-difusion-del-ataque-a-una-escuela-en-iran\/"]}]},{"@type":"ImageObject","inLanguage":"es","@id":"https:\/\/fmgente.com.ar\/web\/el-vaticano-asombrado-por-la-escasa-difusion-del-ataque-a-una-escuela-en-iran\/#primaryimage","url":"https:\/\/fmgente.com.ar\/web\/wp-content\/uploads\/2026\/03\/portadax-20.png","contentUrl":"https:\/\/fmgente.com.ar\/web\/wp-content\/uploads\/2026\/03\/portadax-20.png","width":1366,"height":768},{"@type":"WebSite","@id":"https:\/\/fmgente.com.ar\/web\/#website","url":"https:\/\/fmgente.com.ar\/web\/","name":"Fm Gente","description":"- Jes\u00fas Mar\u00eda","publisher":{"@id":"https:\/\/fmgente.com.ar\/web\/#organization"},"potentialAction":[{"@type":"SearchAction","target":{"@type":"EntryPoint","urlTemplate":"https:\/\/fmgente.com.ar\/web\/?s={search_term_string}"},"query-input":{"@type":"PropertyValueSpecification","valueRequired":true,"valueName":"search_term_string"}}],"inLanguage":"es"},{"@type":"Organization","@id":"https:\/\/fmgente.com.ar\/web\/#organization","name":"Fm Gente","url":"https:\/\/fmgente.com.ar\/web\/","logo":{"@type":"ImageObject","inLanguage":"es","@id":"https:\/\/fmgente.com.ar\/web\/#\/schema\/logo\/image\/","url":"https:\/\/fmgente.com.ar\/web\/wp-content\/uploads\/2023\/07\/cropped-cropped-logo-sombra2.png","contentUrl":"https:\/\/fmgente.com.ar\/web\/wp-content\/uploads\/2023\/07\/cropped-cropped-logo-sombra2.png","width":1782,"height":1782,"caption":"Fm Gente"},"image":{"@id":"https:\/\/fmgente.com.ar\/web\/#\/schema\/logo\/image\/"}}]}},"_links":{"self":[{"href":"https:\/\/fmgente.com.ar\/web\/wp-json\/wp\/v2\/posts\/14558","targetHints":{"allow":["GET"]}}],"collection":[{"href":"https:\/\/fmgente.com.ar\/web\/wp-json\/wp\/v2\/posts"}],"about":[{"href":"https:\/\/fmgente.com.ar\/web\/wp-json\/wp\/v2\/types\/post"}],"replies":[{"embeddable":true,"href":"https:\/\/fmgente.com.ar\/web\/wp-json\/wp\/v2\/comments?post=14558"}],"version-history":[{"count":0,"href":"https:\/\/fmgente.com.ar\/web\/wp-json\/wp\/v2\/posts\/14558\/revisions"}],"wp:featuredmedia":[{"embeddable":true,"href":"https:\/\/fmgente.com.ar\/web\/wp-json\/wp\/v2\/media\/14559"}],"wp:attachment":[{"href":"https:\/\/fmgente.com.ar\/web\/wp-json\/wp\/v2\/media?parent=14558"}],"wp:term":[{"taxonomy":"category","embeddable":true,"href":"https:\/\/fmgente.com.ar\/web\/wp-json\/wp\/v2\/categories?post=14558"},{"taxonomy":"post_tag","embeddable":true,"href":"https:\/\/fmgente.com.ar\/web\/wp-json\/wp\/v2\/tags?post=14558"}],"curies":[{"name":"wp","href":"https:\/\/api.w.org\/{rel}","templated":true}]}}