{"id":14550,"date":"2026-03-07T10:08:09","date_gmt":"2026-03-07T13:08:09","guid":{"rendered":"https:\/\/fmgente.com.ar\/web\/el-nueve-prepara-otro-magazine-de-cocina-con-una-mediatica-conductora\/"},"modified":"2026-03-07T10:08:09","modified_gmt":"2026-03-07T13:08:09","slug":"el-nueve-prepara-otro-magazine-de-cocina-con-una-mediatica-conductora","status":"publish","type":"post","link":"https:\/\/fmgente.com.ar\/web\/el-nueve-prepara-otro-magazine-de-cocina-con-una-mediatica-conductora\/","title":{"rendered":"El Nueve prepara otro magazine de cocina, con una medi\u00e1tica conductora"},"content":{"rendered":"<p>Buenos Aires, 7 marzo (NA) &#8211; Luego de reprogramar su Prime Time, El Nueve ya tiene planes para modificar sus tardes, con un cl\u00e1sico de la se\u00f1al como lo son los programas de cocina.<\/p>\n<p>Escuela de Cocina llegar\u00eda a su fin el pr\u00f3ximo viernes 13 de marzo y el lunes 16 saldr\u00eda al aire (en el mismo horario de las 17 horas), Todo Cocinado, con la conducci\u00f3n de la medi\u00e1tica Roc\u00edo Marengo.<\/p>\n<p>De todos modos, seg\u00fan supo la Agencia Noticias Argentinas, las autoridades de la emisora de V\u00edctor Santa Mar\u00eda a\u00fan no descartan reubicar Escuela de Cocina en la grilla de los fines de semana.<\/p>\n","protected":false},"excerpt":{"rendered":"<p>Buenos Aires, 7 marzo (NA) &#8211; Luego de reprogramar su Prime Time, El Nueve ya<\/p>\n","protected":false},"author":0,"featured_media":14551,"comment_status":"","ping_status":"","sticky":false,"template":"","format":"standard","meta":{"footnotes":""},"categories":[11],"tags":[],"class_list":["post-14550","post","type-post","status-publish","format-standard","has-post-thumbnail","hentry","category-destacadas"],"yoast_head":"<!-- This site is optimized with the Yoast SEO plugin v27.4 - https:\/\/yoast.com\/product\/yoast-seo-wordpress\/ -->\n<title>El Nueve prepara otro magazine de cocina, con una medi\u00e1tica conductora - Fm Gente<\/title>\n<meta name=\"robots\" content=\"index, follow, max-snippet:-1, max-image-preview:large, max-video-preview:-1\" \/>\n<link rel=\"canonical\" href=\"https:\/\/fmgente.com.ar\/web\/el-nueve-prepara-otro-magazine-de-cocina-con-una-mediatica-conductora\/\" \/>\n<meta property=\"og:locale\" content=\"es_ES\" \/>\n<meta property=\"og:type\" content=\"article\" \/>\n<meta property=\"og:title\" content=\"El Nueve prepara otro magazine de cocina, con una medi\u00e1tica conductora - Fm Gente\" \/>\n<meta property=\"og:description\" content=\"Buenos Aires, 7 marzo (NA) &#8211; Luego de reprogramar su Prime Time, El Nueve ya\" \/>\n<meta property=\"og:url\" content=\"https:\/\/fmgente.com.ar\/web\/el-nueve-prepara-otro-magazine-de-cocina-con-una-mediatica-conductora\/\" \/>\n<meta property=\"og:site_name\" content=\"Fm Gente\" \/>\n<meta property=\"article:published_time\" content=\"2026-03-07T13:08:09+00:00\" \/>\n<meta name=\"twitter:card\" content=\"summary_large_image\" \/>\n<meta name=\"twitter:label1\" content=\"Tiempo de lectura\" \/>\n\t<meta name=\"twitter:data1\" content=\"1 minuto\" \/>\n<script type=\"application\/ld+json\" class=\"yoast-schema-graph\">{\"@context\":\"https:\\\/\\\/schema.org\",\"@graph\":[{\"@type\":\"Article\",\"@id\":\"https:\\\/\\\/fmgente.com.ar\\\/web\\\/el-nueve-prepara-otro-magazine-de-cocina-con-una-mediatica-conductora\\\/#article\",\"isPartOf\":{\"@id\":\"https:\\\/\\\/fmgente.com.ar\\\/web\\\/el-nueve-prepara-otro-magazine-de-cocina-con-una-mediatica-conductora\\\/\"},\"author\":{\"name\":\"\",\"@id\":\"\"},\"headline\":\"El Nueve prepara otro magazine de cocina, con una medi\u00e1tica conductora\",\"datePublished\":\"2026-03-07T13:08:09+00:00\",\"mainEntityOfPage\":{\"@id\":\"https:\\\/\\\/fmgente.com.ar\\\/web\\\/el-nueve-prepara-otro-magazine-de-cocina-con-una-mediatica-conductora\\\/\"},\"wordCount\":125,\"publisher\":{\"@id\":\"https:\\\/\\\/fmgente.com.ar\\\/web\\\/#organization\"},\"image\":{\"@id\":\"https:\\\/\\\/fmgente.com.ar\\\/web\\\/el-nueve-prepara-otro-magazine-de-cocina-con-una-mediatica-conductora\\\/#primaryimage\"},\"thumbnailUrl\":\"https:\\\/\\\/fmgente.com.ar\\\/web\\\/wp-content\\\/uploads\\\/2026\\\/03\\\/image-9.jpg\",\"articleSection\":[\"DESTACADAS\"],\"inLanguage\":\"es\"},{\"@type\":\"WebPage\",\"@id\":\"https:\\\/\\\/fmgente.com.ar\\\/web\\\/el-nueve-prepara-otro-magazine-de-cocina-con-una-mediatica-conductora\\\/\",\"url\":\"https:\\\/\\\/fmgente.com.ar\\\/web\\\/el-nueve-prepara-otro-magazine-de-cocina-con-una-mediatica-conductora\\\/\",\"name\":\"El Nueve prepara otro magazine de cocina, con una medi\u00e1tica conductora - Fm Gente\",\"isPartOf\":{\"@id\":\"https:\\\/\\\/fmgente.com.ar\\\/web\\\/#website\"},\"primaryImageOfPage\":{\"@id\":\"https:\\\/\\\/fmgente.com.ar\\\/web\\\/el-nueve-prepara-otro-magazine-de-cocina-con-una-mediatica-conductora\\\/#primaryimage\"},\"image\":{\"@id\":\"https:\\\/\\\/fmgente.com.ar\\\/web\\\/el-nueve-prepara-otro-magazine-de-cocina-con-una-mediatica-conductora\\\/#primaryimage\"},\"thumbnailUrl\":\"https:\\\/\\\/fmgente.com.ar\\\/web\\\/wp-content\\\/uploads\\\/2026\\\/03\\\/image-9.jpg\",\"datePublished\":\"2026-03-07T13:08:09+00:00\",\"inLanguage\":\"es\",\"potentialAction\":[{\"@type\":\"ReadAction\",\"target\":[\"https:\\\/\\\/fmgente.com.ar\\\/web\\\/el-nueve-prepara-otro-magazine-de-cocina-con-una-mediatica-conductora\\\/\"]}]},{\"@type\":\"ImageObject\",\"inLanguage\":\"es\",\"@id\":\"https:\\\/\\\/fmgente.com.ar\\\/web\\\/el-nueve-prepara-otro-magazine-de-cocina-con-una-mediatica-conductora\\\/#primaryimage\",\"url\":\"https:\\\/\\\/fmgente.com.ar\\\/web\\\/wp-content\\\/uploads\\\/2026\\\/03\\\/image-9.jpg\",\"contentUrl\":\"https:\\\/\\\/fmgente.com.ar\\\/web\\\/wp-content\\\/uploads\\\/2026\\\/03\\\/image-9.jpg\",\"width\":1024,\"height\":587},{\"@type\":\"WebSite\",\"@id\":\"https:\\\/\\\/fmgente.com.ar\\\/web\\\/#website\",\"url\":\"https:\\\/\\\/fmgente.com.ar\\\/web\\\/\",\"name\":\"Fm Gente\",\"description\":\"- Jes\u00fas Mar\u00eda\",\"publisher\":{\"@id\":\"https:\\\/\\\/fmgente.com.ar\\\/web\\\/#organization\"},\"potentialAction\":[{\"@type\":\"SearchAction\",\"target\":{\"@type\":\"EntryPoint\",\"urlTemplate\":\"https:\\\/\\\/fmgente.com.ar\\\/web\\\/?s={search_term_string}\"},\"query-input\":{\"@type\":\"PropertyValueSpecification\",\"valueRequired\":true,\"valueName\":\"search_term_string\"}}],\"inLanguage\":\"es\"},{\"@type\":\"Organization\",\"@id\":\"https:\\\/\\\/fmgente.com.ar\\\/web\\\/#organization\",\"name\":\"Fm Gente\",\"url\":\"https:\\\/\\\/fmgente.com.ar\\\/web\\\/\",\"logo\":{\"@type\":\"ImageObject\",\"inLanguage\":\"es\",\"@id\":\"https:\\\/\\\/fmgente.com.ar\\\/web\\\/#\\\/schema\\\/logo\\\/image\\\/\",\"url\":\"https:\\\/\\\/fmgente.com.ar\\\/web\\\/wp-content\\\/uploads\\\/2023\\\/07\\\/cropped-cropped-logo-sombra2.png\",\"contentUrl\":\"https:\\\/\\\/fmgente.com.ar\\\/web\\\/wp-content\\\/uploads\\\/2023\\\/07\\\/cropped-cropped-logo-sombra2.png\",\"width\":1782,\"height\":1782,\"caption\":\"Fm Gente\"},\"image\":{\"@id\":\"https:\\\/\\\/fmgente.com.ar\\\/web\\\/#\\\/schema\\\/logo\\\/image\\\/\"}}]}<\/script>\n<!-- \/ Yoast SEO plugin. -->","yoast_head_json":{"title":"El Nueve prepara otro magazine de cocina, con una medi\u00e1tica conductora - Fm Gente","robots":{"index":"index","follow":"follow","max-snippet":"max-snippet:-1","max-image-preview":"max-image-preview:large","max-video-preview":"max-video-preview:-1"},"canonical":"https:\/\/fmgente.com.ar\/web\/el-nueve-prepara-otro-magazine-de-cocina-con-una-mediatica-conductora\/","og_locale":"es_ES","og_type":"article","og_title":"El Nueve prepara otro magazine de cocina, con una medi\u00e1tica conductora - Fm Gente","og_description":"Buenos Aires, 7 marzo (NA) &#8211; Luego de reprogramar su Prime Time, El Nueve ya","og_url":"https:\/\/fmgente.com.ar\/web\/el-nueve-prepara-otro-magazine-de-cocina-con-una-mediatica-conductora\/","og_site_name":"Fm Gente","article_published_time":"2026-03-07T13:08:09+00:00","twitter_card":"summary_large_image","twitter_misc":{"Tiempo de lectura":"1 minuto"},"schema":{"@context":"https:\/\/schema.org","@graph":[{"@type":"Article","@id":"https:\/\/fmgente.com.ar\/web\/el-nueve-prepara-otro-magazine-de-cocina-con-una-mediatica-conductora\/#article","isPartOf":{"@id":"https:\/\/fmgente.com.ar\/web\/el-nueve-prepara-otro-magazine-de-cocina-con-una-mediatica-conductora\/"},"author":{"name":"","@id":""},"headline":"El Nueve prepara otro magazine de cocina, con una medi\u00e1tica conductora","datePublished":"2026-03-07T13:08:09+00:00","mainEntityOfPage":{"@id":"https:\/\/fmgente.com.ar\/web\/el-nueve-prepara-otro-magazine-de-cocina-con-una-mediatica-conductora\/"},"wordCount":125,"publisher":{"@id":"https:\/\/fmgente.com.ar\/web\/#organization"},"image":{"@id":"https:\/\/fmgente.com.ar\/web\/el-nueve-prepara-otro-magazine-de-cocina-con-una-mediatica-conductora\/#primaryimage"},"thumbnailUrl":"https:\/\/fmgente.com.ar\/web\/wp-content\/uploads\/2026\/03\/image-9.jpg","articleSection":["DESTACADAS"],"inLanguage":"es"},{"@type":"WebPage","@id":"https:\/\/fmgente.com.ar\/web\/el-nueve-prepara-otro-magazine-de-cocina-con-una-mediatica-conductora\/","url":"https:\/\/fmgente.com.ar\/web\/el-nueve-prepara-otro-magazine-de-cocina-con-una-mediatica-conductora\/","name":"El Nueve prepara otro magazine de cocina, con una medi\u00e1tica conductora - Fm Gente","isPartOf":{"@id":"https:\/\/fmgente.com.ar\/web\/#website"},"primaryImageOfPage":{"@id":"https:\/\/fmgente.com.ar\/web\/el-nueve-prepara-otro-magazine-de-cocina-con-una-mediatica-conductora\/#primaryimage"},"image":{"@id":"https:\/\/fmgente.com.ar\/web\/el-nueve-prepara-otro-magazine-de-cocina-con-una-mediatica-conductora\/#primaryimage"},"thumbnailUrl":"https:\/\/fmgente.com.ar\/web\/wp-content\/uploads\/2026\/03\/image-9.jpg","datePublished":"2026-03-07T13:08:09+00:00","inLanguage":"es","potentialAction":[{"@type":"ReadAction","target":["https:\/\/fmgente.com.ar\/web\/el-nueve-prepara-otro-magazine-de-cocina-con-una-mediatica-conductora\/"]}]},{"@type":"ImageObject","inLanguage":"es","@id":"https:\/\/fmgente.com.ar\/web\/el-nueve-prepara-otro-magazine-de-cocina-con-una-mediatica-conductora\/#primaryimage","url":"https:\/\/fmgente.com.ar\/web\/wp-content\/uploads\/2026\/03\/image-9.jpg","contentUrl":"https:\/\/fmgente.com.ar\/web\/wp-content\/uploads\/2026\/03\/image-9.jpg","width":1024,"height":587},{"@type":"WebSite","@id":"https:\/\/fmgente.com.ar\/web\/#website","url":"https:\/\/fmgente.com.ar\/web\/","name":"Fm Gente","description":"- Jes\u00fas Mar\u00eda","publisher":{"@id":"https:\/\/fmgente.com.ar\/web\/#organization"},"potentialAction":[{"@type":"SearchAction","target":{"@type":"EntryPoint","urlTemplate":"https:\/\/fmgente.com.ar\/web\/?s={search_term_string}"},"query-input":{"@type":"PropertyValueSpecification","valueRequired":true,"valueName":"search_term_string"}}],"inLanguage":"es"},{"@type":"Organization","@id":"https:\/\/fmgente.com.ar\/web\/#organization","name":"Fm Gente","url":"https:\/\/fmgente.com.ar\/web\/","logo":{"@type":"ImageObject","inLanguage":"es","@id":"https:\/\/fmgente.com.ar\/web\/#\/schema\/logo\/image\/","url":"https:\/\/fmgente.com.ar\/web\/wp-content\/uploads\/2023\/07\/cropped-cropped-logo-sombra2.png","contentUrl":"https:\/\/fmgente.com.ar\/web\/wp-content\/uploads\/2023\/07\/cropped-cropped-logo-sombra2.png","width":1782,"height":1782,"caption":"Fm Gente"},"image":{"@id":"https:\/\/fmgente.com.ar\/web\/#\/schema\/logo\/image\/"}}]}},"_links":{"self":[{"href":"https:\/\/fmgente.com.ar\/web\/wp-json\/wp\/v2\/posts\/14550","targetHints":{"allow":["GET"]}}],"collection":[{"href":"https:\/\/fmgente.com.ar\/web\/wp-json\/wp\/v2\/posts"}],"about":[{"href":"https:\/\/fmgente.com.ar\/web\/wp-json\/wp\/v2\/types\/post"}],"replies":[{"embeddable":true,"href":"https:\/\/fmgente.com.ar\/web\/wp-json\/wp\/v2\/comments?post=14550"}],"version-history":[{"count":0,"href":"https:\/\/fmgente.com.ar\/web\/wp-json\/wp\/v2\/posts\/14550\/revisions"}],"wp:featuredmedia":[{"embeddable":true,"href":"https:\/\/fmgente.com.ar\/web\/wp-json\/wp\/v2\/media\/14551"}],"wp:attachment":[{"href":"https:\/\/fmgente.com.ar\/web\/wp-json\/wp\/v2\/media?parent=14550"}],"wp:term":[{"taxonomy":"category","embeddable":true,"href":"https:\/\/fmgente.com.ar\/web\/wp-json\/wp\/v2\/categories?post=14550"},{"taxonomy":"post_tag","embeddable":true,"href":"https:\/\/fmgente.com.ar\/web\/wp-json\/wp\/v2\/tags?post=14550"}],"curies":[{"name":"wp","href":"https:\/\/api.w.org\/{rel}","templated":true}]}}