{"id":14548,"date":"2026-03-07T10:08:08","date_gmt":"2026-03-07T13:08:08","guid":{"rendered":"https:\/\/fmgente.com.ar\/web\/villarruel-desembarco-en-mendoza-para-marcar-fuerte-presencia-en-la-vendimia-2026\/"},"modified":"2026-03-07T10:08:08","modified_gmt":"2026-03-07T13:08:08","slug":"villarruel-desembarco-en-mendoza-para-marcar-fuerte-presencia-en-la-vendimia-2026","status":"publish","type":"post","link":"https:\/\/fmgente.com.ar\/web\/villarruel-desembarco-en-mendoza-para-marcar-fuerte-presencia-en-la-vendimia-2026\/","title":{"rendered":"Villarruel desembarc\u00f3 en Mendoza para marcar fuerte presencia en la Vendimia 2026"},"content":{"rendered":"<p>Buenos Aires, 7 de marzo (NA) \u2013 La vicepresidenta de la Naci\u00f3n, Victoria Villarruel, desembarc\u00f3 este viernes en suelo mendocino con una agenda cargada de compromisos pol\u00edticos y econ\u00f3micos que la posicionan como la figura central del Gobierno nacional en la Fiesta Nacional de la Vendimia 2026.<\/p>\n<p>La titular del Senado aterriz\u00f3 pasadas las 13 en la Cuarta Brigada A\u00e9rea y fue recibida por el \u00e1rea de Protocolo del Gobierno provincial. Su llegada se produjo mientras el gobernador de Mendoza, Alfredo Cornejo, encabezaba en Casa de Gobierno un anuncio junto al jefe de Gobierno de la Ciudad de Buenos Aires, Jorge Macri. <\/p>\n<p>Por su parte, la vicegobernadora Hebe Casado tampoco estuvo presente en el arribo, debido a que se aboc\u00f3 a las actividades del Foro de Inversiones y Negocios tras su regreso de Canad\u00e1.<\/p>\n<p>La compa\u00f1era de f\u00f3rmula de Javier Milei tiene previsto asistir a los encuentros institucionales m\u00e1s relevantes del sector vitivin\u00edcola durante el fin de semana. Villarruel participar\u00e1 este s\u00e1bado por la ma\u00f1ana del tradicional desayuno de la Corporaci\u00f3n Vitivin\u00edcola Argentina (COVIAR) y, posteriormente, del almuerzo organizado por Bodegas de Argentina. <\/p>\n<p>La presencia de la vicepresidenta en la provincia hab\u00eda sido confirmada inicialmente en el \u00e1mbito de COVIAR, aunque no a trav\u00e9s de una comunicaci\u00f3n formal con el Poder Ejecutivo local. Desde el Gobierno mendocino se\u00f1alaron que la invitaci\u00f3n a las autoridades nacionales se realiza cada a\u00f1o \u00aben el marco del protocolo institucional\u00bb.<\/p>\n<p>Sin embargo, la agenda sabatina de la funcionaria, quien se encuentra a cargo del Poder Ejecutivo por la ausencia de Milei, termin\u00f3 alarg\u00e1ndose hacia el sur provincial. Seg\u00fan pudo saber la Agencia Noticias Argentinas, por primera vez en la historia, la Sociedad Rural del Valle de Uco contar\u00e1 con la presencia de un presidente en ejercicio en su sede de Eugenio Bustos, en San Carlos. Respecto a este encuentro, el titular de la entidad, Mario Leiva, afirm\u00f3: \u00abVamos a aprovechar la visita de la vicepresidente para plantearle y visibilizar la situaci\u00f3n cr\u00edtica del sector primario mendocino\u00bb.<\/p>\n<p>Para cumplir con este compromiso, Villarruel deber\u00e1 recorrer m\u00e1s de 100 kil\u00f3metros desde la sede del Agasajo Vendimial en Godoy Cruz hasta la c\u00e1mara agropecuaria. El arribo de la mandataria se da en medio de la tensi\u00f3n pol\u00edtica que mantiene con el presidente Javier Milei, lo que agrega un componente pol\u00edtico adicional a las festividades. <\/p>\n<p>Esta es la segunda vez que Villarruel asiste a la m\u00e1xima fiesta de los mendocinos, tras su participaci\u00f3n en la edici\u00f3n 2024, a poco de haber asumido la gesti\u00f3n.<\/p>\n<p>#AgenciaNA<\/p>\n","protected":false},"excerpt":{"rendered":"<p>Buenos Aires, 7 de marzo (NA) \u2013 La vicepresidenta de la Naci\u00f3n, Victoria Villarruel, desembarc\u00f3<\/p>\n","protected":false},"author":0,"featured_media":14549,"comment_status":"","ping_status":"","sticky":false,"template":"","format":"standard","meta":{"footnotes":""},"categories":[11],"tags":[],"class_list":["post-14548","post","type-post","status-publish","format-standard","has-post-thumbnail","hentry","category-destacadas"],"yoast_head":"<!-- This site is optimized with the Yoast SEO plugin v27.4 - https:\/\/yoast.com\/product\/yoast-seo-wordpress\/ -->\n<title>Villarruel desembarc\u00f3 en Mendoza para marcar fuerte presencia en la Vendimia 2026 - Fm Gente<\/title>\n<meta name=\"robots\" content=\"index, follow, max-snippet:-1, max-image-preview:large, max-video-preview:-1\" \/>\n<link rel=\"canonical\" href=\"https:\/\/fmgente.com.ar\/web\/villarruel-desembarco-en-mendoza-para-marcar-fuerte-presencia-en-la-vendimia-2026\/\" \/>\n<meta property=\"og:locale\" content=\"es_ES\" \/>\n<meta property=\"og:type\" content=\"article\" \/>\n<meta property=\"og:title\" content=\"Villarruel desembarc\u00f3 en Mendoza para marcar fuerte presencia en la Vendimia 2026 - Fm Gente\" \/>\n<meta property=\"og:description\" content=\"Buenos Aires, 7 de marzo (NA) \u2013 La vicepresidenta de la Naci\u00f3n, Victoria Villarruel, desembarc\u00f3\" \/>\n<meta property=\"og:url\" content=\"https:\/\/fmgente.com.ar\/web\/villarruel-desembarco-en-mendoza-para-marcar-fuerte-presencia-en-la-vendimia-2026\/\" \/>\n<meta property=\"og:site_name\" content=\"Fm Gente\" \/>\n<meta property=\"article:published_time\" content=\"2026-03-07T13:08:08+00:00\" \/>\n<meta name=\"twitter:card\" content=\"summary_large_image\" \/>\n<meta name=\"twitter:label1\" content=\"Tiempo de lectura\" \/>\n\t<meta name=\"twitter:data1\" content=\"2 minutos\" \/>\n<script type=\"application\/ld+json\" class=\"yoast-schema-graph\">{\"@context\":\"https:\\\/\\\/schema.org\",\"@graph\":[{\"@type\":\"Article\",\"@id\":\"https:\\\/\\\/fmgente.com.ar\\\/web\\\/villarruel-desembarco-en-mendoza-para-marcar-fuerte-presencia-en-la-vendimia-2026\\\/#article\",\"isPartOf\":{\"@id\":\"https:\\\/\\\/fmgente.com.ar\\\/web\\\/villarruel-desembarco-en-mendoza-para-marcar-fuerte-presencia-en-la-vendimia-2026\\\/\"},\"author\":{\"name\":\"\",\"@id\":\"\"},\"headline\":\"Villarruel desembarc\u00f3 en Mendoza para marcar fuerte presencia en la Vendimia 2026\",\"datePublished\":\"2026-03-07T13:08:08+00:00\",\"mainEntityOfPage\":{\"@id\":\"https:\\\/\\\/fmgente.com.ar\\\/web\\\/villarruel-desembarco-en-mendoza-para-marcar-fuerte-presencia-en-la-vendimia-2026\\\/\"},\"wordCount\":453,\"publisher\":{\"@id\":\"https:\\\/\\\/fmgente.com.ar\\\/web\\\/#organization\"},\"image\":{\"@id\":\"https:\\\/\\\/fmgente.com.ar\\\/web\\\/villarruel-desembarco-en-mendoza-para-marcar-fuerte-presencia-en-la-vendimia-2026\\\/#primaryimage\"},\"thumbnailUrl\":\"https:\\\/\\\/fmgente.com.ar\\\/web\\\/wp-content\\\/uploads\\\/2026\\\/03\\\/720-389.jpeg\",\"articleSection\":[\"DESTACADAS\"],\"inLanguage\":\"es\"},{\"@type\":\"WebPage\",\"@id\":\"https:\\\/\\\/fmgente.com.ar\\\/web\\\/villarruel-desembarco-en-mendoza-para-marcar-fuerte-presencia-en-la-vendimia-2026\\\/\",\"url\":\"https:\\\/\\\/fmgente.com.ar\\\/web\\\/villarruel-desembarco-en-mendoza-para-marcar-fuerte-presencia-en-la-vendimia-2026\\\/\",\"name\":\"Villarruel desembarc\u00f3 en Mendoza para marcar fuerte presencia en la Vendimia 2026 - Fm Gente\",\"isPartOf\":{\"@id\":\"https:\\\/\\\/fmgente.com.ar\\\/web\\\/#website\"},\"primaryImageOfPage\":{\"@id\":\"https:\\\/\\\/fmgente.com.ar\\\/web\\\/villarruel-desembarco-en-mendoza-para-marcar-fuerte-presencia-en-la-vendimia-2026\\\/#primaryimage\"},\"image\":{\"@id\":\"https:\\\/\\\/fmgente.com.ar\\\/web\\\/villarruel-desembarco-en-mendoza-para-marcar-fuerte-presencia-en-la-vendimia-2026\\\/#primaryimage\"},\"thumbnailUrl\":\"https:\\\/\\\/fmgente.com.ar\\\/web\\\/wp-content\\\/uploads\\\/2026\\\/03\\\/720-389.jpeg\",\"datePublished\":\"2026-03-07T13:08:08+00:00\",\"inLanguage\":\"es\",\"potentialAction\":[{\"@type\":\"ReadAction\",\"target\":[\"https:\\\/\\\/fmgente.com.ar\\\/web\\\/villarruel-desembarco-en-mendoza-para-marcar-fuerte-presencia-en-la-vendimia-2026\\\/\"]}]},{\"@type\":\"ImageObject\",\"inLanguage\":\"es\",\"@id\":\"https:\\\/\\\/fmgente.com.ar\\\/web\\\/villarruel-desembarco-en-mendoza-para-marcar-fuerte-presencia-en-la-vendimia-2026\\\/#primaryimage\",\"url\":\"https:\\\/\\\/fmgente.com.ar\\\/web\\\/wp-content\\\/uploads\\\/2026\\\/03\\\/720-389.jpeg\",\"contentUrl\":\"https:\\\/\\\/fmgente.com.ar\\\/web\\\/wp-content\\\/uploads\\\/2026\\\/03\\\/720-389.jpeg\",\"width\":1280,\"height\":720},{\"@type\":\"WebSite\",\"@id\":\"https:\\\/\\\/fmgente.com.ar\\\/web\\\/#website\",\"url\":\"https:\\\/\\\/fmgente.com.ar\\\/web\\\/\",\"name\":\"Fm Gente\",\"description\":\"- Jes\u00fas Mar\u00eda\",\"publisher\":{\"@id\":\"https:\\\/\\\/fmgente.com.ar\\\/web\\\/#organization\"},\"potentialAction\":[{\"@type\":\"SearchAction\",\"target\":{\"@type\":\"EntryPoint\",\"urlTemplate\":\"https:\\\/\\\/fmgente.com.ar\\\/web\\\/?s={search_term_string}\"},\"query-input\":{\"@type\":\"PropertyValueSpecification\",\"valueRequired\":true,\"valueName\":\"search_term_string\"}}],\"inLanguage\":\"es\"},{\"@type\":\"Organization\",\"@id\":\"https:\\\/\\\/fmgente.com.ar\\\/web\\\/#organization\",\"name\":\"Fm Gente\",\"url\":\"https:\\\/\\\/fmgente.com.ar\\\/web\\\/\",\"logo\":{\"@type\":\"ImageObject\",\"inLanguage\":\"es\",\"@id\":\"https:\\\/\\\/fmgente.com.ar\\\/web\\\/#\\\/schema\\\/logo\\\/image\\\/\",\"url\":\"https:\\\/\\\/fmgente.com.ar\\\/web\\\/wp-content\\\/uploads\\\/2023\\\/07\\\/cropped-cropped-logo-sombra2.png\",\"contentUrl\":\"https:\\\/\\\/fmgente.com.ar\\\/web\\\/wp-content\\\/uploads\\\/2023\\\/07\\\/cropped-cropped-logo-sombra2.png\",\"width\":1782,\"height\":1782,\"caption\":\"Fm Gente\"},\"image\":{\"@id\":\"https:\\\/\\\/fmgente.com.ar\\\/web\\\/#\\\/schema\\\/logo\\\/image\\\/\"}}]}<\/script>\n<!-- \/ Yoast SEO plugin. -->","yoast_head_json":{"title":"Villarruel desembarc\u00f3 en Mendoza para marcar fuerte presencia en la Vendimia 2026 - Fm Gente","robots":{"index":"index","follow":"follow","max-snippet":"max-snippet:-1","max-image-preview":"max-image-preview:large","max-video-preview":"max-video-preview:-1"},"canonical":"https:\/\/fmgente.com.ar\/web\/villarruel-desembarco-en-mendoza-para-marcar-fuerte-presencia-en-la-vendimia-2026\/","og_locale":"es_ES","og_type":"article","og_title":"Villarruel desembarc\u00f3 en Mendoza para marcar fuerte presencia en la Vendimia 2026 - Fm Gente","og_description":"Buenos Aires, 7 de marzo (NA) \u2013 La vicepresidenta de la Naci\u00f3n, Victoria Villarruel, desembarc\u00f3","og_url":"https:\/\/fmgente.com.ar\/web\/villarruel-desembarco-en-mendoza-para-marcar-fuerte-presencia-en-la-vendimia-2026\/","og_site_name":"Fm Gente","article_published_time":"2026-03-07T13:08:08+00:00","twitter_card":"summary_large_image","twitter_misc":{"Tiempo de lectura":"2 minutos"},"schema":{"@context":"https:\/\/schema.org","@graph":[{"@type":"Article","@id":"https:\/\/fmgente.com.ar\/web\/villarruel-desembarco-en-mendoza-para-marcar-fuerte-presencia-en-la-vendimia-2026\/#article","isPartOf":{"@id":"https:\/\/fmgente.com.ar\/web\/villarruel-desembarco-en-mendoza-para-marcar-fuerte-presencia-en-la-vendimia-2026\/"},"author":{"name":"","@id":""},"headline":"Villarruel desembarc\u00f3 en Mendoza para marcar fuerte presencia en la Vendimia 2026","datePublished":"2026-03-07T13:08:08+00:00","mainEntityOfPage":{"@id":"https:\/\/fmgente.com.ar\/web\/villarruel-desembarco-en-mendoza-para-marcar-fuerte-presencia-en-la-vendimia-2026\/"},"wordCount":453,"publisher":{"@id":"https:\/\/fmgente.com.ar\/web\/#organization"},"image":{"@id":"https:\/\/fmgente.com.ar\/web\/villarruel-desembarco-en-mendoza-para-marcar-fuerte-presencia-en-la-vendimia-2026\/#primaryimage"},"thumbnailUrl":"https:\/\/fmgente.com.ar\/web\/wp-content\/uploads\/2026\/03\/720-389.jpeg","articleSection":["DESTACADAS"],"inLanguage":"es"},{"@type":"WebPage","@id":"https:\/\/fmgente.com.ar\/web\/villarruel-desembarco-en-mendoza-para-marcar-fuerte-presencia-en-la-vendimia-2026\/","url":"https:\/\/fmgente.com.ar\/web\/villarruel-desembarco-en-mendoza-para-marcar-fuerte-presencia-en-la-vendimia-2026\/","name":"Villarruel desembarc\u00f3 en Mendoza para marcar fuerte presencia en la Vendimia 2026 - Fm Gente","isPartOf":{"@id":"https:\/\/fmgente.com.ar\/web\/#website"},"primaryImageOfPage":{"@id":"https:\/\/fmgente.com.ar\/web\/villarruel-desembarco-en-mendoza-para-marcar-fuerte-presencia-en-la-vendimia-2026\/#primaryimage"},"image":{"@id":"https:\/\/fmgente.com.ar\/web\/villarruel-desembarco-en-mendoza-para-marcar-fuerte-presencia-en-la-vendimia-2026\/#primaryimage"},"thumbnailUrl":"https:\/\/fmgente.com.ar\/web\/wp-content\/uploads\/2026\/03\/720-389.jpeg","datePublished":"2026-03-07T13:08:08+00:00","inLanguage":"es","potentialAction":[{"@type":"ReadAction","target":["https:\/\/fmgente.com.ar\/web\/villarruel-desembarco-en-mendoza-para-marcar-fuerte-presencia-en-la-vendimia-2026\/"]}]},{"@type":"ImageObject","inLanguage":"es","@id":"https:\/\/fmgente.com.ar\/web\/villarruel-desembarco-en-mendoza-para-marcar-fuerte-presencia-en-la-vendimia-2026\/#primaryimage","url":"https:\/\/fmgente.com.ar\/web\/wp-content\/uploads\/2026\/03\/720-389.jpeg","contentUrl":"https:\/\/fmgente.com.ar\/web\/wp-content\/uploads\/2026\/03\/720-389.jpeg","width":1280,"height":720},{"@type":"WebSite","@id":"https:\/\/fmgente.com.ar\/web\/#website","url":"https:\/\/fmgente.com.ar\/web\/","name":"Fm Gente","description":"- Jes\u00fas Mar\u00eda","publisher":{"@id":"https:\/\/fmgente.com.ar\/web\/#organization"},"potentialAction":[{"@type":"SearchAction","target":{"@type":"EntryPoint","urlTemplate":"https:\/\/fmgente.com.ar\/web\/?s={search_term_string}"},"query-input":{"@type":"PropertyValueSpecification","valueRequired":true,"valueName":"search_term_string"}}],"inLanguage":"es"},{"@type":"Organization","@id":"https:\/\/fmgente.com.ar\/web\/#organization","name":"Fm Gente","url":"https:\/\/fmgente.com.ar\/web\/","logo":{"@type":"ImageObject","inLanguage":"es","@id":"https:\/\/fmgente.com.ar\/web\/#\/schema\/logo\/image\/","url":"https:\/\/fmgente.com.ar\/web\/wp-content\/uploads\/2023\/07\/cropped-cropped-logo-sombra2.png","contentUrl":"https:\/\/fmgente.com.ar\/web\/wp-content\/uploads\/2023\/07\/cropped-cropped-logo-sombra2.png","width":1782,"height":1782,"caption":"Fm Gente"},"image":{"@id":"https:\/\/fmgente.com.ar\/web\/#\/schema\/logo\/image\/"}}]}},"_links":{"self":[{"href":"https:\/\/fmgente.com.ar\/web\/wp-json\/wp\/v2\/posts\/14548","targetHints":{"allow":["GET"]}}],"collection":[{"href":"https:\/\/fmgente.com.ar\/web\/wp-json\/wp\/v2\/posts"}],"about":[{"href":"https:\/\/fmgente.com.ar\/web\/wp-json\/wp\/v2\/types\/post"}],"replies":[{"embeddable":true,"href":"https:\/\/fmgente.com.ar\/web\/wp-json\/wp\/v2\/comments?post=14548"}],"version-history":[{"count":0,"href":"https:\/\/fmgente.com.ar\/web\/wp-json\/wp\/v2\/posts\/14548\/revisions"}],"wp:featuredmedia":[{"embeddable":true,"href":"https:\/\/fmgente.com.ar\/web\/wp-json\/wp\/v2\/media\/14549"}],"wp:attachment":[{"href":"https:\/\/fmgente.com.ar\/web\/wp-json\/wp\/v2\/media?parent=14548"}],"wp:term":[{"taxonomy":"category","embeddable":true,"href":"https:\/\/fmgente.com.ar\/web\/wp-json\/wp\/v2\/categories?post=14548"},{"taxonomy":"post_tag","embeddable":true,"href":"https:\/\/fmgente.com.ar\/web\/wp-json\/wp\/v2\/tags?post=14548"}],"curies":[{"name":"wp","href":"https:\/\/api.w.org\/{rel}","templated":true}]}}