{"id":14544,"date":"2026-03-07T10:08:07","date_gmt":"2026-03-07T13:08:07","guid":{"rendered":"https:\/\/fmgente.com.ar\/web\/derrumbe-en-parque-patricios-la-fiscalia-busca-resguardar-a-vecinos-y-autorizo-tareas-de-apuntalamiento\/"},"modified":"2026-03-07T10:08:07","modified_gmt":"2026-03-07T13:08:07","slug":"derrumbe-en-parque-patricios-la-fiscalia-busca-resguardar-a-vecinos-y-autorizo-tareas-de-apuntalamiento","status":"publish","type":"post","link":"https:\/\/fmgente.com.ar\/web\/derrumbe-en-parque-patricios-la-fiscalia-busca-resguardar-a-vecinos-y-autorizo-tareas-de-apuntalamiento\/","title":{"rendered":"Derrumbe en Parque Patricios: la fiscal\u00eda busca \u201cresguardar a vecinos y autoriz\u00f3 tareas de apuntalamiento\u201d"},"content":{"rendered":"<p>Buenos Aires, 7 marzo (NA) &#8212; La Fiscal\u00eda 31, que est\u00e1 al frente de la investigaci\u00f3n por el derrumbe ocurrido en el complejo de viviendas \u201cEstaci\u00f3n Buenos Aires\u201d ubicado en Parque Patricios, sostuvo que busca \u201cresguardar a los vecinos y autoriz\u00f3 tareas de apuntalamiento, demolici\u00f3n y retiro de escombros\u201d.<\/p>\n<p>Seg\u00fan el comunicado al que tuvo acceso la Agencia Noticias Argentinas, la entidad a cargo de Mar\u00eda Selvatici comenz\u00f3 la investigaci\u00f3n el pasado martes 3 de marzo y dispuso \u201cuna bater\u00eda de medidas urgentes orientadas al esclarecimiento del delito, la determinaci\u00f3n de sus causales y la preservaci\u00f3n integral de la prueba\u201d.<\/p>\n<p>En ese marco, indicaron que \u201cla investigaci\u00f3n se encuentra actualmente en pleno tr\u00e1mite\u201d y que apuntan a establecer cu\u00e1les fueron las circunstancias en que se produjo la ruptura, as\u00ed como \u201clas eventuales responsabilidades penales que pudieran derivarse de lo ocurrido\u00bb.<\/p>\n<p>\u201cLuego de haberse adoptado los recaudos necesarios para resguardar a los involucrados, se autoriz\u00f3 la realizaci\u00f3n de las tareas de apuntalamiento en el lugar, la demolici\u00f3n y el retiro de escombros, as\u00ed como la remoci\u00f3n y reubicaci\u00f3n de veh\u00edculos y el ingreso coordinado de las personas afectadas\u201d, sostuvieron desde la entidad.<\/p>\n<p>De acuerdo con lo informado, el ingreso de residentes ser\u00e1 limitado a una persona por inmueble y tendr\u00e1 como \u00fanico fin retirar pertenencias estrictamente esenciales. Para ello, deber\u00e1n acreditar su residencia y hacerlo de manera coordinada con personal del Gobierno porte\u00f1o, con acompa\u00f1amiento de bomberos y equipos de emergencia.<\/p>\n<p>Asimismo, se deber\u00e1n tomar recaudos para garantizar la seguridad e integridad f\u00edsica de los residentes al momento de ingresar al lugar. En ese sentido, se deber\u00e1 contar con la conformidad expresa por escrito de los profesionales responsables del plan de trabajos autorizado, a fin de no entorpecer las labores y minimizar riesgos para quienes accedan al predio.<\/p>\n<p>Entre las disposiciones tambi\u00e9n se encuentra la producci\u00f3n de informes periciales destinados a determinar las causas del derrumbe, cuya realizaci\u00f3n fue impulsada desde un primer momento con preservaci\u00f3n total de la prueba.<\/p>\n<p>Recientemente, se conoci\u00f3 que entre las medidas que tom\u00f3 el Gobierno de la Ciudad, se gestion\u00f3 el stop debit de las cuotas de los cr\u00e9ditos para pagar los departamentos ante el Banco Hipotecario y el Banco Ciudad. Mientras que los vecinos tambi\u00e9n pidieron que se realice el stop debit de las expensas: ya fue elevado por el ejecutivo al administrador y se espera su respuesta.<\/p>\n<p>Asimismo, este 6 de marzo se llev\u00f3 a cabo el retiro de la primera tanda de autos del estacionamiento afectado, trabajaron en el lugar personal de Bomberos, Guardia de Auxilio y Defensa Civil, mientras que la empresa constructora present\u00f3 en la Guardia de Auxilio un plan de trabajo para el apuntalamiento de los edificios, con la autorizaci\u00f3n de la administraci\u00f3n del complejo y fue aprobado. #AgenciaNA<\/p>\n","protected":false},"excerpt":{"rendered":"<p>Buenos Aires, 7 marzo (NA) &#8212; La Fiscal\u00eda 31, que est\u00e1 al frente de la<\/p>\n","protected":false},"author":0,"featured_media":14545,"comment_status":"","ping_status":"","sticky":false,"template":"","format":"standard","meta":{"footnotes":""},"categories":[11],"tags":[],"class_list":["post-14544","post","type-post","status-publish","format-standard","has-post-thumbnail","hentry","category-destacadas"],"yoast_head":"<!-- This site is optimized with the Yoast SEO plugin v27.4 - https:\/\/yoast.com\/product\/yoast-seo-wordpress\/ -->\n<title>Derrumbe en Parque Patricios: la fiscal\u00eda busca \u201cresguardar a vecinos y autoriz\u00f3 tareas de apuntalamiento\u201d - Fm Gente<\/title>\n<meta name=\"robots\" content=\"index, follow, max-snippet:-1, max-image-preview:large, max-video-preview:-1\" \/>\n<link rel=\"canonical\" href=\"https:\/\/fmgente.com.ar\/web\/derrumbe-en-parque-patricios-la-fiscalia-busca-resguardar-a-vecinos-y-autorizo-tareas-de-apuntalamiento\/\" \/>\n<meta property=\"og:locale\" content=\"es_ES\" \/>\n<meta property=\"og:type\" content=\"article\" \/>\n<meta property=\"og:title\" content=\"Derrumbe en Parque Patricios: la fiscal\u00eda busca \u201cresguardar a vecinos y autoriz\u00f3 tareas de apuntalamiento\u201d - Fm Gente\" \/>\n<meta property=\"og:description\" content=\"Buenos Aires, 7 marzo (NA) &#8212; La Fiscal\u00eda 31, que est\u00e1 al frente de la\" \/>\n<meta property=\"og:url\" content=\"https:\/\/fmgente.com.ar\/web\/derrumbe-en-parque-patricios-la-fiscalia-busca-resguardar-a-vecinos-y-autorizo-tareas-de-apuntalamiento\/\" \/>\n<meta property=\"og:site_name\" content=\"Fm Gente\" \/>\n<meta property=\"article:published_time\" content=\"2026-03-07T13:08:07+00:00\" \/>\n<meta name=\"twitter:card\" content=\"summary_large_image\" \/>\n<meta name=\"twitter:label1\" content=\"Tiempo de lectura\" \/>\n\t<meta name=\"twitter:data1\" content=\"2 minutos\" \/>\n<script type=\"application\/ld+json\" class=\"yoast-schema-graph\">{\"@context\":\"https:\\\/\\\/schema.org\",\"@graph\":[{\"@type\":\"Article\",\"@id\":\"https:\\\/\\\/fmgente.com.ar\\\/web\\\/derrumbe-en-parque-patricios-la-fiscalia-busca-resguardar-a-vecinos-y-autorizo-tareas-de-apuntalamiento\\\/#article\",\"isPartOf\":{\"@id\":\"https:\\\/\\\/fmgente.com.ar\\\/web\\\/derrumbe-en-parque-patricios-la-fiscalia-busca-resguardar-a-vecinos-y-autorizo-tareas-de-apuntalamiento\\\/\"},\"author\":{\"name\":\"\",\"@id\":\"\"},\"headline\":\"Derrumbe en Parque Patricios: la fiscal\u00eda busca \u201cresguardar a vecinos y autoriz\u00f3 tareas de apuntalamiento\u201d\",\"datePublished\":\"2026-03-07T13:08:07+00:00\",\"mainEntityOfPage\":{\"@id\":\"https:\\\/\\\/fmgente.com.ar\\\/web\\\/derrumbe-en-parque-patricios-la-fiscalia-busca-resguardar-a-vecinos-y-autorizo-tareas-de-apuntalamiento\\\/\"},\"wordCount\":503,\"publisher\":{\"@id\":\"https:\\\/\\\/fmgente.com.ar\\\/web\\\/#organization\"},\"image\":{\"@id\":\"https:\\\/\\\/fmgente.com.ar\\\/web\\\/derrumbe-en-parque-patricios-la-fiscalia-busca-resguardar-a-vecinos-y-autorizo-tareas-de-apuntalamiento\\\/#primaryimage\"},\"thumbnailUrl\":\"https:\\\/\\\/fmgente.com.ar\\\/web\\\/wp-content\\\/uploads\\\/2026\\\/03\\\/720-387.jpeg\",\"articleSection\":[\"DESTACADAS\"],\"inLanguage\":\"es\"},{\"@type\":\"WebPage\",\"@id\":\"https:\\\/\\\/fmgente.com.ar\\\/web\\\/derrumbe-en-parque-patricios-la-fiscalia-busca-resguardar-a-vecinos-y-autorizo-tareas-de-apuntalamiento\\\/\",\"url\":\"https:\\\/\\\/fmgente.com.ar\\\/web\\\/derrumbe-en-parque-patricios-la-fiscalia-busca-resguardar-a-vecinos-y-autorizo-tareas-de-apuntalamiento\\\/\",\"name\":\"Derrumbe en Parque Patricios: la fiscal\u00eda busca \u201cresguardar a vecinos y autoriz\u00f3 tareas de apuntalamiento\u201d - Fm Gente\",\"isPartOf\":{\"@id\":\"https:\\\/\\\/fmgente.com.ar\\\/web\\\/#website\"},\"primaryImageOfPage\":{\"@id\":\"https:\\\/\\\/fmgente.com.ar\\\/web\\\/derrumbe-en-parque-patricios-la-fiscalia-busca-resguardar-a-vecinos-y-autorizo-tareas-de-apuntalamiento\\\/#primaryimage\"},\"image\":{\"@id\":\"https:\\\/\\\/fmgente.com.ar\\\/web\\\/derrumbe-en-parque-patricios-la-fiscalia-busca-resguardar-a-vecinos-y-autorizo-tareas-de-apuntalamiento\\\/#primaryimage\"},\"thumbnailUrl\":\"https:\\\/\\\/fmgente.com.ar\\\/web\\\/wp-content\\\/uploads\\\/2026\\\/03\\\/720-387.jpeg\",\"datePublished\":\"2026-03-07T13:08:07+00:00\",\"inLanguage\":\"es\",\"potentialAction\":[{\"@type\":\"ReadAction\",\"target\":[\"https:\\\/\\\/fmgente.com.ar\\\/web\\\/derrumbe-en-parque-patricios-la-fiscalia-busca-resguardar-a-vecinos-y-autorizo-tareas-de-apuntalamiento\\\/\"]}]},{\"@type\":\"ImageObject\",\"inLanguage\":\"es\",\"@id\":\"https:\\\/\\\/fmgente.com.ar\\\/web\\\/derrumbe-en-parque-patricios-la-fiscalia-busca-resguardar-a-vecinos-y-autorizo-tareas-de-apuntalamiento\\\/#primaryimage\",\"url\":\"https:\\\/\\\/fmgente.com.ar\\\/web\\\/wp-content\\\/uploads\\\/2026\\\/03\\\/720-387.jpeg\",\"contentUrl\":\"https:\\\/\\\/fmgente.com.ar\\\/web\\\/wp-content\\\/uploads\\\/2026\\\/03\\\/720-387.jpeg\",\"width\":960,\"height\":720},{\"@type\":\"WebSite\",\"@id\":\"https:\\\/\\\/fmgente.com.ar\\\/web\\\/#website\",\"url\":\"https:\\\/\\\/fmgente.com.ar\\\/web\\\/\",\"name\":\"Fm Gente\",\"description\":\"- Jes\u00fas Mar\u00eda\",\"publisher\":{\"@id\":\"https:\\\/\\\/fmgente.com.ar\\\/web\\\/#organization\"},\"potentialAction\":[{\"@type\":\"SearchAction\",\"target\":{\"@type\":\"EntryPoint\",\"urlTemplate\":\"https:\\\/\\\/fmgente.com.ar\\\/web\\\/?s={search_term_string}\"},\"query-input\":{\"@type\":\"PropertyValueSpecification\",\"valueRequired\":true,\"valueName\":\"search_term_string\"}}],\"inLanguage\":\"es\"},{\"@type\":\"Organization\",\"@id\":\"https:\\\/\\\/fmgente.com.ar\\\/web\\\/#organization\",\"name\":\"Fm Gente\",\"url\":\"https:\\\/\\\/fmgente.com.ar\\\/web\\\/\",\"logo\":{\"@type\":\"ImageObject\",\"inLanguage\":\"es\",\"@id\":\"https:\\\/\\\/fmgente.com.ar\\\/web\\\/#\\\/schema\\\/logo\\\/image\\\/\",\"url\":\"https:\\\/\\\/fmgente.com.ar\\\/web\\\/wp-content\\\/uploads\\\/2023\\\/07\\\/cropped-cropped-logo-sombra2.png\",\"contentUrl\":\"https:\\\/\\\/fmgente.com.ar\\\/web\\\/wp-content\\\/uploads\\\/2023\\\/07\\\/cropped-cropped-logo-sombra2.png\",\"width\":1782,\"height\":1782,\"caption\":\"Fm Gente\"},\"image\":{\"@id\":\"https:\\\/\\\/fmgente.com.ar\\\/web\\\/#\\\/schema\\\/logo\\\/image\\\/\"}}]}<\/script>\n<!-- \/ Yoast SEO plugin. -->","yoast_head_json":{"title":"Derrumbe en Parque Patricios: la fiscal\u00eda busca \u201cresguardar a vecinos y autoriz\u00f3 tareas de apuntalamiento\u201d - Fm Gente","robots":{"index":"index","follow":"follow","max-snippet":"max-snippet:-1","max-image-preview":"max-image-preview:large","max-video-preview":"max-video-preview:-1"},"canonical":"https:\/\/fmgente.com.ar\/web\/derrumbe-en-parque-patricios-la-fiscalia-busca-resguardar-a-vecinos-y-autorizo-tareas-de-apuntalamiento\/","og_locale":"es_ES","og_type":"article","og_title":"Derrumbe en Parque Patricios: la fiscal\u00eda busca \u201cresguardar a vecinos y autoriz\u00f3 tareas de apuntalamiento\u201d - Fm Gente","og_description":"Buenos Aires, 7 marzo (NA) &#8212; La Fiscal\u00eda 31, que est\u00e1 al frente de la","og_url":"https:\/\/fmgente.com.ar\/web\/derrumbe-en-parque-patricios-la-fiscalia-busca-resguardar-a-vecinos-y-autorizo-tareas-de-apuntalamiento\/","og_site_name":"Fm Gente","article_published_time":"2026-03-07T13:08:07+00:00","twitter_card":"summary_large_image","twitter_misc":{"Tiempo de lectura":"2 minutos"},"schema":{"@context":"https:\/\/schema.org","@graph":[{"@type":"Article","@id":"https:\/\/fmgente.com.ar\/web\/derrumbe-en-parque-patricios-la-fiscalia-busca-resguardar-a-vecinos-y-autorizo-tareas-de-apuntalamiento\/#article","isPartOf":{"@id":"https:\/\/fmgente.com.ar\/web\/derrumbe-en-parque-patricios-la-fiscalia-busca-resguardar-a-vecinos-y-autorizo-tareas-de-apuntalamiento\/"},"author":{"name":"","@id":""},"headline":"Derrumbe en Parque Patricios: la fiscal\u00eda busca \u201cresguardar a vecinos y autoriz\u00f3 tareas de apuntalamiento\u201d","datePublished":"2026-03-07T13:08:07+00:00","mainEntityOfPage":{"@id":"https:\/\/fmgente.com.ar\/web\/derrumbe-en-parque-patricios-la-fiscalia-busca-resguardar-a-vecinos-y-autorizo-tareas-de-apuntalamiento\/"},"wordCount":503,"publisher":{"@id":"https:\/\/fmgente.com.ar\/web\/#organization"},"image":{"@id":"https:\/\/fmgente.com.ar\/web\/derrumbe-en-parque-patricios-la-fiscalia-busca-resguardar-a-vecinos-y-autorizo-tareas-de-apuntalamiento\/#primaryimage"},"thumbnailUrl":"https:\/\/fmgente.com.ar\/web\/wp-content\/uploads\/2026\/03\/720-387.jpeg","articleSection":["DESTACADAS"],"inLanguage":"es"},{"@type":"WebPage","@id":"https:\/\/fmgente.com.ar\/web\/derrumbe-en-parque-patricios-la-fiscalia-busca-resguardar-a-vecinos-y-autorizo-tareas-de-apuntalamiento\/","url":"https:\/\/fmgente.com.ar\/web\/derrumbe-en-parque-patricios-la-fiscalia-busca-resguardar-a-vecinos-y-autorizo-tareas-de-apuntalamiento\/","name":"Derrumbe en Parque Patricios: la fiscal\u00eda busca \u201cresguardar a vecinos y autoriz\u00f3 tareas de apuntalamiento\u201d - Fm Gente","isPartOf":{"@id":"https:\/\/fmgente.com.ar\/web\/#website"},"primaryImageOfPage":{"@id":"https:\/\/fmgente.com.ar\/web\/derrumbe-en-parque-patricios-la-fiscalia-busca-resguardar-a-vecinos-y-autorizo-tareas-de-apuntalamiento\/#primaryimage"},"image":{"@id":"https:\/\/fmgente.com.ar\/web\/derrumbe-en-parque-patricios-la-fiscalia-busca-resguardar-a-vecinos-y-autorizo-tareas-de-apuntalamiento\/#primaryimage"},"thumbnailUrl":"https:\/\/fmgente.com.ar\/web\/wp-content\/uploads\/2026\/03\/720-387.jpeg","datePublished":"2026-03-07T13:08:07+00:00","inLanguage":"es","potentialAction":[{"@type":"ReadAction","target":["https:\/\/fmgente.com.ar\/web\/derrumbe-en-parque-patricios-la-fiscalia-busca-resguardar-a-vecinos-y-autorizo-tareas-de-apuntalamiento\/"]}]},{"@type":"ImageObject","inLanguage":"es","@id":"https:\/\/fmgente.com.ar\/web\/derrumbe-en-parque-patricios-la-fiscalia-busca-resguardar-a-vecinos-y-autorizo-tareas-de-apuntalamiento\/#primaryimage","url":"https:\/\/fmgente.com.ar\/web\/wp-content\/uploads\/2026\/03\/720-387.jpeg","contentUrl":"https:\/\/fmgente.com.ar\/web\/wp-content\/uploads\/2026\/03\/720-387.jpeg","width":960,"height":720},{"@type":"WebSite","@id":"https:\/\/fmgente.com.ar\/web\/#website","url":"https:\/\/fmgente.com.ar\/web\/","name":"Fm Gente","description":"- Jes\u00fas Mar\u00eda","publisher":{"@id":"https:\/\/fmgente.com.ar\/web\/#organization"},"potentialAction":[{"@type":"SearchAction","target":{"@type":"EntryPoint","urlTemplate":"https:\/\/fmgente.com.ar\/web\/?s={search_term_string}"},"query-input":{"@type":"PropertyValueSpecification","valueRequired":true,"valueName":"search_term_string"}}],"inLanguage":"es"},{"@type":"Organization","@id":"https:\/\/fmgente.com.ar\/web\/#organization","name":"Fm Gente","url":"https:\/\/fmgente.com.ar\/web\/","logo":{"@type":"ImageObject","inLanguage":"es","@id":"https:\/\/fmgente.com.ar\/web\/#\/schema\/logo\/image\/","url":"https:\/\/fmgente.com.ar\/web\/wp-content\/uploads\/2023\/07\/cropped-cropped-logo-sombra2.png","contentUrl":"https:\/\/fmgente.com.ar\/web\/wp-content\/uploads\/2023\/07\/cropped-cropped-logo-sombra2.png","width":1782,"height":1782,"caption":"Fm Gente"},"image":{"@id":"https:\/\/fmgente.com.ar\/web\/#\/schema\/logo\/image\/"}}]}},"_links":{"self":[{"href":"https:\/\/fmgente.com.ar\/web\/wp-json\/wp\/v2\/posts\/14544","targetHints":{"allow":["GET"]}}],"collection":[{"href":"https:\/\/fmgente.com.ar\/web\/wp-json\/wp\/v2\/posts"}],"about":[{"href":"https:\/\/fmgente.com.ar\/web\/wp-json\/wp\/v2\/types\/post"}],"replies":[{"embeddable":true,"href":"https:\/\/fmgente.com.ar\/web\/wp-json\/wp\/v2\/comments?post=14544"}],"version-history":[{"count":0,"href":"https:\/\/fmgente.com.ar\/web\/wp-json\/wp\/v2\/posts\/14544\/revisions"}],"wp:featuredmedia":[{"embeddable":true,"href":"https:\/\/fmgente.com.ar\/web\/wp-json\/wp\/v2\/media\/14545"}],"wp:attachment":[{"href":"https:\/\/fmgente.com.ar\/web\/wp-json\/wp\/v2\/media?parent=14544"}],"wp:term":[{"taxonomy":"category","embeddable":true,"href":"https:\/\/fmgente.com.ar\/web\/wp-json\/wp\/v2\/categories?post=14544"},{"taxonomy":"post_tag","embeddable":true,"href":"https:\/\/fmgente.com.ar\/web\/wp-json\/wp\/v2\/tags?post=14544"}],"curies":[{"name":"wp","href":"https:\/\/api.w.org\/{rel}","templated":true}]}}