{"id":14542,"date":"2026-03-07T10:08:06","date_gmt":"2026-03-07T13:08:06","guid":{"rendered":"https:\/\/fmgente.com.ar\/web\/sin-lugar-en-boca-blondel-fue-presentado-en-huracan\/"},"modified":"2026-03-07T10:08:06","modified_gmt":"2026-03-07T13:08:06","slug":"sin-lugar-en-boca-blondel-fue-presentado-en-huracan","status":"publish","type":"post","link":"https:\/\/fmgente.com.ar\/web\/sin-lugar-en-boca-blondel-fue-presentado-en-huracan\/","title":{"rendered":"Sin lugar en Boca, Blondel fue presentado en Hurac\u00e1n"},"content":{"rendered":"<p>Buenos Aires, 7 marzo (NA) \u2013 El lateral derecho Lucas Blondel, quien no ten\u00eda lugar en Boca, fue presentado de manera oficial como nuevo jugador de Hurac\u00e1n, que ser\u00e1 el cuarto equipo en su carrera.<\/p>\n<p>\u201c\u00a1Bienvenido, Lucas! El jugador proveniente de Boca firm\u00f3 un pr\u00e9stamo hasta diciembre de este a\u00f1o, con cargo y con opci\u00f3n de compra. Este fin de semana se sumar\u00e1 a los entrenamientos con sus nuevos compa\u00f1eros en La Quemita\u201d, inform\u00f3 el club de Parque Patricios a trav\u00e9s de un posteo en sus redes sociales.<\/p>\n<p>Blondel viene de jugar en Boca, equipo en el que se desenvolvi\u00f3 durante dos a\u00f1os y medio. En su llegada, a mediados del 2023, el lateral derecho tuvo mucha participaci\u00f3n e incluso convirti\u00e9ndose en una pieza clave para el \u201cXeneize\u201d.<\/p>\n<p>Sin embargo, a inicios del 2024 sufri\u00f3 la rotura de los ligamentos cruzados, por lo que estuvo durante varios meses inactivo.<\/p>\n<p>Una vez recuperado, Blondel nunca tuvo oportunidades concretas para volver a ganarse un lugar en el 11 titular e incluso era una constante su ausencia entre los concentrados.<\/p>\n<p>Seg\u00fan averigu\u00f3 la Agencia Noticias Argentinas, el lateral disput\u00f3 solo 31 partidos en Boca, donde anot\u00f3 cuatro goles y no pudo ganar t\u00edtulos.<\/p>\n<p>En su nuevo equipo, Hurac\u00e1n, Blondel se reencontrar\u00e1 con Diego Mart\u00ednez, actual director t\u00e9cnico del \u201cGlobo\u201d y que supo exprimir todo su potencial antes de que se rompiera los ligamentos en Boca.<\/p>\n<p>#AgenciaNA<\/p>\n","protected":false},"excerpt":{"rendered":"<p>Buenos Aires, 7 marzo (NA) \u2013 El lateral derecho Lucas Blondel, quien no ten\u00eda lugar<\/p>\n","protected":false},"author":0,"featured_media":14543,"comment_status":"","ping_status":"","sticky":false,"template":"","format":"standard","meta":{"footnotes":""},"categories":[11],"tags":[],"class_list":["post-14542","post","type-post","status-publish","format-standard","has-post-thumbnail","hentry","category-destacadas"],"yoast_head":"<!-- This site is optimized with the Yoast SEO plugin v27.4 - https:\/\/yoast.com\/product\/yoast-seo-wordpress\/ -->\n<title>Sin lugar en Boca, Blondel fue presentado en Hurac\u00e1n - Fm Gente<\/title>\n<meta name=\"robots\" content=\"index, follow, max-snippet:-1, max-image-preview:large, max-video-preview:-1\" \/>\n<link rel=\"canonical\" href=\"https:\/\/fmgente.com.ar\/web\/sin-lugar-en-boca-blondel-fue-presentado-en-huracan\/\" \/>\n<meta property=\"og:locale\" content=\"es_ES\" \/>\n<meta property=\"og:type\" content=\"article\" \/>\n<meta property=\"og:title\" content=\"Sin lugar en Boca, Blondel fue presentado en Hurac\u00e1n - Fm Gente\" \/>\n<meta property=\"og:description\" content=\"Buenos Aires, 7 marzo (NA) \u2013 El lateral derecho Lucas Blondel, quien no ten\u00eda lugar\" \/>\n<meta property=\"og:url\" content=\"https:\/\/fmgente.com.ar\/web\/sin-lugar-en-boca-blondel-fue-presentado-en-huracan\/\" \/>\n<meta property=\"og:site_name\" content=\"Fm Gente\" \/>\n<meta property=\"article:published_time\" content=\"2026-03-07T13:08:06+00:00\" \/>\n<meta name=\"twitter:card\" content=\"summary_large_image\" \/>\n<meta name=\"twitter:label1\" content=\"Tiempo de lectura\" \/>\n\t<meta name=\"twitter:data1\" content=\"1 minuto\" \/>\n<script type=\"application\/ld+json\" class=\"yoast-schema-graph\">{\"@context\":\"https:\\\/\\\/schema.org\",\"@graph\":[{\"@type\":\"Article\",\"@id\":\"https:\\\/\\\/fmgente.com.ar\\\/web\\\/sin-lugar-en-boca-blondel-fue-presentado-en-huracan\\\/#article\",\"isPartOf\":{\"@id\":\"https:\\\/\\\/fmgente.com.ar\\\/web\\\/sin-lugar-en-boca-blondel-fue-presentado-en-huracan\\\/\"},\"author\":{\"name\":\"\",\"@id\":\"\"},\"headline\":\"Sin lugar en Boca, Blondel fue presentado en Hurac\u00e1n\",\"datePublished\":\"2026-03-07T13:08:06+00:00\",\"mainEntityOfPage\":{\"@id\":\"https:\\\/\\\/fmgente.com.ar\\\/web\\\/sin-lugar-en-boca-blondel-fue-presentado-en-huracan\\\/\"},\"wordCount\":252,\"publisher\":{\"@id\":\"https:\\\/\\\/fmgente.com.ar\\\/web\\\/#organization\"},\"image\":{\"@id\":\"https:\\\/\\\/fmgente.com.ar\\\/web\\\/sin-lugar-en-boca-blondel-fue-presentado-en-huracan\\\/#primaryimage\"},\"thumbnailUrl\":\"https:\\\/\\\/fmgente.com.ar\\\/web\\\/wp-content\\\/uploads\\\/2026\\\/03\\\/720-386.jpeg\",\"articleSection\":[\"DESTACADAS\"],\"inLanguage\":\"es\"},{\"@type\":\"WebPage\",\"@id\":\"https:\\\/\\\/fmgente.com.ar\\\/web\\\/sin-lugar-en-boca-blondel-fue-presentado-en-huracan\\\/\",\"url\":\"https:\\\/\\\/fmgente.com.ar\\\/web\\\/sin-lugar-en-boca-blondel-fue-presentado-en-huracan\\\/\",\"name\":\"Sin lugar en Boca, Blondel fue presentado en Hurac\u00e1n - Fm Gente\",\"isPartOf\":{\"@id\":\"https:\\\/\\\/fmgente.com.ar\\\/web\\\/#website\"},\"primaryImageOfPage\":{\"@id\":\"https:\\\/\\\/fmgente.com.ar\\\/web\\\/sin-lugar-en-boca-blondel-fue-presentado-en-huracan\\\/#primaryimage\"},\"image\":{\"@id\":\"https:\\\/\\\/fmgente.com.ar\\\/web\\\/sin-lugar-en-boca-blondel-fue-presentado-en-huracan\\\/#primaryimage\"},\"thumbnailUrl\":\"https:\\\/\\\/fmgente.com.ar\\\/web\\\/wp-content\\\/uploads\\\/2026\\\/03\\\/720-386.jpeg\",\"datePublished\":\"2026-03-07T13:08:06+00:00\",\"inLanguage\":\"es\",\"potentialAction\":[{\"@type\":\"ReadAction\",\"target\":[\"https:\\\/\\\/fmgente.com.ar\\\/web\\\/sin-lugar-en-boca-blondel-fue-presentado-en-huracan\\\/\"]}]},{\"@type\":\"ImageObject\",\"inLanguage\":\"es\",\"@id\":\"https:\\\/\\\/fmgente.com.ar\\\/web\\\/sin-lugar-en-boca-blondel-fue-presentado-en-huracan\\\/#primaryimage\",\"url\":\"https:\\\/\\\/fmgente.com.ar\\\/web\\\/wp-content\\\/uploads\\\/2026\\\/03\\\/720-386.jpeg\",\"contentUrl\":\"https:\\\/\\\/fmgente.com.ar\\\/web\\\/wp-content\\\/uploads\\\/2026\\\/03\\\/720-386.jpeg\",\"width\":774,\"height\":720},{\"@type\":\"WebSite\",\"@id\":\"https:\\\/\\\/fmgente.com.ar\\\/web\\\/#website\",\"url\":\"https:\\\/\\\/fmgente.com.ar\\\/web\\\/\",\"name\":\"Fm Gente\",\"description\":\"- Jes\u00fas Mar\u00eda\",\"publisher\":{\"@id\":\"https:\\\/\\\/fmgente.com.ar\\\/web\\\/#organization\"},\"potentialAction\":[{\"@type\":\"SearchAction\",\"target\":{\"@type\":\"EntryPoint\",\"urlTemplate\":\"https:\\\/\\\/fmgente.com.ar\\\/web\\\/?s={search_term_string}\"},\"query-input\":{\"@type\":\"PropertyValueSpecification\",\"valueRequired\":true,\"valueName\":\"search_term_string\"}}],\"inLanguage\":\"es\"},{\"@type\":\"Organization\",\"@id\":\"https:\\\/\\\/fmgente.com.ar\\\/web\\\/#organization\",\"name\":\"Fm Gente\",\"url\":\"https:\\\/\\\/fmgente.com.ar\\\/web\\\/\",\"logo\":{\"@type\":\"ImageObject\",\"inLanguage\":\"es\",\"@id\":\"https:\\\/\\\/fmgente.com.ar\\\/web\\\/#\\\/schema\\\/logo\\\/image\\\/\",\"url\":\"https:\\\/\\\/fmgente.com.ar\\\/web\\\/wp-content\\\/uploads\\\/2023\\\/07\\\/cropped-cropped-logo-sombra2.png\",\"contentUrl\":\"https:\\\/\\\/fmgente.com.ar\\\/web\\\/wp-content\\\/uploads\\\/2023\\\/07\\\/cropped-cropped-logo-sombra2.png\",\"width\":1782,\"height\":1782,\"caption\":\"Fm Gente\"},\"image\":{\"@id\":\"https:\\\/\\\/fmgente.com.ar\\\/web\\\/#\\\/schema\\\/logo\\\/image\\\/\"}}]}<\/script>\n<!-- \/ Yoast SEO plugin. -->","yoast_head_json":{"title":"Sin lugar en Boca, Blondel fue presentado en Hurac\u00e1n - Fm Gente","robots":{"index":"index","follow":"follow","max-snippet":"max-snippet:-1","max-image-preview":"max-image-preview:large","max-video-preview":"max-video-preview:-1"},"canonical":"https:\/\/fmgente.com.ar\/web\/sin-lugar-en-boca-blondel-fue-presentado-en-huracan\/","og_locale":"es_ES","og_type":"article","og_title":"Sin lugar en Boca, Blondel fue presentado en Hurac\u00e1n - Fm Gente","og_description":"Buenos Aires, 7 marzo (NA) \u2013 El lateral derecho Lucas Blondel, quien no ten\u00eda lugar","og_url":"https:\/\/fmgente.com.ar\/web\/sin-lugar-en-boca-blondel-fue-presentado-en-huracan\/","og_site_name":"Fm Gente","article_published_time":"2026-03-07T13:08:06+00:00","twitter_card":"summary_large_image","twitter_misc":{"Tiempo de lectura":"1 minuto"},"schema":{"@context":"https:\/\/schema.org","@graph":[{"@type":"Article","@id":"https:\/\/fmgente.com.ar\/web\/sin-lugar-en-boca-blondel-fue-presentado-en-huracan\/#article","isPartOf":{"@id":"https:\/\/fmgente.com.ar\/web\/sin-lugar-en-boca-blondel-fue-presentado-en-huracan\/"},"author":{"name":"","@id":""},"headline":"Sin lugar en Boca, Blondel fue presentado en Hurac\u00e1n","datePublished":"2026-03-07T13:08:06+00:00","mainEntityOfPage":{"@id":"https:\/\/fmgente.com.ar\/web\/sin-lugar-en-boca-blondel-fue-presentado-en-huracan\/"},"wordCount":252,"publisher":{"@id":"https:\/\/fmgente.com.ar\/web\/#organization"},"image":{"@id":"https:\/\/fmgente.com.ar\/web\/sin-lugar-en-boca-blondel-fue-presentado-en-huracan\/#primaryimage"},"thumbnailUrl":"https:\/\/fmgente.com.ar\/web\/wp-content\/uploads\/2026\/03\/720-386.jpeg","articleSection":["DESTACADAS"],"inLanguage":"es"},{"@type":"WebPage","@id":"https:\/\/fmgente.com.ar\/web\/sin-lugar-en-boca-blondel-fue-presentado-en-huracan\/","url":"https:\/\/fmgente.com.ar\/web\/sin-lugar-en-boca-blondel-fue-presentado-en-huracan\/","name":"Sin lugar en Boca, Blondel fue presentado en Hurac\u00e1n - Fm Gente","isPartOf":{"@id":"https:\/\/fmgente.com.ar\/web\/#website"},"primaryImageOfPage":{"@id":"https:\/\/fmgente.com.ar\/web\/sin-lugar-en-boca-blondel-fue-presentado-en-huracan\/#primaryimage"},"image":{"@id":"https:\/\/fmgente.com.ar\/web\/sin-lugar-en-boca-blondel-fue-presentado-en-huracan\/#primaryimage"},"thumbnailUrl":"https:\/\/fmgente.com.ar\/web\/wp-content\/uploads\/2026\/03\/720-386.jpeg","datePublished":"2026-03-07T13:08:06+00:00","inLanguage":"es","potentialAction":[{"@type":"ReadAction","target":["https:\/\/fmgente.com.ar\/web\/sin-lugar-en-boca-blondel-fue-presentado-en-huracan\/"]}]},{"@type":"ImageObject","inLanguage":"es","@id":"https:\/\/fmgente.com.ar\/web\/sin-lugar-en-boca-blondel-fue-presentado-en-huracan\/#primaryimage","url":"https:\/\/fmgente.com.ar\/web\/wp-content\/uploads\/2026\/03\/720-386.jpeg","contentUrl":"https:\/\/fmgente.com.ar\/web\/wp-content\/uploads\/2026\/03\/720-386.jpeg","width":774,"height":720},{"@type":"WebSite","@id":"https:\/\/fmgente.com.ar\/web\/#website","url":"https:\/\/fmgente.com.ar\/web\/","name":"Fm Gente","description":"- Jes\u00fas Mar\u00eda","publisher":{"@id":"https:\/\/fmgente.com.ar\/web\/#organization"},"potentialAction":[{"@type":"SearchAction","target":{"@type":"EntryPoint","urlTemplate":"https:\/\/fmgente.com.ar\/web\/?s={search_term_string}"},"query-input":{"@type":"PropertyValueSpecification","valueRequired":true,"valueName":"search_term_string"}}],"inLanguage":"es"},{"@type":"Organization","@id":"https:\/\/fmgente.com.ar\/web\/#organization","name":"Fm Gente","url":"https:\/\/fmgente.com.ar\/web\/","logo":{"@type":"ImageObject","inLanguage":"es","@id":"https:\/\/fmgente.com.ar\/web\/#\/schema\/logo\/image\/","url":"https:\/\/fmgente.com.ar\/web\/wp-content\/uploads\/2023\/07\/cropped-cropped-logo-sombra2.png","contentUrl":"https:\/\/fmgente.com.ar\/web\/wp-content\/uploads\/2023\/07\/cropped-cropped-logo-sombra2.png","width":1782,"height":1782,"caption":"Fm Gente"},"image":{"@id":"https:\/\/fmgente.com.ar\/web\/#\/schema\/logo\/image\/"}}]}},"_links":{"self":[{"href":"https:\/\/fmgente.com.ar\/web\/wp-json\/wp\/v2\/posts\/14542","targetHints":{"allow":["GET"]}}],"collection":[{"href":"https:\/\/fmgente.com.ar\/web\/wp-json\/wp\/v2\/posts"}],"about":[{"href":"https:\/\/fmgente.com.ar\/web\/wp-json\/wp\/v2\/types\/post"}],"replies":[{"embeddable":true,"href":"https:\/\/fmgente.com.ar\/web\/wp-json\/wp\/v2\/comments?post=14542"}],"version-history":[{"count":0,"href":"https:\/\/fmgente.com.ar\/web\/wp-json\/wp\/v2\/posts\/14542\/revisions"}],"wp:featuredmedia":[{"embeddable":true,"href":"https:\/\/fmgente.com.ar\/web\/wp-json\/wp\/v2\/media\/14543"}],"wp:attachment":[{"href":"https:\/\/fmgente.com.ar\/web\/wp-json\/wp\/v2\/media?parent=14542"}],"wp:term":[{"taxonomy":"category","embeddable":true,"href":"https:\/\/fmgente.com.ar\/web\/wp-json\/wp\/v2\/categories?post=14542"},{"taxonomy":"post_tag","embeddable":true,"href":"https:\/\/fmgente.com.ar\/web\/wp-json\/wp\/v2\/tags?post=14542"}],"curies":[{"name":"wp","href":"https:\/\/api.w.org\/{rel}","templated":true}]}}