{"id":14538,"date":"2026-03-06T22:05:32","date_gmt":"2026-03-07T01:05:32","guid":{"rendered":"https:\/\/fmgente.com.ar\/web\/salta-conmemora-el-mes-de-la-mujer-con-una-agenda-de-salud-formacion-y-actividades-culturales\/"},"modified":"2026-03-06T22:05:32","modified_gmt":"2026-03-07T01:05:32","slug":"salta-conmemora-el-mes-de-la-mujer-con-una-agenda-de-salud-formacion-y-actividades-culturales","status":"publish","type":"post","link":"https:\/\/fmgente.com.ar\/web\/salta-conmemora-el-mes-de-la-mujer-con-una-agenda-de-salud-formacion-y-actividades-culturales\/","title":{"rendered":"Salta conmemora el Mes de la Mujer con una agenda de salud, formaci\u00f3n y actividades culturales"},"content":{"rendered":"<p>En el marco del D\u00eda Internacional de la Mujer, distintas instituciones y organizaciones de la ciudad de Salta impulsan durante marzo una agenda de actividades orientadas a promover el liderazgo femenino, la formaci\u00f3n profesional, el acceso a la salud y la participaci\u00f3n cultural.<\/p>\n<p>Las propuestas incluyen jornadas de capacitaci\u00f3n, encuentros regionales, servicios m\u00e9dicos gratuitos, exposiciones de productos elaborados por mujeres y actividades culturales abiertas a la comunidad.<\/p>\n<\/p>\n<p><strong>Capacitaci\u00f3n y liderazgo para mujeres profesionales<\/strong><\/p>\n<p>Una de las principales iniciativas es la agenda impulsada por el Consejo Profesional de Ciencias Econ\u00f3micas de Salta (CPCES), que durante todo marzo desarrollar\u00e1 un ciclo de jornadas bajo el lema \u201cMujeres Profesionales: Liderazgo, T\u00e9cnica y Territorio\u201d.<\/p>\n<p>El objetivo de la propuesta es brindar herramientas concretas que permitan potenciar las capacidades de las mujeres profesionales, promover su participaci\u00f3n en espacios de decisi\u00f3n y generar instancias de intercambio de experiencias.<\/p>\n<p>Las actividades se realizar\u00e1n en el SUM del Consejo, ubicado en Espa\u00f1a 1420, con un formato interactivo que combinar\u00e1 exposiciones t\u00e9cnicas con participaci\u00f3n del p\u00fablico.<\/p>\n<p>La primera jornada se realiz\u00f3 el 6 de marzo y estuvo dedicada a la \u201cEstrategia de Marca Personal e Imagen Profesional\u201d, con el objetivo de fortalecer el posicionamiento de las mujeres en el mercado laboral y empresarial. Durante el encuentro se abordaron temas vinculados a la construcci\u00f3n de una propuesta de valor profesional, la comunicaci\u00f3n del liderazgo y la coherencia de la imagen profesional tanto en entornos digitales como presenciales.<\/p>\n<p>El ciclo continuar\u00e1 el 13 de marzo con la jornada \u201cAutonom\u00eda Econ\u00f3mica y Seguridad Laboral\u201d, donde se brindar\u00e1n herramientas para la gesti\u00f3n financiera personal y del hogar, adem\u00e1s de informaci\u00f3n sobre derechos laborales y normativa vigente.<\/p>\n<p>La propuesta concluir\u00e1 el 27 de marzo con el encuentro \u201cSostenibilidad Estrat\u00e9gica y Desarrollo Territorial\u201d, que buscar\u00e1 posicionar a las profesionales de Ciencias Econ\u00f3micas en temas vinculados a la econom\u00eda verde y la protecci\u00f3n del patrimonio regional.<\/p>\n<p>Como actividad central del mes, el 20 de marzo se realizar\u00e1 el Encuentro Regional de Mujeres Profesionales, de 8 a 17.30 en el edificio \u00c1baco, ubicado en avenida Belgrano 1460. La jornada incluir\u00e1 conversatorios y paneles con referentes del \u00e1mbito t\u00e9cnico y empresarial, adem\u00e1s de espacios de participaci\u00f3n para el p\u00fablico.<\/p>\n<p>Desde la instituci\u00f3n se\u00f1alaron que la iniciativa busca promover la formaci\u00f3n continua, el liderazgo femenino y la construcci\u00f3n de redes profesionales que permitan enfrentar los desaf\u00edos actuales del mundo laboral.<\/p>\n<\/p>\n<p><strong>Jornada de salud integral para mujeres<\/strong><\/p>\n<p>En el marco del Mes Internacional de la Mujer, la Subsecretar\u00eda de las Mujeres, G\u00e9neros y Diversidad, junto al Ministerio de Salud, tambi\u00e9n organizar\u00e1 una jornada de atenci\u00f3n integral destinada a la prevenci\u00f3n y el cuidado de la salud.<\/p>\n<p>La actividad se realizar\u00e1 el mi\u00e9rcoles 11 de marzo, de 9 a 14, en el Polo Integral de la Mujer**, ubicado en Rep\u00fablica de Siria 611, donde se instalar\u00e1 el Cami\u00f3n de Estudios Ginecol\u00f3gicos y se ofrecer\u00e1n distintos servicios de salud. Los cupos ser\u00e1n limitados y los turnos se otorgar\u00e1n por orden de llegada.<\/p>\n<p>Durante la jornada se realizar\u00e1n mamograf\u00edas, estudios de Papanicolaou (PAP), colocaci\u00f3n de implantes subd\u00e9rmicos y vacunaci\u00f3n, con el objetivo de promover la detecci\u00f3n temprana y facilitar el acceso a controles preventivos.<\/p>\n<p>Adem\u00e1s, habr\u00e1 controles de signos vitales, asesoramiento nutricional, controles prenatales, seguimiento del reci\u00e9n nacido y orientaci\u00f3n en lactancia materna. Tambi\u00e9n se brindar\u00e1 atenci\u00f3n desde el \u00e1rea de Salud Adolescente y espacios de consulta vinculados a la promoci\u00f3n de h\u00e1bitos saludables.<\/p>\n<\/p>\n<p><strong>Exposici\u00f3n de productos elaborados en talleres de laborterapia<\/strong><\/p>\n<p>Otra de las propuestas vinculadas a la fecha es la exposici\u00f3n y venta de productos elaborados en talleres de laborterapia, organizada por el Servicio Penitenciario de la Provincia de Salta.<\/p>\n<p>La actividad se desarrolla hasta el s\u00e1bado 7 de marzo, de 8 a 13, en el sal\u00f3n de ventas de la Direcci\u00f3n Industrial, ubicado en avenida Hip\u00f3lito Yrigoyen 821.<\/p>\n<p>Durante las jornadas, el p\u00fablico puede adquirir distintos productos elaborados en talleres de capacitaci\u00f3n laboral, entre ellos art\u00edculos de herrer\u00eda, cer\u00e1mica, marroquiner\u00eda, trabajos en madera, muebles, juegos, artesan\u00edas y objetos decorativos.<\/p>\n<p>En el mismo marco, la Unidad Carcelaria N\u00ba 4 Mujeres tambi\u00e9n realiza una exposici\u00f3n y venta de productos elaborados por internas en sus talleres, en avenida Hip\u00f3lito Yrigoyen 813.<\/p>\n<p>Desde la instituci\u00f3n destacaron que estas iniciativas forman parte de los programas de capacitaci\u00f3n laboral que buscan fortalecer habilidades en distintos oficios y promover la reinserci\u00f3n social y laboral.<\/p>\n<\/p>\n<p><strong>Encuentro cultural en el Mercado Artesanal<\/strong><\/p>\n<p>Las actividades tambi\u00e9n incluir\u00e1n propuestas culturales. El domingo 8 de marzo, a partir de las 17, se realizar\u00e1 el 2\u00b0 Encuentro de Alquimia \u201cMujeres que transforman\u201d en el Mercado Artesanal de Salta, ubicado en avenida San Mart\u00edn 2555.<\/p>\n<p>El evento reunir\u00e1 a m\u00e1s de 100 mujeres en una jornada que combinar\u00e1 reflexi\u00f3n, memoria y celebraci\u00f3n, con actividades culturales, gastronom\u00eda y espect\u00e1culos en vivo.<\/p>\n<p>La iniciativa es organizada por Sabor a mi Tierra Salta, junto a la chef internacional Norma Azar, con el apoyo del Mercado Artesanal y la colaboraci\u00f3n de diversas organizaciones.<\/p>\n<p>Bajo el lema \u201cQuienes fueron, quienes somos y qui\u00e9nes seremos\u201d, el encuentro se desarrollar\u00e1 en cuatro etapas: un espacio de poes\u00eda y coplas, una instancia dedicada a mujeres protagonistas de la historia local, una experiencia gastron\u00f3mica interactiva y un cierre con danzas folcl\u00f3ricas y celebraci\u00f3n colectiva.<\/p>\n<p>Los organizadores se\u00f1alaron que el objetivo del evento es visibilizar y poner en valor el aporte de las mujeres en la construcci\u00f3n cultural y social, generando adem\u00e1s un espacio de encuentro y participaci\u00f3n comunitaria.<\/p>\n","protected":false},"excerpt":{"rendered":"<p>En el marco del D\u00eda Internacional de la Mujer, distintas instituciones y organizaciones de la<\/p>\n","protected":false},"author":0,"featured_media":14539,"comment_status":"","ping_status":"","sticky":false,"template":"","format":"standard","meta":{"footnotes":""},"categories":[11],"tags":[],"class_list":["post-14538","post","type-post","status-publish","format-standard","has-post-thumbnail","hentry","category-destacadas"],"yoast_head":"<!-- This site is optimized with the Yoast SEO plugin v27.4 - https:\/\/yoast.com\/product\/yoast-seo-wordpress\/ -->\n<title>Salta conmemora el Mes de la Mujer con una agenda de salud, formaci\u00f3n y actividades culturales - Fm Gente<\/title>\n<meta name=\"robots\" content=\"index, follow, max-snippet:-1, max-image-preview:large, max-video-preview:-1\" \/>\n<link rel=\"canonical\" href=\"https:\/\/fmgente.com.ar\/web\/salta-conmemora-el-mes-de-la-mujer-con-una-agenda-de-salud-formacion-y-actividades-culturales\/\" \/>\n<meta property=\"og:locale\" content=\"es_ES\" \/>\n<meta property=\"og:type\" content=\"article\" \/>\n<meta property=\"og:title\" content=\"Salta conmemora el Mes de la Mujer con una agenda de salud, formaci\u00f3n y actividades culturales - Fm Gente\" \/>\n<meta property=\"og:description\" content=\"En el marco del D\u00eda Internacional de la Mujer, distintas instituciones y organizaciones de la\" \/>\n<meta property=\"og:url\" content=\"https:\/\/fmgente.com.ar\/web\/salta-conmemora-el-mes-de-la-mujer-con-una-agenda-de-salud-formacion-y-actividades-culturales\/\" \/>\n<meta property=\"og:site_name\" content=\"Fm Gente\" \/>\n<meta property=\"article:published_time\" content=\"2026-03-07T01:05:32+00:00\" \/>\n<meta name=\"twitter:card\" content=\"summary_large_image\" \/>\n<meta name=\"twitter:label1\" content=\"Tiempo de lectura\" \/>\n\t<meta name=\"twitter:data1\" content=\"5 minutos\" \/>\n<script type=\"application\/ld+json\" class=\"yoast-schema-graph\">{\"@context\":\"https:\\\/\\\/schema.org\",\"@graph\":[{\"@type\":\"Article\",\"@id\":\"https:\\\/\\\/fmgente.com.ar\\\/web\\\/salta-conmemora-el-mes-de-la-mujer-con-una-agenda-de-salud-formacion-y-actividades-culturales\\\/#article\",\"isPartOf\":{\"@id\":\"https:\\\/\\\/fmgente.com.ar\\\/web\\\/salta-conmemora-el-mes-de-la-mujer-con-una-agenda-de-salud-formacion-y-actividades-culturales\\\/\"},\"author\":{\"name\":\"\",\"@id\":\"\"},\"headline\":\"Salta conmemora el Mes de la Mujer con una agenda de salud, formaci\u00f3n y actividades culturales\",\"datePublished\":\"2026-03-07T01:05:32+00:00\",\"mainEntityOfPage\":{\"@id\":\"https:\\\/\\\/fmgente.com.ar\\\/web\\\/salta-conmemora-el-mes-de-la-mujer-con-una-agenda-de-salud-formacion-y-actividades-culturales\\\/\"},\"wordCount\":987,\"publisher\":{\"@id\":\"https:\\\/\\\/fmgente.com.ar\\\/web\\\/#organization\"},\"image\":{\"@id\":\"https:\\\/\\\/fmgente.com.ar\\\/web\\\/salta-conmemora-el-mes-de-la-mujer-con-una-agenda-de-salud-formacion-y-actividades-culturales\\\/#primaryimage\"},\"thumbnailUrl\":\"https:\\\/\\\/fmgente.com.ar\\\/web\\\/wp-content\\\/uploads\\\/2026\\\/03\\\/portadax-17.png\",\"articleSection\":[\"DESTACADAS\"],\"inLanguage\":\"es\"},{\"@type\":\"WebPage\",\"@id\":\"https:\\\/\\\/fmgente.com.ar\\\/web\\\/salta-conmemora-el-mes-de-la-mujer-con-una-agenda-de-salud-formacion-y-actividades-culturales\\\/\",\"url\":\"https:\\\/\\\/fmgente.com.ar\\\/web\\\/salta-conmemora-el-mes-de-la-mujer-con-una-agenda-de-salud-formacion-y-actividades-culturales\\\/\",\"name\":\"Salta conmemora el Mes de la Mujer con una agenda de salud, formaci\u00f3n y actividades culturales - Fm Gente\",\"isPartOf\":{\"@id\":\"https:\\\/\\\/fmgente.com.ar\\\/web\\\/#website\"},\"primaryImageOfPage\":{\"@id\":\"https:\\\/\\\/fmgente.com.ar\\\/web\\\/salta-conmemora-el-mes-de-la-mujer-con-una-agenda-de-salud-formacion-y-actividades-culturales\\\/#primaryimage\"},\"image\":{\"@id\":\"https:\\\/\\\/fmgente.com.ar\\\/web\\\/salta-conmemora-el-mes-de-la-mujer-con-una-agenda-de-salud-formacion-y-actividades-culturales\\\/#primaryimage\"},\"thumbnailUrl\":\"https:\\\/\\\/fmgente.com.ar\\\/web\\\/wp-content\\\/uploads\\\/2026\\\/03\\\/portadax-17.png\",\"datePublished\":\"2026-03-07T01:05:32+00:00\",\"inLanguage\":\"es\",\"potentialAction\":[{\"@type\":\"ReadAction\",\"target\":[\"https:\\\/\\\/fmgente.com.ar\\\/web\\\/salta-conmemora-el-mes-de-la-mujer-con-una-agenda-de-salud-formacion-y-actividades-culturales\\\/\"]}]},{\"@type\":\"ImageObject\",\"inLanguage\":\"es\",\"@id\":\"https:\\\/\\\/fmgente.com.ar\\\/web\\\/salta-conmemora-el-mes-de-la-mujer-con-una-agenda-de-salud-formacion-y-actividades-culturales\\\/#primaryimage\",\"url\":\"https:\\\/\\\/fmgente.com.ar\\\/web\\\/wp-content\\\/uploads\\\/2026\\\/03\\\/portadax-17.png\",\"contentUrl\":\"https:\\\/\\\/fmgente.com.ar\\\/web\\\/wp-content\\\/uploads\\\/2026\\\/03\\\/portadax-17.png\",\"width\":1366,\"height\":768},{\"@type\":\"WebSite\",\"@id\":\"https:\\\/\\\/fmgente.com.ar\\\/web\\\/#website\",\"url\":\"https:\\\/\\\/fmgente.com.ar\\\/web\\\/\",\"name\":\"Fm Gente\",\"description\":\"- Jes\u00fas Mar\u00eda\",\"publisher\":{\"@id\":\"https:\\\/\\\/fmgente.com.ar\\\/web\\\/#organization\"},\"potentialAction\":[{\"@type\":\"SearchAction\",\"target\":{\"@type\":\"EntryPoint\",\"urlTemplate\":\"https:\\\/\\\/fmgente.com.ar\\\/web\\\/?s={search_term_string}\"},\"query-input\":{\"@type\":\"PropertyValueSpecification\",\"valueRequired\":true,\"valueName\":\"search_term_string\"}}],\"inLanguage\":\"es\"},{\"@type\":\"Organization\",\"@id\":\"https:\\\/\\\/fmgente.com.ar\\\/web\\\/#organization\",\"name\":\"Fm Gente\",\"url\":\"https:\\\/\\\/fmgente.com.ar\\\/web\\\/\",\"logo\":{\"@type\":\"ImageObject\",\"inLanguage\":\"es\",\"@id\":\"https:\\\/\\\/fmgente.com.ar\\\/web\\\/#\\\/schema\\\/logo\\\/image\\\/\",\"url\":\"https:\\\/\\\/fmgente.com.ar\\\/web\\\/wp-content\\\/uploads\\\/2023\\\/07\\\/cropped-cropped-logo-sombra2.png\",\"contentUrl\":\"https:\\\/\\\/fmgente.com.ar\\\/web\\\/wp-content\\\/uploads\\\/2023\\\/07\\\/cropped-cropped-logo-sombra2.png\",\"width\":1782,\"height\":1782,\"caption\":\"Fm Gente\"},\"image\":{\"@id\":\"https:\\\/\\\/fmgente.com.ar\\\/web\\\/#\\\/schema\\\/logo\\\/image\\\/\"}}]}<\/script>\n<!-- \/ Yoast SEO plugin. -->","yoast_head_json":{"title":"Salta conmemora el Mes de la Mujer con una agenda de salud, formaci\u00f3n y actividades culturales - Fm Gente","robots":{"index":"index","follow":"follow","max-snippet":"max-snippet:-1","max-image-preview":"max-image-preview:large","max-video-preview":"max-video-preview:-1"},"canonical":"https:\/\/fmgente.com.ar\/web\/salta-conmemora-el-mes-de-la-mujer-con-una-agenda-de-salud-formacion-y-actividades-culturales\/","og_locale":"es_ES","og_type":"article","og_title":"Salta conmemora el Mes de la Mujer con una agenda de salud, formaci\u00f3n y actividades culturales - Fm Gente","og_description":"En el marco del D\u00eda Internacional de la Mujer, distintas instituciones y organizaciones de la","og_url":"https:\/\/fmgente.com.ar\/web\/salta-conmemora-el-mes-de-la-mujer-con-una-agenda-de-salud-formacion-y-actividades-culturales\/","og_site_name":"Fm Gente","article_published_time":"2026-03-07T01:05:32+00:00","twitter_card":"summary_large_image","twitter_misc":{"Tiempo de lectura":"5 minutos"},"schema":{"@context":"https:\/\/schema.org","@graph":[{"@type":"Article","@id":"https:\/\/fmgente.com.ar\/web\/salta-conmemora-el-mes-de-la-mujer-con-una-agenda-de-salud-formacion-y-actividades-culturales\/#article","isPartOf":{"@id":"https:\/\/fmgente.com.ar\/web\/salta-conmemora-el-mes-de-la-mujer-con-una-agenda-de-salud-formacion-y-actividades-culturales\/"},"author":{"name":"","@id":""},"headline":"Salta conmemora el Mes de la Mujer con una agenda de salud, formaci\u00f3n y actividades culturales","datePublished":"2026-03-07T01:05:32+00:00","mainEntityOfPage":{"@id":"https:\/\/fmgente.com.ar\/web\/salta-conmemora-el-mes-de-la-mujer-con-una-agenda-de-salud-formacion-y-actividades-culturales\/"},"wordCount":987,"publisher":{"@id":"https:\/\/fmgente.com.ar\/web\/#organization"},"image":{"@id":"https:\/\/fmgente.com.ar\/web\/salta-conmemora-el-mes-de-la-mujer-con-una-agenda-de-salud-formacion-y-actividades-culturales\/#primaryimage"},"thumbnailUrl":"https:\/\/fmgente.com.ar\/web\/wp-content\/uploads\/2026\/03\/portadax-17.png","articleSection":["DESTACADAS"],"inLanguage":"es"},{"@type":"WebPage","@id":"https:\/\/fmgente.com.ar\/web\/salta-conmemora-el-mes-de-la-mujer-con-una-agenda-de-salud-formacion-y-actividades-culturales\/","url":"https:\/\/fmgente.com.ar\/web\/salta-conmemora-el-mes-de-la-mujer-con-una-agenda-de-salud-formacion-y-actividades-culturales\/","name":"Salta conmemora el Mes de la Mujer con una agenda de salud, formaci\u00f3n y actividades culturales - Fm Gente","isPartOf":{"@id":"https:\/\/fmgente.com.ar\/web\/#website"},"primaryImageOfPage":{"@id":"https:\/\/fmgente.com.ar\/web\/salta-conmemora-el-mes-de-la-mujer-con-una-agenda-de-salud-formacion-y-actividades-culturales\/#primaryimage"},"image":{"@id":"https:\/\/fmgente.com.ar\/web\/salta-conmemora-el-mes-de-la-mujer-con-una-agenda-de-salud-formacion-y-actividades-culturales\/#primaryimage"},"thumbnailUrl":"https:\/\/fmgente.com.ar\/web\/wp-content\/uploads\/2026\/03\/portadax-17.png","datePublished":"2026-03-07T01:05:32+00:00","inLanguage":"es","potentialAction":[{"@type":"ReadAction","target":["https:\/\/fmgente.com.ar\/web\/salta-conmemora-el-mes-de-la-mujer-con-una-agenda-de-salud-formacion-y-actividades-culturales\/"]}]},{"@type":"ImageObject","inLanguage":"es","@id":"https:\/\/fmgente.com.ar\/web\/salta-conmemora-el-mes-de-la-mujer-con-una-agenda-de-salud-formacion-y-actividades-culturales\/#primaryimage","url":"https:\/\/fmgente.com.ar\/web\/wp-content\/uploads\/2026\/03\/portadax-17.png","contentUrl":"https:\/\/fmgente.com.ar\/web\/wp-content\/uploads\/2026\/03\/portadax-17.png","width":1366,"height":768},{"@type":"WebSite","@id":"https:\/\/fmgente.com.ar\/web\/#website","url":"https:\/\/fmgente.com.ar\/web\/","name":"Fm Gente","description":"- Jes\u00fas Mar\u00eda","publisher":{"@id":"https:\/\/fmgente.com.ar\/web\/#organization"},"potentialAction":[{"@type":"SearchAction","target":{"@type":"EntryPoint","urlTemplate":"https:\/\/fmgente.com.ar\/web\/?s={search_term_string}"},"query-input":{"@type":"PropertyValueSpecification","valueRequired":true,"valueName":"search_term_string"}}],"inLanguage":"es"},{"@type":"Organization","@id":"https:\/\/fmgente.com.ar\/web\/#organization","name":"Fm Gente","url":"https:\/\/fmgente.com.ar\/web\/","logo":{"@type":"ImageObject","inLanguage":"es","@id":"https:\/\/fmgente.com.ar\/web\/#\/schema\/logo\/image\/","url":"https:\/\/fmgente.com.ar\/web\/wp-content\/uploads\/2023\/07\/cropped-cropped-logo-sombra2.png","contentUrl":"https:\/\/fmgente.com.ar\/web\/wp-content\/uploads\/2023\/07\/cropped-cropped-logo-sombra2.png","width":1782,"height":1782,"caption":"Fm Gente"},"image":{"@id":"https:\/\/fmgente.com.ar\/web\/#\/schema\/logo\/image\/"}}]}},"_links":{"self":[{"href":"https:\/\/fmgente.com.ar\/web\/wp-json\/wp\/v2\/posts\/14538","targetHints":{"allow":["GET"]}}],"collection":[{"href":"https:\/\/fmgente.com.ar\/web\/wp-json\/wp\/v2\/posts"}],"about":[{"href":"https:\/\/fmgente.com.ar\/web\/wp-json\/wp\/v2\/types\/post"}],"replies":[{"embeddable":true,"href":"https:\/\/fmgente.com.ar\/web\/wp-json\/wp\/v2\/comments?post=14538"}],"version-history":[{"count":0,"href":"https:\/\/fmgente.com.ar\/web\/wp-json\/wp\/v2\/posts\/14538\/revisions"}],"wp:featuredmedia":[{"embeddable":true,"href":"https:\/\/fmgente.com.ar\/web\/wp-json\/wp\/v2\/media\/14539"}],"wp:attachment":[{"href":"https:\/\/fmgente.com.ar\/web\/wp-json\/wp\/v2\/media?parent=14538"}],"wp:term":[{"taxonomy":"category","embeddable":true,"href":"https:\/\/fmgente.com.ar\/web\/wp-json\/wp\/v2\/categories?post=14538"},{"taxonomy":"post_tag","embeddable":true,"href":"https:\/\/fmgente.com.ar\/web\/wp-json\/wp\/v2\/tags?post=14538"}],"curies":[{"name":"wp","href":"https:\/\/api.w.org\/{rel}","templated":true}]}}